{"id":9472,"date":"2021-09-14T11:22:00","date_gmt":"2021-09-14T10:22:00","guid":{"rendered":"https:\/\/resest.com\/?p=9472"},"modified":"2021-09-17T11:24:43","modified_gmt":"2021-09-17T10:24:43","slug":"allotjament-estudiants-sabadell-inici-curs-2021-2022","status":"publish","type":"post","link":"https:\/\/resest.com\/ca\/blog\/allotjament-estudiants-sabadell-inici-curs-2021-2022\/","title":{"rendered":"L&#8217;inici de curs 2021\/2022"},"content":{"rendered":"\n<p>El nostre <strong>allotjament d&#8217;estudiants a Sabadell<\/strong> s&#8217;omple de vida a partir del comen\u00e7ament del mes de setembre. \u00c9s molt important que els alumnes se sentin <strong><a href=\"https:\/\/resest.com\/ca\/habitacions-residencia-estudiantil-sabadell-barcelona\/\">com a casa seva<\/a><\/strong> mentre gaudeixen de l&#8217;etapa universit\u00e0ria.<\/p>\n\n\n\n<h4 class=\"wp-block-heading\">Inici de curs a la Universitat Aut\u00f2noma de Barcelona<\/h4>\n\n\n\n<p>L&#8217;inici del nou curs a la <strong>Universitat Aut\u00f2noma de Barcelona<\/strong> representa el desenvolupament d&#8217;un nou per\u00edode. Els estudiants afronten nous objectius relacionats amb la realitzaci\u00f3 d&#8217;un grau, un m\u00e0ster oficial, un postgrau, el doctorat o un curs d&#8217;especialitzaci\u00f3. <strong>Els alumnes tenen l&#8217;oportunitat de participar de manera activa en la vida de campus<\/strong>.<\/p>\n\n\n\n<p>El centre porta a terme diferents iniciatives culturals emmarcades en l&#8217;\u00e0mbit del cinema, la dansa, el teatre, l&#8217;art i la m\u00fasica. Pots consultar la programaci\u00f3 d&#8217;activitats per anotar aquelles que t&#8217;interessin.<\/p>\n\n\n\n<h4 class=\"wp-block-heading\">Curs 2021\/2022 a ESDI<\/h4>\n\n\n\n<p>Tamb\u00e9 comen\u00e7a un nou any per a altres <strong><a href=\"https:\/\/resest.com\/ca\/blog\/loferta-formativa-desdi-per-a-aquest-2021\/\">institucions educatives com ESDI<\/a><\/strong>, un centre adscrit a la Universitat Ramon Llull. L&#8217;alumne pot realitzar cicles formatius, cursar el grau en disseny, matricular-se al m\u00e0ster o completar un postgrau. <strong>L&#8217;entorn universitari \u00e9s humanista i intergeneracional<\/strong>. I, a m\u00e9s, propicia la pr\u00e0ctica del <em>networking<\/em> i el naixement de noves amistats.<\/p>\n\n\n\n<p>Alguns estudiants es troben en l&#8217;\u00faltim curs, mentre que d\u2019altres inicien una nova etapa lluny de casa. El proc\u00e9s de formaci\u00f3 s&#8217;amplia, a m\u00e9s, amb el contacte permanent amb la cultura i la visita a la biblioteca.<\/p>\n\n\n\n<h4 class=\"wp-block-heading\">Cursos per a pilots en Aeroclub<\/h4>\n\n\n\n<p>D&#8217;altra banda, comen\u00e7a una nova etapa en <strong><a href=\"https:\/\/resest.com\/ca\/blog\/aeroport-sabadell-escoles-aviacio\/\">Aeroclub<\/a><\/strong> on s&#8217;imparteixen diferents cursos per a pilots. El centre tamb\u00e9 ofereix tallers d&#8217;iniciaci\u00f3 per als que volen endinsar-se en el descobriment d&#8217;aquesta professi\u00f3.<\/p>\n\n\n\n<h4 class=\"wp-block-heading\">Comen\u00e7a un nou curs marcat per la pand\u00e8mia<\/h4>\n\n\n\n<p>Les diferents institucions acad\u00e8miques que se situen a l&#8217;entorn aporten dinamisme a la ciutat de <strong><a href=\"https:\/\/resest.com\/ca\/ubicacio-residencia-estudiantil-a-sabadell-barcelona\/\">Sabadell<\/a><\/strong>. D&#8217;altra banda, tingues en compte que el nou curs, que es contextualitza en l&#8217;\u00e0mbit de la pand\u00e8mia, avan\u00e7a dins d\u2019un escenari m\u00e9s positiu al de l&#8217;any passat.<\/p>\n\n\n\n<p>D&#8217;altra banda, l&#8217;alumnat tamb\u00e9 es va familiaritzar durant l&#8217;any passat amb les <strong>mesures de protecci\u00f3<\/strong> que han de posar en pr\u00e0ctica al centre. El rentat de mans, l&#8217;\u00fas de la mascareta i el manteniment de la dist\u00e0ncia de seguretat s\u00f3n tres accions essencials. Mesures de seguretat que tamb\u00e9 has d&#8217;aplicar en el teu temps lliure. Recorda que la teva responsabilitat individual, i la dels altres, influeix de manera positiva en el b\u00e9 com\u00fa.<\/p>\n\n\n\n<p>Per tant, si busques <strong>allotjament d&#8217;estudiants a Sabadell<\/strong>, tingues en compte que hi ha diferents tipus d&#8217;estades. La nostra <strong>resid\u00e8ncia d&#8217;estudiants<\/strong> disposa d&#8217;instal\u00b7lacions c\u00f2modes i serveis de qualitat per als residents. Si vols rebre m\u00e9s informaci\u00f3, pren la iniciativa i <strong><a href=\"https:\/\/resest.com\/ca\/contactar-allotjament-estudiantil-bellaterra-barcelona\/\">contacta amb nosaltres<\/a><\/strong>!<\/p>\n","protected":false},"excerpt":{"rendered":"<p>El nostre allotjament d&#8217;estudiants a Sabadell s&#8217;omple de vida a partir del comen\u00e7ament del mes de setembre. \u00c9s molt important que els alumnes se sentin com a casa seva mentre gaudeixen de l&#8217;etapa universit\u00e0ria. Inici de curs a la Universitat Aut\u00f2noma de Barcelona L&#8217;inici del nou curs a la Universitat Aut\u00f2noma de Barcelona representa el&hellip;<\/p>\n","protected":false},"author":1,"featured_media":9473,"comment_status":"open","ping_status":"open","sticky":false,"template":"","format":"standard","meta":{"footnotes":""},"categories":[6,50,52,51,49],"tags":[],"class_list":["post-9472","post","type-post","status-publish","format-standard","has-post-thumbnail","hentry","category-blog","category-vida-de-lestudiant","category-on-estudiar-master","category-activitats-i-oci","category-vida-a-la-residencia","entry","has-media"],"yoast_head":"<!-- This site is optimized with the Yoast SEO plugin v26.4 - https:\/\/yoast.com\/wordpress\/plugins\/seo\/ -->\n<title>Allotjament d&#039;estudiants a Sabadell per a l&#039;inici de curs 2021-2022<\/title>\n<meta name=\"description\" content=\"Allotjament d&#039;estudiants a Sabadell per a estudiants que comencen un nou curs a la universitat per cursar un grau, un m\u00e0ster o un postgrau.\" \/>\n<meta name=\"robots\" content=\"index, follow, max-snippet:-1, max-image-preview:large, max-video-preview:-1\" \/>\n<link rel=\"canonical\" href=\"https:\/\/resest.com\/ca\/blog\/allotjament-estudiants-sabadell-inici-curs-2021-2022\/\" \/>\n<meta property=\"og:locale\" content=\"ca_ES\" \/>\n<meta property=\"og:type\" content=\"article\" \/>\n<meta property=\"og:title\" content=\"Allotjament d&#039;estudiants a Sabadell per a l&#039;inici de curs 2021-2022\" \/>\n<meta property=\"og:description\" content=\"Allotjament d&#039;estudiants a Sabadell per a estudiants que comencen un nou curs a la universitat per cursar un grau, un m\u00e0ster o un postgrau.\" \/>\n<meta property=\"og:url\" content=\"https:\/\/resest.com\/ca\/blog\/allotjament-estudiants-sabadell-inici-curs-2021-2022\/\" \/>\n<meta property=\"og:site_name\" content=\"Resid\u00e8ncia d&#039;Estudiants l&#039;Estaci\u00f3 de Sabadell | Resest\" \/>\n<meta property=\"article:published_time\" content=\"2021-09-14T10:22:00+00:00\" \/>\n<meta property=\"article:modified_time\" content=\"2021-09-17T10:24:43+00:00\" \/>\n<meta property=\"og:image\" content=\"https:\/\/resest.com\/wp-content\/uploads\/2021\/09\/alojamiento-estudiantes-sabadell-inicio-curso-2021-2022.jpg\" \/>\n\t<meta property=\"og:image:width\" content=\"1200\" \/>\n\t<meta property=\"og:image:height\" content=\"800\" \/>\n\t<meta property=\"og:image:type\" content=\"image\/jpeg\" \/>\n<meta name=\"author\" content=\"Resest\" \/>\n<meta name=\"twitter:label1\" content=\"Written by\" \/>\n\t<meta name=\"twitter:data1\" content=\"Resest\" \/>\n\t<meta name=\"twitter:label2\" content=\"Est. reading time\" \/>\n\t<meta name=\"twitter:data2\" content=\"2 minutes\" \/>\n<script type=\"application\/ld+json\" class=\"yoast-schema-graph\">{\"@context\":\"https:\/\/schema.org\",\"@graph\":[{\"@type\":\"Article\",\"@id\":\"https:\/\/resest.com\/ca\/blog\/allotjament-estudiants-sabadell-inici-curs-2021-2022\/#article\",\"isPartOf\":{\"@id\":\"https:\/\/resest.com\/ca\/blog\/allotjament-estudiants-sabadell-inici-curs-2021-2022\/\"},\"author\":{\"name\":\"Resest\",\"@id\":\"https:\/\/resest.com\/ca\/#\/schema\/person\/d9965768ae08730dafc3a7c835fcc47c\"},\"headline\":\"L&#8217;inici de curs 2021\/2022\",\"datePublished\":\"2021-09-14T10:22:00+00:00\",\"dateModified\":\"2021-09-17T10:24:43+00:00\",\"mainEntityOfPage\":{\"@id\":\"https:\/\/resest.com\/ca\/blog\/allotjament-estudiants-sabadell-inici-curs-2021-2022\/\"},\"wordCount\":493,\"commentCount\":0,\"publisher\":{\"@id\":\"https:\/\/resest.com\/ca\/#organization\"},\"image\":{\"@id\":\"https:\/\/resest.com\/ca\/blog\/allotjament-estudiants-sabadell-inici-curs-2021-2022\/#primaryimage\"},\"thumbnailUrl\":\"https:\/\/resest.com\/wp-content\/uploads\/2021\/09\/alojamiento-estudiantes-sabadell-inicio-curso-2021-2022.jpg\",\"articleSection\":[\"Blog\",\"Consells per a estudiants universitaris\",\"Per qu\u00e8 Resest?\",\"Qu\u00e8 fer a Sabadell i Barcelona\",\"Vida a la Resid\u00e8ncia\"],\"inLanguage\":\"ca-ES\",\"potentialAction\":[{\"@type\":\"CommentAction\",\"name\":\"Comment\",\"target\":[\"https:\/\/resest.com\/ca\/blog\/allotjament-estudiants-sabadell-inici-curs-2021-2022\/#respond\"]}]},{\"@type\":\"WebPage\",\"@id\":\"https:\/\/resest.com\/ca\/blog\/allotjament-estudiants-sabadell-inici-curs-2021-2022\/\",\"url\":\"https:\/\/resest.com\/ca\/blog\/allotjament-estudiants-sabadell-inici-curs-2021-2022\/\",\"name\":\"Allotjament d'estudiants a Sabadell per a l'inici de curs 2021-2022\",\"isPartOf\":{\"@id\":\"https:\/\/resest.com\/ca\/#website\"},\"primaryImageOfPage\":{\"@id\":\"https:\/\/resest.com\/ca\/blog\/allotjament-estudiants-sabadell-inici-curs-2021-2022\/#primaryimage\"},\"image\":{\"@id\":\"https:\/\/resest.com\/ca\/blog\/allotjament-estudiants-sabadell-inici-curs-2021-2022\/#primaryimage\"},\"thumbnailUrl\":\"https:\/\/resest.com\/wp-content\/uploads\/2021\/09\/alojamiento-estudiantes-sabadell-inicio-curso-2021-2022.jpg\",\"datePublished\":\"2021-09-14T10:22:00+00:00\",\"dateModified\":\"2021-09-17T10:24:43+00:00\",\"description\":\"Allotjament d'estudiants a Sabadell per a estudiants que comencen un nou curs a la universitat per cursar un grau, un m\u00e0ster o un postgrau.\",\"breadcrumb\":{\"@id\":\"https:\/\/resest.com\/ca\/blog\/allotjament-estudiants-sabadell-inici-curs-2021-2022\/#breadcrumb\"},\"inLanguage\":\"ca-ES\",\"potentialAction\":[{\"@type\":\"ReadAction\",\"target\":[\"https:\/\/resest.com\/ca\/blog\/allotjament-estudiants-sabadell-inici-curs-2021-2022\/\"]}]},{\"@type\":\"ImageObject\",\"inLanguage\":\"ca-ES\",\"@id\":\"https:\/\/resest.com\/ca\/blog\/allotjament-estudiants-sabadell-inici-curs-2021-2022\/#primaryimage\",\"url\":\"https:\/\/resest.com\/wp-content\/uploads\/2021\/09\/alojamiento-estudiantes-sabadell-inicio-curso-2021-2022.jpg\",\"contentUrl\":\"https:\/\/resest.com\/wp-content\/uploads\/2021\/09\/alojamiento-estudiantes-sabadell-inicio-curso-2021-2022.jpg\",\"width\":1200,\"height\":800,\"caption\":\"allotjament-estudiants-sabadell-inici-curs-2021\"},{\"@type\":\"BreadcrumbList\",\"@id\":\"https:\/\/resest.com\/ca\/blog\/allotjament-estudiants-sabadell-inici-curs-2021-2022\/#breadcrumb\",\"itemListElement\":[{\"@type\":\"ListItem\",\"position\":1,\"name\":\"Inici\",\"item\":\"https:\/\/resest.com\/ca\/\"},{\"@type\":\"ListItem\",\"position\":2,\"name\":\"L&#8217;inici de curs 2021\/2022\"}]},{\"@type\":\"WebSite\",\"@id\":\"https:\/\/resest.com\/ca\/#website\",\"url\":\"https:\/\/resest.com\/ca\/\",\"name\":\"Resid\u00e8ncia d&#039;Estudiants l&#039;Estaci\u00f3 de Sabadell | Resest\",\"description\":\"Prop de l\u2019Universitat Aut\u00f2noma de Barcelona (UAB)\",\"publisher\":{\"@id\":\"https:\/\/resest.com\/ca\/#organization\"},\"potentialAction\":[{\"@type\":\"SearchAction\",\"target\":{\"@type\":\"EntryPoint\",\"urlTemplate\":\"https:\/\/resest.com\/ca\/?s={search_term_string}\"},\"query-input\":{\"@type\":\"PropertyValueSpecification\",\"valueRequired\":true,\"valueName\":\"search_term_string\"}}],\"inLanguage\":\"ca-ES\"},{\"@type\":\"Organization\",\"@id\":\"https:\/\/resest.com\/ca\/#organization\",\"name\":\"Resid\u00e8ncia d&#039;Estudiants l&#039;Estaci\u00f3 de Sabadell | Resest\",\"url\":\"https:\/\/resest.com\/ca\/\",\"logo\":{\"@type\":\"ImageObject\",\"inLanguage\":\"ca-ES\",\"@id\":\"https:\/\/resest.com\/ca\/#\/schema\/logo\/image\/\",\"url\":\"https:\/\/resest.com\/wp-content\/uploads\/2024\/03\/Facana-1.jpg\",\"contentUrl\":\"https:\/\/resest.com\/wp-content\/uploads\/2024\/03\/Facana-1.jpg\",\"width\":1200,\"height\":1009,\"caption\":\"Resid\u00e8ncia d&#039;Estudiants l&#039;Estaci\u00f3 de Sabadell | Resest\"},\"image\":{\"@id\":\"https:\/\/resest.com\/ca\/#\/schema\/logo\/image\/\"}},{\"@type\":\"Person\",\"@id\":\"https:\/\/resest.com\/ca\/#\/schema\/person\/d9965768ae08730dafc3a7c835fcc47c\",\"name\":\"Resest\",\"image\":{\"@type\":\"ImageObject\",\"inLanguage\":\"ca-ES\",\"@id\":\"https:\/\/resest.com\/ca\/#\/schema\/person\/image\/\",\"url\":\"https:\/\/secure.gravatar.com\/avatar\/0c7509c85c836ff68bc43efa415976254ed1463e7bbc3edf38a658092e29e5b4?s=96&d=mm&r=g\",\"contentUrl\":\"https:\/\/secure.gravatar.com\/avatar\/0c7509c85c836ff68bc43efa415976254ed1463e7bbc3edf38a658092e29e5b4?s=96&d=mm&r=g\",\"caption\":\"Resest\"},\"url\":\"https:\/\/resest.com\/ca\/author\/jordi\/\"}]}<\/script>\n<!-- \/ Yoast SEO plugin. -->","yoast_head_json":{"title":"Allotjament d'estudiants a Sabadell per a l'inici de curs 2021-2022","description":"Allotjament d'estudiants a Sabadell per a estudiants que comencen un nou curs a la universitat per cursar un grau, un m\u00e0ster o un postgrau.","robots":{"index":"index","follow":"follow","max-snippet":"max-snippet:-1","max-image-preview":"max-image-preview:large","max-video-preview":"max-video-preview:-1"},"canonical":"https:\/\/resest.com\/ca\/blog\/allotjament-estudiants-sabadell-inici-curs-2021-2022\/","og_locale":"ca_ES","og_type":"article","og_title":"Allotjament d'estudiants a Sabadell per a l'inici de curs 2021-2022","og_description":"Allotjament d'estudiants a Sabadell per a estudiants que comencen un nou curs a la universitat per cursar un grau, un m\u00e0ster o un postgrau.","og_url":"https:\/\/resest.com\/ca\/blog\/allotjament-estudiants-sabadell-inici-curs-2021-2022\/","og_site_name":"Resid\u00e8ncia d&#039;Estudiants l&#039;Estaci\u00f3 de Sabadell | Resest","article_published_time":"2021-09-14T10:22:00+00:00","article_modified_time":"2021-09-17T10:24:43+00:00","og_image":[{"width":1200,"height":800,"url":"https:\/\/resest.com\/wp-content\/uploads\/2021\/09\/alojamiento-estudiantes-sabadell-inicio-curso-2021-2022.jpg","type":"image\/jpeg"}],"author":"Resest","twitter_misc":{"Written by":"Resest","Est. reading time":"2 minutes"},"schema":{"@context":"https:\/\/schema.org","@graph":[{"@type":"Article","@id":"https:\/\/resest.com\/ca\/blog\/allotjament-estudiants-sabadell-inici-curs-2021-2022\/#article","isPartOf":{"@id":"https:\/\/resest.com\/ca\/blog\/allotjament-estudiants-sabadell-inici-curs-2021-2022\/"},"author":{"name":"Resest","@id":"https:\/\/resest.com\/ca\/#\/schema\/person\/d9965768ae08730dafc3a7c835fcc47c"},"headline":"L&#8217;inici de curs 2021\/2022","datePublished":"2021-09-14T10:22:00+00:00","dateModified":"2021-09-17T10:24:43+00:00","mainEntityOfPage":{"@id":"https:\/\/resest.com\/ca\/blog\/allotjament-estudiants-sabadell-inici-curs-2021-2022\/"},"wordCount":493,"commentCount":0,"publisher":{"@id":"https:\/\/resest.com\/ca\/#organization"},"image":{"@id":"https:\/\/resest.com\/ca\/blog\/allotjament-estudiants-sabadell-inici-curs-2021-2022\/#primaryimage"},"thumbnailUrl":"https:\/\/resest.com\/wp-content\/uploads\/2021\/09\/alojamiento-estudiantes-sabadell-inicio-curso-2021-2022.jpg","articleSection":["Blog","Consells per a estudiants universitaris","Per qu\u00e8 Resest?","Qu\u00e8 fer a Sabadell i Barcelona","Vida a la Resid\u00e8ncia"],"inLanguage":"ca-ES","potentialAction":[{"@type":"CommentAction","name":"Comment","target":["https:\/\/resest.com\/ca\/blog\/allotjament-estudiants-sabadell-inici-curs-2021-2022\/#respond"]}]},{"@type":"WebPage","@id":"https:\/\/resest.com\/ca\/blog\/allotjament-estudiants-sabadell-inici-curs-2021-2022\/","url":"https:\/\/resest.com\/ca\/blog\/allotjament-estudiants-sabadell-inici-curs-2021-2022\/","name":"Allotjament d'estudiants a Sabadell per a l'inici de curs 2021-2022","isPartOf":{"@id":"https:\/\/resest.com\/ca\/#website"},"primaryImageOfPage":{"@id":"https:\/\/resest.com\/ca\/blog\/allotjament-estudiants-sabadell-inici-curs-2021-2022\/#primaryimage"},"image":{"@id":"https:\/\/resest.com\/ca\/blog\/allotjament-estudiants-sabadell-inici-curs-2021-2022\/#primaryimage"},"thumbnailUrl":"https:\/\/resest.com\/wp-content\/uploads\/2021\/09\/alojamiento-estudiantes-sabadell-inicio-curso-2021-2022.jpg","datePublished":"2021-09-14T10:22:00+00:00","dateModified":"2021-09-17T10:24:43+00:00","description":"Allotjament d'estudiants a Sabadell per a estudiants que comencen un nou curs a la universitat per cursar un grau, un m\u00e0ster o un postgrau.","breadcrumb":{"@id":"https:\/\/resest.com\/ca\/blog\/allotjament-estudiants-sabadell-inici-curs-2021-2022\/#breadcrumb"},"inLanguage":"ca-ES","potentialAction":[{"@type":"ReadAction","target":["https:\/\/resest.com\/ca\/blog\/allotjament-estudiants-sabadell-inici-curs-2021-2022\/"]}]},{"@type":"ImageObject","inLanguage":"ca-ES","@id":"https:\/\/resest.com\/ca\/blog\/allotjament-estudiants-sabadell-inici-curs-2021-2022\/#primaryimage","url":"https:\/\/resest.com\/wp-content\/uploads\/2021\/09\/alojamiento-estudiantes-sabadell-inicio-curso-2021-2022.jpg","contentUrl":"https:\/\/resest.com\/wp-content\/uploads\/2021\/09\/alojamiento-estudiantes-sabadell-inicio-curso-2021-2022.jpg","width":1200,"height":800,"caption":"allotjament-estudiants-sabadell-inici-curs-2021"},{"@type":"BreadcrumbList","@id":"https:\/\/resest.com\/ca\/blog\/allotjament-estudiants-sabadell-inici-curs-2021-2022\/#breadcrumb","itemListElement":[{"@type":"ListItem","position":1,"name":"Inici","item":"https:\/\/resest.com\/ca\/"},{"@type":"ListItem","position":2,"name":"L&#8217;inici de curs 2021\/2022"}]},{"@type":"WebSite","@id":"https:\/\/resest.com\/ca\/#website","url":"https:\/\/resest.com\/ca\/","name":"Resid\u00e8ncia d&#039;Estudiants l&#039;Estaci\u00f3 de Sabadell | Resest","description":"Prop de l\u2019Universitat Aut\u00f2noma de Barcelona (UAB)","publisher":{"@id":"https:\/\/resest.com\/ca\/#organization"},"potentialAction":[{"@type":"SearchAction","target":{"@type":"EntryPoint","urlTemplate":"https:\/\/resest.com\/ca\/?s={search_term_string}"},"query-input":{"@type":"PropertyValueSpecification","valueRequired":true,"valueName":"search_term_string"}}],"inLanguage":"ca-ES"},{"@type":"Organization","@id":"https:\/\/resest.com\/ca\/#organization","name":"Resid\u00e8ncia d&#039;Estudiants l&#039;Estaci\u00f3 de Sabadell | Resest","url":"https:\/\/resest.com\/ca\/","logo":{"@type":"ImageObject","inLanguage":"ca-ES","@id":"https:\/\/resest.com\/ca\/#\/schema\/logo\/image\/","url":"https:\/\/resest.com\/wp-content\/uploads\/2024\/03\/Facana-1.jpg","contentUrl":"https:\/\/resest.com\/wp-content\/uploads\/2024\/03\/Facana-1.jpg","width":1200,"height":1009,"caption":"Resid\u00e8ncia d&#039;Estudiants l&#039;Estaci\u00f3 de Sabadell | Resest"},"image":{"@id":"https:\/\/resest.com\/ca\/#\/schema\/logo\/image\/"}},{"@type":"Person","@id":"https:\/\/resest.com\/ca\/#\/schema\/person\/d9965768ae08730dafc3a7c835fcc47c","name":"Resest","image":{"@type":"ImageObject","inLanguage":"ca-ES","@id":"https:\/\/resest.com\/ca\/#\/schema\/person\/image\/","url":"https:\/\/secure.gravatar.com\/avatar\/0c7509c85c836ff68bc43efa415976254ed1463e7bbc3edf38a658092e29e5b4?s=96&d=mm&r=g","contentUrl":"https:\/\/secure.gravatar.com\/avatar\/0c7509c85c836ff68bc43efa415976254ed1463e7bbc3edf38a658092e29e5b4?s=96&d=mm&r=g","caption":"Resest"},"url":"https:\/\/resest.com\/ca\/author\/jordi\/"}]}},"_links":{"self":[{"href":"https:\/\/resest.com\/ca\/wp-json\/wp\/v2\/posts\/9472","targetHints":{"allow":["GET"]}}],"collection":[{"href":"https:\/\/resest.com\/ca\/wp-json\/wp\/v2\/posts"}],"about":[{"href":"https:\/\/resest.com\/ca\/wp-json\/wp\/v2\/types\/post"}],"author":[{"embeddable":true,"href":"https:\/\/resest.com\/ca\/wp-json\/wp\/v2\/users\/1"}],"replies":[{"embeddable":true,"href":"https:\/\/resest.com\/ca\/wp-json\/wp\/v2\/comments?post=9472"}],"version-history":[{"count":0,"href":"https:\/\/resest.com\/ca\/wp-json\/wp\/v2\/posts\/9472\/revisions"}],"wp:featuredmedia":[{"embeddable":true,"href":"https:\/\/resest.com\/ca\/wp-json\/wp\/v2\/media\/9473"}],"wp:attachment":[{"href":"https:\/\/resest.com\/ca\/wp-json\/wp\/v2\/media?parent=9472"}],"wp:term":[{"taxonomy":"category","embeddable":true,"href":"https:\/\/resest.com\/ca\/wp-json\/wp\/v2\/categories?post=9472"},{"taxonomy":"post_tag","embeddable":true,"href":"https:\/\/resest.com\/ca\/wp-json\/wp\/v2\/tags?post=9472"}],"curies":[{"name":"wp","href":"https:\/\/api.w.org\/{rel}","templated":true}]}}