{"id":9469,"date":"2021-08-26T16:02:00","date_gmt":"2021-08-26T15:02:00","guid":{"rendered":"https:\/\/resest.com\/?p=9469"},"modified":"2021-09-01T16:05:18","modified_gmt":"2021-09-01T15:05:18","slug":"allotjament-esportistes-sabadell-jocs-olimpics-tokio","status":"publish","type":"post","link":"https:\/\/resest.com\/ca\/blog\/allotjament-esportistes-sabadell-jocs-olimpics-tokio\/","title":{"rendered":"El Club Nataci\u00f3 Sabadell i la seva participaci\u00f3 als Jocs Ol\u00edmpics de Tokio"},"content":{"rendered":"\n<p>El <strong>Club Nataci\u00f3 Sabadell<\/strong> segueix fent hist\u00f2ria a l&#8217;integrar als Jocs Ol\u00edmpics de Tokio a 9 esportistes. Pel que fa a aquesta instituci\u00f3, tenim disponible <strong>allotjament per als esportistes a Sabadell<\/strong>, amb totes les <strong><a href=\"https:\/\/resest.com\/ca\/blog\/installacions-residencia-estudiants-sabadell\/\">comoditats<\/a><\/strong> que requereixen. Sens dubte, aix\u00f2 \u00faltim \u00e9s essencial per aconseguir una excel\u00b7lent preparaci\u00f3 per a aquestes olimp\u00edades al Jap\u00f3.<\/p>\n\n\n\n<h3 class=\"wp-block-heading\">Un club amb m\u00e9s de 100 anys d&#8217;hist\u00f2ria<\/h3>\n\n\n\n<p>Possiblement hagis sentit parlar d&#8217;esportistes com <strong>Mireia Belmonte<\/strong>, que va aconseguir dues medalles de plata als jocs de Londres 2012, o <strong>Mart\u00edn L\u00f3pez-Zubero<\/strong>, que va aconseguir l&#8217;or a Barcelona 92. Com ells, han passat altres esportistes nacionals i internacionals, que han aconseguit representar a altres pa\u00efsos, com \u00e9s el cas de Lara Grangeon, que va participar a Rio de Janeiro 2016, per Fran\u00e7a.<\/p>\n\n\n\n<p>Als jocs de Brasil, que van ser en l&#8217;edici\u00f3 passada, van destacar els noms de <strong>Gemma Mengual i Ona Carbonell<\/strong>, que van estar a la final de duo de nataci\u00f3 art\u00edstica, realitzant una excel\u00b7lent disciplina.<\/p>\n\n\n\n<p>Hem de remuntar-nos a <strong>l&#8217;any 1916<\/strong>, quan <strong>s&#8217;inaugura aquesta instituci\u00f3<\/strong>, que arribar\u00e0 a les seves primeres olimp\u00edades el 1948, amb el jugador de waterpolo Joan Serra. Des de llavors, fins ara, a <strong>Tokio 2020, el Club Nataci\u00f3 Sabadell<\/strong> ha seguit preparant esportistes per als Jocs Ol\u00edmpics, aconseguint una reputaci\u00f3 a nivell internacional.<\/p>\n\n\n\n<h3 class=\"wp-block-heading\">Els jocs de Tokio 2020<\/h3>\n\n\n\n<p>Com b\u00e9 sabr\u00e0s, les olimp\u00edades de Tokio van haver de ser posposades fins al present any, per motiu de la pand\u00e8mia mundial que seguim patint. Tot i els problemes que ha ocasionat en molts esportistes i comit\u00e8s ol\u00edmpics, el <strong>Club Nataci\u00f3 Sabadell<\/strong> no ha tingut dificultats per aconseguir que 9 esportistes estiguin disputant aquests jocs de Jap\u00f3.<\/p>\n\n\n\n<p>Aix\u00ed, el club amb seu a Sabadell t\u00e9 la representaci\u00f3 de <strong>4 waterpolistes<\/strong>, que van amb el Comit\u00e8 Ol\u00edmpic Espanyol, les quals s\u00f3n <strong>Maica Garc\u00eda, Irene Gonz\u00e1lez, Judith Forca i Laura Ester<\/strong>, amb la selecci\u00f3 femenina. A la masculina tenim a <strong>Bernat Sanahuja<\/strong>. Per part de Pa\u00efsos Baixos, en aquesta mateixa modalitat, estan <strong>Sabrina Van der Sloot i Maartje Keuning<\/strong>, a l&#8217;equip femen\u00ed.<\/p>\n\n\n\n<p>A m\u00e9s, en representaci\u00f3 d&#8217;Espanya tenim a <strong>Marina Garcia, en nataci\u00f3, i a Ona Carbonell<\/strong>, en nataci\u00f3 art\u00edstica, que cinc anys despr\u00e9s torna a uns jocs ol\u00edmpics, despr\u00e9s de la seva participaci\u00f3 a Rio de Janeiro 2016.<\/p>\n\n\n\n<p><strong><a href=\"https:\/\/resest.com\/ca\/blog\/sabadell-escollida-capital-cultura-catalana-2024\/\">L&#8217;allotjament per a esportistes a Sabadell<\/a><\/strong> <strong>https:\/\/resest.com\/ca\/blog\/sabadell-escollida-capital-cultura-catalana-2024\/<\/strong> es converteix en una elecci\u00f3 molt important, que pot marcar l&#8217;estabilitat de la seva carrera, ja que necessiten un lloc on descansar i que els ofereixi <strong>totes les comoditats<\/strong>. A m\u00e9s, la localitzaci\u00f3 \u00e9s fonamental perqu\u00e8 es puguin mobilitzar f\u00e0cilment per la ciutat, tenint prop tots els serveis de transport. A l&#8217;igual que ells, pots trobar aquesta comoditat a la nostra <strong><a href=\"https:\/\/resest.com\/ca\/\">Resid\u00e8ncia d&#8217;Estudiants l&#8217;Estaci\u00f3 de Sabadell<\/a><\/strong>. No dubtis a visitar la nostra p\u00e0gina web per con\u00e8ixer-nos millor!<\/p>\n","protected":false},"excerpt":{"rendered":"<p>El Club Nataci\u00f3 Sabadell segueix fent hist\u00f2ria a l&#8217;integrar als Jocs Ol\u00edmpics de Tokio a 9 esportistes. Pel que fa a aquesta instituci\u00f3, tenim disponible allotjament per als esportistes a Sabadell, amb totes les comoditats que requereixen. Sens dubte, aix\u00f2 \u00faltim \u00e9s essencial per aconseguir una excel\u00b7lent preparaci\u00f3 per a aquestes olimp\u00edades al Jap\u00f3. Un&hellip;<\/p>\n","protected":false},"author":1,"featured_media":9464,"comment_status":"open","ping_status":"open","sticky":false,"template":"","format":"standard","meta":{"footnotes":""},"categories":[6,50],"tags":[],"class_list":["post-9469","post","type-post","status-publish","format-standard","has-post-thumbnail","hentry","category-blog","category-vida-de-lestudiant","entry","has-media"],"yoast_head":"<!-- This site is optimized with the Yoast SEO plugin v26.4 - https:\/\/yoast.com\/wordpress\/plugins\/seo\/ -->\n<title>L&#039;allotjament d&#039;esportistes de Sabadell amb els ol\u00edmpics de Tokio<\/title>\n<meta name=\"description\" content=\"Un allotjament per a esportistes a Sabadell ha d&#039;oferir gran comoditat per a que els esportistes puguin centrar-se en la seva feina.\" \/>\n<meta name=\"robots\" content=\"index, follow, max-snippet:-1, max-image-preview:large, max-video-preview:-1\" \/>\n<link rel=\"canonical\" href=\"https:\/\/resest.com\/ca\/blog\/allotjament-esportistes-sabadell-jocs-olimpics-tokio\/\" \/>\n<meta property=\"og:locale\" content=\"ca_ES\" \/>\n<meta property=\"og:type\" content=\"article\" \/>\n<meta property=\"og:title\" content=\"L&#039;allotjament d&#039;esportistes de Sabadell amb els ol\u00edmpics de Tokio\" \/>\n<meta property=\"og:description\" content=\"Un allotjament per a esportistes a Sabadell ha d&#039;oferir gran comoditat per a que els esportistes puguin centrar-se en la seva feina.\" \/>\n<meta property=\"og:url\" content=\"https:\/\/resest.com\/ca\/blog\/allotjament-esportistes-sabadell-jocs-olimpics-tokio\/\" \/>\n<meta property=\"og:site_name\" content=\"Resid\u00e8ncia d&#039;Estudiants l&#039;Estaci\u00f3 de Sabadell | Resest\" \/>\n<meta property=\"article:published_time\" content=\"2021-08-26T15:02:00+00:00\" \/>\n<meta property=\"article:modified_time\" content=\"2021-09-01T15:05:18+00:00\" \/>\n<meta property=\"og:image\" content=\"https:\/\/resest.com\/wp-content\/uploads\/2021\/09\/alojamiento-deportistas-sabadell.jpg\" \/>\n\t<meta property=\"og:image:width\" content=\"1200\" \/>\n\t<meta property=\"og:image:height\" content=\"800\" \/>\n\t<meta property=\"og:image:type\" content=\"image\/jpeg\" \/>\n<meta name=\"author\" content=\"Resest\" \/>\n<meta name=\"twitter:label1\" content=\"Written by\" \/>\n\t<meta name=\"twitter:data1\" content=\"Resest\" \/>\n\t<meta name=\"twitter:label2\" content=\"Est. reading time\" \/>\n\t<meta name=\"twitter:data2\" content=\"3 minutes\" \/>\n<script type=\"application\/ld+json\" class=\"yoast-schema-graph\">{\"@context\":\"https:\/\/schema.org\",\"@graph\":[{\"@type\":\"Article\",\"@id\":\"https:\/\/resest.com\/ca\/blog\/allotjament-esportistes-sabadell-jocs-olimpics-tokio\/#article\",\"isPartOf\":{\"@id\":\"https:\/\/resest.com\/ca\/blog\/allotjament-esportistes-sabadell-jocs-olimpics-tokio\/\"},\"author\":{\"name\":\"Resest\",\"@id\":\"https:\/\/resest.com\/ca\/#\/schema\/person\/d9965768ae08730dafc3a7c835fcc47c\"},\"headline\":\"El Club Nataci\u00f3 Sabadell i la seva participaci\u00f3 als Jocs Ol\u00edmpics de Tokio\",\"datePublished\":\"2021-08-26T15:02:00+00:00\",\"dateModified\":\"2021-09-01T15:05:18+00:00\",\"mainEntityOfPage\":{\"@id\":\"https:\/\/resest.com\/ca\/blog\/allotjament-esportistes-sabadell-jocs-olimpics-tokio\/\"},\"wordCount\":513,\"commentCount\":0,\"publisher\":{\"@id\":\"https:\/\/resest.com\/ca\/#organization\"},\"image\":{\"@id\":\"https:\/\/resest.com\/ca\/blog\/allotjament-esportistes-sabadell-jocs-olimpics-tokio\/#primaryimage\"},\"thumbnailUrl\":\"https:\/\/resest.com\/wp-content\/uploads\/2021\/09\/alojamiento-deportistas-sabadell.jpg\",\"articleSection\":[\"Blog\",\"Consells per a estudiants universitaris\"],\"inLanguage\":\"ca-ES\",\"potentialAction\":[{\"@type\":\"CommentAction\",\"name\":\"Comment\",\"target\":[\"https:\/\/resest.com\/ca\/blog\/allotjament-esportistes-sabadell-jocs-olimpics-tokio\/#respond\"]}]},{\"@type\":\"WebPage\",\"@id\":\"https:\/\/resest.com\/ca\/blog\/allotjament-esportistes-sabadell-jocs-olimpics-tokio\/\",\"url\":\"https:\/\/resest.com\/ca\/blog\/allotjament-esportistes-sabadell-jocs-olimpics-tokio\/\",\"name\":\"L'allotjament d'esportistes de Sabadell amb els ol\u00edmpics de Tokio\",\"isPartOf\":{\"@id\":\"https:\/\/resest.com\/ca\/#website\"},\"primaryImageOfPage\":{\"@id\":\"https:\/\/resest.com\/ca\/blog\/allotjament-esportistes-sabadell-jocs-olimpics-tokio\/#primaryimage\"},\"image\":{\"@id\":\"https:\/\/resest.com\/ca\/blog\/allotjament-esportistes-sabadell-jocs-olimpics-tokio\/#primaryimage\"},\"thumbnailUrl\":\"https:\/\/resest.com\/wp-content\/uploads\/2021\/09\/alojamiento-deportistas-sabadell.jpg\",\"datePublished\":\"2021-08-26T15:02:00+00:00\",\"dateModified\":\"2021-09-01T15:05:18+00:00\",\"description\":\"Un allotjament per a esportistes a Sabadell ha d'oferir gran comoditat per a que els esportistes puguin centrar-se en la seva feina.\",\"breadcrumb\":{\"@id\":\"https:\/\/resest.com\/ca\/blog\/allotjament-esportistes-sabadell-jocs-olimpics-tokio\/#breadcrumb\"},\"inLanguage\":\"ca-ES\",\"potentialAction\":[{\"@type\":\"ReadAction\",\"target\":[\"https:\/\/resest.com\/ca\/blog\/allotjament-esportistes-sabadell-jocs-olimpics-tokio\/\"]}]},{\"@type\":\"ImageObject\",\"inLanguage\":\"ca-ES\",\"@id\":\"https:\/\/resest.com\/ca\/blog\/allotjament-esportistes-sabadell-jocs-olimpics-tokio\/#primaryimage\",\"url\":\"https:\/\/resest.com\/wp-content\/uploads\/2021\/09\/alojamiento-deportistas-sabadell.jpg\",\"contentUrl\":\"https:\/\/resest.com\/wp-content\/uploads\/2021\/09\/alojamiento-deportistas-sabadell.jpg\",\"width\":1200,\"height\":800,\"caption\":\"allotjament-esportistes-sabadell\"},{\"@type\":\"BreadcrumbList\",\"@id\":\"https:\/\/resest.com\/ca\/blog\/allotjament-esportistes-sabadell-jocs-olimpics-tokio\/#breadcrumb\",\"itemListElement\":[{\"@type\":\"ListItem\",\"position\":1,\"name\":\"Inici\",\"item\":\"https:\/\/resest.com\/ca\/\"},{\"@type\":\"ListItem\",\"position\":2,\"name\":\"El Club Nataci\u00f3 Sabadell i la seva participaci\u00f3 als Jocs Ol\u00edmpics de Tokio\"}]},{\"@type\":\"WebSite\",\"@id\":\"https:\/\/resest.com\/ca\/#website\",\"url\":\"https:\/\/resest.com\/ca\/\",\"name\":\"Resid\u00e8ncia d&#039;Estudiants l&#039;Estaci\u00f3 de Sabadell | Resest\",\"description\":\"Prop de l\u2019Universitat Aut\u00f2noma de Barcelona (UAB)\",\"publisher\":{\"@id\":\"https:\/\/resest.com\/ca\/#organization\"},\"potentialAction\":[{\"@type\":\"SearchAction\",\"target\":{\"@type\":\"EntryPoint\",\"urlTemplate\":\"https:\/\/resest.com\/ca\/?s={search_term_string}\"},\"query-input\":{\"@type\":\"PropertyValueSpecification\",\"valueRequired\":true,\"valueName\":\"search_term_string\"}}],\"inLanguage\":\"ca-ES\"},{\"@type\":\"Organization\",\"@id\":\"https:\/\/resest.com\/ca\/#organization\",\"name\":\"Resid\u00e8ncia d&#039;Estudiants l&#039;Estaci\u00f3 de Sabadell | Resest\",\"url\":\"https:\/\/resest.com\/ca\/\",\"logo\":{\"@type\":\"ImageObject\",\"inLanguage\":\"ca-ES\",\"@id\":\"https:\/\/resest.com\/ca\/#\/schema\/logo\/image\/\",\"url\":\"https:\/\/resest.com\/wp-content\/uploads\/2024\/03\/Facana-1.jpg\",\"contentUrl\":\"https:\/\/resest.com\/wp-content\/uploads\/2024\/03\/Facana-1.jpg\",\"width\":1200,\"height\":1009,\"caption\":\"Resid\u00e8ncia d&#039;Estudiants l&#039;Estaci\u00f3 de Sabadell | Resest\"},\"image\":{\"@id\":\"https:\/\/resest.com\/ca\/#\/schema\/logo\/image\/\"}},{\"@type\":\"Person\",\"@id\":\"https:\/\/resest.com\/ca\/#\/schema\/person\/d9965768ae08730dafc3a7c835fcc47c\",\"name\":\"Resest\",\"image\":{\"@type\":\"ImageObject\",\"inLanguage\":\"ca-ES\",\"@id\":\"https:\/\/resest.com\/ca\/#\/schema\/person\/image\/\",\"url\":\"https:\/\/secure.gravatar.com\/avatar\/0c7509c85c836ff68bc43efa415976254ed1463e7bbc3edf38a658092e29e5b4?s=96&d=mm&r=g\",\"contentUrl\":\"https:\/\/secure.gravatar.com\/avatar\/0c7509c85c836ff68bc43efa415976254ed1463e7bbc3edf38a658092e29e5b4?s=96&d=mm&r=g\",\"caption\":\"Resest\"},\"url\":\"https:\/\/resest.com\/ca\/author\/jordi\/\"}]}<\/script>\n<!-- \/ Yoast SEO plugin. -->","yoast_head_json":{"title":"L'allotjament d'esportistes de Sabadell amb els ol\u00edmpics de Tokio","description":"Un allotjament per a esportistes a Sabadell ha d'oferir gran comoditat per a que els esportistes puguin centrar-se en la seva feina.","robots":{"index":"index","follow":"follow","max-snippet":"max-snippet:-1","max-image-preview":"max-image-preview:large","max-video-preview":"max-video-preview:-1"},"canonical":"https:\/\/resest.com\/ca\/blog\/allotjament-esportistes-sabadell-jocs-olimpics-tokio\/","og_locale":"ca_ES","og_type":"article","og_title":"L'allotjament d'esportistes de Sabadell amb els ol\u00edmpics de Tokio","og_description":"Un allotjament per a esportistes a Sabadell ha d'oferir gran comoditat per a que els esportistes puguin centrar-se en la seva feina.","og_url":"https:\/\/resest.com\/ca\/blog\/allotjament-esportistes-sabadell-jocs-olimpics-tokio\/","og_site_name":"Resid\u00e8ncia d&#039;Estudiants l&#039;Estaci\u00f3 de Sabadell | Resest","article_published_time":"2021-08-26T15:02:00+00:00","article_modified_time":"2021-09-01T15:05:18+00:00","og_image":[{"width":1200,"height":800,"url":"https:\/\/resest.com\/wp-content\/uploads\/2021\/09\/alojamiento-deportistas-sabadell.jpg","type":"image\/jpeg"}],"author":"Resest","twitter_misc":{"Written by":"Resest","Est. reading time":"3 minutes"},"schema":{"@context":"https:\/\/schema.org","@graph":[{"@type":"Article","@id":"https:\/\/resest.com\/ca\/blog\/allotjament-esportistes-sabadell-jocs-olimpics-tokio\/#article","isPartOf":{"@id":"https:\/\/resest.com\/ca\/blog\/allotjament-esportistes-sabadell-jocs-olimpics-tokio\/"},"author":{"name":"Resest","@id":"https:\/\/resest.com\/ca\/#\/schema\/person\/d9965768ae08730dafc3a7c835fcc47c"},"headline":"El Club Nataci\u00f3 Sabadell i la seva participaci\u00f3 als Jocs Ol\u00edmpics de Tokio","datePublished":"2021-08-26T15:02:00+00:00","dateModified":"2021-09-01T15:05:18+00:00","mainEntityOfPage":{"@id":"https:\/\/resest.com\/ca\/blog\/allotjament-esportistes-sabadell-jocs-olimpics-tokio\/"},"wordCount":513,"commentCount":0,"publisher":{"@id":"https:\/\/resest.com\/ca\/#organization"},"image":{"@id":"https:\/\/resest.com\/ca\/blog\/allotjament-esportistes-sabadell-jocs-olimpics-tokio\/#primaryimage"},"thumbnailUrl":"https:\/\/resest.com\/wp-content\/uploads\/2021\/09\/alojamiento-deportistas-sabadell.jpg","articleSection":["Blog","Consells per a estudiants universitaris"],"inLanguage":"ca-ES","potentialAction":[{"@type":"CommentAction","name":"Comment","target":["https:\/\/resest.com\/ca\/blog\/allotjament-esportistes-sabadell-jocs-olimpics-tokio\/#respond"]}]},{"@type":"WebPage","@id":"https:\/\/resest.com\/ca\/blog\/allotjament-esportistes-sabadell-jocs-olimpics-tokio\/","url":"https:\/\/resest.com\/ca\/blog\/allotjament-esportistes-sabadell-jocs-olimpics-tokio\/","name":"L'allotjament d'esportistes de Sabadell amb els ol\u00edmpics de Tokio","isPartOf":{"@id":"https:\/\/resest.com\/ca\/#website"},"primaryImageOfPage":{"@id":"https:\/\/resest.com\/ca\/blog\/allotjament-esportistes-sabadell-jocs-olimpics-tokio\/#primaryimage"},"image":{"@id":"https:\/\/resest.com\/ca\/blog\/allotjament-esportistes-sabadell-jocs-olimpics-tokio\/#primaryimage"},"thumbnailUrl":"https:\/\/resest.com\/wp-content\/uploads\/2021\/09\/alojamiento-deportistas-sabadell.jpg","datePublished":"2021-08-26T15:02:00+00:00","dateModified":"2021-09-01T15:05:18+00:00","description":"Un allotjament per a esportistes a Sabadell ha d'oferir gran comoditat per a que els esportistes puguin centrar-se en la seva feina.","breadcrumb":{"@id":"https:\/\/resest.com\/ca\/blog\/allotjament-esportistes-sabadell-jocs-olimpics-tokio\/#breadcrumb"},"inLanguage":"ca-ES","potentialAction":[{"@type":"ReadAction","target":["https:\/\/resest.com\/ca\/blog\/allotjament-esportistes-sabadell-jocs-olimpics-tokio\/"]}]},{"@type":"ImageObject","inLanguage":"ca-ES","@id":"https:\/\/resest.com\/ca\/blog\/allotjament-esportistes-sabadell-jocs-olimpics-tokio\/#primaryimage","url":"https:\/\/resest.com\/wp-content\/uploads\/2021\/09\/alojamiento-deportistas-sabadell.jpg","contentUrl":"https:\/\/resest.com\/wp-content\/uploads\/2021\/09\/alojamiento-deportistas-sabadell.jpg","width":1200,"height":800,"caption":"allotjament-esportistes-sabadell"},{"@type":"BreadcrumbList","@id":"https:\/\/resest.com\/ca\/blog\/allotjament-esportistes-sabadell-jocs-olimpics-tokio\/#breadcrumb","itemListElement":[{"@type":"ListItem","position":1,"name":"Inici","item":"https:\/\/resest.com\/ca\/"},{"@type":"ListItem","position":2,"name":"El Club Nataci\u00f3 Sabadell i la seva participaci\u00f3 als Jocs Ol\u00edmpics de Tokio"}]},{"@type":"WebSite","@id":"https:\/\/resest.com\/ca\/#website","url":"https:\/\/resest.com\/ca\/","name":"Resid\u00e8ncia d&#039;Estudiants l&#039;Estaci\u00f3 de Sabadell | Resest","description":"Prop de l\u2019Universitat Aut\u00f2noma de Barcelona (UAB)","publisher":{"@id":"https:\/\/resest.com\/ca\/#organization"},"potentialAction":[{"@type":"SearchAction","target":{"@type":"EntryPoint","urlTemplate":"https:\/\/resest.com\/ca\/?s={search_term_string}"},"query-input":{"@type":"PropertyValueSpecification","valueRequired":true,"valueName":"search_term_string"}}],"inLanguage":"ca-ES"},{"@type":"Organization","@id":"https:\/\/resest.com\/ca\/#organization","name":"Resid\u00e8ncia d&#039;Estudiants l&#039;Estaci\u00f3 de Sabadell | Resest","url":"https:\/\/resest.com\/ca\/","logo":{"@type":"ImageObject","inLanguage":"ca-ES","@id":"https:\/\/resest.com\/ca\/#\/schema\/logo\/image\/","url":"https:\/\/resest.com\/wp-content\/uploads\/2024\/03\/Facana-1.jpg","contentUrl":"https:\/\/resest.com\/wp-content\/uploads\/2024\/03\/Facana-1.jpg","width":1200,"height":1009,"caption":"Resid\u00e8ncia d&#039;Estudiants l&#039;Estaci\u00f3 de Sabadell | Resest"},"image":{"@id":"https:\/\/resest.com\/ca\/#\/schema\/logo\/image\/"}},{"@type":"Person","@id":"https:\/\/resest.com\/ca\/#\/schema\/person\/d9965768ae08730dafc3a7c835fcc47c","name":"Resest","image":{"@type":"ImageObject","inLanguage":"ca-ES","@id":"https:\/\/resest.com\/ca\/#\/schema\/person\/image\/","url":"https:\/\/secure.gravatar.com\/avatar\/0c7509c85c836ff68bc43efa415976254ed1463e7bbc3edf38a658092e29e5b4?s=96&d=mm&r=g","contentUrl":"https:\/\/secure.gravatar.com\/avatar\/0c7509c85c836ff68bc43efa415976254ed1463e7bbc3edf38a658092e29e5b4?s=96&d=mm&r=g","caption":"Resest"},"url":"https:\/\/resest.com\/ca\/author\/jordi\/"}]}},"_links":{"self":[{"href":"https:\/\/resest.com\/ca\/wp-json\/wp\/v2\/posts\/9469","targetHints":{"allow":["GET"]}}],"collection":[{"href":"https:\/\/resest.com\/ca\/wp-json\/wp\/v2\/posts"}],"about":[{"href":"https:\/\/resest.com\/ca\/wp-json\/wp\/v2\/types\/post"}],"author":[{"embeddable":true,"href":"https:\/\/resest.com\/ca\/wp-json\/wp\/v2\/users\/1"}],"replies":[{"embeddable":true,"href":"https:\/\/resest.com\/ca\/wp-json\/wp\/v2\/comments?post=9469"}],"version-history":[{"count":0,"href":"https:\/\/resest.com\/ca\/wp-json\/wp\/v2\/posts\/9469\/revisions"}],"wp:featuredmedia":[{"embeddable":true,"href":"https:\/\/resest.com\/ca\/wp-json\/wp\/v2\/media\/9464"}],"wp:attachment":[{"href":"https:\/\/resest.com\/ca\/wp-json\/wp\/v2\/media?parent=9469"}],"wp:term":[{"taxonomy":"category","embeddable":true,"href":"https:\/\/resest.com\/ca\/wp-json\/wp\/v2\/categories?post=9469"},{"taxonomy":"post_tag","embeddable":true,"href":"https:\/\/resest.com\/ca\/wp-json\/wp\/v2\/tags?post=9469"}],"curies":[{"name":"wp","href":"https:\/\/api.w.org\/{rel}","templated":true}]}}