{"id":9460,"date":"2021-08-12T15:42:00","date_gmt":"2021-08-12T14:42:00","guid":{"rendered":"https:\/\/resest.com\/?p=9460"},"modified":"2021-09-01T15:47:27","modified_gmt":"2021-09-01T14:47:27","slug":"futurs-estudiants-uab-podran-comparar-notes-de-tall","status":"publish","type":"post","link":"https:\/\/resest.com\/ca\/blog\/futurs-estudiants-uab-podran-comparar-notes-de-tall\/","title":{"rendered":"Les notes de tall a Catalunya per aquest curs"},"content":{"rendered":"\n<p>Ja coneixes les <strong>notes de tall<\/strong> d&#8217;aquest curs per accedir a la universitat? Si vols ser un dels <strong>estudiants de la UAB<\/strong> o de qualsevol altre centre present a la capital catalana, t&#8217;indiquem quina puntuaci\u00f3 necessites per optar a la teva carrera preferida.<\/p>\n\n\n\n<h3 class=\"wp-block-heading\">Les carreres amb m\u00e9s nota de tall<\/h3>\n\n\n\n<p>Si tens pensat estudiar <strong>F\u00edsica i Matem\u00e0tiques<\/strong>, en el seu doble grau, <strong><a href=\"https:\/\/resest.com\/ca\/bloc-allotjament-per-a-estudiants-a-barcelona-bellaterra\/\">dins de la UAB<\/a><\/strong>, has de saber que, novament, mant\u00e9 la nota de tall m\u00e9s exigent, amb un 13,566. Per la seva banda, per accedir a la UB necessitar\u00e0s arribar a 13,546.<\/p>\n\n\n\n<p>En general, els graus en ci\u00e8ncies solen mostrar una alta compet\u00e8ncia. Aix\u00ed, si et decideixes per la UPC, la carrera de <strong>Matem\u00e0tiques<\/strong> t\u2019exigir\u00e0 una nota de 13,218. A la UB, el grau en Medicina puja la seva nota de tall pel que fa a l&#8217;any passat, demanant-te ara 13,146.<\/p>\n\n\n\n<p>Els <strong>Estudis Internacionals d&#8217;Economia i Empresa<\/strong> a la UPF \u00e9s una altra de les carreres que segueixen en el r\u00e0nquing de les m\u00e9s exigents. Necessita un 13,04 per ingressar, com a m\u00ednim, en aquesta universitat.<\/p>\n\n\n\n<p>Les <strong>enginyeries<\/strong> i les carreres relacionades amb la Medicina segueixen estant entre les m\u00e9s exigents, dins de les institucions catalanes. Perqu\u00e8 et facis una idea, la menor nota per a l&#8217;acc\u00e9s a la carrera de <strong>Medicina<\/strong> la trobes a la UVic-UCC, amb un 12,390.<\/p>\n\n\n\n<h3 class=\"wp-block-heading\">Altres opcions molt demandades<\/h3>\n\n\n\n<p>El grau de <strong>Psicologia<\/strong> ha produ\u00eft molta demanda pels estudiants durant aquest 2021. Si t&#8217;agrada aquesta especialitat, tens les opcions de la UVic-UCC, amb un 7,075, aix\u00ed com la UAB, amb un 9,974 o la UB, amb una nota de tall de 9,874.<\/p>\n\n\n\n<p><strong>Administraci\u00f3 i Direcci\u00f3 d&#8217;Empreses<\/strong> \u00e9s tamb\u00e9 molt atractiva. Podr\u00e0s accedir-hi amb un 10,376 a la UAB o amb un 5,000 al Centre Universitari EAE, pertanyent a la UPC.<\/p>\n\n\n\n<p>El grau <strong>d&#8217;Infermeria<\/strong> torna a ser una altra opci\u00f3 que causa expectaci\u00f3 entre els joves. A la UAB es requereix un 11,867, mentre que a la UB, a Sant Joan de D\u00e9u, 1 10,382.<\/p>\n\n\n\n<h3 class=\"wp-block-heading\">Carreras amb la nota de tall m\u00e9s baixa<\/h3>\n\n\n\n<p>Si les carreres que t&#8217;hem presentat abans no estan dins <strong><a href=\"https:\/\/resest.com\/ca\/blog\/selectivitat-2021-dates-rellevants-consells-tipus-examens\/\">de les teves opcions<\/a><\/strong>, segurament tinguis m\u00e9s sort per ingressar a la teva universitat predilecta. Aix\u00ed, en cas que et decantis per <strong>Filologia Catalana<\/strong>, a la UAB requerir\u00e0s la de nota m\u00ednima, un 5,000. Per la seva banda, la carrera <strong>d&#8217;Hist\u00f2ria<\/strong> en aquesta mateixa universitat exigeix \u200b\u200bun 5,656.<\/p>\n\n\n\n<p>El grau de <strong>Filosofia<\/strong> a la UB t\u00e9 una nota de tall de 5,598, mentre que a la UAB es requereix un 6,438. En canvi, a la UdG, amb un 5,000 podr\u00e0s accedir.<\/p>\n\n\n\n<p>Si vols ser un dels <strong>estudiants de la UAB<\/strong>, trobar\u00e0s un gran confort, per proximitat i facilitats, a la<a href=\"https:\/\/resest.com\/ca\/la-residencia-estudiants-sabadell-barcelona-bellaterra\/\"> <strong>resid\u00e8ncia d&#8217;estudiants l&#8217;Estaci\u00f3 de Sabadell<\/strong><\/a>. Compara la teva nota i et desitgem la millor sort per estudiar on vulguis.<\/p>\n","protected":false},"excerpt":{"rendered":"<p>Ja coneixes les notes de tall d&#8217;aquest curs per accedir a la universitat? Si vols ser un dels estudiants de la UAB o de qualsevol altre centre present a la capital catalana, t&#8217;indiquem quina puntuaci\u00f3 necessites per optar a la teva carrera preferida. Les carreres amb m\u00e9s nota de tall Si tens pensat estudiar F\u00edsica&hellip;<\/p>\n","protected":false},"author":1,"featured_media":9456,"comment_status":"open","ping_status":"open","sticky":false,"template":"","format":"standard","meta":{"footnotes":""},"categories":[6,50],"tags":[],"class_list":["post-9460","post","type-post","status-publish","format-standard","has-post-thumbnail","hentry","category-blog","category-vida-de-lestudiant","entry","has-media"],"yoast_head":"<!-- This site is optimized with the Yoast SEO plugin v26.4 - https:\/\/yoast.com\/wordpress\/plugins\/seo\/ -->\n<title>Els futurs estudiants de la UAB podran comparar les seves notes de tall<\/title>\n<meta name=\"description\" content=\"Si vols ser un dels estudiants de la UAB has de con\u00e8ixer les notes de tall de les carreres m\u00e9s demandades actualment.\" \/>\n<meta name=\"robots\" content=\"index, follow, max-snippet:-1, max-image-preview:large, max-video-preview:-1\" \/>\n<link rel=\"canonical\" href=\"https:\/\/resest.com\/ca\/blog\/futurs-estudiants-uab-podran-comparar-notes-de-tall\/\" \/>\n<meta property=\"og:locale\" content=\"ca_ES\" \/>\n<meta property=\"og:type\" content=\"article\" \/>\n<meta property=\"og:title\" content=\"Els futurs estudiants de la UAB podran comparar les seves notes de tall\" \/>\n<meta property=\"og:description\" content=\"Si vols ser un dels estudiants de la UAB has de con\u00e8ixer les notes de tall de les carreres m\u00e9s demandades actualment.\" \/>\n<meta property=\"og:url\" content=\"https:\/\/resest.com\/ca\/blog\/futurs-estudiants-uab-podran-comparar-notes-de-tall\/\" \/>\n<meta property=\"og:site_name\" content=\"Resid\u00e8ncia d&#039;Estudiants l&#039;Estaci\u00f3 de Sabadell | Resest\" \/>\n<meta property=\"article:published_time\" content=\"2021-08-12T14:42:00+00:00\" \/>\n<meta property=\"article:modified_time\" content=\"2021-09-01T14:47:27+00:00\" \/>\n<meta property=\"og:image\" content=\"https:\/\/resest.com\/wp-content\/uploads\/2021\/09\/estudiantes-uab.jpg\" \/>\n\t<meta property=\"og:image:width\" content=\"1200\" \/>\n\t<meta property=\"og:image:height\" content=\"800\" \/>\n\t<meta property=\"og:image:type\" content=\"image\/jpeg\" \/>\n<meta name=\"author\" content=\"Resest\" \/>\n<meta name=\"twitter:label1\" content=\"Written by\" \/>\n\t<meta name=\"twitter:data1\" content=\"Resest\" \/>\n\t<meta name=\"twitter:label2\" content=\"Est. reading time\" \/>\n\t<meta name=\"twitter:data2\" content=\"3 minutes\" \/>\n<script type=\"application\/ld+json\" class=\"yoast-schema-graph\">{\"@context\":\"https:\/\/schema.org\",\"@graph\":[{\"@type\":\"Article\",\"@id\":\"https:\/\/resest.com\/ca\/blog\/futurs-estudiants-uab-podran-comparar-notes-de-tall\/#article\",\"isPartOf\":{\"@id\":\"https:\/\/resest.com\/ca\/blog\/futurs-estudiants-uab-podran-comparar-notes-de-tall\/\"},\"author\":{\"name\":\"Resest\",\"@id\":\"https:\/\/resest.com\/ca\/#\/schema\/person\/d9965768ae08730dafc3a7c835fcc47c\"},\"headline\":\"Les notes de tall a Catalunya per aquest curs\",\"datePublished\":\"2021-08-12T14:42:00+00:00\",\"dateModified\":\"2021-09-01T14:47:27+00:00\",\"mainEntityOfPage\":{\"@id\":\"https:\/\/resest.com\/ca\/blog\/futurs-estudiants-uab-podran-comparar-notes-de-tall\/\"},\"wordCount\":494,\"commentCount\":0,\"publisher\":{\"@id\":\"https:\/\/resest.com\/ca\/#organization\"},\"image\":{\"@id\":\"https:\/\/resest.com\/ca\/blog\/futurs-estudiants-uab-podran-comparar-notes-de-tall\/#primaryimage\"},\"thumbnailUrl\":\"https:\/\/resest.com\/wp-content\/uploads\/2021\/09\/estudiantes-uab.jpg\",\"articleSection\":[\"Blog\",\"Consells per a estudiants universitaris\"],\"inLanguage\":\"ca-ES\",\"potentialAction\":[{\"@type\":\"CommentAction\",\"name\":\"Comment\",\"target\":[\"https:\/\/resest.com\/ca\/blog\/futurs-estudiants-uab-podran-comparar-notes-de-tall\/#respond\"]}]},{\"@type\":\"WebPage\",\"@id\":\"https:\/\/resest.com\/ca\/blog\/futurs-estudiants-uab-podran-comparar-notes-de-tall\/\",\"url\":\"https:\/\/resest.com\/ca\/blog\/futurs-estudiants-uab-podran-comparar-notes-de-tall\/\",\"name\":\"Els futurs estudiants de la UAB podran comparar les seves notes de tall\",\"isPartOf\":{\"@id\":\"https:\/\/resest.com\/ca\/#website\"},\"primaryImageOfPage\":{\"@id\":\"https:\/\/resest.com\/ca\/blog\/futurs-estudiants-uab-podran-comparar-notes-de-tall\/#primaryimage\"},\"image\":{\"@id\":\"https:\/\/resest.com\/ca\/blog\/futurs-estudiants-uab-podran-comparar-notes-de-tall\/#primaryimage\"},\"thumbnailUrl\":\"https:\/\/resest.com\/wp-content\/uploads\/2021\/09\/estudiantes-uab.jpg\",\"datePublished\":\"2021-08-12T14:42:00+00:00\",\"dateModified\":\"2021-09-01T14:47:27+00:00\",\"description\":\"Si vols ser un dels estudiants de la UAB has de con\u00e8ixer les notes de tall de les carreres m\u00e9s demandades actualment.\",\"breadcrumb\":{\"@id\":\"https:\/\/resest.com\/ca\/blog\/futurs-estudiants-uab-podran-comparar-notes-de-tall\/#breadcrumb\"},\"inLanguage\":\"ca-ES\",\"potentialAction\":[{\"@type\":\"ReadAction\",\"target\":[\"https:\/\/resest.com\/ca\/blog\/futurs-estudiants-uab-podran-comparar-notes-de-tall\/\"]}]},{\"@type\":\"ImageObject\",\"inLanguage\":\"ca-ES\",\"@id\":\"https:\/\/resest.com\/ca\/blog\/futurs-estudiants-uab-podran-comparar-notes-de-tall\/#primaryimage\",\"url\":\"https:\/\/resest.com\/wp-content\/uploads\/2021\/09\/estudiantes-uab.jpg\",\"contentUrl\":\"https:\/\/resest.com\/wp-content\/uploads\/2021\/09\/estudiantes-uab.jpg\",\"width\":1200,\"height\":800,\"caption\":\"estudiants-uab\"},{\"@type\":\"BreadcrumbList\",\"@id\":\"https:\/\/resest.com\/ca\/blog\/futurs-estudiants-uab-podran-comparar-notes-de-tall\/#breadcrumb\",\"itemListElement\":[{\"@type\":\"ListItem\",\"position\":1,\"name\":\"Inici\",\"item\":\"https:\/\/resest.com\/ca\/\"},{\"@type\":\"ListItem\",\"position\":2,\"name\":\"Les notes de tall a Catalunya per aquest curs\"}]},{\"@type\":\"WebSite\",\"@id\":\"https:\/\/resest.com\/ca\/#website\",\"url\":\"https:\/\/resest.com\/ca\/\",\"name\":\"Resid\u00e8ncia d&#039;Estudiants l&#039;Estaci\u00f3 de Sabadell | Resest\",\"description\":\"Prop de l\u2019Universitat Aut\u00f2noma de Barcelona (UAB)\",\"publisher\":{\"@id\":\"https:\/\/resest.com\/ca\/#organization\"},\"potentialAction\":[{\"@type\":\"SearchAction\",\"target\":{\"@type\":\"EntryPoint\",\"urlTemplate\":\"https:\/\/resest.com\/ca\/?s={search_term_string}\"},\"query-input\":{\"@type\":\"PropertyValueSpecification\",\"valueRequired\":true,\"valueName\":\"search_term_string\"}}],\"inLanguage\":\"ca-ES\"},{\"@type\":\"Organization\",\"@id\":\"https:\/\/resest.com\/ca\/#organization\",\"name\":\"Resid\u00e8ncia d&#039;Estudiants l&#039;Estaci\u00f3 de Sabadell | Resest\",\"url\":\"https:\/\/resest.com\/ca\/\",\"logo\":{\"@type\":\"ImageObject\",\"inLanguage\":\"ca-ES\",\"@id\":\"https:\/\/resest.com\/ca\/#\/schema\/logo\/image\/\",\"url\":\"https:\/\/resest.com\/wp-content\/uploads\/2024\/03\/Facana-1.jpg\",\"contentUrl\":\"https:\/\/resest.com\/wp-content\/uploads\/2024\/03\/Facana-1.jpg\",\"width\":1200,\"height\":1009,\"caption\":\"Resid\u00e8ncia d&#039;Estudiants l&#039;Estaci\u00f3 de Sabadell | Resest\"},\"image\":{\"@id\":\"https:\/\/resest.com\/ca\/#\/schema\/logo\/image\/\"}},{\"@type\":\"Person\",\"@id\":\"https:\/\/resest.com\/ca\/#\/schema\/person\/d9965768ae08730dafc3a7c835fcc47c\",\"name\":\"Resest\",\"image\":{\"@type\":\"ImageObject\",\"inLanguage\":\"ca-ES\",\"@id\":\"https:\/\/resest.com\/ca\/#\/schema\/person\/image\/\",\"url\":\"https:\/\/secure.gravatar.com\/avatar\/0c7509c85c836ff68bc43efa415976254ed1463e7bbc3edf38a658092e29e5b4?s=96&d=mm&r=g\",\"contentUrl\":\"https:\/\/secure.gravatar.com\/avatar\/0c7509c85c836ff68bc43efa415976254ed1463e7bbc3edf38a658092e29e5b4?s=96&d=mm&r=g\",\"caption\":\"Resest\"},\"url\":\"https:\/\/resest.com\/ca\/author\/jordi\/\"}]}<\/script>\n<!-- \/ Yoast SEO plugin. -->","yoast_head_json":{"title":"Els futurs estudiants de la UAB podran comparar les seves notes de tall","description":"Si vols ser un dels estudiants de la UAB has de con\u00e8ixer les notes de tall de les carreres m\u00e9s demandades actualment.","robots":{"index":"index","follow":"follow","max-snippet":"max-snippet:-1","max-image-preview":"max-image-preview:large","max-video-preview":"max-video-preview:-1"},"canonical":"https:\/\/resest.com\/ca\/blog\/futurs-estudiants-uab-podran-comparar-notes-de-tall\/","og_locale":"ca_ES","og_type":"article","og_title":"Els futurs estudiants de la UAB podran comparar les seves notes de tall","og_description":"Si vols ser un dels estudiants de la UAB has de con\u00e8ixer les notes de tall de les carreres m\u00e9s demandades actualment.","og_url":"https:\/\/resest.com\/ca\/blog\/futurs-estudiants-uab-podran-comparar-notes-de-tall\/","og_site_name":"Resid\u00e8ncia d&#039;Estudiants l&#039;Estaci\u00f3 de Sabadell | Resest","article_published_time":"2021-08-12T14:42:00+00:00","article_modified_time":"2021-09-01T14:47:27+00:00","og_image":[{"width":1200,"height":800,"url":"https:\/\/resest.com\/wp-content\/uploads\/2021\/09\/estudiantes-uab.jpg","type":"image\/jpeg"}],"author":"Resest","twitter_misc":{"Written by":"Resest","Est. reading time":"3 minutes"},"schema":{"@context":"https:\/\/schema.org","@graph":[{"@type":"Article","@id":"https:\/\/resest.com\/ca\/blog\/futurs-estudiants-uab-podran-comparar-notes-de-tall\/#article","isPartOf":{"@id":"https:\/\/resest.com\/ca\/blog\/futurs-estudiants-uab-podran-comparar-notes-de-tall\/"},"author":{"name":"Resest","@id":"https:\/\/resest.com\/ca\/#\/schema\/person\/d9965768ae08730dafc3a7c835fcc47c"},"headline":"Les notes de tall a Catalunya per aquest curs","datePublished":"2021-08-12T14:42:00+00:00","dateModified":"2021-09-01T14:47:27+00:00","mainEntityOfPage":{"@id":"https:\/\/resest.com\/ca\/blog\/futurs-estudiants-uab-podran-comparar-notes-de-tall\/"},"wordCount":494,"commentCount":0,"publisher":{"@id":"https:\/\/resest.com\/ca\/#organization"},"image":{"@id":"https:\/\/resest.com\/ca\/blog\/futurs-estudiants-uab-podran-comparar-notes-de-tall\/#primaryimage"},"thumbnailUrl":"https:\/\/resest.com\/wp-content\/uploads\/2021\/09\/estudiantes-uab.jpg","articleSection":["Blog","Consells per a estudiants universitaris"],"inLanguage":"ca-ES","potentialAction":[{"@type":"CommentAction","name":"Comment","target":["https:\/\/resest.com\/ca\/blog\/futurs-estudiants-uab-podran-comparar-notes-de-tall\/#respond"]}]},{"@type":"WebPage","@id":"https:\/\/resest.com\/ca\/blog\/futurs-estudiants-uab-podran-comparar-notes-de-tall\/","url":"https:\/\/resest.com\/ca\/blog\/futurs-estudiants-uab-podran-comparar-notes-de-tall\/","name":"Els futurs estudiants de la UAB podran comparar les seves notes de tall","isPartOf":{"@id":"https:\/\/resest.com\/ca\/#website"},"primaryImageOfPage":{"@id":"https:\/\/resest.com\/ca\/blog\/futurs-estudiants-uab-podran-comparar-notes-de-tall\/#primaryimage"},"image":{"@id":"https:\/\/resest.com\/ca\/blog\/futurs-estudiants-uab-podran-comparar-notes-de-tall\/#primaryimage"},"thumbnailUrl":"https:\/\/resest.com\/wp-content\/uploads\/2021\/09\/estudiantes-uab.jpg","datePublished":"2021-08-12T14:42:00+00:00","dateModified":"2021-09-01T14:47:27+00:00","description":"Si vols ser un dels estudiants de la UAB has de con\u00e8ixer les notes de tall de les carreres m\u00e9s demandades actualment.","breadcrumb":{"@id":"https:\/\/resest.com\/ca\/blog\/futurs-estudiants-uab-podran-comparar-notes-de-tall\/#breadcrumb"},"inLanguage":"ca-ES","potentialAction":[{"@type":"ReadAction","target":["https:\/\/resest.com\/ca\/blog\/futurs-estudiants-uab-podran-comparar-notes-de-tall\/"]}]},{"@type":"ImageObject","inLanguage":"ca-ES","@id":"https:\/\/resest.com\/ca\/blog\/futurs-estudiants-uab-podran-comparar-notes-de-tall\/#primaryimage","url":"https:\/\/resest.com\/wp-content\/uploads\/2021\/09\/estudiantes-uab.jpg","contentUrl":"https:\/\/resest.com\/wp-content\/uploads\/2021\/09\/estudiantes-uab.jpg","width":1200,"height":800,"caption":"estudiants-uab"},{"@type":"BreadcrumbList","@id":"https:\/\/resest.com\/ca\/blog\/futurs-estudiants-uab-podran-comparar-notes-de-tall\/#breadcrumb","itemListElement":[{"@type":"ListItem","position":1,"name":"Inici","item":"https:\/\/resest.com\/ca\/"},{"@type":"ListItem","position":2,"name":"Les notes de tall a Catalunya per aquest curs"}]},{"@type":"WebSite","@id":"https:\/\/resest.com\/ca\/#website","url":"https:\/\/resest.com\/ca\/","name":"Resid\u00e8ncia d&#039;Estudiants l&#039;Estaci\u00f3 de Sabadell | Resest","description":"Prop de l\u2019Universitat Aut\u00f2noma de Barcelona (UAB)","publisher":{"@id":"https:\/\/resest.com\/ca\/#organization"},"potentialAction":[{"@type":"SearchAction","target":{"@type":"EntryPoint","urlTemplate":"https:\/\/resest.com\/ca\/?s={search_term_string}"},"query-input":{"@type":"PropertyValueSpecification","valueRequired":true,"valueName":"search_term_string"}}],"inLanguage":"ca-ES"},{"@type":"Organization","@id":"https:\/\/resest.com\/ca\/#organization","name":"Resid\u00e8ncia d&#039;Estudiants l&#039;Estaci\u00f3 de Sabadell | Resest","url":"https:\/\/resest.com\/ca\/","logo":{"@type":"ImageObject","inLanguage":"ca-ES","@id":"https:\/\/resest.com\/ca\/#\/schema\/logo\/image\/","url":"https:\/\/resest.com\/wp-content\/uploads\/2024\/03\/Facana-1.jpg","contentUrl":"https:\/\/resest.com\/wp-content\/uploads\/2024\/03\/Facana-1.jpg","width":1200,"height":1009,"caption":"Resid\u00e8ncia d&#039;Estudiants l&#039;Estaci\u00f3 de Sabadell | Resest"},"image":{"@id":"https:\/\/resest.com\/ca\/#\/schema\/logo\/image\/"}},{"@type":"Person","@id":"https:\/\/resest.com\/ca\/#\/schema\/person\/d9965768ae08730dafc3a7c835fcc47c","name":"Resest","image":{"@type":"ImageObject","inLanguage":"ca-ES","@id":"https:\/\/resest.com\/ca\/#\/schema\/person\/image\/","url":"https:\/\/secure.gravatar.com\/avatar\/0c7509c85c836ff68bc43efa415976254ed1463e7bbc3edf38a658092e29e5b4?s=96&d=mm&r=g","contentUrl":"https:\/\/secure.gravatar.com\/avatar\/0c7509c85c836ff68bc43efa415976254ed1463e7bbc3edf38a658092e29e5b4?s=96&d=mm&r=g","caption":"Resest"},"url":"https:\/\/resest.com\/ca\/author\/jordi\/"}]}},"_links":{"self":[{"href":"https:\/\/resest.com\/ca\/wp-json\/wp\/v2\/posts\/9460","targetHints":{"allow":["GET"]}}],"collection":[{"href":"https:\/\/resest.com\/ca\/wp-json\/wp\/v2\/posts"}],"about":[{"href":"https:\/\/resest.com\/ca\/wp-json\/wp\/v2\/types\/post"}],"author":[{"embeddable":true,"href":"https:\/\/resest.com\/ca\/wp-json\/wp\/v2\/users\/1"}],"replies":[{"embeddable":true,"href":"https:\/\/resest.com\/ca\/wp-json\/wp\/v2\/comments?post=9460"}],"version-history":[{"count":0,"href":"https:\/\/resest.com\/ca\/wp-json\/wp\/v2\/posts\/9460\/revisions"}],"wp:featuredmedia":[{"embeddable":true,"href":"https:\/\/resest.com\/ca\/wp-json\/wp\/v2\/media\/9456"}],"wp:attachment":[{"href":"https:\/\/resest.com\/ca\/wp-json\/wp\/v2\/media?parent=9460"}],"wp:term":[{"taxonomy":"category","embeddable":true,"href":"https:\/\/resest.com\/ca\/wp-json\/wp\/v2\/categories?post=9460"},{"taxonomy":"post_tag","embeddable":true,"href":"https:\/\/resest.com\/ca\/wp-json\/wp\/v2\/tags?post=9460"}],"curies":[{"name":"wp","href":"https:\/\/api.w.org\/{rel}","templated":true}]}}