{"id":9437,"date":"2021-07-13T10:41:45","date_gmt":"2021-07-13T09:41:45","guid":{"rendered":"https:\/\/resest.com\/?p=9437"},"modified":"2021-07-13T10:41:48","modified_gmt":"2021-07-13T09:41:48","slug":"residencia-sabadell-pocs-minuts-circuit-catalunya","status":"publish","type":"post","link":"https:\/\/resest.com\/ca\/blog\/residencia-sabadell-pocs-minuts-circuit-catalunya\/","title":{"rendered":"Montmel\u00f3, Circuit de Catalunya a 20 minuts de Sabadell"},"content":{"rendered":"\n<p>Sabies que el <strong>Circuit de Catalunya<\/strong> queda a nom\u00e9s a 20 minuts de la <strong><a href=\"https:\/\/resest.com\/ca\/ubicacio-residencia-estudiantil-a-sabadell-barcelona\/\">resid\u00e8ncia de Sabadell<\/a><\/strong>? S\u00ed, aix\u00ed com ho llegeixes: <strong>Montmel\u00f3<\/strong> t\u00e9 una comunicaci\u00f3 excel\u00b7lent amb la capital del Vall\u00e8s Occidental.<\/p>\n\n\n\n<p>Si t&#8217;agrada el m\u00f3n de les motos i de l&#8217;automobilisme has de saber que pots allotjar-te en un <strong><a href=\"https:\/\/resest.com\/ca\/la-residencia-estudiants-sabadell-barcelona-bellaterra\/\">lloc privilegiat<\/a><\/strong>, amb tots els serveis a l\u2019abast, la tranquil\u00b7litat d&#8217;una ciutat petita i a una dist\u00e0ncia m\u00e9s que raonable del teu circuit preferit.<\/p>\n\n\n\n<h3 class=\"wp-block-heading\">Resid\u00e8ncia a Sabadell, per a estudiants amb ganes de tenir de tot a prop<\/h3>\n\n\n\n<p>Si est\u00e0s a punt de comen\u00e7ar la universitat, trobar <strong>un bon allotjament<\/strong> \u00e9s gaireb\u00e9 tan important com decidir el campus en el qual passar\u00e0s els seg\u00fcents anys.<\/p>\n\n\n\n<p>Un bon ambient, <strong><a href=\"https:\/\/resest.com\/ca\/tour-virtual-360-residencia-per-estudiants\/\">instal\u00b7lacions c\u00f2modes<\/a><\/strong>, serveis que et facilitin la vida i no haver de fer grans despla\u00e7aments, s\u00f3n punts importants a tenir en compte, no creus?<\/p>\n\n\n\n<p>Sabadell \u00e9s una ciutat petita i tranquil\u00b7la a la qual, per\u00f2, podr\u00e0s trobar tot all\u00f2 que necessitis. La capital del Vall\u00e8s occidental compta amb nombroses opcions culturals, d&#8217;oci nocturn i \u00e0mplies possibilitats per practicar esport.<\/p>\n\n\n\n<h3 class=\"wp-block-heading\">Montmel\u00f3 a pocs minuts de la teva resid\u00e8ncia a Sabadell<\/h3>\n\n\n\n<p>Per\u00f2 a m\u00e9s ets un apassionat del m\u00f3n del motor? Doncs tenim les millors not\u00edcies per a tu. La nostra <strong>resid\u00e8ncia d&#8217;estudiants a Sabadell<\/strong> es troba a nom\u00e9s vint minuts del Circuit de Catalunya. Podr\u00e0s gaudir de tots els seus esdeveniments sense <strong>la mol\u00e8stia del soroll dels motors passant a altes revolucions<\/strong>.<\/p>\n\n\n\n<p>Sense haver de fer grans despla\u00e7aments podr\u00e0s assistir als diferents premis i entrenaments de Moto GP, World RX, F\u00f3rmula 1, etc &#8230;<\/p>\n\n\n\n<p>I no nom\u00e9s aix\u00f2, t&#8217;agrada fer els teus primers passos? Al Circuit de Catalunya tindr\u00e0s l&#8217;oportunitat de viure experi\u00e8ncies o llogar pistes per practicar el teu esport preferit i participar de les m\u00faltiples opcions que ofereix aquest escenari esportiu. Se t&#8217;ocorre una opci\u00f3 millor per als caps de setmana? \u00c9s possible, per\u00f2 <strong>segur que et resulta molt temptadora<\/strong>.<\/p>\n\n\n\n<h3 class=\"wp-block-heading\">Resid\u00e8ncia a Sabadell per a estudiants universitaris<\/h3>\n\n\n\n<p>Si ja has triat la teva universitat has de saber que a la nostra resid\u00e8ncia a Sabadell estem a nom\u00e9s <strong>sis minuts en tren de Bellaterra<\/strong> (Universitat Aut\u00f2noma de Barcelona) i amb una comunicaci\u00f3 excel\u00b7lent amb la resta de les universitats de Barcelona i la Gimbernat.<\/p>\n\n\n\n<p>Aqu\u00ed trobar\u00e0s un ambient excel\u00b7lent i diferents dinamitzacions perqu\u00e8 puguis con\u00e8ixer i relacionar-te amb la resta dels estudiants a l&#8217;acabar les classes i durant els caps de setmana.<\/p>\n\n\n\n<p>Si ets dels que ho vol tot, som la teva opci\u00f3: proximitat a la universitat, ambient familiar, instal\u00b7lacions modernes <strong>i amb el circuit de Montmel\u00f3<\/strong> ben aprop.<\/p>\n\n\n\n<p><strong><a href=\"https:\/\/resest.com\/ca\/contactar-allotjament-estudiantil-bellaterra-barcelona\/\">Vine a veure&#8217;ns o pregunta&#8217;ns<\/a><\/strong>, estem segurs que la nostra <strong>resid\u00e8ncia a Sabadell<\/strong> t&#8217;encantar\u00e0. Deixa de donar-li voltes i arrenca els teus motors, encara queda una pla\u00e7a per a tu amb nosaltres.<\/p>\n","protected":false},"excerpt":{"rendered":"<p>Sabies que el Circuit de Catalunya queda a nom\u00e9s a 20 minuts de la resid\u00e8ncia de Sabadell? S\u00ed, aix\u00ed com ho llegeixes: Montmel\u00f3 t\u00e9 una comunicaci\u00f3 excel\u00b7lent amb la capital del Vall\u00e8s Occidental. Si t&#8217;agrada el m\u00f3n de les motos i de l&#8217;automobilisme has de saber que pots allotjar-te en un lloc privilegiat, amb tots&hellip;<\/p>\n","protected":false},"author":1,"featured_media":9433,"comment_status":"open","ping_status":"open","sticky":false,"template":"","format":"standard","meta":{"footnotes":""},"categories":[6,51],"tags":[],"class_list":["post-9437","post","type-post","status-publish","format-standard","has-post-thumbnail","hentry","category-blog","category-activitats-i-oci","entry","has-media"],"yoast_head":"<!-- This site is optimized with the Yoast SEO plugin v26.4 - https:\/\/yoast.com\/wordpress\/plugins\/seo\/ -->\n<title>Resid\u00e8ncia de Sabadell a molt pocs minuts del Circuit de Catalunya<\/title>\n<meta name=\"description\" content=\"Resid\u00e8ncia de Sabadell a pocs minuts del Circuit de Catalunya. Allotja&#039;t en un entorn privilegiat i gaudeix del m\u00f3n del motor.\" \/>\n<meta name=\"robots\" content=\"index, follow, max-snippet:-1, max-image-preview:large, max-video-preview:-1\" \/>\n<link rel=\"canonical\" href=\"https:\/\/resest.com\/ca\/blog\/residencia-sabadell-pocs-minuts-circuit-catalunya\/\" \/>\n<meta property=\"og:locale\" content=\"ca_ES\" \/>\n<meta property=\"og:type\" content=\"article\" \/>\n<meta property=\"og:title\" content=\"Resid\u00e8ncia de Sabadell a molt pocs minuts del Circuit de Catalunya\" \/>\n<meta property=\"og:description\" content=\"Resid\u00e8ncia de Sabadell a pocs minuts del Circuit de Catalunya. Allotja&#039;t en un entorn privilegiat i gaudeix del m\u00f3n del motor.\" \/>\n<meta property=\"og:url\" content=\"https:\/\/resest.com\/ca\/blog\/residencia-sabadell-pocs-minuts-circuit-catalunya\/\" \/>\n<meta property=\"og:site_name\" content=\"Resid\u00e8ncia d&#039;Estudiants l&#039;Estaci\u00f3 de Sabadell | Resest\" \/>\n<meta property=\"article:published_time\" content=\"2021-07-13T09:41:45+00:00\" \/>\n<meta property=\"article:modified_time\" content=\"2021-07-13T09:41:48+00:00\" \/>\n<meta property=\"og:image\" content=\"https:\/\/resest.com\/wp-content\/uploads\/2021\/07\/montmelo-circuito-catalunya-cerca-sabadell.jpg\" \/>\n\t<meta property=\"og:image:width\" content=\"1024\" \/>\n\t<meta property=\"og:image:height\" content=\"615\" \/>\n\t<meta property=\"og:image:type\" content=\"image\/jpeg\" \/>\n<meta name=\"author\" content=\"Resest\" \/>\n<meta name=\"twitter:label1\" content=\"Written by\" \/>\n\t<meta name=\"twitter:data1\" content=\"Resest\" \/>\n\t<meta name=\"twitter:label2\" content=\"Est. reading time\" \/>\n\t<meta name=\"twitter:data2\" content=\"3 minutes\" \/>\n<script type=\"application\/ld+json\" class=\"yoast-schema-graph\">{\"@context\":\"https:\/\/schema.org\",\"@graph\":[{\"@type\":\"Article\",\"@id\":\"https:\/\/resest.com\/ca\/blog\/residencia-sabadell-pocs-minuts-circuit-catalunya\/#article\",\"isPartOf\":{\"@id\":\"https:\/\/resest.com\/ca\/blog\/residencia-sabadell-pocs-minuts-circuit-catalunya\/\"},\"author\":{\"name\":\"Resest\",\"@id\":\"https:\/\/resest.com\/ca\/#\/schema\/person\/d9965768ae08730dafc3a7c835fcc47c\"},\"headline\":\"Montmel\u00f3, Circuit de Catalunya a 20 minuts de Sabadell\",\"datePublished\":\"2021-07-13T09:41:45+00:00\",\"dateModified\":\"2021-07-13T09:41:48+00:00\",\"mainEntityOfPage\":{\"@id\":\"https:\/\/resest.com\/ca\/blog\/residencia-sabadell-pocs-minuts-circuit-catalunya\/\"},\"wordCount\":524,\"commentCount\":0,\"publisher\":{\"@id\":\"https:\/\/resest.com\/ca\/#organization\"},\"image\":{\"@id\":\"https:\/\/resest.com\/ca\/blog\/residencia-sabadell-pocs-minuts-circuit-catalunya\/#primaryimage\"},\"thumbnailUrl\":\"https:\/\/resest.com\/wp-content\/uploads\/2021\/07\/montmelo-circuito-catalunya-cerca-sabadell.jpg\",\"articleSection\":[\"Blog\",\"Qu\u00e8 fer a Sabadell i Barcelona\"],\"inLanguage\":\"ca-ES\",\"potentialAction\":[{\"@type\":\"CommentAction\",\"name\":\"Comment\",\"target\":[\"https:\/\/resest.com\/ca\/blog\/residencia-sabadell-pocs-minuts-circuit-catalunya\/#respond\"]}]},{\"@type\":\"WebPage\",\"@id\":\"https:\/\/resest.com\/ca\/blog\/residencia-sabadell-pocs-minuts-circuit-catalunya\/\",\"url\":\"https:\/\/resest.com\/ca\/blog\/residencia-sabadell-pocs-minuts-circuit-catalunya\/\",\"name\":\"Resid\u00e8ncia de Sabadell a molt pocs minuts del Circuit de Catalunya\",\"isPartOf\":{\"@id\":\"https:\/\/resest.com\/ca\/#website\"},\"primaryImageOfPage\":{\"@id\":\"https:\/\/resest.com\/ca\/blog\/residencia-sabadell-pocs-minuts-circuit-catalunya\/#primaryimage\"},\"image\":{\"@id\":\"https:\/\/resest.com\/ca\/blog\/residencia-sabadell-pocs-minuts-circuit-catalunya\/#primaryimage\"},\"thumbnailUrl\":\"https:\/\/resest.com\/wp-content\/uploads\/2021\/07\/montmelo-circuito-catalunya-cerca-sabadell.jpg\",\"datePublished\":\"2021-07-13T09:41:45+00:00\",\"dateModified\":\"2021-07-13T09:41:48+00:00\",\"description\":\"Resid\u00e8ncia de Sabadell a pocs minuts del Circuit de Catalunya. Allotja't en un entorn privilegiat i gaudeix del m\u00f3n del motor.\",\"breadcrumb\":{\"@id\":\"https:\/\/resest.com\/ca\/blog\/residencia-sabadell-pocs-minuts-circuit-catalunya\/#breadcrumb\"},\"inLanguage\":\"ca-ES\",\"potentialAction\":[{\"@type\":\"ReadAction\",\"target\":[\"https:\/\/resest.com\/ca\/blog\/residencia-sabadell-pocs-minuts-circuit-catalunya\/\"]}]},{\"@type\":\"ImageObject\",\"inLanguage\":\"ca-ES\",\"@id\":\"https:\/\/resest.com\/ca\/blog\/residencia-sabadell-pocs-minuts-circuit-catalunya\/#primaryimage\",\"url\":\"https:\/\/resest.com\/wp-content\/uploads\/2021\/07\/montmelo-circuito-catalunya-cerca-sabadell.jpg\",\"contentUrl\":\"https:\/\/resest.com\/wp-content\/uploads\/2021\/07\/montmelo-circuito-catalunya-cerca-sabadell.jpg\",\"width\":1024,\"height\":615,\"caption\":\"residencia-sabadell-prop-circuit-montmelo\"},{\"@type\":\"BreadcrumbList\",\"@id\":\"https:\/\/resest.com\/ca\/blog\/residencia-sabadell-pocs-minuts-circuit-catalunya\/#breadcrumb\",\"itemListElement\":[{\"@type\":\"ListItem\",\"position\":1,\"name\":\"Inici\",\"item\":\"https:\/\/resest.com\/ca\/\"},{\"@type\":\"ListItem\",\"position\":2,\"name\":\"Montmel\u00f3, Circuit de Catalunya a 20 minuts de Sabadell\"}]},{\"@type\":\"WebSite\",\"@id\":\"https:\/\/resest.com\/ca\/#website\",\"url\":\"https:\/\/resest.com\/ca\/\",\"name\":\"Resid\u00e8ncia d&#039;Estudiants l&#039;Estaci\u00f3 de Sabadell | Resest\",\"description\":\"Prop de l\u2019Universitat Aut\u00f2noma de Barcelona (UAB)\",\"publisher\":{\"@id\":\"https:\/\/resest.com\/ca\/#organization\"},\"potentialAction\":[{\"@type\":\"SearchAction\",\"target\":{\"@type\":\"EntryPoint\",\"urlTemplate\":\"https:\/\/resest.com\/ca\/?s={search_term_string}\"},\"query-input\":{\"@type\":\"PropertyValueSpecification\",\"valueRequired\":true,\"valueName\":\"search_term_string\"}}],\"inLanguage\":\"ca-ES\"},{\"@type\":\"Organization\",\"@id\":\"https:\/\/resest.com\/ca\/#organization\",\"name\":\"Resid\u00e8ncia d&#039;Estudiants l&#039;Estaci\u00f3 de Sabadell | Resest\",\"url\":\"https:\/\/resest.com\/ca\/\",\"logo\":{\"@type\":\"ImageObject\",\"inLanguage\":\"ca-ES\",\"@id\":\"https:\/\/resest.com\/ca\/#\/schema\/logo\/image\/\",\"url\":\"https:\/\/resest.com\/wp-content\/uploads\/2024\/03\/Facana-1.jpg\",\"contentUrl\":\"https:\/\/resest.com\/wp-content\/uploads\/2024\/03\/Facana-1.jpg\",\"width\":1200,\"height\":1009,\"caption\":\"Resid\u00e8ncia d&#039;Estudiants l&#039;Estaci\u00f3 de Sabadell | Resest\"},\"image\":{\"@id\":\"https:\/\/resest.com\/ca\/#\/schema\/logo\/image\/\"}},{\"@type\":\"Person\",\"@id\":\"https:\/\/resest.com\/ca\/#\/schema\/person\/d9965768ae08730dafc3a7c835fcc47c\",\"name\":\"Resest\",\"image\":{\"@type\":\"ImageObject\",\"inLanguage\":\"ca-ES\",\"@id\":\"https:\/\/resest.com\/ca\/#\/schema\/person\/image\/\",\"url\":\"https:\/\/secure.gravatar.com\/avatar\/0c7509c85c836ff68bc43efa415976254ed1463e7bbc3edf38a658092e29e5b4?s=96&d=mm&r=g\",\"contentUrl\":\"https:\/\/secure.gravatar.com\/avatar\/0c7509c85c836ff68bc43efa415976254ed1463e7bbc3edf38a658092e29e5b4?s=96&d=mm&r=g\",\"caption\":\"Resest\"},\"url\":\"https:\/\/resest.com\/ca\/author\/jordi\/\"}]}<\/script>\n<!-- \/ Yoast SEO plugin. -->","yoast_head_json":{"title":"Resid\u00e8ncia de Sabadell a molt pocs minuts del Circuit de Catalunya","description":"Resid\u00e8ncia de Sabadell a pocs minuts del Circuit de Catalunya. Allotja't en un entorn privilegiat i gaudeix del m\u00f3n del motor.","robots":{"index":"index","follow":"follow","max-snippet":"max-snippet:-1","max-image-preview":"max-image-preview:large","max-video-preview":"max-video-preview:-1"},"canonical":"https:\/\/resest.com\/ca\/blog\/residencia-sabadell-pocs-minuts-circuit-catalunya\/","og_locale":"ca_ES","og_type":"article","og_title":"Resid\u00e8ncia de Sabadell a molt pocs minuts del Circuit de Catalunya","og_description":"Resid\u00e8ncia de Sabadell a pocs minuts del Circuit de Catalunya. Allotja't en un entorn privilegiat i gaudeix del m\u00f3n del motor.","og_url":"https:\/\/resest.com\/ca\/blog\/residencia-sabadell-pocs-minuts-circuit-catalunya\/","og_site_name":"Resid\u00e8ncia d&#039;Estudiants l&#039;Estaci\u00f3 de Sabadell | Resest","article_published_time":"2021-07-13T09:41:45+00:00","article_modified_time":"2021-07-13T09:41:48+00:00","og_image":[{"width":1024,"height":615,"url":"https:\/\/resest.com\/wp-content\/uploads\/2021\/07\/montmelo-circuito-catalunya-cerca-sabadell.jpg","type":"image\/jpeg"}],"author":"Resest","twitter_misc":{"Written by":"Resest","Est. reading time":"3 minutes"},"schema":{"@context":"https:\/\/schema.org","@graph":[{"@type":"Article","@id":"https:\/\/resest.com\/ca\/blog\/residencia-sabadell-pocs-minuts-circuit-catalunya\/#article","isPartOf":{"@id":"https:\/\/resest.com\/ca\/blog\/residencia-sabadell-pocs-minuts-circuit-catalunya\/"},"author":{"name":"Resest","@id":"https:\/\/resest.com\/ca\/#\/schema\/person\/d9965768ae08730dafc3a7c835fcc47c"},"headline":"Montmel\u00f3, Circuit de Catalunya a 20 minuts de Sabadell","datePublished":"2021-07-13T09:41:45+00:00","dateModified":"2021-07-13T09:41:48+00:00","mainEntityOfPage":{"@id":"https:\/\/resest.com\/ca\/blog\/residencia-sabadell-pocs-minuts-circuit-catalunya\/"},"wordCount":524,"commentCount":0,"publisher":{"@id":"https:\/\/resest.com\/ca\/#organization"},"image":{"@id":"https:\/\/resest.com\/ca\/blog\/residencia-sabadell-pocs-minuts-circuit-catalunya\/#primaryimage"},"thumbnailUrl":"https:\/\/resest.com\/wp-content\/uploads\/2021\/07\/montmelo-circuito-catalunya-cerca-sabadell.jpg","articleSection":["Blog","Qu\u00e8 fer a Sabadell i Barcelona"],"inLanguage":"ca-ES","potentialAction":[{"@type":"CommentAction","name":"Comment","target":["https:\/\/resest.com\/ca\/blog\/residencia-sabadell-pocs-minuts-circuit-catalunya\/#respond"]}]},{"@type":"WebPage","@id":"https:\/\/resest.com\/ca\/blog\/residencia-sabadell-pocs-minuts-circuit-catalunya\/","url":"https:\/\/resest.com\/ca\/blog\/residencia-sabadell-pocs-minuts-circuit-catalunya\/","name":"Resid\u00e8ncia de Sabadell a molt pocs minuts del Circuit de Catalunya","isPartOf":{"@id":"https:\/\/resest.com\/ca\/#website"},"primaryImageOfPage":{"@id":"https:\/\/resest.com\/ca\/blog\/residencia-sabadell-pocs-minuts-circuit-catalunya\/#primaryimage"},"image":{"@id":"https:\/\/resest.com\/ca\/blog\/residencia-sabadell-pocs-minuts-circuit-catalunya\/#primaryimage"},"thumbnailUrl":"https:\/\/resest.com\/wp-content\/uploads\/2021\/07\/montmelo-circuito-catalunya-cerca-sabadell.jpg","datePublished":"2021-07-13T09:41:45+00:00","dateModified":"2021-07-13T09:41:48+00:00","description":"Resid\u00e8ncia de Sabadell a pocs minuts del Circuit de Catalunya. Allotja't en un entorn privilegiat i gaudeix del m\u00f3n del motor.","breadcrumb":{"@id":"https:\/\/resest.com\/ca\/blog\/residencia-sabadell-pocs-minuts-circuit-catalunya\/#breadcrumb"},"inLanguage":"ca-ES","potentialAction":[{"@type":"ReadAction","target":["https:\/\/resest.com\/ca\/blog\/residencia-sabadell-pocs-minuts-circuit-catalunya\/"]}]},{"@type":"ImageObject","inLanguage":"ca-ES","@id":"https:\/\/resest.com\/ca\/blog\/residencia-sabadell-pocs-minuts-circuit-catalunya\/#primaryimage","url":"https:\/\/resest.com\/wp-content\/uploads\/2021\/07\/montmelo-circuito-catalunya-cerca-sabadell.jpg","contentUrl":"https:\/\/resest.com\/wp-content\/uploads\/2021\/07\/montmelo-circuito-catalunya-cerca-sabadell.jpg","width":1024,"height":615,"caption":"residencia-sabadell-prop-circuit-montmelo"},{"@type":"BreadcrumbList","@id":"https:\/\/resest.com\/ca\/blog\/residencia-sabadell-pocs-minuts-circuit-catalunya\/#breadcrumb","itemListElement":[{"@type":"ListItem","position":1,"name":"Inici","item":"https:\/\/resest.com\/ca\/"},{"@type":"ListItem","position":2,"name":"Montmel\u00f3, Circuit de Catalunya a 20 minuts de Sabadell"}]},{"@type":"WebSite","@id":"https:\/\/resest.com\/ca\/#website","url":"https:\/\/resest.com\/ca\/","name":"Resid\u00e8ncia d&#039;Estudiants l&#039;Estaci\u00f3 de Sabadell | Resest","description":"Prop de l\u2019Universitat Aut\u00f2noma de Barcelona (UAB)","publisher":{"@id":"https:\/\/resest.com\/ca\/#organization"},"potentialAction":[{"@type":"SearchAction","target":{"@type":"EntryPoint","urlTemplate":"https:\/\/resest.com\/ca\/?s={search_term_string}"},"query-input":{"@type":"PropertyValueSpecification","valueRequired":true,"valueName":"search_term_string"}}],"inLanguage":"ca-ES"},{"@type":"Organization","@id":"https:\/\/resest.com\/ca\/#organization","name":"Resid\u00e8ncia d&#039;Estudiants l&#039;Estaci\u00f3 de Sabadell | Resest","url":"https:\/\/resest.com\/ca\/","logo":{"@type":"ImageObject","inLanguage":"ca-ES","@id":"https:\/\/resest.com\/ca\/#\/schema\/logo\/image\/","url":"https:\/\/resest.com\/wp-content\/uploads\/2024\/03\/Facana-1.jpg","contentUrl":"https:\/\/resest.com\/wp-content\/uploads\/2024\/03\/Facana-1.jpg","width":1200,"height":1009,"caption":"Resid\u00e8ncia d&#039;Estudiants l&#039;Estaci\u00f3 de Sabadell | Resest"},"image":{"@id":"https:\/\/resest.com\/ca\/#\/schema\/logo\/image\/"}},{"@type":"Person","@id":"https:\/\/resest.com\/ca\/#\/schema\/person\/d9965768ae08730dafc3a7c835fcc47c","name":"Resest","image":{"@type":"ImageObject","inLanguage":"ca-ES","@id":"https:\/\/resest.com\/ca\/#\/schema\/person\/image\/","url":"https:\/\/secure.gravatar.com\/avatar\/0c7509c85c836ff68bc43efa415976254ed1463e7bbc3edf38a658092e29e5b4?s=96&d=mm&r=g","contentUrl":"https:\/\/secure.gravatar.com\/avatar\/0c7509c85c836ff68bc43efa415976254ed1463e7bbc3edf38a658092e29e5b4?s=96&d=mm&r=g","caption":"Resest"},"url":"https:\/\/resest.com\/ca\/author\/jordi\/"}]}},"_links":{"self":[{"href":"https:\/\/resest.com\/ca\/wp-json\/wp\/v2\/posts\/9437","targetHints":{"allow":["GET"]}}],"collection":[{"href":"https:\/\/resest.com\/ca\/wp-json\/wp\/v2\/posts"}],"about":[{"href":"https:\/\/resest.com\/ca\/wp-json\/wp\/v2\/types\/post"}],"author":[{"embeddable":true,"href":"https:\/\/resest.com\/ca\/wp-json\/wp\/v2\/users\/1"}],"replies":[{"embeddable":true,"href":"https:\/\/resest.com\/ca\/wp-json\/wp\/v2\/comments?post=9437"}],"version-history":[{"count":0,"href":"https:\/\/resest.com\/ca\/wp-json\/wp\/v2\/posts\/9437\/revisions"}],"wp:featuredmedia":[{"embeddable":true,"href":"https:\/\/resest.com\/ca\/wp-json\/wp\/v2\/media\/9433"}],"wp:attachment":[{"href":"https:\/\/resest.com\/ca\/wp-json\/wp\/v2\/media?parent=9437"}],"wp:term":[{"taxonomy":"category","embeddable":true,"href":"https:\/\/resest.com\/ca\/wp-json\/wp\/v2\/categories?post=9437"},{"taxonomy":"post_tag","embeddable":true,"href":"https:\/\/resest.com\/ca\/wp-json\/wp\/v2\/tags?post=9437"}],"curies":[{"name":"wp","href":"https:\/\/api.w.org\/{rel}","templated":true}]}}