{"id":9348,"date":"2021-06-09T15:54:06","date_gmt":"2021-06-09T14:54:06","guid":{"rendered":"https:\/\/resest.com\/?p=9348"},"modified":"2021-06-09T15:54:09","modified_gmt":"2021-06-09T14:54:09","slug":"sopar-final-curs-residencia-estudiants-sabadell","status":"publish","type":"post","link":"https:\/\/resest.com\/ca\/blog\/sopar-final-curs-residencia-estudiants-sabadell\/","title":{"rendered":"Sopar de final de curs a la Resid\u00e8ncia d\u2019Estudiants l\u2019Estaci\u00f3 de Sabadell"},"content":{"rendered":"\n<p>El passat any 2020, en plena pand\u00e8mia de la Covid-19, no vam poder gaudir com fem cada any, del sopar de fi de curs amb els nostres residents.<\/p>\n\n\n\n<p>Per\u00f2 aquest any per sort, i evidentment complint amb les normes de seguretat &nbsp;pertinents, si que hem pogut celebrar-lo.<\/p>\n\n\n\n<figure class=\"wp-block-image size-large\"><a href=\"https:\/\/resest.com\/wp-content\/uploads\/2021\/06\/WhatsApp-Image-2021-06-09-at-08.34.18.jpeg\"><img loading=\"lazy\" decoding=\"async\" width=\"1024\" height=\"769\" src=\"https:\/\/resest.com\/wp-content\/uploads\/2021\/06\/WhatsApp-Image-2021-06-09-at-08.34.18-1024x769.jpeg\" alt=\"\" class=\"wp-image-9349\" srcset=\"https:\/\/resest.com\/wp-content\/uploads\/2021\/06\/WhatsApp-Image-2021-06-09-at-08.34.18-1024x769.jpeg 1024w, https:\/\/resest.com\/wp-content\/uploads\/2021\/06\/WhatsApp-Image-2021-06-09-at-08.34.18-300x225.jpeg 300w, https:\/\/resest.com\/wp-content\/uploads\/2021\/06\/WhatsApp-Image-2021-06-09-at-08.34.18-768x577.jpeg 768w, https:\/\/resest.com\/wp-content\/uploads\/2021\/06\/WhatsApp-Image-2021-06-09-at-08.34.18.jpeg 1200w\" sizes=\"auto, (max-width: 1024px) 100vw, 1024px\" \/><\/a><\/figure>\n\n\n\n<figure class=\"wp-block-image size-large\"><a href=\"https:\/\/resest.com\/wp-content\/uploads\/2021\/06\/WhatsApp-Image-2021-06-09-at-08.34.27.jpeg\"><img loading=\"lazy\" decoding=\"async\" width=\"1024\" height=\"769\" src=\"https:\/\/resest.com\/wp-content\/uploads\/2021\/06\/WhatsApp-Image-2021-06-09-at-08.34.27-1024x769.jpeg\" alt=\"\" class=\"wp-image-9353\" srcset=\"https:\/\/resest.com\/wp-content\/uploads\/2021\/06\/WhatsApp-Image-2021-06-09-at-08.34.27-1024x769.jpeg 1024w, https:\/\/resest.com\/wp-content\/uploads\/2021\/06\/WhatsApp-Image-2021-06-09-at-08.34.27-300x225.jpeg 300w, https:\/\/resest.com\/wp-content\/uploads\/2021\/06\/WhatsApp-Image-2021-06-09-at-08.34.27-768x577.jpeg 768w, https:\/\/resest.com\/wp-content\/uploads\/2021\/06\/WhatsApp-Image-2021-06-09-at-08.34.27.jpeg 1200w\" sizes=\"auto, (max-width: 1024px) 100vw, 1024px\" \/><\/a><\/figure>\n\n\n\n<p>Ja a la recta final del curs, els estudiants de Resest van poder desconnectar ahir dimarts dia 8, i gaudir plegats d\u2019un sopar de gala a la resid\u00e8ncia \ud83d\ude0a<\/p>\n\n\n\n<figure class=\"wp-block-image size-large\"><a href=\"https:\/\/resest.com\/wp-content\/uploads\/2021\/06\/SOPAR-DE-FI-DE-CURS-2021.jpg\"><img loading=\"lazy\" decoding=\"async\" width=\"960\" height=\"720\" src=\"https:\/\/resest.com\/wp-content\/uploads\/2021\/06\/SOPAR-DE-FI-DE-CURS-2021.jpg\" alt=\"\" class=\"wp-image-9357\" srcset=\"https:\/\/resest.com\/wp-content\/uploads\/2021\/06\/SOPAR-DE-FI-DE-CURS-2021.jpg 960w, https:\/\/resest.com\/wp-content\/uploads\/2021\/06\/SOPAR-DE-FI-DE-CURS-2021-300x225.jpg 300w, https:\/\/resest.com\/wp-content\/uploads\/2021\/06\/SOPAR-DE-FI-DE-CURS-2021-768x576.jpg 768w\" sizes=\"auto, (max-width: 960px) 100vw, 960px\" \/><\/a><\/figure>\n\n\n\n<figure class=\"wp-block-image size-large\"><a href=\"https:\/\/resest.com\/wp-content\/uploads\/2021\/06\/WhatsApp-Image-2021-06-09-at-08.34.28-1.jpeg\"><img loading=\"lazy\" decoding=\"async\" width=\"1024\" height=\"769\" src=\"https:\/\/resest.com\/wp-content\/uploads\/2021\/06\/WhatsApp-Image-2021-06-09-at-08.34.28-1-1024x769.jpeg\" alt=\"\" class=\"wp-image-9361\" srcset=\"https:\/\/resest.com\/wp-content\/uploads\/2021\/06\/WhatsApp-Image-2021-06-09-at-08.34.28-1-1024x769.jpeg 1024w, https:\/\/resest.com\/wp-content\/uploads\/2021\/06\/WhatsApp-Image-2021-06-09-at-08.34.28-1-300x225.jpeg 300w, https:\/\/resest.com\/wp-content\/uploads\/2021\/06\/WhatsApp-Image-2021-06-09-at-08.34.28-1-768x577.jpeg 768w, https:\/\/resest.com\/wp-content\/uploads\/2021\/06\/WhatsApp-Image-2021-06-09-at-08.34.28-1.jpeg 1200w\" sizes=\"auto, (max-width: 1024px) 100vw, 1024px\" \/><\/a><\/figure>\n\n\n\n<figure class=\"wp-block-image size-large\"><a href=\"https:\/\/resest.com\/wp-content\/uploads\/2021\/06\/WhatsApp-Image-2021-06-09-at-08.34.28.jpeg\"><img loading=\"lazy\" decoding=\"async\" width=\"1024\" height=\"769\" src=\"https:\/\/resest.com\/wp-content\/uploads\/2021\/06\/WhatsApp-Image-2021-06-09-at-08.34.28-1024x769.jpeg\" alt=\"\" class=\"wp-image-9365\" srcset=\"https:\/\/resest.com\/wp-content\/uploads\/2021\/06\/WhatsApp-Image-2021-06-09-at-08.34.28-1024x769.jpeg 1024w, https:\/\/resest.com\/wp-content\/uploads\/2021\/06\/WhatsApp-Image-2021-06-09-at-08.34.28-300x225.jpeg 300w, https:\/\/resest.com\/wp-content\/uploads\/2021\/06\/WhatsApp-Image-2021-06-09-at-08.34.28-768x577.jpeg 768w, https:\/\/resest.com\/wp-content\/uploads\/2021\/06\/WhatsApp-Image-2021-06-09-at-08.34.28.jpeg 1200w\" sizes=\"auto, (max-width: 1024px) 100vw, 1024px\" \/><\/a><\/figure>\n\n\n\n<p>Les cares de felicitat parlen per si soles, no creieu? \ud83e\udd29<\/p>\n\n\n\n<p>Us desitgem tot el millor, perqu\u00e8 us ho mereixeu!<\/p>\n\n\n\n<figure class=\"wp-block-image size-large\"><a href=\"https:\/\/resest.com\/wp-content\/uploads\/2021\/06\/WhatsApp-Image-2021-06-09-at-09.43.45.jpeg\"><img loading=\"lazy\" decoding=\"async\" width=\"1024\" height=\"768\" src=\"https:\/\/resest.com\/wp-content\/uploads\/2021\/06\/WhatsApp-Image-2021-06-09-at-09.43.45-1024x768.jpeg\" alt=\"\" class=\"wp-image-9369\" srcset=\"https:\/\/resest.com\/wp-content\/uploads\/2021\/06\/WhatsApp-Image-2021-06-09-at-09.43.45-1024x768.jpeg 1024w, https:\/\/resest.com\/wp-content\/uploads\/2021\/06\/WhatsApp-Image-2021-06-09-at-09.43.45-300x225.jpeg 300w, https:\/\/resest.com\/wp-content\/uploads\/2021\/06\/WhatsApp-Image-2021-06-09-at-09.43.45-768x576.jpeg 768w, https:\/\/resest.com\/wp-content\/uploads\/2021\/06\/WhatsApp-Image-2021-06-09-at-09.43.45.jpeg 1200w\" sizes=\"auto, (max-width: 1024px) 100vw, 1024px\" \/><\/a><\/figure>\n\n\n\n<figure class=\"wp-block-image size-large\"><a href=\"https:\/\/resest.com\/wp-content\/uploads\/2021\/06\/WhatsApp-Image-2021-06-09-at-09.39.37.jpeg\"><img loading=\"lazy\" decoding=\"async\" width=\"1024\" height=\"768\" src=\"https:\/\/resest.com\/wp-content\/uploads\/2021\/06\/WhatsApp-Image-2021-06-09-at-09.39.37-1024x768.jpeg\" alt=\"\" class=\"wp-image-9373\" srcset=\"https:\/\/resest.com\/wp-content\/uploads\/2021\/06\/WhatsApp-Image-2021-06-09-at-09.39.37-1024x768.jpeg 1024w, https:\/\/resest.com\/wp-content\/uploads\/2021\/06\/WhatsApp-Image-2021-06-09-at-09.39.37-300x225.jpeg 300w, https:\/\/resest.com\/wp-content\/uploads\/2021\/06\/WhatsApp-Image-2021-06-09-at-09.39.37-768x576.jpeg 768w, https:\/\/resest.com\/wp-content\/uploads\/2021\/06\/WhatsApp-Image-2021-06-09-at-09.39.37.jpeg 1200w\" sizes=\"auto, (max-width: 1024px) 100vw, 1024px\" \/><\/a><\/figure>\n\n\n\n<p>Una abra\u00e7ada ben forta de part de tot l\u2019equip de la Resid\u00e8ncia d\u2019Estudiants l\u2019Estaci\u00f3 de Sabadell \ud83e\udd70<\/p>\n","protected":false},"excerpt":{"rendered":"<p>El passat any 2020, en plena pand\u00e8mia de la Covid-19, no vam poder gaudir com fem cada any, del sopar de fi de curs amb els nostres residents. Per\u00f2 aquest any per sort, i evidentment complint amb les normes de seguretat &nbsp;pertinents, si que hem pogut celebrar-lo. Ja a la recta final del curs, els&hellip;<\/p>\n","protected":false},"author":1,"featured_media":9377,"comment_status":"open","ping_status":"open","sticky":false,"template":"","format":"standard","meta":{"footnotes":""},"categories":[6,50,52,51,49],"tags":[],"class_list":["post-9348","post","type-post","status-publish","format-standard","has-post-thumbnail","hentry","category-blog","category-vida-de-lestudiant","category-on-estudiar-master","category-activitats-i-oci","category-vida-a-la-residencia","entry","has-media"],"yoast_head":"<!-- This site is optimized with the Yoast SEO plugin v26.4 - https:\/\/yoast.com\/wordpress\/plugins\/seo\/ -->\n<title>Sopar de final de curs a la Resid\u00e8ncia d\u2019Estudiants l\u2019Estaci\u00f3 de Sabadell - Resid\u00e8ncia d&#039;Estudiants l&#039;Estaci\u00f3 de Sabadell | Resest<\/title>\n<meta name=\"description\" content=\"Celebraci\u00f3 del sopar de final de curs dels estudiants allotjats a la Resid\u00e8ncia d&#039;Estudiants l&#039;Estaci\u00f3 de Sabadell.\" \/>\n<meta name=\"robots\" content=\"index, follow, max-snippet:-1, max-image-preview:large, max-video-preview:-1\" \/>\n<link rel=\"canonical\" href=\"https:\/\/resest.com\/ca\/blog\/sopar-final-curs-residencia-estudiants-sabadell\/\" \/>\n<meta property=\"og:locale\" content=\"ca_ES\" \/>\n<meta property=\"og:type\" content=\"article\" \/>\n<meta property=\"og:title\" content=\"Sopar de final de curs a la Resid\u00e8ncia d\u2019Estudiants l\u2019Estaci\u00f3 de Sabadell - Resid\u00e8ncia d&#039;Estudiants l&#039;Estaci\u00f3 de Sabadell | Resest\" \/>\n<meta property=\"og:description\" content=\"Celebraci\u00f3 del sopar de final de curs dels estudiants allotjats a la Resid\u00e8ncia d&#039;Estudiants l&#039;Estaci\u00f3 de Sabadell.\" \/>\n<meta property=\"og:url\" content=\"https:\/\/resest.com\/ca\/blog\/sopar-final-curs-residencia-estudiants-sabadell\/\" \/>\n<meta property=\"og:site_name\" content=\"Resid\u00e8ncia d&#039;Estudiants l&#039;Estaci\u00f3 de Sabadell | Resest\" \/>\n<meta property=\"article:published_time\" content=\"2021-06-09T14:54:06+00:00\" \/>\n<meta property=\"article:modified_time\" content=\"2021-06-09T14:54:09+00:00\" \/>\n<meta property=\"og:image\" content=\"https:\/\/resest.com\/wp-content\/uploads\/2021\/06\/portada.jpeg\" \/>\n\t<meta property=\"og:image:width\" content=\"1200\" \/>\n\t<meta property=\"og:image:height\" content=\"901\" \/>\n\t<meta property=\"og:image:type\" content=\"image\/jpeg\" \/>\n<meta name=\"author\" content=\"Resest\" \/>\n<meta name=\"twitter:label1\" content=\"Written by\" \/>\n\t<meta name=\"twitter:data1\" content=\"Resest\" \/>\n\t<meta name=\"twitter:label2\" content=\"Est. reading time\" \/>\n\t<meta name=\"twitter:data2\" content=\"2 minutes\" \/>\n<script type=\"application\/ld+json\" class=\"yoast-schema-graph\">{\"@context\":\"https:\/\/schema.org\",\"@graph\":[{\"@type\":\"Article\",\"@id\":\"https:\/\/resest.com\/ca\/blog\/sopar-final-curs-residencia-estudiants-sabadell\/#article\",\"isPartOf\":{\"@id\":\"https:\/\/resest.com\/ca\/blog\/sopar-final-curs-residencia-estudiants-sabadell\/\"},\"author\":{\"name\":\"Resest\",\"@id\":\"https:\/\/resest.com\/ca\/#\/schema\/person\/d9965768ae08730dafc3a7c835fcc47c\"},\"headline\":\"Sopar de final de curs a la Resid\u00e8ncia d\u2019Estudiants l\u2019Estaci\u00f3 de Sabadell\",\"datePublished\":\"2021-06-09T14:54:06+00:00\",\"dateModified\":\"2021-06-09T14:54:09+00:00\",\"mainEntityOfPage\":{\"@id\":\"https:\/\/resest.com\/ca\/blog\/sopar-final-curs-residencia-estudiants-sabadell\/\"},\"wordCount\":132,\"commentCount\":0,\"publisher\":{\"@id\":\"https:\/\/resest.com\/ca\/#organization\"},\"image\":{\"@id\":\"https:\/\/resest.com\/ca\/blog\/sopar-final-curs-residencia-estudiants-sabadell\/#primaryimage\"},\"thumbnailUrl\":\"https:\/\/resest.com\/wp-content\/uploads\/2021\/06\/portada.jpeg\",\"articleSection\":[\"Blog\",\"Consells per a estudiants universitaris\",\"Per qu\u00e8 Resest?\",\"Qu\u00e8 fer a Sabadell i Barcelona\",\"Vida a la Resid\u00e8ncia\"],\"inLanguage\":\"ca-ES\",\"potentialAction\":[{\"@type\":\"CommentAction\",\"name\":\"Comment\",\"target\":[\"https:\/\/resest.com\/ca\/blog\/sopar-final-curs-residencia-estudiants-sabadell\/#respond\"]}]},{\"@type\":\"WebPage\",\"@id\":\"https:\/\/resest.com\/ca\/blog\/sopar-final-curs-residencia-estudiants-sabadell\/\",\"url\":\"https:\/\/resest.com\/ca\/blog\/sopar-final-curs-residencia-estudiants-sabadell\/\",\"name\":\"Sopar de final de curs a la Resid\u00e8ncia d\u2019Estudiants l\u2019Estaci\u00f3 de Sabadell - Resid\u00e8ncia d&#039;Estudiants l&#039;Estaci\u00f3 de Sabadell | Resest\",\"isPartOf\":{\"@id\":\"https:\/\/resest.com\/ca\/#website\"},\"primaryImageOfPage\":{\"@id\":\"https:\/\/resest.com\/ca\/blog\/sopar-final-curs-residencia-estudiants-sabadell\/#primaryimage\"},\"image\":{\"@id\":\"https:\/\/resest.com\/ca\/blog\/sopar-final-curs-residencia-estudiants-sabadell\/#primaryimage\"},\"thumbnailUrl\":\"https:\/\/resest.com\/wp-content\/uploads\/2021\/06\/portada.jpeg\",\"datePublished\":\"2021-06-09T14:54:06+00:00\",\"dateModified\":\"2021-06-09T14:54:09+00:00\",\"description\":\"Celebraci\u00f3 del sopar de final de curs dels estudiants allotjats a la Resid\u00e8ncia d'Estudiants l'Estaci\u00f3 de Sabadell.\",\"breadcrumb\":{\"@id\":\"https:\/\/resest.com\/ca\/blog\/sopar-final-curs-residencia-estudiants-sabadell\/#breadcrumb\"},\"inLanguage\":\"ca-ES\",\"potentialAction\":[{\"@type\":\"ReadAction\",\"target\":[\"https:\/\/resest.com\/ca\/blog\/sopar-final-curs-residencia-estudiants-sabadell\/\"]}]},{\"@type\":\"ImageObject\",\"inLanguage\":\"ca-ES\",\"@id\":\"https:\/\/resest.com\/ca\/blog\/sopar-final-curs-residencia-estudiants-sabadell\/#primaryimage\",\"url\":\"https:\/\/resest.com\/wp-content\/uploads\/2021\/06\/portada.jpeg\",\"contentUrl\":\"https:\/\/resest.com\/wp-content\/uploads\/2021\/06\/portada.jpeg\",\"width\":1200,\"height\":901,\"caption\":\"sopar-final-curs-resest\"},{\"@type\":\"BreadcrumbList\",\"@id\":\"https:\/\/resest.com\/ca\/blog\/sopar-final-curs-residencia-estudiants-sabadell\/#breadcrumb\",\"itemListElement\":[{\"@type\":\"ListItem\",\"position\":1,\"name\":\"Inici\",\"item\":\"https:\/\/resest.com\/ca\/\"},{\"@type\":\"ListItem\",\"position\":2,\"name\":\"Sopar de final de curs a la Resid\u00e8ncia d\u2019Estudiants l\u2019Estaci\u00f3 de Sabadell\"}]},{\"@type\":\"WebSite\",\"@id\":\"https:\/\/resest.com\/ca\/#website\",\"url\":\"https:\/\/resest.com\/ca\/\",\"name\":\"Resid\u00e8ncia d&#039;Estudiants l&#039;Estaci\u00f3 de Sabadell | Resest\",\"description\":\"Prop de l\u2019Universitat Aut\u00f2noma de Barcelona (UAB)\",\"publisher\":{\"@id\":\"https:\/\/resest.com\/ca\/#organization\"},\"potentialAction\":[{\"@type\":\"SearchAction\",\"target\":{\"@type\":\"EntryPoint\",\"urlTemplate\":\"https:\/\/resest.com\/ca\/?s={search_term_string}\"},\"query-input\":{\"@type\":\"PropertyValueSpecification\",\"valueRequired\":true,\"valueName\":\"search_term_string\"}}],\"inLanguage\":\"ca-ES\"},{\"@type\":\"Organization\",\"@id\":\"https:\/\/resest.com\/ca\/#organization\",\"name\":\"Resid\u00e8ncia d&#039;Estudiants l&#039;Estaci\u00f3 de Sabadell | Resest\",\"url\":\"https:\/\/resest.com\/ca\/\",\"logo\":{\"@type\":\"ImageObject\",\"inLanguage\":\"ca-ES\",\"@id\":\"https:\/\/resest.com\/ca\/#\/schema\/logo\/image\/\",\"url\":\"https:\/\/resest.com\/wp-content\/uploads\/2024\/03\/Facana-1.jpg\",\"contentUrl\":\"https:\/\/resest.com\/wp-content\/uploads\/2024\/03\/Facana-1.jpg\",\"width\":1200,\"height\":1009,\"caption\":\"Resid\u00e8ncia d&#039;Estudiants l&#039;Estaci\u00f3 de Sabadell | Resest\"},\"image\":{\"@id\":\"https:\/\/resest.com\/ca\/#\/schema\/logo\/image\/\"}},{\"@type\":\"Person\",\"@id\":\"https:\/\/resest.com\/ca\/#\/schema\/person\/d9965768ae08730dafc3a7c835fcc47c\",\"name\":\"Resest\",\"image\":{\"@type\":\"ImageObject\",\"inLanguage\":\"ca-ES\",\"@id\":\"https:\/\/resest.com\/ca\/#\/schema\/person\/image\/\",\"url\":\"https:\/\/secure.gravatar.com\/avatar\/0c7509c85c836ff68bc43efa415976254ed1463e7bbc3edf38a658092e29e5b4?s=96&d=mm&r=g\",\"contentUrl\":\"https:\/\/secure.gravatar.com\/avatar\/0c7509c85c836ff68bc43efa415976254ed1463e7bbc3edf38a658092e29e5b4?s=96&d=mm&r=g\",\"caption\":\"Resest\"},\"url\":\"https:\/\/resest.com\/ca\/author\/jordi\/\"}]}<\/script>\n<!-- \/ Yoast SEO plugin. -->","yoast_head_json":{"title":"Sopar de final de curs a la Resid\u00e8ncia d\u2019Estudiants l\u2019Estaci\u00f3 de Sabadell - Resid\u00e8ncia d&#039;Estudiants l&#039;Estaci\u00f3 de Sabadell | Resest","description":"Celebraci\u00f3 del sopar de final de curs dels estudiants allotjats a la Resid\u00e8ncia d'Estudiants l'Estaci\u00f3 de Sabadell.","robots":{"index":"index","follow":"follow","max-snippet":"max-snippet:-1","max-image-preview":"max-image-preview:large","max-video-preview":"max-video-preview:-1"},"canonical":"https:\/\/resest.com\/ca\/blog\/sopar-final-curs-residencia-estudiants-sabadell\/","og_locale":"ca_ES","og_type":"article","og_title":"Sopar de final de curs a la Resid\u00e8ncia d\u2019Estudiants l\u2019Estaci\u00f3 de Sabadell - Resid\u00e8ncia d&#039;Estudiants l&#039;Estaci\u00f3 de Sabadell | Resest","og_description":"Celebraci\u00f3 del sopar de final de curs dels estudiants allotjats a la Resid\u00e8ncia d'Estudiants l'Estaci\u00f3 de Sabadell.","og_url":"https:\/\/resest.com\/ca\/blog\/sopar-final-curs-residencia-estudiants-sabadell\/","og_site_name":"Resid\u00e8ncia d&#039;Estudiants l&#039;Estaci\u00f3 de Sabadell | Resest","article_published_time":"2021-06-09T14:54:06+00:00","article_modified_time":"2021-06-09T14:54:09+00:00","og_image":[{"width":1200,"height":901,"url":"https:\/\/resest.com\/wp-content\/uploads\/2021\/06\/portada.jpeg","type":"image\/jpeg"}],"author":"Resest","twitter_misc":{"Written by":"Resest","Est. reading time":"2 minutes"},"schema":{"@context":"https:\/\/schema.org","@graph":[{"@type":"Article","@id":"https:\/\/resest.com\/ca\/blog\/sopar-final-curs-residencia-estudiants-sabadell\/#article","isPartOf":{"@id":"https:\/\/resest.com\/ca\/blog\/sopar-final-curs-residencia-estudiants-sabadell\/"},"author":{"name":"Resest","@id":"https:\/\/resest.com\/ca\/#\/schema\/person\/d9965768ae08730dafc3a7c835fcc47c"},"headline":"Sopar de final de curs a la Resid\u00e8ncia d\u2019Estudiants l\u2019Estaci\u00f3 de Sabadell","datePublished":"2021-06-09T14:54:06+00:00","dateModified":"2021-06-09T14:54:09+00:00","mainEntityOfPage":{"@id":"https:\/\/resest.com\/ca\/blog\/sopar-final-curs-residencia-estudiants-sabadell\/"},"wordCount":132,"commentCount":0,"publisher":{"@id":"https:\/\/resest.com\/ca\/#organization"},"image":{"@id":"https:\/\/resest.com\/ca\/blog\/sopar-final-curs-residencia-estudiants-sabadell\/#primaryimage"},"thumbnailUrl":"https:\/\/resest.com\/wp-content\/uploads\/2021\/06\/portada.jpeg","articleSection":["Blog","Consells per a estudiants universitaris","Per qu\u00e8 Resest?","Qu\u00e8 fer a Sabadell i Barcelona","Vida a la Resid\u00e8ncia"],"inLanguage":"ca-ES","potentialAction":[{"@type":"CommentAction","name":"Comment","target":["https:\/\/resest.com\/ca\/blog\/sopar-final-curs-residencia-estudiants-sabadell\/#respond"]}]},{"@type":"WebPage","@id":"https:\/\/resest.com\/ca\/blog\/sopar-final-curs-residencia-estudiants-sabadell\/","url":"https:\/\/resest.com\/ca\/blog\/sopar-final-curs-residencia-estudiants-sabadell\/","name":"Sopar de final de curs a la Resid\u00e8ncia d\u2019Estudiants l\u2019Estaci\u00f3 de Sabadell - Resid\u00e8ncia d&#039;Estudiants l&#039;Estaci\u00f3 de Sabadell | Resest","isPartOf":{"@id":"https:\/\/resest.com\/ca\/#website"},"primaryImageOfPage":{"@id":"https:\/\/resest.com\/ca\/blog\/sopar-final-curs-residencia-estudiants-sabadell\/#primaryimage"},"image":{"@id":"https:\/\/resest.com\/ca\/blog\/sopar-final-curs-residencia-estudiants-sabadell\/#primaryimage"},"thumbnailUrl":"https:\/\/resest.com\/wp-content\/uploads\/2021\/06\/portada.jpeg","datePublished":"2021-06-09T14:54:06+00:00","dateModified":"2021-06-09T14:54:09+00:00","description":"Celebraci\u00f3 del sopar de final de curs dels estudiants allotjats a la Resid\u00e8ncia d'Estudiants l'Estaci\u00f3 de Sabadell.","breadcrumb":{"@id":"https:\/\/resest.com\/ca\/blog\/sopar-final-curs-residencia-estudiants-sabadell\/#breadcrumb"},"inLanguage":"ca-ES","potentialAction":[{"@type":"ReadAction","target":["https:\/\/resest.com\/ca\/blog\/sopar-final-curs-residencia-estudiants-sabadell\/"]}]},{"@type":"ImageObject","inLanguage":"ca-ES","@id":"https:\/\/resest.com\/ca\/blog\/sopar-final-curs-residencia-estudiants-sabadell\/#primaryimage","url":"https:\/\/resest.com\/wp-content\/uploads\/2021\/06\/portada.jpeg","contentUrl":"https:\/\/resest.com\/wp-content\/uploads\/2021\/06\/portada.jpeg","width":1200,"height":901,"caption":"sopar-final-curs-resest"},{"@type":"BreadcrumbList","@id":"https:\/\/resest.com\/ca\/blog\/sopar-final-curs-residencia-estudiants-sabadell\/#breadcrumb","itemListElement":[{"@type":"ListItem","position":1,"name":"Inici","item":"https:\/\/resest.com\/ca\/"},{"@type":"ListItem","position":2,"name":"Sopar de final de curs a la Resid\u00e8ncia d\u2019Estudiants l\u2019Estaci\u00f3 de Sabadell"}]},{"@type":"WebSite","@id":"https:\/\/resest.com\/ca\/#website","url":"https:\/\/resest.com\/ca\/","name":"Resid\u00e8ncia d&#039;Estudiants l&#039;Estaci\u00f3 de Sabadell | Resest","description":"Prop de l\u2019Universitat Aut\u00f2noma de Barcelona (UAB)","publisher":{"@id":"https:\/\/resest.com\/ca\/#organization"},"potentialAction":[{"@type":"SearchAction","target":{"@type":"EntryPoint","urlTemplate":"https:\/\/resest.com\/ca\/?s={search_term_string}"},"query-input":{"@type":"PropertyValueSpecification","valueRequired":true,"valueName":"search_term_string"}}],"inLanguage":"ca-ES"},{"@type":"Organization","@id":"https:\/\/resest.com\/ca\/#organization","name":"Resid\u00e8ncia d&#039;Estudiants l&#039;Estaci\u00f3 de Sabadell | Resest","url":"https:\/\/resest.com\/ca\/","logo":{"@type":"ImageObject","inLanguage":"ca-ES","@id":"https:\/\/resest.com\/ca\/#\/schema\/logo\/image\/","url":"https:\/\/resest.com\/wp-content\/uploads\/2024\/03\/Facana-1.jpg","contentUrl":"https:\/\/resest.com\/wp-content\/uploads\/2024\/03\/Facana-1.jpg","width":1200,"height":1009,"caption":"Resid\u00e8ncia d&#039;Estudiants l&#039;Estaci\u00f3 de Sabadell | Resest"},"image":{"@id":"https:\/\/resest.com\/ca\/#\/schema\/logo\/image\/"}},{"@type":"Person","@id":"https:\/\/resest.com\/ca\/#\/schema\/person\/d9965768ae08730dafc3a7c835fcc47c","name":"Resest","image":{"@type":"ImageObject","inLanguage":"ca-ES","@id":"https:\/\/resest.com\/ca\/#\/schema\/person\/image\/","url":"https:\/\/secure.gravatar.com\/avatar\/0c7509c85c836ff68bc43efa415976254ed1463e7bbc3edf38a658092e29e5b4?s=96&d=mm&r=g","contentUrl":"https:\/\/secure.gravatar.com\/avatar\/0c7509c85c836ff68bc43efa415976254ed1463e7bbc3edf38a658092e29e5b4?s=96&d=mm&r=g","caption":"Resest"},"url":"https:\/\/resest.com\/ca\/author\/jordi\/"}]}},"_links":{"self":[{"href":"https:\/\/resest.com\/ca\/wp-json\/wp\/v2\/posts\/9348","targetHints":{"allow":["GET"]}}],"collection":[{"href":"https:\/\/resest.com\/ca\/wp-json\/wp\/v2\/posts"}],"about":[{"href":"https:\/\/resest.com\/ca\/wp-json\/wp\/v2\/types\/post"}],"author":[{"embeddable":true,"href":"https:\/\/resest.com\/ca\/wp-json\/wp\/v2\/users\/1"}],"replies":[{"embeddable":true,"href":"https:\/\/resest.com\/ca\/wp-json\/wp\/v2\/comments?post=9348"}],"version-history":[{"count":0,"href":"https:\/\/resest.com\/ca\/wp-json\/wp\/v2\/posts\/9348\/revisions"}],"wp:featuredmedia":[{"embeddable":true,"href":"https:\/\/resest.com\/ca\/wp-json\/wp\/v2\/media\/9377"}],"wp:attachment":[{"href":"https:\/\/resest.com\/ca\/wp-json\/wp\/v2\/media?parent=9348"}],"wp:term":[{"taxonomy":"category","embeddable":true,"href":"https:\/\/resest.com\/ca\/wp-json\/wp\/v2\/categories?post=9348"},{"taxonomy":"post_tag","embeddable":true,"href":"https:\/\/resest.com\/ca\/wp-json\/wp\/v2\/tags?post=9348"}],"curies":[{"name":"wp","href":"https:\/\/api.w.org\/{rel}","templated":true}]}}