{"id":9342,"date":"2021-05-26T15:23:21","date_gmt":"2021-05-26T14:23:21","guid":{"rendered":"https:\/\/resest.com\/?p=9342"},"modified":"2021-05-26T15:23:24","modified_gmt":"2021-05-26T14:23:24","slug":"loferta-formativa-desdi-per-a-aquest-2021","status":"publish","type":"post","link":"https:\/\/resest.com\/ca\/blog\/loferta-formativa-desdi-per-a-aquest-2021\/","title":{"rendered":"L&#8217;Oferta Formativa d&#8217;ESDI per a aquest 2021"},"content":{"rendered":"\n<p>La compet\u00e8ncia laboral cada vegada \u00e9s m\u00e9s alta on les empreses <strong>busquen perfils capa\u00e7os d&#8217;aportar molt m\u00e9s que un sol tipus de coneixement<\/strong> o habilitat. Amb aix\u00f2 en ment, donem una ullada a una part de l&#8217;oferta de <strong>l&#8217;ESDI Sabadell<\/strong> per a aquest 2021.<\/p>\n\n\n\n<h4 class=\"wp-block-heading\">M\u00e0ster en Comissariat d&#8217;Art Digital<\/h4>\n\n\n\n<p>Aquest <strong><a href=\"https:\/\/esdi.es\/ca\/estudis\/masters-i-postgraus\/master-ca\/comissariat-dart-digital\">m\u00e0ster universitari<\/a><\/strong> busca formar comissaris d&#8217;exposicions i gesti\u00f3 cultural, tot des d&#8217;una marcada fusi\u00f3 de la teoria de l&#8217;art, el disseny amb la cr\u00edtica i les tecnologies digitals. I \u00e9s que el digital ja impregna la realitat de tal manera que l&#8217;art no pot escapar-ne. Per aix\u00f2, <strong>el comissari d&#8217;avui ha d&#8217;estar imbu\u00eft dels canvis<\/strong> que aquest nou mitj\u00e0 ha portat cap al panorama creatiu. Entre els seus papers destaca el de <strong>ser cr\u00edtic d&#8217;art digital<\/strong>. I, per aix\u00f2, aquest m\u00e0ster et dotar\u00e0 dels coneixements necessaris per detectar <em>l&#8217;ethos<\/em>, el <em>pathos<\/em> i el <em>logos<\/em> que a cada obra porta a terme l&#8217;artista.<\/p>\n\n\n\n<h4 class=\"wp-block-heading\">Postgrau en Disseny de Personatges 3D per Videojocs Online<\/h4>\n\n\n\n<p>A la vida hi ha apostes bones i dolentes; estudiar <strong><a href=\"https:\/\/esdi.es\/ca\/masters-i-postgraus\/masters\/postgrau-disseny-personatges-3d-videojocs\">aquest m\u00e0ster<\/a><\/strong> \u00e9s de les millors. I \u00e9s que els videojocs han arribat per quedar-se. Cada vegada <strong>hi ha m\u00e9s demanda<\/strong> i, per tant, m\u00e9s treball. Forma&#8217;t per pensar i crear els personatges del dem\u00e0 amb un postgrau que t&#8217;ensenyar\u00e0 <strong>tot el relatiu als processos creatius<\/strong> involucrats en un art que molts anomenen &#8220;el vuit\u00e8&#8221;. Concepte, modelatge, esculpit, retopologia i un llarg etc\u00e8tera de t\u00e8cniques t&#8217;esperen en els directes d&#8217;aquest postgrau que promet catapultar-a les millors companyies i projectes del m\u00f3n.<\/p>\n\n\n\n<h4 class=\"wp-block-heading\">M\u00e0ster en Estilisme, Imatge i Comunicaci\u00f3 de Moda<\/h4>\n\n\n\n<p>En els \u00faltims anys, la moda s&#8217;ha convertit en una part crucial del genoma de les societats. Els diferents corrents han deixat de ser una necessitat per ser un s\u00edmbol, una identitat. Conscient de la seva import\u00e0ncia, a ESDI s&#8217;ofereix <strong><a href=\"https:\/\/esdi.es\/ca\/estudis\/masters-i-postgraus\/master-ca\/estilisme-imatge-i-comunicacio-de-moda\">aquest m\u00e0ster<\/a><\/strong> per fer de tu una experta o un expert <strong>capa\u00e7 de comunicar tota la complexitat que tanca una pe\u00e7a<\/strong> i aix\u00ed potenciar les marques. Sens dubte una opci\u00f3 de gran calibre si el teu \u00e9s la moda.<\/p>\n\n\n\n<h4 class=\"wp-block-heading\">M\u00e0ster en Disseny d&#8217;Interf\u00edcies i Experi\u00e8ncia d&#8217;Usuari (UI \/ UX)<\/h4>\n\n\n\n<p>Per des\u00e8 any consecutiu, ESDI imparteix <strong><a href=\"https:\/\/esdi.es\/ca\/estudis\/masters-i-postgraus\/master-ca\/interface-and-user-experience-design\">un m\u00e0ster<\/a><\/strong> enfocat a crear professionals <strong>capa\u00e7os de donar solucions UI \/ UX a les empreses<\/strong> pel que fa a la connexi\u00f3 dels seus objectius amb les necessitats de l&#8217;usuari. Amb una metodologia s\u00f2lida que s&#8217;empra per dissenyar i desenvolupar realitats digitals, aprendr\u00e0s a aplicar les t\u00e8cniques per abastar tot el proc\u00e9s.<\/p>\n\n\n\n<p>En definitiva, <strong>ESDI Sabadell<\/strong> t&#8217;ofereix la formaci\u00f3 m\u00e9s puntera i adaptada a les teves necessitats. Entra al seu web i descobreix-ne &nbsp;m\u00e9s!<\/p>\n","protected":false},"excerpt":{"rendered":"<p>La compet\u00e8ncia laboral cada vegada \u00e9s m\u00e9s alta on les empreses busquen perfils capa\u00e7os d&#8217;aportar molt m\u00e9s que un sol tipus de coneixement o habilitat. Amb aix\u00f2 en ment, donem una ullada a una part de l&#8217;oferta de l&#8217;ESDI Sabadell per a aquest 2021. M\u00e0ster en Comissariat d&#8217;Art Digital Aquest m\u00e0ster universitari busca formar comissaris&hellip;<\/p>\n","protected":false},"author":1,"featured_media":9337,"comment_status":"open","ping_status":"open","sticky":false,"template":"","format":"standard","meta":{"footnotes":""},"categories":[6,50],"tags":[],"class_list":["post-9342","post","type-post","status-publish","format-standard","has-post-thumbnail","hentry","category-blog","category-vida-de-lestudiant","entry","has-media"],"yoast_head":"<!-- This site is optimized with the Yoast SEO plugin v26.4 - https:\/\/yoast.com\/wordpress\/plugins\/seo\/ -->\n<title>Els temps exigeixen la millor formaci\u00f3: la que ofereix ESDI Sabadell<\/title>\n<meta name=\"description\" content=\"A ESDI Sabadell s\u00f3n conscients de les capacitats que avui exigeix un m\u00f3n laboral cada vegada m\u00e9s complex. Descobreix algunes propostes.\" \/>\n<meta name=\"robots\" content=\"index, follow, max-snippet:-1, max-image-preview:large, max-video-preview:-1\" \/>\n<link rel=\"canonical\" href=\"https:\/\/resest.com\/ca\/blog\/loferta-formativa-desdi-per-a-aquest-2021\/\" \/>\n<meta property=\"og:locale\" content=\"ca_ES\" \/>\n<meta property=\"og:type\" content=\"article\" \/>\n<meta property=\"og:title\" content=\"Els temps exigeixen la millor formaci\u00f3: la que ofereix ESDI Sabadell\" \/>\n<meta property=\"og:description\" content=\"A ESDI Sabadell s\u00f3n conscients de les capacitats que avui exigeix un m\u00f3n laboral cada vegada m\u00e9s complex. Descobreix algunes propostes.\" \/>\n<meta property=\"og:url\" content=\"https:\/\/resest.com\/ca\/blog\/loferta-formativa-desdi-per-a-aquest-2021\/\" \/>\n<meta property=\"og:site_name\" content=\"Resid\u00e8ncia d&#039;Estudiants l&#039;Estaci\u00f3 de Sabadell | Resest\" \/>\n<meta property=\"article:published_time\" content=\"2021-05-26T14:23:21+00:00\" \/>\n<meta property=\"article:modified_time\" content=\"2021-05-26T14:23:24+00:00\" \/>\n<meta property=\"og:image\" content=\"https:\/\/resest.com\/wp-content\/uploads\/2021\/05\/esdi-sabadell-oferta-formativa.jpg\" \/>\n\t<meta property=\"og:image:width\" content=\"1200\" \/>\n\t<meta property=\"og:image:height\" content=\"800\" \/>\n\t<meta property=\"og:image:type\" content=\"image\/jpeg\" \/>\n<meta name=\"author\" content=\"Resest\" \/>\n<meta name=\"twitter:label1\" content=\"Written by\" \/>\n\t<meta name=\"twitter:data1\" content=\"Resest\" \/>\n\t<meta name=\"twitter:label2\" content=\"Est. reading time\" \/>\n\t<meta name=\"twitter:data2\" content=\"2 minutes\" \/>\n<script type=\"application\/ld+json\" class=\"yoast-schema-graph\">{\"@context\":\"https:\/\/schema.org\",\"@graph\":[{\"@type\":\"Article\",\"@id\":\"https:\/\/resest.com\/ca\/blog\/loferta-formativa-desdi-per-a-aquest-2021\/#article\",\"isPartOf\":{\"@id\":\"https:\/\/resest.com\/ca\/blog\/loferta-formativa-desdi-per-a-aquest-2021\/\"},\"author\":{\"name\":\"Resest\",\"@id\":\"https:\/\/resest.com\/ca\/#\/schema\/person\/d9965768ae08730dafc3a7c835fcc47c\"},\"headline\":\"L&#8217;Oferta Formativa d&#8217;ESDI per a aquest 2021\",\"datePublished\":\"2021-05-26T14:23:21+00:00\",\"dateModified\":\"2021-05-26T14:23:24+00:00\",\"mainEntityOfPage\":{\"@id\":\"https:\/\/resest.com\/ca\/blog\/loferta-formativa-desdi-per-a-aquest-2021\/\"},\"wordCount\":491,\"commentCount\":0,\"publisher\":{\"@id\":\"https:\/\/resest.com\/ca\/#organization\"},\"image\":{\"@id\":\"https:\/\/resest.com\/ca\/blog\/loferta-formativa-desdi-per-a-aquest-2021\/#primaryimage\"},\"thumbnailUrl\":\"https:\/\/resest.com\/wp-content\/uploads\/2021\/05\/esdi-sabadell-oferta-formativa.jpg\",\"articleSection\":[\"Blog\",\"Consells per a estudiants universitaris\"],\"inLanguage\":\"ca-ES\",\"potentialAction\":[{\"@type\":\"CommentAction\",\"name\":\"Comment\",\"target\":[\"https:\/\/resest.com\/ca\/blog\/loferta-formativa-desdi-per-a-aquest-2021\/#respond\"]}]},{\"@type\":\"WebPage\",\"@id\":\"https:\/\/resest.com\/ca\/blog\/loferta-formativa-desdi-per-a-aquest-2021\/\",\"url\":\"https:\/\/resest.com\/ca\/blog\/loferta-formativa-desdi-per-a-aquest-2021\/\",\"name\":\"Els temps exigeixen la millor formaci\u00f3: la que ofereix ESDI Sabadell\",\"isPartOf\":{\"@id\":\"https:\/\/resest.com\/ca\/#website\"},\"primaryImageOfPage\":{\"@id\":\"https:\/\/resest.com\/ca\/blog\/loferta-formativa-desdi-per-a-aquest-2021\/#primaryimage\"},\"image\":{\"@id\":\"https:\/\/resest.com\/ca\/blog\/loferta-formativa-desdi-per-a-aquest-2021\/#primaryimage\"},\"thumbnailUrl\":\"https:\/\/resest.com\/wp-content\/uploads\/2021\/05\/esdi-sabadell-oferta-formativa.jpg\",\"datePublished\":\"2021-05-26T14:23:21+00:00\",\"dateModified\":\"2021-05-26T14:23:24+00:00\",\"description\":\"A ESDI Sabadell s\u00f3n conscients de les capacitats que avui exigeix un m\u00f3n laboral cada vegada m\u00e9s complex. Descobreix algunes propostes.\",\"breadcrumb\":{\"@id\":\"https:\/\/resest.com\/ca\/blog\/loferta-formativa-desdi-per-a-aquest-2021\/#breadcrumb\"},\"inLanguage\":\"ca-ES\",\"potentialAction\":[{\"@type\":\"ReadAction\",\"target\":[\"https:\/\/resest.com\/ca\/blog\/loferta-formativa-desdi-per-a-aquest-2021\/\"]}]},{\"@type\":\"ImageObject\",\"inLanguage\":\"ca-ES\",\"@id\":\"https:\/\/resest.com\/ca\/blog\/loferta-formativa-desdi-per-a-aquest-2021\/#primaryimage\",\"url\":\"https:\/\/resest.com\/wp-content\/uploads\/2021\/05\/esdi-sabadell-oferta-formativa.jpg\",\"contentUrl\":\"https:\/\/resest.com\/wp-content\/uploads\/2021\/05\/esdi-sabadell-oferta-formativa.jpg\",\"width\":1200,\"height\":800,\"caption\":\"esdi-sabadell-oferta-formativa\"},{\"@type\":\"BreadcrumbList\",\"@id\":\"https:\/\/resest.com\/ca\/blog\/loferta-formativa-desdi-per-a-aquest-2021\/#breadcrumb\",\"itemListElement\":[{\"@type\":\"ListItem\",\"position\":1,\"name\":\"Inici\",\"item\":\"https:\/\/resest.com\/ca\/\"},{\"@type\":\"ListItem\",\"position\":2,\"name\":\"L&#8217;Oferta Formativa d&#8217;ESDI per a aquest 2021\"}]},{\"@type\":\"WebSite\",\"@id\":\"https:\/\/resest.com\/ca\/#website\",\"url\":\"https:\/\/resest.com\/ca\/\",\"name\":\"Resid\u00e8ncia d&#039;Estudiants l&#039;Estaci\u00f3 de Sabadell | Resest\",\"description\":\"Prop de l\u2019Universitat Aut\u00f2noma de Barcelona (UAB)\",\"publisher\":{\"@id\":\"https:\/\/resest.com\/ca\/#organization\"},\"potentialAction\":[{\"@type\":\"SearchAction\",\"target\":{\"@type\":\"EntryPoint\",\"urlTemplate\":\"https:\/\/resest.com\/ca\/?s={search_term_string}\"},\"query-input\":{\"@type\":\"PropertyValueSpecification\",\"valueRequired\":true,\"valueName\":\"search_term_string\"}}],\"inLanguage\":\"ca-ES\"},{\"@type\":\"Organization\",\"@id\":\"https:\/\/resest.com\/ca\/#organization\",\"name\":\"Resid\u00e8ncia d&#039;Estudiants l&#039;Estaci\u00f3 de Sabadell | Resest\",\"url\":\"https:\/\/resest.com\/ca\/\",\"logo\":{\"@type\":\"ImageObject\",\"inLanguage\":\"ca-ES\",\"@id\":\"https:\/\/resest.com\/ca\/#\/schema\/logo\/image\/\",\"url\":\"https:\/\/resest.com\/wp-content\/uploads\/2024\/03\/Facana-1.jpg\",\"contentUrl\":\"https:\/\/resest.com\/wp-content\/uploads\/2024\/03\/Facana-1.jpg\",\"width\":1200,\"height\":1009,\"caption\":\"Resid\u00e8ncia d&#039;Estudiants l&#039;Estaci\u00f3 de Sabadell | Resest\"},\"image\":{\"@id\":\"https:\/\/resest.com\/ca\/#\/schema\/logo\/image\/\"}},{\"@type\":\"Person\",\"@id\":\"https:\/\/resest.com\/ca\/#\/schema\/person\/d9965768ae08730dafc3a7c835fcc47c\",\"name\":\"Resest\",\"image\":{\"@type\":\"ImageObject\",\"inLanguage\":\"ca-ES\",\"@id\":\"https:\/\/resest.com\/ca\/#\/schema\/person\/image\/\",\"url\":\"https:\/\/secure.gravatar.com\/avatar\/0c7509c85c836ff68bc43efa415976254ed1463e7bbc3edf38a658092e29e5b4?s=96&d=mm&r=g\",\"contentUrl\":\"https:\/\/secure.gravatar.com\/avatar\/0c7509c85c836ff68bc43efa415976254ed1463e7bbc3edf38a658092e29e5b4?s=96&d=mm&r=g\",\"caption\":\"Resest\"},\"url\":\"https:\/\/resest.com\/ca\/author\/jordi\/\"}]}<\/script>\n<!-- \/ Yoast SEO plugin. -->","yoast_head_json":{"title":"Els temps exigeixen la millor formaci\u00f3: la que ofereix ESDI Sabadell","description":"A ESDI Sabadell s\u00f3n conscients de les capacitats que avui exigeix un m\u00f3n laboral cada vegada m\u00e9s complex. Descobreix algunes propostes.","robots":{"index":"index","follow":"follow","max-snippet":"max-snippet:-1","max-image-preview":"max-image-preview:large","max-video-preview":"max-video-preview:-1"},"canonical":"https:\/\/resest.com\/ca\/blog\/loferta-formativa-desdi-per-a-aquest-2021\/","og_locale":"ca_ES","og_type":"article","og_title":"Els temps exigeixen la millor formaci\u00f3: la que ofereix ESDI Sabadell","og_description":"A ESDI Sabadell s\u00f3n conscients de les capacitats que avui exigeix un m\u00f3n laboral cada vegada m\u00e9s complex. Descobreix algunes propostes.","og_url":"https:\/\/resest.com\/ca\/blog\/loferta-formativa-desdi-per-a-aquest-2021\/","og_site_name":"Resid\u00e8ncia d&#039;Estudiants l&#039;Estaci\u00f3 de Sabadell | Resest","article_published_time":"2021-05-26T14:23:21+00:00","article_modified_time":"2021-05-26T14:23:24+00:00","og_image":[{"width":1200,"height":800,"url":"https:\/\/resest.com\/wp-content\/uploads\/2021\/05\/esdi-sabadell-oferta-formativa.jpg","type":"image\/jpeg"}],"author":"Resest","twitter_misc":{"Written by":"Resest","Est. reading time":"2 minutes"},"schema":{"@context":"https:\/\/schema.org","@graph":[{"@type":"Article","@id":"https:\/\/resest.com\/ca\/blog\/loferta-formativa-desdi-per-a-aquest-2021\/#article","isPartOf":{"@id":"https:\/\/resest.com\/ca\/blog\/loferta-formativa-desdi-per-a-aquest-2021\/"},"author":{"name":"Resest","@id":"https:\/\/resest.com\/ca\/#\/schema\/person\/d9965768ae08730dafc3a7c835fcc47c"},"headline":"L&#8217;Oferta Formativa d&#8217;ESDI per a aquest 2021","datePublished":"2021-05-26T14:23:21+00:00","dateModified":"2021-05-26T14:23:24+00:00","mainEntityOfPage":{"@id":"https:\/\/resest.com\/ca\/blog\/loferta-formativa-desdi-per-a-aquest-2021\/"},"wordCount":491,"commentCount":0,"publisher":{"@id":"https:\/\/resest.com\/ca\/#organization"},"image":{"@id":"https:\/\/resest.com\/ca\/blog\/loferta-formativa-desdi-per-a-aquest-2021\/#primaryimage"},"thumbnailUrl":"https:\/\/resest.com\/wp-content\/uploads\/2021\/05\/esdi-sabadell-oferta-formativa.jpg","articleSection":["Blog","Consells per a estudiants universitaris"],"inLanguage":"ca-ES","potentialAction":[{"@type":"CommentAction","name":"Comment","target":["https:\/\/resest.com\/ca\/blog\/loferta-formativa-desdi-per-a-aquest-2021\/#respond"]}]},{"@type":"WebPage","@id":"https:\/\/resest.com\/ca\/blog\/loferta-formativa-desdi-per-a-aquest-2021\/","url":"https:\/\/resest.com\/ca\/blog\/loferta-formativa-desdi-per-a-aquest-2021\/","name":"Els temps exigeixen la millor formaci\u00f3: la que ofereix ESDI Sabadell","isPartOf":{"@id":"https:\/\/resest.com\/ca\/#website"},"primaryImageOfPage":{"@id":"https:\/\/resest.com\/ca\/blog\/loferta-formativa-desdi-per-a-aquest-2021\/#primaryimage"},"image":{"@id":"https:\/\/resest.com\/ca\/blog\/loferta-formativa-desdi-per-a-aquest-2021\/#primaryimage"},"thumbnailUrl":"https:\/\/resest.com\/wp-content\/uploads\/2021\/05\/esdi-sabadell-oferta-formativa.jpg","datePublished":"2021-05-26T14:23:21+00:00","dateModified":"2021-05-26T14:23:24+00:00","description":"A ESDI Sabadell s\u00f3n conscients de les capacitats que avui exigeix un m\u00f3n laboral cada vegada m\u00e9s complex. Descobreix algunes propostes.","breadcrumb":{"@id":"https:\/\/resest.com\/ca\/blog\/loferta-formativa-desdi-per-a-aquest-2021\/#breadcrumb"},"inLanguage":"ca-ES","potentialAction":[{"@type":"ReadAction","target":["https:\/\/resest.com\/ca\/blog\/loferta-formativa-desdi-per-a-aquest-2021\/"]}]},{"@type":"ImageObject","inLanguage":"ca-ES","@id":"https:\/\/resest.com\/ca\/blog\/loferta-formativa-desdi-per-a-aquest-2021\/#primaryimage","url":"https:\/\/resest.com\/wp-content\/uploads\/2021\/05\/esdi-sabadell-oferta-formativa.jpg","contentUrl":"https:\/\/resest.com\/wp-content\/uploads\/2021\/05\/esdi-sabadell-oferta-formativa.jpg","width":1200,"height":800,"caption":"esdi-sabadell-oferta-formativa"},{"@type":"BreadcrumbList","@id":"https:\/\/resest.com\/ca\/blog\/loferta-formativa-desdi-per-a-aquest-2021\/#breadcrumb","itemListElement":[{"@type":"ListItem","position":1,"name":"Inici","item":"https:\/\/resest.com\/ca\/"},{"@type":"ListItem","position":2,"name":"L&#8217;Oferta Formativa d&#8217;ESDI per a aquest 2021"}]},{"@type":"WebSite","@id":"https:\/\/resest.com\/ca\/#website","url":"https:\/\/resest.com\/ca\/","name":"Resid\u00e8ncia d&#039;Estudiants l&#039;Estaci\u00f3 de Sabadell | Resest","description":"Prop de l\u2019Universitat Aut\u00f2noma de Barcelona (UAB)","publisher":{"@id":"https:\/\/resest.com\/ca\/#organization"},"potentialAction":[{"@type":"SearchAction","target":{"@type":"EntryPoint","urlTemplate":"https:\/\/resest.com\/ca\/?s={search_term_string}"},"query-input":{"@type":"PropertyValueSpecification","valueRequired":true,"valueName":"search_term_string"}}],"inLanguage":"ca-ES"},{"@type":"Organization","@id":"https:\/\/resest.com\/ca\/#organization","name":"Resid\u00e8ncia d&#039;Estudiants l&#039;Estaci\u00f3 de Sabadell | Resest","url":"https:\/\/resest.com\/ca\/","logo":{"@type":"ImageObject","inLanguage":"ca-ES","@id":"https:\/\/resest.com\/ca\/#\/schema\/logo\/image\/","url":"https:\/\/resest.com\/wp-content\/uploads\/2024\/03\/Facana-1.jpg","contentUrl":"https:\/\/resest.com\/wp-content\/uploads\/2024\/03\/Facana-1.jpg","width":1200,"height":1009,"caption":"Resid\u00e8ncia d&#039;Estudiants l&#039;Estaci\u00f3 de Sabadell | Resest"},"image":{"@id":"https:\/\/resest.com\/ca\/#\/schema\/logo\/image\/"}},{"@type":"Person","@id":"https:\/\/resest.com\/ca\/#\/schema\/person\/d9965768ae08730dafc3a7c835fcc47c","name":"Resest","image":{"@type":"ImageObject","inLanguage":"ca-ES","@id":"https:\/\/resest.com\/ca\/#\/schema\/person\/image\/","url":"https:\/\/secure.gravatar.com\/avatar\/0c7509c85c836ff68bc43efa415976254ed1463e7bbc3edf38a658092e29e5b4?s=96&d=mm&r=g","contentUrl":"https:\/\/secure.gravatar.com\/avatar\/0c7509c85c836ff68bc43efa415976254ed1463e7bbc3edf38a658092e29e5b4?s=96&d=mm&r=g","caption":"Resest"},"url":"https:\/\/resest.com\/ca\/author\/jordi\/"}]}},"_links":{"self":[{"href":"https:\/\/resest.com\/ca\/wp-json\/wp\/v2\/posts\/9342","targetHints":{"allow":["GET"]}}],"collection":[{"href":"https:\/\/resest.com\/ca\/wp-json\/wp\/v2\/posts"}],"about":[{"href":"https:\/\/resest.com\/ca\/wp-json\/wp\/v2\/types\/post"}],"author":[{"embeddable":true,"href":"https:\/\/resest.com\/ca\/wp-json\/wp\/v2\/users\/1"}],"replies":[{"embeddable":true,"href":"https:\/\/resest.com\/ca\/wp-json\/wp\/v2\/comments?post=9342"}],"version-history":[{"count":0,"href":"https:\/\/resest.com\/ca\/wp-json\/wp\/v2\/posts\/9342\/revisions"}],"wp:featuredmedia":[{"embeddable":true,"href":"https:\/\/resest.com\/ca\/wp-json\/wp\/v2\/media\/9337"}],"wp:attachment":[{"href":"https:\/\/resest.com\/ca\/wp-json\/wp\/v2\/media?parent=9342"}],"wp:term":[{"taxonomy":"category","embeddable":true,"href":"https:\/\/resest.com\/ca\/wp-json\/wp\/v2\/categories?post=9342"},{"taxonomy":"post_tag","embeddable":true,"href":"https:\/\/resest.com\/ca\/wp-json\/wp\/v2\/tags?post=9342"}],"curies":[{"name":"wp","href":"https:\/\/api.w.org\/{rel}","templated":true}]}}