{"id":9327,"date":"2021-05-10T14:48:00","date_gmt":"2021-05-10T13:48:00","guid":{"rendered":"https:\/\/resest.com\/?p=9327"},"modified":"2021-05-26T14:54:36","modified_gmt":"2021-05-26T13:54:36","slug":"selectivitat-2021-dates-rellevants-consells-tipus-examens","status":"publish","type":"post","link":"https:\/\/resest.com\/ca\/blog\/selectivitat-2021-dates-rellevants-consells-tipus-examens\/","title":{"rendered":"Selectivitat 2021, est\u00e0s preparat?"},"content":{"rendered":"\n<p>La <strong>selectivitat 2021<\/strong> o EBAU aquest any se celebra en dies diferents depenent de cada comunitat aut\u00f2noma. Segueix llegint per trobar les dades m\u00e9s rellevants i petits consells per enfrontar-te a aquesta prova de la millor manera.<\/p>\n\n\n\n<h4 class=\"wp-block-heading\">Com afrontar la prova<\/h4>\n\n\n\n<p>Ja queda poc. Confia en tu, ja que, si has estudiat al llarg de tot l&#8217;any, pensa en aquest examen com un m\u00e9s dels que ja has passat. Per treure-li el m\u00e0xim profit a la selectivitat, hi ha tres recomanacions fonamentals: <strong>descans, organitzaci\u00f3 i confian\u00e7a<\/strong>. Tingues en compte que, si dorms poc per repassar fins molt tard, el teu cervell es ressentir\u00e0.<\/p>\n\n\n\n<p>Aquestes s\u00f3n les dates que ho has d&#8217;oblidar si et toca la <strong>Selectivitat 2021<\/strong>:<\/p>\n\n\n\n<ul class=\"wp-block-list\"><li>Convocat\u00f2ria ordin\u00e0ria: Del <strong>8 al 11 de juny<\/strong>.<\/li><li>Convocat\u00f2ria extraordin\u00e0ria: Del <strong>7 al 9 de setembre<\/strong>.<\/li><li>Presentaci\u00f3 d&#8217;incid\u00e8ncies: Del <strong>15 al 18 de juny<\/strong>.<\/li><li>Resultats dels ex\u00e0mens de la convocat\u00f2ria ordin\u00e0ria disponibles el <strong>25 de juny<\/strong>.<\/li><li>Sol\u00b7licitud de revisi\u00f3 de les proves: Del <strong>25 al 28 de juny<\/strong>.<\/li><\/ul>\n\n\n\n<h4 class=\"wp-block-heading\">Com seran els ex\u00e0mens<\/h4>\n\n\n\n<p>A difer\u00e8ncia d&#8217;altres anys, l&#8217;examen tindr\u00e0 <strong>un temps de 90 minuts amb un m\u00ednim de mitja hora de descans entre proves<\/strong>. Cada mat\u00e8ria constar\u00e0 d&#8217;un test concret i ser\u00e0 una \u00fanica proposta d&#8217;examen amb diverses preguntes, tant de desenvolupament (per refor\u00e7ar el pensament cr\u00edtic) com algunes de resposta m\u00faltiple, depenent de cada comunitat aut\u00f2noma. Recorda portar el DNI, requisit indispensable per poder examinar-te.<\/p>\n\n\n\n<h4 class=\"wp-block-heading\">Fase obligat\u00f2ria i fase volunt\u00e0ria<\/h4>\n\n\n\n<p>La <strong>fase obligat\u00f2ria<\/strong> de les comunitats amb llengua cooficial consisteix en <strong>cinc ex\u00e0mens<\/strong>: Llengua Castellana, Hist\u00f2ria d&#8217;Espanya, Angl\u00e8s, una assignatura de la modalitat de Batxillerat que vas cursar i la llengua pr\u00f2pia del territori. Es puntua de 0 a 10 i es realitza una mitjana aritm\u00e8tica.<\/p>\n\n\n\n<p>La <strong>fase volunt\u00e0ria<\/strong> \u00e9s opcional i permet augmentar en 4 punts la nota d&#8217;acc\u00e9s. Aquesta fase es recomana si la carrera a la qual vols optar est\u00e0 molt sol\u00b7licitada. En aquest sentit, hi ha una <strong>taula de ponderaci\u00f3<\/strong> establerta sobre quines assignatures puntuen m\u00e9s i quins menys. \u00c9s important que la revisis.<\/p>\n\n\n\n<h4 class=\"wp-block-heading\">M\u00e9s enll\u00e0 de la selectivitat 2021<\/h4>\n\n\n\n<p>Si est\u00e0s estudiant la possibilitat d&#8217;estudiar a alguna universitat de Barcelona, \u200b\u200bcom, per exemple, la <strong>UAB<\/strong>, segueix llegint perqu\u00e8 necessites un lloc amb ambient estudiantil on allotjar-te. La nostra <strong>resid\u00e8ncia d&#8217;estudiants<\/strong> est\u00e0 ubicada a Sabadell i disposa de <strong><a href=\"https:\/\/resest.com\/ca\/habitacions-residencia-estudiantil-sabadell-barcelona\/\">18 habitacions dobles<\/a><\/strong>.<\/p>\n\n\n\n<p>No som una resid\u00e8ncia a l&#8217;\u00fas, ja que les nostres habitacions disposen de <strong>balc\u00f3 exterior, bany, climatitzaci\u00f3 i grans finestrals<\/strong> per garantir una il\u00b7luminaci\u00f3 natural. Dins el <a href=\"https:\/\/resest.com\/ca\/tarifes-residencia-per-a-estudiants-a-barcelona-bellaterra\/\">preu <\/a>estan inclosos serveis d&#8217;internet, tel\u00e8fon i neteja setmanal de l&#8217;habitaci\u00f3. Visita la nostra <strong><a href=\"https:\/\/resest.com\/ca\/la-residencia-estudiants-sabadell-barcelona-bellaterra\/\">p\u00e0gina web<\/a><\/strong> i descobreix tot el que podem oferir-te. Per\u00f2 ara \u00e9s moment de centrar-se en la <strong>selectivitat 2021<\/strong> i la resta ja arribar\u00e0. Molta sort!<\/p>\n","protected":false},"excerpt":{"rendered":"<p>La selectivitat 2021 o EBAU aquest any se celebra en dies diferents depenent de cada comunitat aut\u00f2noma. Segueix llegint per trobar les dades m\u00e9s rellevants i petits consells per enfrontar-te a aquesta prova de la millor manera. Com afrontar la prova Ja queda poc. Confia en tu, ja que, si has estudiat al llarg de&hellip;<\/p>\n","protected":false},"author":1,"featured_media":9328,"comment_status":"open","ping_status":"open","sticky":false,"template":"","format":"standard","meta":{"footnotes":""},"categories":[6,50],"tags":[],"class_list":["post-9327","post","type-post","status-publish","format-standard","has-post-thumbnail","hentry","category-blog","category-vida-de-lestudiant","entry","has-media"],"yoast_head":"<!-- This site is optimized with the Yoast SEO plugin v26.4 - https:\/\/yoast.com\/wordpress\/plugins\/seo\/ -->\n<title>Selectivitat 2021: dates rellevants, consells i tipus d&#039;ex\u00e0mens<\/title>\n<meta name=\"description\" content=\"Selectivitat 2021: estas preparat? Avui t&#039;informem sobre les dades m\u00e9s rellevants de la prova d&#039;aquest any. Molta sort!\" \/>\n<meta name=\"robots\" content=\"index, follow, max-snippet:-1, max-image-preview:large, max-video-preview:-1\" \/>\n<link rel=\"canonical\" href=\"https:\/\/resest.com\/ca\/blog\/selectivitat-2021-dates-rellevants-consells-tipus-examens\/\" \/>\n<meta property=\"og:locale\" content=\"ca_ES\" \/>\n<meta property=\"og:type\" content=\"article\" \/>\n<meta property=\"og:title\" content=\"Selectivitat 2021: dates rellevants, consells i tipus d&#039;ex\u00e0mens\" \/>\n<meta property=\"og:description\" content=\"Selectivitat 2021: estas preparat? Avui t&#039;informem sobre les dades m\u00e9s rellevants de la prova d&#039;aquest any. Molta sort!\" \/>\n<meta property=\"og:url\" content=\"https:\/\/resest.com\/ca\/blog\/selectivitat-2021-dates-rellevants-consells-tipus-examens\/\" \/>\n<meta property=\"og:site_name\" content=\"Resid\u00e8ncia d&#039;Estudiants l&#039;Estaci\u00f3 de Sabadell | Resest\" \/>\n<meta property=\"article:published_time\" content=\"2021-05-10T13:48:00+00:00\" \/>\n<meta property=\"article:modified_time\" content=\"2021-05-26T13:54:36+00:00\" \/>\n<meta property=\"og:image\" content=\"https:\/\/resest.com\/wp-content\/uploads\/2021\/05\/selectividad-2021-estas-preparado.jpg\" \/>\n\t<meta property=\"og:image:width\" content=\"1200\" \/>\n\t<meta property=\"og:image:height\" content=\"800\" \/>\n\t<meta property=\"og:image:type\" content=\"image\/jpeg\" \/>\n<meta name=\"author\" content=\"Resest\" \/>\n<meta name=\"twitter:label1\" content=\"Written by\" \/>\n\t<meta name=\"twitter:data1\" content=\"Resest\" \/>\n\t<meta name=\"twitter:label2\" content=\"Est. reading time\" \/>\n\t<meta name=\"twitter:data2\" content=\"2 minutes\" \/>\n<script type=\"application\/ld+json\" class=\"yoast-schema-graph\">{\"@context\":\"https:\/\/schema.org\",\"@graph\":[{\"@type\":\"Article\",\"@id\":\"https:\/\/resest.com\/ca\/blog\/selectivitat-2021-dates-rellevants-consells-tipus-examens\/#article\",\"isPartOf\":{\"@id\":\"https:\/\/resest.com\/ca\/blog\/selectivitat-2021-dates-rellevants-consells-tipus-examens\/\"},\"author\":{\"name\":\"Resest\",\"@id\":\"https:\/\/resest.com\/ca\/#\/schema\/person\/d9965768ae08730dafc3a7c835fcc47c\"},\"headline\":\"Selectivitat 2021, est\u00e0s preparat?\",\"datePublished\":\"2021-05-10T13:48:00+00:00\",\"dateModified\":\"2021-05-26T13:54:36+00:00\",\"mainEntityOfPage\":{\"@id\":\"https:\/\/resest.com\/ca\/blog\/selectivitat-2021-dates-rellevants-consells-tipus-examens\/\"},\"wordCount\":491,\"commentCount\":0,\"publisher\":{\"@id\":\"https:\/\/resest.com\/ca\/#organization\"},\"image\":{\"@id\":\"https:\/\/resest.com\/ca\/blog\/selectivitat-2021-dates-rellevants-consells-tipus-examens\/#primaryimage\"},\"thumbnailUrl\":\"https:\/\/resest.com\/wp-content\/uploads\/2021\/05\/selectividad-2021-estas-preparado.jpg\",\"articleSection\":[\"Blog\",\"Consells per a estudiants universitaris\"],\"inLanguage\":\"ca-ES\",\"potentialAction\":[{\"@type\":\"CommentAction\",\"name\":\"Comment\",\"target\":[\"https:\/\/resest.com\/ca\/blog\/selectivitat-2021-dates-rellevants-consells-tipus-examens\/#respond\"]}]},{\"@type\":\"WebPage\",\"@id\":\"https:\/\/resest.com\/ca\/blog\/selectivitat-2021-dates-rellevants-consells-tipus-examens\/\",\"url\":\"https:\/\/resest.com\/ca\/blog\/selectivitat-2021-dates-rellevants-consells-tipus-examens\/\",\"name\":\"Selectivitat 2021: dates rellevants, consells i tipus d'ex\u00e0mens\",\"isPartOf\":{\"@id\":\"https:\/\/resest.com\/ca\/#website\"},\"primaryImageOfPage\":{\"@id\":\"https:\/\/resest.com\/ca\/blog\/selectivitat-2021-dates-rellevants-consells-tipus-examens\/#primaryimage\"},\"image\":{\"@id\":\"https:\/\/resest.com\/ca\/blog\/selectivitat-2021-dates-rellevants-consells-tipus-examens\/#primaryimage\"},\"thumbnailUrl\":\"https:\/\/resest.com\/wp-content\/uploads\/2021\/05\/selectividad-2021-estas-preparado.jpg\",\"datePublished\":\"2021-05-10T13:48:00+00:00\",\"dateModified\":\"2021-05-26T13:54:36+00:00\",\"description\":\"Selectivitat 2021: estas preparat? Avui t'informem sobre les dades m\u00e9s rellevants de la prova d'aquest any. Molta sort!\",\"breadcrumb\":{\"@id\":\"https:\/\/resest.com\/ca\/blog\/selectivitat-2021-dates-rellevants-consells-tipus-examens\/#breadcrumb\"},\"inLanguage\":\"ca-ES\",\"potentialAction\":[{\"@type\":\"ReadAction\",\"target\":[\"https:\/\/resest.com\/ca\/blog\/selectivitat-2021-dates-rellevants-consells-tipus-examens\/\"]}]},{\"@type\":\"ImageObject\",\"inLanguage\":\"ca-ES\",\"@id\":\"https:\/\/resest.com\/ca\/blog\/selectivitat-2021-dates-rellevants-consells-tipus-examens\/#primaryimage\",\"url\":\"https:\/\/resest.com\/wp-content\/uploads\/2021\/05\/selectividad-2021-estas-preparado.jpg\",\"contentUrl\":\"https:\/\/resest.com\/wp-content\/uploads\/2021\/05\/selectividad-2021-estas-preparado.jpg\",\"width\":1200,\"height\":800,\"caption\":\"selectivitat-2021-estas-preparat\"},{\"@type\":\"BreadcrumbList\",\"@id\":\"https:\/\/resest.com\/ca\/blog\/selectivitat-2021-dates-rellevants-consells-tipus-examens\/#breadcrumb\",\"itemListElement\":[{\"@type\":\"ListItem\",\"position\":1,\"name\":\"Inici\",\"item\":\"https:\/\/resest.com\/ca\/\"},{\"@type\":\"ListItem\",\"position\":2,\"name\":\"Selectivitat 2021, est\u00e0s preparat?\"}]},{\"@type\":\"WebSite\",\"@id\":\"https:\/\/resest.com\/ca\/#website\",\"url\":\"https:\/\/resest.com\/ca\/\",\"name\":\"Resid\u00e8ncia d&#039;Estudiants l&#039;Estaci\u00f3 de Sabadell | Resest\",\"description\":\"Prop de l\u2019Universitat Aut\u00f2noma de Barcelona (UAB)\",\"publisher\":{\"@id\":\"https:\/\/resest.com\/ca\/#organization\"},\"potentialAction\":[{\"@type\":\"SearchAction\",\"target\":{\"@type\":\"EntryPoint\",\"urlTemplate\":\"https:\/\/resest.com\/ca\/?s={search_term_string}\"},\"query-input\":{\"@type\":\"PropertyValueSpecification\",\"valueRequired\":true,\"valueName\":\"search_term_string\"}}],\"inLanguage\":\"ca-ES\"},{\"@type\":\"Organization\",\"@id\":\"https:\/\/resest.com\/ca\/#organization\",\"name\":\"Resid\u00e8ncia d&#039;Estudiants l&#039;Estaci\u00f3 de Sabadell | Resest\",\"url\":\"https:\/\/resest.com\/ca\/\",\"logo\":{\"@type\":\"ImageObject\",\"inLanguage\":\"ca-ES\",\"@id\":\"https:\/\/resest.com\/ca\/#\/schema\/logo\/image\/\",\"url\":\"https:\/\/resest.com\/wp-content\/uploads\/2024\/03\/Facana-1.jpg\",\"contentUrl\":\"https:\/\/resest.com\/wp-content\/uploads\/2024\/03\/Facana-1.jpg\",\"width\":1200,\"height\":1009,\"caption\":\"Resid\u00e8ncia d&#039;Estudiants l&#039;Estaci\u00f3 de Sabadell | Resest\"},\"image\":{\"@id\":\"https:\/\/resest.com\/ca\/#\/schema\/logo\/image\/\"}},{\"@type\":\"Person\",\"@id\":\"https:\/\/resest.com\/ca\/#\/schema\/person\/d9965768ae08730dafc3a7c835fcc47c\",\"name\":\"Resest\",\"image\":{\"@type\":\"ImageObject\",\"inLanguage\":\"ca-ES\",\"@id\":\"https:\/\/resest.com\/ca\/#\/schema\/person\/image\/\",\"url\":\"https:\/\/secure.gravatar.com\/avatar\/0c7509c85c836ff68bc43efa415976254ed1463e7bbc3edf38a658092e29e5b4?s=96&d=mm&r=g\",\"contentUrl\":\"https:\/\/secure.gravatar.com\/avatar\/0c7509c85c836ff68bc43efa415976254ed1463e7bbc3edf38a658092e29e5b4?s=96&d=mm&r=g\",\"caption\":\"Resest\"},\"url\":\"https:\/\/resest.com\/ca\/author\/jordi\/\"}]}<\/script>\n<!-- \/ Yoast SEO plugin. -->","yoast_head_json":{"title":"Selectivitat 2021: dates rellevants, consells i tipus d'ex\u00e0mens","description":"Selectivitat 2021: estas preparat? Avui t'informem sobre les dades m\u00e9s rellevants de la prova d'aquest any. Molta sort!","robots":{"index":"index","follow":"follow","max-snippet":"max-snippet:-1","max-image-preview":"max-image-preview:large","max-video-preview":"max-video-preview:-1"},"canonical":"https:\/\/resest.com\/ca\/blog\/selectivitat-2021-dates-rellevants-consells-tipus-examens\/","og_locale":"ca_ES","og_type":"article","og_title":"Selectivitat 2021: dates rellevants, consells i tipus d'ex\u00e0mens","og_description":"Selectivitat 2021: estas preparat? Avui t'informem sobre les dades m\u00e9s rellevants de la prova d'aquest any. Molta sort!","og_url":"https:\/\/resest.com\/ca\/blog\/selectivitat-2021-dates-rellevants-consells-tipus-examens\/","og_site_name":"Resid\u00e8ncia d&#039;Estudiants l&#039;Estaci\u00f3 de Sabadell | Resest","article_published_time":"2021-05-10T13:48:00+00:00","article_modified_time":"2021-05-26T13:54:36+00:00","og_image":[{"width":1200,"height":800,"url":"https:\/\/resest.com\/wp-content\/uploads\/2021\/05\/selectividad-2021-estas-preparado.jpg","type":"image\/jpeg"}],"author":"Resest","twitter_misc":{"Written by":"Resest","Est. reading time":"2 minutes"},"schema":{"@context":"https:\/\/schema.org","@graph":[{"@type":"Article","@id":"https:\/\/resest.com\/ca\/blog\/selectivitat-2021-dates-rellevants-consells-tipus-examens\/#article","isPartOf":{"@id":"https:\/\/resest.com\/ca\/blog\/selectivitat-2021-dates-rellevants-consells-tipus-examens\/"},"author":{"name":"Resest","@id":"https:\/\/resest.com\/ca\/#\/schema\/person\/d9965768ae08730dafc3a7c835fcc47c"},"headline":"Selectivitat 2021, est\u00e0s preparat?","datePublished":"2021-05-10T13:48:00+00:00","dateModified":"2021-05-26T13:54:36+00:00","mainEntityOfPage":{"@id":"https:\/\/resest.com\/ca\/blog\/selectivitat-2021-dates-rellevants-consells-tipus-examens\/"},"wordCount":491,"commentCount":0,"publisher":{"@id":"https:\/\/resest.com\/ca\/#organization"},"image":{"@id":"https:\/\/resest.com\/ca\/blog\/selectivitat-2021-dates-rellevants-consells-tipus-examens\/#primaryimage"},"thumbnailUrl":"https:\/\/resest.com\/wp-content\/uploads\/2021\/05\/selectividad-2021-estas-preparado.jpg","articleSection":["Blog","Consells per a estudiants universitaris"],"inLanguage":"ca-ES","potentialAction":[{"@type":"CommentAction","name":"Comment","target":["https:\/\/resest.com\/ca\/blog\/selectivitat-2021-dates-rellevants-consells-tipus-examens\/#respond"]}]},{"@type":"WebPage","@id":"https:\/\/resest.com\/ca\/blog\/selectivitat-2021-dates-rellevants-consells-tipus-examens\/","url":"https:\/\/resest.com\/ca\/blog\/selectivitat-2021-dates-rellevants-consells-tipus-examens\/","name":"Selectivitat 2021: dates rellevants, consells i tipus d'ex\u00e0mens","isPartOf":{"@id":"https:\/\/resest.com\/ca\/#website"},"primaryImageOfPage":{"@id":"https:\/\/resest.com\/ca\/blog\/selectivitat-2021-dates-rellevants-consells-tipus-examens\/#primaryimage"},"image":{"@id":"https:\/\/resest.com\/ca\/blog\/selectivitat-2021-dates-rellevants-consells-tipus-examens\/#primaryimage"},"thumbnailUrl":"https:\/\/resest.com\/wp-content\/uploads\/2021\/05\/selectividad-2021-estas-preparado.jpg","datePublished":"2021-05-10T13:48:00+00:00","dateModified":"2021-05-26T13:54:36+00:00","description":"Selectivitat 2021: estas preparat? Avui t'informem sobre les dades m\u00e9s rellevants de la prova d'aquest any. Molta sort!","breadcrumb":{"@id":"https:\/\/resest.com\/ca\/blog\/selectivitat-2021-dates-rellevants-consells-tipus-examens\/#breadcrumb"},"inLanguage":"ca-ES","potentialAction":[{"@type":"ReadAction","target":["https:\/\/resest.com\/ca\/blog\/selectivitat-2021-dates-rellevants-consells-tipus-examens\/"]}]},{"@type":"ImageObject","inLanguage":"ca-ES","@id":"https:\/\/resest.com\/ca\/blog\/selectivitat-2021-dates-rellevants-consells-tipus-examens\/#primaryimage","url":"https:\/\/resest.com\/wp-content\/uploads\/2021\/05\/selectividad-2021-estas-preparado.jpg","contentUrl":"https:\/\/resest.com\/wp-content\/uploads\/2021\/05\/selectividad-2021-estas-preparado.jpg","width":1200,"height":800,"caption":"selectivitat-2021-estas-preparat"},{"@type":"BreadcrumbList","@id":"https:\/\/resest.com\/ca\/blog\/selectivitat-2021-dates-rellevants-consells-tipus-examens\/#breadcrumb","itemListElement":[{"@type":"ListItem","position":1,"name":"Inici","item":"https:\/\/resest.com\/ca\/"},{"@type":"ListItem","position":2,"name":"Selectivitat 2021, est\u00e0s preparat?"}]},{"@type":"WebSite","@id":"https:\/\/resest.com\/ca\/#website","url":"https:\/\/resest.com\/ca\/","name":"Resid\u00e8ncia d&#039;Estudiants l&#039;Estaci\u00f3 de Sabadell | Resest","description":"Prop de l\u2019Universitat Aut\u00f2noma de Barcelona (UAB)","publisher":{"@id":"https:\/\/resest.com\/ca\/#organization"},"potentialAction":[{"@type":"SearchAction","target":{"@type":"EntryPoint","urlTemplate":"https:\/\/resest.com\/ca\/?s={search_term_string}"},"query-input":{"@type":"PropertyValueSpecification","valueRequired":true,"valueName":"search_term_string"}}],"inLanguage":"ca-ES"},{"@type":"Organization","@id":"https:\/\/resest.com\/ca\/#organization","name":"Resid\u00e8ncia d&#039;Estudiants l&#039;Estaci\u00f3 de Sabadell | Resest","url":"https:\/\/resest.com\/ca\/","logo":{"@type":"ImageObject","inLanguage":"ca-ES","@id":"https:\/\/resest.com\/ca\/#\/schema\/logo\/image\/","url":"https:\/\/resest.com\/wp-content\/uploads\/2024\/03\/Facana-1.jpg","contentUrl":"https:\/\/resest.com\/wp-content\/uploads\/2024\/03\/Facana-1.jpg","width":1200,"height":1009,"caption":"Resid\u00e8ncia d&#039;Estudiants l&#039;Estaci\u00f3 de Sabadell | Resest"},"image":{"@id":"https:\/\/resest.com\/ca\/#\/schema\/logo\/image\/"}},{"@type":"Person","@id":"https:\/\/resest.com\/ca\/#\/schema\/person\/d9965768ae08730dafc3a7c835fcc47c","name":"Resest","image":{"@type":"ImageObject","inLanguage":"ca-ES","@id":"https:\/\/resest.com\/ca\/#\/schema\/person\/image\/","url":"https:\/\/secure.gravatar.com\/avatar\/0c7509c85c836ff68bc43efa415976254ed1463e7bbc3edf38a658092e29e5b4?s=96&d=mm&r=g","contentUrl":"https:\/\/secure.gravatar.com\/avatar\/0c7509c85c836ff68bc43efa415976254ed1463e7bbc3edf38a658092e29e5b4?s=96&d=mm&r=g","caption":"Resest"},"url":"https:\/\/resest.com\/ca\/author\/jordi\/"}]}},"_links":{"self":[{"href":"https:\/\/resest.com\/ca\/wp-json\/wp\/v2\/posts\/9327","targetHints":{"allow":["GET"]}}],"collection":[{"href":"https:\/\/resest.com\/ca\/wp-json\/wp\/v2\/posts"}],"about":[{"href":"https:\/\/resest.com\/ca\/wp-json\/wp\/v2\/types\/post"}],"author":[{"embeddable":true,"href":"https:\/\/resest.com\/ca\/wp-json\/wp\/v2\/users\/1"}],"replies":[{"embeddable":true,"href":"https:\/\/resest.com\/ca\/wp-json\/wp\/v2\/comments?post=9327"}],"version-history":[{"count":0,"href":"https:\/\/resest.com\/ca\/wp-json\/wp\/v2\/posts\/9327\/revisions"}],"wp:featuredmedia":[{"embeddable":true,"href":"https:\/\/resest.com\/ca\/wp-json\/wp\/v2\/media\/9328"}],"wp:attachment":[{"href":"https:\/\/resest.com\/ca\/wp-json\/wp\/v2\/media?parent=9327"}],"wp:term":[{"taxonomy":"category","embeddable":true,"href":"https:\/\/resest.com\/ca\/wp-json\/wp\/v2\/categories?post=9327"},{"taxonomy":"post_tag","embeddable":true,"href":"https:\/\/resest.com\/ca\/wp-json\/wp\/v2\/tags?post=9327"}],"curies":[{"name":"wp","href":"https:\/\/api.w.org\/{rel}","templated":true}]}}