{"id":9318,"date":"2021-04-29T15:39:36","date_gmt":"2021-04-29T14:39:36","guid":{"rendered":"https:\/\/resest.com\/?p=9318"},"modified":"2021-04-29T15:39:39","modified_gmt":"2021-04-29T14:39:39","slug":"sabadell-escollida-capital-cultura-catalana-2024","status":"publish","type":"post","link":"https:\/\/resest.com\/ca\/blog\/sabadell-escollida-capital-cultura-catalana-2024\/","title":{"rendered":"Sabadell, Capital de la Cultura Catalana 2024"},"content":{"rendered":"\n<p>El passat 18 de mar\u00e7 es va fer p\u00fablic que Sabadell \u00e9s la ciutat escollida com a <strong>Capital de la Cultura Catalana<\/strong> per a l&#8217;any 2024. Aix\u00ed ho va anunciar el president, Xavier Tudela, en nom de tot el jurat. T&#8217;interessa saber quins s\u00f3n els motius d&#8217;aquesta elecci\u00f3? T\u2019expliquem m\u00e9s sobre <strong>Sabadell i la seva cultura<\/strong>!<\/p>\n\n\n\n<h4 class=\"wp-block-heading\">Sabadell ser\u00e0 la Capital de la Cultura Catalana l&#8217;any 2024<\/h4>\n\n\n\n<p>Tot i que la localitat ha estat l&#8217;\u00fanica que s&#8217;ha presentat al certamen per a l&#8217;any 2024, aix\u00f2 no \u00e9s excloent del fet de que han treballat en una candidatura completa. Per ella, la ciutat ha tingut en compte la <strong>base hist\u00f2rica i la cultura industrial<\/strong>.<\/p>\n\n\n\n<p>Com suposar\u00e0s, durant els propers 3 anys els encarregats tenen pensat posar en marxa diversos projectes per iniciar la seva capitalitat i convertir-se en un referent pel que fa a for\u00e7a cultural. Amb m\u00e9s de 300 entitats repartides per la ciutat i que li confereixen gran vitalitat i dinamisme, la veritat \u00e9s que <strong>Sabadell compta amb una potent i extensa comunitat cultural<\/strong> que probablement coneguis si vius a la zona. Destaquen biblioteques, escoles de m\u00fasica i d&#8217;arts, teatres, museus, l&#8217;arxiu hist\u00f2ric i diferents centres de creaci\u00f3.<\/p>\n\n\n\n<h4 class=\"wp-block-heading\">Coneix m\u00e9s sobre aquest reconeixement<\/h4>\n\n\n\n<p>\u00c9s una designaci\u00f3 que s&#8217;adre\u00e7a a tot el territori catal\u00e0 i que t\u00e9 com a objectiu ampliar la difusi\u00f3, prestigi i \u00fas tant de la llengua, com de la cultura catalana.<\/p>\n\n\n\n<p>Tamb\u00e9 es pret\u00e9n incentivar els municipis a l&#8217;hora de crear agendes que s&#8217;adaptin als requisits, aix\u00ed com <strong>impulsar les diverses formes de cultura<\/strong>. Tot aix\u00f2 s&#8217;aconsegueix promocionant i projectant anualment a la <strong>ciutat escollida com a Capital de la Cultura<\/strong>, de manera que aquesta no nom\u00e9s compti amb la distinci\u00f3 com a recompensa pel seu esfor\u00e7, sin\u00f3 tamb\u00e9 que aquesta localitat sigui m\u00e9s coneguda i valorada.<\/p>\n\n\n\n<p>Des de llavors, es tria a una ciutat que ser\u00e0 designada com la <strong>Capital de la Cultura<\/strong> durant un any sencer. Aquest any 2021 \u00e9s Tortosa, mentre que el 2022 ser\u00e0 Igualada i, l&#8217;any 2023, Lloret de Mar.<\/p>\n\n\n\n<h4 class=\"wp-block-heading\">T&#8217;agradaria estudiar a Sabadell?<\/h4>\n\n\n\n<p>Molts joves decideixen <strong>estudiar a Sabadell<\/strong> no nom\u00e9s per les seves m\u00faltiples possibilitats pel que fa a oci i entreteniment, sin\u00f3 perqu\u00e8 \u00e9s una ciutat relacionada amb la cultura i que ofereix variades opcions quant a formaci\u00f3. D&#8217;altra banda, trobar <strong><a href=\"https:\/\/resest.com\/ca\/la-residencia-estudiants-sabadell-barcelona-bellaterra\/\">allotjament a Sabadell<\/a><\/strong> no et ser\u00e0 complicat, ja que hi ha <strong><a href=\"https:\/\/resest.com\/ca\/installacions-residencia-estudiants-barcelona\/\">resid\u00e8ncies d&#8217;estudiants a Sabadell<\/a><\/strong> com <strong>Resest<\/strong> que t\u2019oferim totes les facilitats a nivell de <strong><a href=\"https:\/\/resest.com\/ca\/ubicacio-residencia-estudiantil-a-sabadell-barcelona\/\">transport i ubicaci\u00f3<\/a><\/strong>, <strong><a href=\"https:\/\/resest.com\/ca\/serveis-residencia-estudiantil-barcelona-bellaterra\/\">serveis<\/a><\/strong> i avantatges possibles.<\/p>\n\n\n\n<p>En definitiva, <strong>Sabadell i cultura<\/strong> estan molt relacionades, i aquest \u00e9s un dels motius principals pels quals s&#8217;ha escollit aquesta poblaci\u00f3 com a <strong>Capital de la Cultura Catalana<\/strong> per a l&#8217;any 2024. Qu\u00e8 hi opines tu al respecte?<\/p>\n","protected":false},"excerpt":{"rendered":"<p>El passat 18 de mar\u00e7 es va fer p\u00fablic que Sabadell \u00e9s la ciutat escollida com a Capital de la Cultura Catalana per a l&#8217;any 2024. Aix\u00ed ho va anunciar el president, Xavier Tudela, en nom de tot el jurat. T&#8217;interessa saber quins s\u00f3n els motius d&#8217;aquesta elecci\u00f3? T\u2019expliquem m\u00e9s sobre Sabadell i la seva&hellip;<\/p>\n","protected":false},"author":1,"featured_media":9319,"comment_status":"open","ping_status":"open","sticky":false,"template":"","format":"standard","meta":{"footnotes":""},"categories":[6,51],"tags":[],"class_list":["post-9318","post","type-post","status-publish","format-standard","has-post-thumbnail","hentry","category-blog","category-activitats-i-oci","entry","has-media"],"yoast_head":"<!-- This site is optimized with the Yoast SEO plugin v26.4 - https:\/\/yoast.com\/wordpress\/plugins\/seo\/ -->\n<title>Sabadell: ciutat Capital de la Cultura 2024 Resid\u00e8ncia d&#039;Estudiants l&#039;Estaci\u00f3 de Sabadell | Resest<\/title>\n<meta name=\"description\" content=\"Et parlem en aquest article sobre Sabadell i la cultura, ja que la ciutat ha estat escollida com a Capital de la Cultura Catalana 2024.\" \/>\n<meta name=\"robots\" content=\"index, follow, max-snippet:-1, max-image-preview:large, max-video-preview:-1\" \/>\n<link rel=\"canonical\" href=\"https:\/\/resest.com\/ca\/blog\/sabadell-escollida-capital-cultura-catalana-2024\/\" \/>\n<meta property=\"og:locale\" content=\"ca_ES\" \/>\n<meta property=\"og:type\" content=\"article\" \/>\n<meta property=\"og:title\" content=\"Sabadell: ciutat Capital de la Cultura 2024 Resid\u00e8ncia d&#039;Estudiants l&#039;Estaci\u00f3 de Sabadell | Resest\" \/>\n<meta property=\"og:description\" content=\"Et parlem en aquest article sobre Sabadell i la cultura, ja que la ciutat ha estat escollida com a Capital de la Cultura Catalana 2024.\" \/>\n<meta property=\"og:url\" content=\"https:\/\/resest.com\/ca\/blog\/sabadell-escollida-capital-cultura-catalana-2024\/\" \/>\n<meta property=\"og:site_name\" content=\"Resid\u00e8ncia d&#039;Estudiants l&#039;Estaci\u00f3 de Sabadell | Resest\" \/>\n<meta property=\"article:published_time\" content=\"2021-04-29T14:39:36+00:00\" \/>\n<meta property=\"article:modified_time\" content=\"2021-04-29T14:39:39+00:00\" \/>\n<meta property=\"og:image\" content=\"https:\/\/resest.com\/wp-content\/uploads\/2021\/04\/sabadell-ciutat-cultura-catalana.jpg\" \/>\n\t<meta property=\"og:image:width\" content=\"1200\" \/>\n\t<meta property=\"og:image:height\" content=\"799\" \/>\n\t<meta property=\"og:image:type\" content=\"image\/jpeg\" \/>\n<meta name=\"author\" content=\"Resest\" \/>\n<meta name=\"twitter:label1\" content=\"Written by\" \/>\n\t<meta name=\"twitter:data1\" content=\"Resest\" \/>\n\t<meta name=\"twitter:label2\" content=\"Est. reading time\" \/>\n\t<meta name=\"twitter:data2\" content=\"2 minutes\" \/>\n<script type=\"application\/ld+json\" class=\"yoast-schema-graph\">{\"@context\":\"https:\/\/schema.org\",\"@graph\":[{\"@type\":\"Article\",\"@id\":\"https:\/\/resest.com\/ca\/blog\/sabadell-escollida-capital-cultura-catalana-2024\/#article\",\"isPartOf\":{\"@id\":\"https:\/\/resest.com\/ca\/blog\/sabadell-escollida-capital-cultura-catalana-2024\/\"},\"author\":{\"name\":\"Resest\",\"@id\":\"https:\/\/resest.com\/ca\/#\/schema\/person\/d9965768ae08730dafc3a7c835fcc47c\"},\"headline\":\"Sabadell, Capital de la Cultura Catalana 2024\",\"datePublished\":\"2021-04-29T14:39:36+00:00\",\"dateModified\":\"2021-04-29T14:39:39+00:00\",\"mainEntityOfPage\":{\"@id\":\"https:\/\/resest.com\/ca\/blog\/sabadell-escollida-capital-cultura-catalana-2024\/\"},\"wordCount\":486,\"commentCount\":0,\"publisher\":{\"@id\":\"https:\/\/resest.com\/ca\/#organization\"},\"image\":{\"@id\":\"https:\/\/resest.com\/ca\/blog\/sabadell-escollida-capital-cultura-catalana-2024\/#primaryimage\"},\"thumbnailUrl\":\"https:\/\/resest.com\/wp-content\/uploads\/2021\/04\/sabadell-ciutat-cultura-catalana.jpg\",\"articleSection\":[\"Blog\",\"Qu\u00e8 fer a Sabadell i Barcelona\"],\"inLanguage\":\"ca-ES\",\"potentialAction\":[{\"@type\":\"CommentAction\",\"name\":\"Comment\",\"target\":[\"https:\/\/resest.com\/ca\/blog\/sabadell-escollida-capital-cultura-catalana-2024\/#respond\"]}]},{\"@type\":\"WebPage\",\"@id\":\"https:\/\/resest.com\/ca\/blog\/sabadell-escollida-capital-cultura-catalana-2024\/\",\"url\":\"https:\/\/resest.com\/ca\/blog\/sabadell-escollida-capital-cultura-catalana-2024\/\",\"name\":\"Sabadell: ciutat Capital de la Cultura 2024 Resid\u00e8ncia d&#039;Estudiants l&#039;Estaci\u00f3 de Sabadell | Resest\",\"isPartOf\":{\"@id\":\"https:\/\/resest.com\/ca\/#website\"},\"primaryImageOfPage\":{\"@id\":\"https:\/\/resest.com\/ca\/blog\/sabadell-escollida-capital-cultura-catalana-2024\/#primaryimage\"},\"image\":{\"@id\":\"https:\/\/resest.com\/ca\/blog\/sabadell-escollida-capital-cultura-catalana-2024\/#primaryimage\"},\"thumbnailUrl\":\"https:\/\/resest.com\/wp-content\/uploads\/2021\/04\/sabadell-ciutat-cultura-catalana.jpg\",\"datePublished\":\"2021-04-29T14:39:36+00:00\",\"dateModified\":\"2021-04-29T14:39:39+00:00\",\"description\":\"Et parlem en aquest article sobre Sabadell i la cultura, ja que la ciutat ha estat escollida com a Capital de la Cultura Catalana 2024.\",\"breadcrumb\":{\"@id\":\"https:\/\/resest.com\/ca\/blog\/sabadell-escollida-capital-cultura-catalana-2024\/#breadcrumb\"},\"inLanguage\":\"ca-ES\",\"potentialAction\":[{\"@type\":\"ReadAction\",\"target\":[\"https:\/\/resest.com\/ca\/blog\/sabadell-escollida-capital-cultura-catalana-2024\/\"]}]},{\"@type\":\"ImageObject\",\"inLanguage\":\"ca-ES\",\"@id\":\"https:\/\/resest.com\/ca\/blog\/sabadell-escollida-capital-cultura-catalana-2024\/#primaryimage\",\"url\":\"https:\/\/resest.com\/wp-content\/uploads\/2021\/04\/sabadell-ciutat-cultura-catalana.jpg\",\"contentUrl\":\"https:\/\/resest.com\/wp-content\/uploads\/2021\/04\/sabadell-ciutat-cultura-catalana.jpg\",\"width\":1200,\"height\":799,\"caption\":\"sabadell-ciutat-cultura-catalana\"},{\"@type\":\"BreadcrumbList\",\"@id\":\"https:\/\/resest.com\/ca\/blog\/sabadell-escollida-capital-cultura-catalana-2024\/#breadcrumb\",\"itemListElement\":[{\"@type\":\"ListItem\",\"position\":1,\"name\":\"Inici\",\"item\":\"https:\/\/resest.com\/ca\/\"},{\"@type\":\"ListItem\",\"position\":2,\"name\":\"Sabadell, Capital de la Cultura Catalana 2024\"}]},{\"@type\":\"WebSite\",\"@id\":\"https:\/\/resest.com\/ca\/#website\",\"url\":\"https:\/\/resest.com\/ca\/\",\"name\":\"Resid\u00e8ncia d&#039;Estudiants l&#039;Estaci\u00f3 de Sabadell | Resest\",\"description\":\"Prop de l\u2019Universitat Aut\u00f2noma de Barcelona (UAB)\",\"publisher\":{\"@id\":\"https:\/\/resest.com\/ca\/#organization\"},\"potentialAction\":[{\"@type\":\"SearchAction\",\"target\":{\"@type\":\"EntryPoint\",\"urlTemplate\":\"https:\/\/resest.com\/ca\/?s={search_term_string}\"},\"query-input\":{\"@type\":\"PropertyValueSpecification\",\"valueRequired\":true,\"valueName\":\"search_term_string\"}}],\"inLanguage\":\"ca-ES\"},{\"@type\":\"Organization\",\"@id\":\"https:\/\/resest.com\/ca\/#organization\",\"name\":\"Resid\u00e8ncia d&#039;Estudiants l&#039;Estaci\u00f3 de Sabadell | Resest\",\"url\":\"https:\/\/resest.com\/ca\/\",\"logo\":{\"@type\":\"ImageObject\",\"inLanguage\":\"ca-ES\",\"@id\":\"https:\/\/resest.com\/ca\/#\/schema\/logo\/image\/\",\"url\":\"https:\/\/resest.com\/wp-content\/uploads\/2024\/03\/Facana-1.jpg\",\"contentUrl\":\"https:\/\/resest.com\/wp-content\/uploads\/2024\/03\/Facana-1.jpg\",\"width\":1200,\"height\":1009,\"caption\":\"Resid\u00e8ncia d&#039;Estudiants l&#039;Estaci\u00f3 de Sabadell | Resest\"},\"image\":{\"@id\":\"https:\/\/resest.com\/ca\/#\/schema\/logo\/image\/\"}},{\"@type\":\"Person\",\"@id\":\"https:\/\/resest.com\/ca\/#\/schema\/person\/d9965768ae08730dafc3a7c835fcc47c\",\"name\":\"Resest\",\"image\":{\"@type\":\"ImageObject\",\"inLanguage\":\"ca-ES\",\"@id\":\"https:\/\/resest.com\/ca\/#\/schema\/person\/image\/\",\"url\":\"https:\/\/secure.gravatar.com\/avatar\/0c7509c85c836ff68bc43efa415976254ed1463e7bbc3edf38a658092e29e5b4?s=96&d=mm&r=g\",\"contentUrl\":\"https:\/\/secure.gravatar.com\/avatar\/0c7509c85c836ff68bc43efa415976254ed1463e7bbc3edf38a658092e29e5b4?s=96&d=mm&r=g\",\"caption\":\"Resest\"},\"url\":\"https:\/\/resest.com\/ca\/author\/jordi\/\"}]}<\/script>\n<!-- \/ Yoast SEO plugin. -->","yoast_head_json":{"title":"Sabadell: ciutat Capital de la Cultura 2024 Resid\u00e8ncia d&#039;Estudiants l&#039;Estaci\u00f3 de Sabadell | Resest","description":"Et parlem en aquest article sobre Sabadell i la cultura, ja que la ciutat ha estat escollida com a Capital de la Cultura Catalana 2024.","robots":{"index":"index","follow":"follow","max-snippet":"max-snippet:-1","max-image-preview":"max-image-preview:large","max-video-preview":"max-video-preview:-1"},"canonical":"https:\/\/resest.com\/ca\/blog\/sabadell-escollida-capital-cultura-catalana-2024\/","og_locale":"ca_ES","og_type":"article","og_title":"Sabadell: ciutat Capital de la Cultura 2024 Resid\u00e8ncia d&#039;Estudiants l&#039;Estaci\u00f3 de Sabadell | Resest","og_description":"Et parlem en aquest article sobre Sabadell i la cultura, ja que la ciutat ha estat escollida com a Capital de la Cultura Catalana 2024.","og_url":"https:\/\/resest.com\/ca\/blog\/sabadell-escollida-capital-cultura-catalana-2024\/","og_site_name":"Resid\u00e8ncia d&#039;Estudiants l&#039;Estaci\u00f3 de Sabadell | Resest","article_published_time":"2021-04-29T14:39:36+00:00","article_modified_time":"2021-04-29T14:39:39+00:00","og_image":[{"width":1200,"height":799,"url":"https:\/\/resest.com\/wp-content\/uploads\/2021\/04\/sabadell-ciutat-cultura-catalana.jpg","type":"image\/jpeg"}],"author":"Resest","twitter_misc":{"Written by":"Resest","Est. reading time":"2 minutes"},"schema":{"@context":"https:\/\/schema.org","@graph":[{"@type":"Article","@id":"https:\/\/resest.com\/ca\/blog\/sabadell-escollida-capital-cultura-catalana-2024\/#article","isPartOf":{"@id":"https:\/\/resest.com\/ca\/blog\/sabadell-escollida-capital-cultura-catalana-2024\/"},"author":{"name":"Resest","@id":"https:\/\/resest.com\/ca\/#\/schema\/person\/d9965768ae08730dafc3a7c835fcc47c"},"headline":"Sabadell, Capital de la Cultura Catalana 2024","datePublished":"2021-04-29T14:39:36+00:00","dateModified":"2021-04-29T14:39:39+00:00","mainEntityOfPage":{"@id":"https:\/\/resest.com\/ca\/blog\/sabadell-escollida-capital-cultura-catalana-2024\/"},"wordCount":486,"commentCount":0,"publisher":{"@id":"https:\/\/resest.com\/ca\/#organization"},"image":{"@id":"https:\/\/resest.com\/ca\/blog\/sabadell-escollida-capital-cultura-catalana-2024\/#primaryimage"},"thumbnailUrl":"https:\/\/resest.com\/wp-content\/uploads\/2021\/04\/sabadell-ciutat-cultura-catalana.jpg","articleSection":["Blog","Qu\u00e8 fer a Sabadell i Barcelona"],"inLanguage":"ca-ES","potentialAction":[{"@type":"CommentAction","name":"Comment","target":["https:\/\/resest.com\/ca\/blog\/sabadell-escollida-capital-cultura-catalana-2024\/#respond"]}]},{"@type":"WebPage","@id":"https:\/\/resest.com\/ca\/blog\/sabadell-escollida-capital-cultura-catalana-2024\/","url":"https:\/\/resest.com\/ca\/blog\/sabadell-escollida-capital-cultura-catalana-2024\/","name":"Sabadell: ciutat Capital de la Cultura 2024 Resid\u00e8ncia d&#039;Estudiants l&#039;Estaci\u00f3 de Sabadell | Resest","isPartOf":{"@id":"https:\/\/resest.com\/ca\/#website"},"primaryImageOfPage":{"@id":"https:\/\/resest.com\/ca\/blog\/sabadell-escollida-capital-cultura-catalana-2024\/#primaryimage"},"image":{"@id":"https:\/\/resest.com\/ca\/blog\/sabadell-escollida-capital-cultura-catalana-2024\/#primaryimage"},"thumbnailUrl":"https:\/\/resest.com\/wp-content\/uploads\/2021\/04\/sabadell-ciutat-cultura-catalana.jpg","datePublished":"2021-04-29T14:39:36+00:00","dateModified":"2021-04-29T14:39:39+00:00","description":"Et parlem en aquest article sobre Sabadell i la cultura, ja que la ciutat ha estat escollida com a Capital de la Cultura Catalana 2024.","breadcrumb":{"@id":"https:\/\/resest.com\/ca\/blog\/sabadell-escollida-capital-cultura-catalana-2024\/#breadcrumb"},"inLanguage":"ca-ES","potentialAction":[{"@type":"ReadAction","target":["https:\/\/resest.com\/ca\/blog\/sabadell-escollida-capital-cultura-catalana-2024\/"]}]},{"@type":"ImageObject","inLanguage":"ca-ES","@id":"https:\/\/resest.com\/ca\/blog\/sabadell-escollida-capital-cultura-catalana-2024\/#primaryimage","url":"https:\/\/resest.com\/wp-content\/uploads\/2021\/04\/sabadell-ciutat-cultura-catalana.jpg","contentUrl":"https:\/\/resest.com\/wp-content\/uploads\/2021\/04\/sabadell-ciutat-cultura-catalana.jpg","width":1200,"height":799,"caption":"sabadell-ciutat-cultura-catalana"},{"@type":"BreadcrumbList","@id":"https:\/\/resest.com\/ca\/blog\/sabadell-escollida-capital-cultura-catalana-2024\/#breadcrumb","itemListElement":[{"@type":"ListItem","position":1,"name":"Inici","item":"https:\/\/resest.com\/ca\/"},{"@type":"ListItem","position":2,"name":"Sabadell, Capital de la Cultura Catalana 2024"}]},{"@type":"WebSite","@id":"https:\/\/resest.com\/ca\/#website","url":"https:\/\/resest.com\/ca\/","name":"Resid\u00e8ncia d&#039;Estudiants l&#039;Estaci\u00f3 de Sabadell | Resest","description":"Prop de l\u2019Universitat Aut\u00f2noma de Barcelona (UAB)","publisher":{"@id":"https:\/\/resest.com\/ca\/#organization"},"potentialAction":[{"@type":"SearchAction","target":{"@type":"EntryPoint","urlTemplate":"https:\/\/resest.com\/ca\/?s={search_term_string}"},"query-input":{"@type":"PropertyValueSpecification","valueRequired":true,"valueName":"search_term_string"}}],"inLanguage":"ca-ES"},{"@type":"Organization","@id":"https:\/\/resest.com\/ca\/#organization","name":"Resid\u00e8ncia d&#039;Estudiants l&#039;Estaci\u00f3 de Sabadell | Resest","url":"https:\/\/resest.com\/ca\/","logo":{"@type":"ImageObject","inLanguage":"ca-ES","@id":"https:\/\/resest.com\/ca\/#\/schema\/logo\/image\/","url":"https:\/\/resest.com\/wp-content\/uploads\/2024\/03\/Facana-1.jpg","contentUrl":"https:\/\/resest.com\/wp-content\/uploads\/2024\/03\/Facana-1.jpg","width":1200,"height":1009,"caption":"Resid\u00e8ncia d&#039;Estudiants l&#039;Estaci\u00f3 de Sabadell | Resest"},"image":{"@id":"https:\/\/resest.com\/ca\/#\/schema\/logo\/image\/"}},{"@type":"Person","@id":"https:\/\/resest.com\/ca\/#\/schema\/person\/d9965768ae08730dafc3a7c835fcc47c","name":"Resest","image":{"@type":"ImageObject","inLanguage":"ca-ES","@id":"https:\/\/resest.com\/ca\/#\/schema\/person\/image\/","url":"https:\/\/secure.gravatar.com\/avatar\/0c7509c85c836ff68bc43efa415976254ed1463e7bbc3edf38a658092e29e5b4?s=96&d=mm&r=g","contentUrl":"https:\/\/secure.gravatar.com\/avatar\/0c7509c85c836ff68bc43efa415976254ed1463e7bbc3edf38a658092e29e5b4?s=96&d=mm&r=g","caption":"Resest"},"url":"https:\/\/resest.com\/ca\/author\/jordi\/"}]}},"_links":{"self":[{"href":"https:\/\/resest.com\/ca\/wp-json\/wp\/v2\/posts\/9318","targetHints":{"allow":["GET"]}}],"collection":[{"href":"https:\/\/resest.com\/ca\/wp-json\/wp\/v2\/posts"}],"about":[{"href":"https:\/\/resest.com\/ca\/wp-json\/wp\/v2\/types\/post"}],"author":[{"embeddable":true,"href":"https:\/\/resest.com\/ca\/wp-json\/wp\/v2\/users\/1"}],"replies":[{"embeddable":true,"href":"https:\/\/resest.com\/ca\/wp-json\/wp\/v2\/comments?post=9318"}],"version-history":[{"count":0,"href":"https:\/\/resest.com\/ca\/wp-json\/wp\/v2\/posts\/9318\/revisions"}],"wp:featuredmedia":[{"embeddable":true,"href":"https:\/\/resest.com\/ca\/wp-json\/wp\/v2\/media\/9319"}],"wp:attachment":[{"href":"https:\/\/resest.com\/ca\/wp-json\/wp\/v2\/media?parent=9318"}],"wp:term":[{"taxonomy":"category","embeddable":true,"href":"https:\/\/resest.com\/ca\/wp-json\/wp\/v2\/categories?post=9318"},{"taxonomy":"post_tag","embeddable":true,"href":"https:\/\/resest.com\/ca\/wp-json\/wp\/v2\/tags?post=9318"}],"curies":[{"name":"wp","href":"https:\/\/api.w.org\/{rel}","templated":true}]}}