{"id":9283,"date":"2021-02-25T16:04:00","date_gmt":"2021-02-25T15:04:00","guid":{"rendered":"https:\/\/resest.com\/?p=9283"},"modified":"2021-03-08T16:07:57","modified_gmt":"2021-03-08T15:07:57","slug":"installacions-residencia-estudiants-sabadell","status":"publish","type":"post","link":"https:\/\/resest.com\/ca\/blog\/installacions-residencia-estudiants-sabadell\/","title":{"rendered":"Les instal\u00b7lacions de la residencia d&#8217;estudiants de Sabadell"},"content":{"rendered":"\n<p>Un dels punts forts d\u2019una <strong>resid\u00e8ncia per a estudiants<\/strong> recau en les seves instal\u00b7lacions i en el cas del nostre <strong>allotjament d\u2019estudiants de Sabadell<\/strong> ho tenim molt present.<\/p>\n\n\n\n<p>El nostre objectiu \u00e9s que els residents que s\u2019allotgen a la <strong><a href=\"https:\/\/resest.com\/ca\/la-residencia-estudiants-sabadell-barcelona-bellaterra\/\">Resid\u00e8ncia d\u2019Estudiants l\u2019Estaci\u00f3 de Sabadell<\/a><\/strong> visquin els seus anys universitaris fora de casa de la manera m\u00e9s c\u00f2mode i familiar possible. Som conscients que el fet de viure fora de casa durant aquesta etapa pot de vegades ser m\u00e9s dif\u00edcil del que pot semblar a priori, per aix\u00f2, el m\u00e9s important per a <strong>Resest<\/strong> \u00e9s el benestar dels residents.<\/p>\n\n\n\n<p>La nostra <strong><a href=\"https:\/\/resest.com\/ca\/serveis-residencia-estudiantil-barcelona-bellaterra\/\">resid\u00e8ncia estudiantil de Sabadell<\/a><\/strong> \u00e9s molt familiar ja que est\u00e0 dotada amb 18 habitacions dobles, \u00e9s a dir, que t\u00e9 capacitat per a un total de 36 estudiants. A m\u00e9s, gaudim d\u2019una <strong><a href=\"https:\/\/resest.com\/ca\/ubicacio-residencia-estudiantil-a-sabadell-barcelona\/\">ubicaci\u00f3 privilegiada<\/a><\/strong>, ja que la <strong>resid\u00e8ncia d\u2019estudiants est\u00e0 molt propera a Bellaterra<\/strong> i disposa de gran varietat de transport p\u00fablic que connecta amb la <strong>Universitat Aut\u00f2noma de Barcelona<\/strong>.<\/p>\n\n\n\n<h3 class=\"wp-block-heading\">Les instal\u00b7lacions de la resid\u00e8ncia d\u2019estudiants l\u2019Estaci\u00f3 de Sabadell<\/h3>\n\n\n\n<p>Estem equipats amb <strong>modernes instal\u00b7lacions de dom\u00f2tica<\/strong> a tot l\u2019edifici per cobrir totes les funcions rutin\u00e0ries de portes d\u2019acc\u00e9s, persianes, climatitzaci\u00f3, il\u00b7luminaci\u00f3, etc. Aquest sistema brinda una vida quotidiana m\u00e9s c\u00f2moda i independent als nostres estudiants. Un sistema de c\u00e0meres de control de l\u2019entrada i de les zones interiors comunes garanteix en tot moment la seguretat durant l\u2019allotjament dels residents, respectant sempre la seva intimitat.<\/p>\n\n\n\n<p>A continuaci\u00f3 posem a la vostra disposici\u00f3 el llistat de les <strong><a href=\"https:\/\/resest.com\/ca\/installacions-residencia-estudiants-barcelona\/\">instal\u00b7lacions de l\u2019allotjament d\u2019estudiants<\/a> <\/strong>pr\u00f2xim a Bellaterra (UAB):<\/p>\n\n\n\n<ul class=\"wp-block-list\"><li>Porta d\u2019acc\u00e9s principal regulada amb targeta electr\u00f2nica personal i lector biom\u00e8tric<\/li><li>Instal\u00b7laci\u00f3 dom\u00f2tica a tot l\u2019edifici per portes d\u2019acc\u00e9s, persianes, climatitzaci\u00f3, il\u00b7luminaci\u00f3, etc.<\/li><li>Cuina per a \u00fas lliure, amb habitacles privats per guardar aliments o utensilis particulars dels usuaris<\/li><li>Sala menjador<\/li><li>Sala d\u2019estar amb televisi\u00f3<\/li><li>Sala internet i estudi<\/li><li>Wifi d\u2019alta velocitat a tota la resid\u00e8ncia<\/li><li>Tel\u00e8fon a totes les habitacions<\/li><li>Presa de TV a totes les habitacions<\/li><li>Font d\u2019aigua natural i freda<\/li><li>M\u00e0quines dispensadores de begudes, snacks i caf\u00e8<\/li><li>Terrassa-sol\u00e0rium amb elements de descans i esbarjo (taules, cadires, gandules per prendre el sol)<\/li><li>Bugaderia amb safareig, rentadora, assecadora i planxa per \u00fas dels residents<\/li><li>Control d\u2019accessos, espais comuns i exterior amb c\u00e0meres les 24 hores<\/li><li>B\u00fasties personals per la correspond\u00e8ncia i avisos<\/li><\/ul>\n\n\n\n<p>Si busques una <strong><a href=\"https:\/\/resest.com\/ca\/la-residencia-estudiants-sabadell-barcelona-bellaterra\/\">resid\u00e8ncia d\u2019estudiants a Bellaterra o als voltants<\/a><\/strong>, vine a visitar-nos!<\/p>\n\n\n\n<p><strong><a href=\"https:\/\/resest.com\/ca\/contactar-allotjament-estudiantil-bellaterra-barcelona\/\">Contacta amb nosaltres<\/a><\/strong> per concertar una visita i veure les instal\u00b7lacions en persona. Mentrestant, o si la dist\u00e0ncia no t\u2019ho permet, pots <strong><a href=\"https:\/\/resest.com\/ca\/contactar-allotjament-estudiantil-bellaterra-barcelona\/\">concertar una visita virtual<\/a><\/strong>.<\/p>\n\n\n\n<p>El nostre objectiu \u00e9s que els residents que s\u2019allotgen a la <strong><a href=\"https:\/\/resest.com\/ca\/la-residencia-estudiants-sabadell-barcelona-bellaterra\/\">Resid\u00e8ncia d\u2019Estudiants l\u2019Estaci\u00f3 de Sabadell<\/a><\/strong> visquin els seus anys universitaris fora de casa de la manera m\u00e9s c\u00f2mode i familiar possible. Som conscients que el fet de viure fora de casa durant aquesta etapa pot de vegades ser m\u00e9s dif\u00edcil del que pot semblar a priori, per aix\u00f2, el m\u00e9s important per a <strong>Resest<\/strong> \u00e9s el benestar dels residents.<\/p>\n\n\n\n<p>La nostra <strong><a href=\"https:\/\/resest.com\/ca\/serveis-residencia-estudiantil-barcelona-bellaterra\/\">resid\u00e8ncia estudiantil de Sabadell<\/a><\/strong> \u00e9s molt familiar ja que est\u00e0 dotada amb 18 habitacions dobles, \u00e9s a dir, que t\u00e9 capacitat per a un total de 36 estudiants. A m\u00e9s, gaudim d\u2019una <strong><a href=\"https:\/\/resest.com\/ca\/ubicacio-residencia-estudiantil-a-sabadell-barcelona\/\">ubicaci\u00f3 privilegiada<\/a><\/strong>, ja que la <strong>resid\u00e8ncia d\u2019estudiants est\u00e0 molt propera a Bellaterra<\/strong> i disposa de gran varietat de transport p\u00fablic que connecta amb la <strong>Universitat Aut\u00f2noma de Barcelona<\/strong>.<\/p>\n\n\n\n<p>Les instal\u00b7lacions de la resid\u00e8ncia d\u2019estudiants l\u2019Estaci\u00f3 de Sabadell<\/p>\n\n\n\n<p>Estem equipats amb <strong>modernes instal\u00b7lacions de dom\u00f2tica<\/strong> a tot l\u2019edifici per cobrir totes les funcions rutin\u00e0ries de portes d\u2019acc\u00e9s, persianes, climatitzaci\u00f3, il\u00b7luminaci\u00f3, etc. Aquest sistema brinda una vida quotidiana m\u00e9s c\u00f2moda i independent als nostres estudiants. Un sistema de c\u00e0meres de control de l\u2019entrada i de les zones interiors comunes garanteix en tot moment la seguretat durant l\u2019allotjament dels residents, respectant sempre la seva intimitat.<\/p>\n\n\n\n<p>A continuaci\u00f3 posem a la vostra disposici\u00f3 el llistat de les <strong><a href=\"https:\/\/resest.com\/ca\/installacions-residencia-estudiants-barcelona\/\">instal\u00b7lacions de l\u2019allotjament d\u2019estudiants<\/a> <\/strong>pr\u00f2xim a Bellaterra (UAB):<\/p>\n\n\n\n<ul class=\"wp-block-list\"><li>Porta d\u2019acc\u00e9s principal regulada amb targeta electr\u00f2nica personal i lector biom\u00e8tric<\/li><li>Instal\u00b7laci\u00f3 dom\u00f2tica a tot l\u2019edifici per portes d\u2019acc\u00e9s, persianes, climatitzaci\u00f3, il\u00b7luminaci\u00f3, etc.<\/li><li>Cuina per a \u00fas lliure, amb habitacles privats per guardar aliments o utensilis particulars dels usuaris<\/li><li>Sala menjador<\/li><li>Sala d\u2019estar amb televisi\u00f3<\/li><li>Sala internet i estudi<\/li><li>Wifi d\u2019alta velocitat a tota la resid\u00e8ncia<\/li><li>Tel\u00e8fon a totes les habitacions<\/li><li>Presa de TV a totes les habitacions<\/li><li>Font d\u2019aigua natural i freda<\/li><li>M\u00e0quines dispensadores de begudes, snacks i caf\u00e8<\/li><li>Terrassa-sol\u00e0rium amb elements de descans i esbarjo (taules, cadires, gandules per prendre el sol)<\/li><li>Bugaderia amb safareig, rentadora, assecadora i planxa per \u00fas dels residents<\/li><li>Control d\u2019accessos, espais comuns i exterior amb c\u00e0meres les 24 hores<\/li><li>B\u00fasties personals per la correspond\u00e8ncia i avisos<\/li><\/ul>\n\n\n\n<p>Si busques una <strong><a href=\"https:\/\/resest.com\/ca\/la-residencia-estudiants-sabadell-barcelona-bellaterra\/\">resid\u00e8ncia d\u2019estudiants a Bellaterra o als voltants<\/a><\/strong>, vine a visitar-nos!<\/p>\n\n\n\n<p><strong><a href=\"https:\/\/resest.com\/ca\/contactar-allotjament-estudiantil-bellaterra-barcelona\/\">Contacta amb nosaltres<\/a><\/strong> per concertar una visita i veure les instal\u00b7lacions en persona. Mentrestant, o si la dist\u00e0ncia no t\u2019ho permet, pots <strong><a href=\"https:\/\/resest.com\/ca\/contactar-allotjament-estudiantil-bellaterra-barcelona\/\">concertar una visita virtual<\/a><\/strong>.<\/p>\n\n\n\n<p><\/p>\n","protected":false},"excerpt":{"rendered":"<p>Un dels punts forts d\u2019una resid\u00e8ncia per a estudiants recau en les seves instal\u00b7lacions i en el cas del nostre allotjament d\u2019estudiants de Sabadell ho tenim molt present. El nostre objectiu \u00e9s que els residents que s\u2019allotgen a la Resid\u00e8ncia d\u2019Estudiants l\u2019Estaci\u00f3 de Sabadell visquin els seus anys universitaris fora de casa de la manera&hellip;<\/p>\n","protected":false},"author":1,"featured_media":9284,"comment_status":"open","ping_status":"open","sticky":false,"template":"","format":"standard","meta":{"footnotes":""},"categories":[6,50,52,49],"tags":[],"class_list":["post-9283","post","type-post","status-publish","format-standard","has-post-thumbnail","hentry","category-blog","category-vida-de-lestudiant","category-on-estudiar-master","category-vida-a-la-residencia","entry","has-media"],"yoast_head":"<!-- This site is optimized with the Yoast SEO plugin v26.4 - https:\/\/yoast.com\/wordpress\/plugins\/seo\/ -->\n<title>Les instal\u00b7lacions de la residencia d&#039;estudiants de Sabadell - Resid\u00e8ncia d&#039;Estudiants l&#039;Estaci\u00f3 de Sabadell | Resest<\/title>\n<meta name=\"description\" content=\"Un dels punts forts d\u2019una resid\u00e8ncia recau en les instal\u00b7lacions i en el cas de la resid\u00e8ncia d\u2019estudiants de Sabadell ho tenim molt present.\" \/>\n<meta name=\"robots\" content=\"index, follow, max-snippet:-1, max-image-preview:large, max-video-preview:-1\" \/>\n<link rel=\"canonical\" href=\"https:\/\/resest.com\/ca\/blog\/installacions-residencia-estudiants-sabadell\/\" \/>\n<meta property=\"og:locale\" content=\"ca_ES\" \/>\n<meta property=\"og:type\" content=\"article\" \/>\n<meta property=\"og:title\" content=\"Les instal\u00b7lacions de la residencia d&#039;estudiants de Sabadell - Resid\u00e8ncia d&#039;Estudiants l&#039;Estaci\u00f3 de Sabadell | Resest\" \/>\n<meta property=\"og:description\" content=\"Un dels punts forts d\u2019una resid\u00e8ncia recau en les instal\u00b7lacions i en el cas de la resid\u00e8ncia d\u2019estudiants de Sabadell ho tenim molt present.\" \/>\n<meta property=\"og:url\" content=\"https:\/\/resest.com\/ca\/blog\/installacions-residencia-estudiants-sabadell\/\" \/>\n<meta property=\"og:site_name\" content=\"Resid\u00e8ncia d&#039;Estudiants l&#039;Estaci\u00f3 de Sabadell | Resest\" \/>\n<meta property=\"article:published_time\" content=\"2021-02-25T15:04:00+00:00\" \/>\n<meta property=\"article:modified_time\" content=\"2021-03-08T15:07:57+00:00\" \/>\n<meta property=\"og:image\" content=\"https:\/\/resest.com\/wp-content\/uploads\/2021\/03\/installacions-residencia-estudiants-sabadell.jpg\" \/>\n\t<meta property=\"og:image:width\" content=\"1200\" \/>\n\t<meta property=\"og:image:height\" content=\"675\" \/>\n\t<meta property=\"og:image:type\" content=\"image\/jpeg\" \/>\n<meta name=\"author\" content=\"Resest\" \/>\n<meta name=\"twitter:label1\" content=\"Written by\" \/>\n\t<meta name=\"twitter:data1\" content=\"Resest\" \/>\n\t<meta name=\"twitter:label2\" content=\"Est. reading time\" \/>\n\t<meta name=\"twitter:data2\" content=\"5 minutes\" \/>\n<script type=\"application\/ld+json\" class=\"yoast-schema-graph\">{\"@context\":\"https:\/\/schema.org\",\"@graph\":[{\"@type\":\"Article\",\"@id\":\"https:\/\/resest.com\/ca\/blog\/installacions-residencia-estudiants-sabadell\/#article\",\"isPartOf\":{\"@id\":\"https:\/\/resest.com\/ca\/blog\/installacions-residencia-estudiants-sabadell\/\"},\"author\":{\"name\":\"Resest\",\"@id\":\"https:\/\/resest.com\/ca\/#\/schema\/person\/d9965768ae08730dafc3a7c835fcc47c\"},\"headline\":\"Les instal\u00b7lacions de la residencia d&#8217;estudiants de Sabadell\",\"datePublished\":\"2021-02-25T15:04:00+00:00\",\"dateModified\":\"2021-03-08T15:07:57+00:00\",\"mainEntityOfPage\":{\"@id\":\"https:\/\/resest.com\/ca\/blog\/installacions-residencia-estudiants-sabadell\/\"},\"wordCount\":934,\"commentCount\":0,\"publisher\":{\"@id\":\"https:\/\/resest.com\/ca\/#organization\"},\"image\":{\"@id\":\"https:\/\/resest.com\/ca\/blog\/installacions-residencia-estudiants-sabadell\/#primaryimage\"},\"thumbnailUrl\":\"https:\/\/resest.com\/wp-content\/uploads\/2021\/03\/installacions-residencia-estudiants-sabadell.jpg\",\"articleSection\":[\"Blog\",\"Consells per a estudiants universitaris\",\"Per qu\u00e8 Resest?\",\"Vida a la Resid\u00e8ncia\"],\"inLanguage\":\"ca-ES\",\"potentialAction\":[{\"@type\":\"CommentAction\",\"name\":\"Comment\",\"target\":[\"https:\/\/resest.com\/ca\/blog\/installacions-residencia-estudiants-sabadell\/#respond\"]}]},{\"@type\":\"WebPage\",\"@id\":\"https:\/\/resest.com\/ca\/blog\/installacions-residencia-estudiants-sabadell\/\",\"url\":\"https:\/\/resest.com\/ca\/blog\/installacions-residencia-estudiants-sabadell\/\",\"name\":\"Les instal\u00b7lacions de la residencia d'estudiants de Sabadell - Resid\u00e8ncia d&#039;Estudiants l&#039;Estaci\u00f3 de Sabadell | Resest\",\"isPartOf\":{\"@id\":\"https:\/\/resest.com\/ca\/#website\"},\"primaryImageOfPage\":{\"@id\":\"https:\/\/resest.com\/ca\/blog\/installacions-residencia-estudiants-sabadell\/#primaryimage\"},\"image\":{\"@id\":\"https:\/\/resest.com\/ca\/blog\/installacions-residencia-estudiants-sabadell\/#primaryimage\"},\"thumbnailUrl\":\"https:\/\/resest.com\/wp-content\/uploads\/2021\/03\/installacions-residencia-estudiants-sabadell.jpg\",\"datePublished\":\"2021-02-25T15:04:00+00:00\",\"dateModified\":\"2021-03-08T15:07:57+00:00\",\"description\":\"Un dels punts forts d\u2019una resid\u00e8ncia recau en les instal\u00b7lacions i en el cas de la resid\u00e8ncia d\u2019estudiants de Sabadell ho tenim molt present.\",\"breadcrumb\":{\"@id\":\"https:\/\/resest.com\/ca\/blog\/installacions-residencia-estudiants-sabadell\/#breadcrumb\"},\"inLanguage\":\"ca-ES\",\"potentialAction\":[{\"@type\":\"ReadAction\",\"target\":[\"https:\/\/resest.com\/ca\/blog\/installacions-residencia-estudiants-sabadell\/\"]}]},{\"@type\":\"ImageObject\",\"inLanguage\":\"ca-ES\",\"@id\":\"https:\/\/resest.com\/ca\/blog\/installacions-residencia-estudiants-sabadell\/#primaryimage\",\"url\":\"https:\/\/resest.com\/wp-content\/uploads\/2021\/03\/installacions-residencia-estudiants-sabadell.jpg\",\"contentUrl\":\"https:\/\/resest.com\/wp-content\/uploads\/2021\/03\/installacions-residencia-estudiants-sabadell.jpg\",\"width\":1200,\"height\":675,\"caption\":\"instal\u00b7lacions-residencia-estudiants-sabadell\"},{\"@type\":\"BreadcrumbList\",\"@id\":\"https:\/\/resest.com\/ca\/blog\/installacions-residencia-estudiants-sabadell\/#breadcrumb\",\"itemListElement\":[{\"@type\":\"ListItem\",\"position\":1,\"name\":\"Inici\",\"item\":\"https:\/\/resest.com\/ca\/\"},{\"@type\":\"ListItem\",\"position\":2,\"name\":\"Les instal\u00b7lacions de la residencia d&#8217;estudiants de Sabadell\"}]},{\"@type\":\"WebSite\",\"@id\":\"https:\/\/resest.com\/ca\/#website\",\"url\":\"https:\/\/resest.com\/ca\/\",\"name\":\"Resid\u00e8ncia d&#039;Estudiants l&#039;Estaci\u00f3 de Sabadell | Resest\",\"description\":\"Prop de l\u2019Universitat Aut\u00f2noma de Barcelona (UAB)\",\"publisher\":{\"@id\":\"https:\/\/resest.com\/ca\/#organization\"},\"potentialAction\":[{\"@type\":\"SearchAction\",\"target\":{\"@type\":\"EntryPoint\",\"urlTemplate\":\"https:\/\/resest.com\/ca\/?s={search_term_string}\"},\"query-input\":{\"@type\":\"PropertyValueSpecification\",\"valueRequired\":true,\"valueName\":\"search_term_string\"}}],\"inLanguage\":\"ca-ES\"},{\"@type\":\"Organization\",\"@id\":\"https:\/\/resest.com\/ca\/#organization\",\"name\":\"Resid\u00e8ncia d&#039;Estudiants l&#039;Estaci\u00f3 de Sabadell | Resest\",\"url\":\"https:\/\/resest.com\/ca\/\",\"logo\":{\"@type\":\"ImageObject\",\"inLanguage\":\"ca-ES\",\"@id\":\"https:\/\/resest.com\/ca\/#\/schema\/logo\/image\/\",\"url\":\"https:\/\/resest.com\/wp-content\/uploads\/2024\/03\/Facana-1.jpg\",\"contentUrl\":\"https:\/\/resest.com\/wp-content\/uploads\/2024\/03\/Facana-1.jpg\",\"width\":1200,\"height\":1009,\"caption\":\"Resid\u00e8ncia d&#039;Estudiants l&#039;Estaci\u00f3 de Sabadell | Resest\"},\"image\":{\"@id\":\"https:\/\/resest.com\/ca\/#\/schema\/logo\/image\/\"}},{\"@type\":\"Person\",\"@id\":\"https:\/\/resest.com\/ca\/#\/schema\/person\/d9965768ae08730dafc3a7c835fcc47c\",\"name\":\"Resest\",\"image\":{\"@type\":\"ImageObject\",\"inLanguage\":\"ca-ES\",\"@id\":\"https:\/\/resest.com\/ca\/#\/schema\/person\/image\/\",\"url\":\"https:\/\/secure.gravatar.com\/avatar\/0c7509c85c836ff68bc43efa415976254ed1463e7bbc3edf38a658092e29e5b4?s=96&d=mm&r=g\",\"contentUrl\":\"https:\/\/secure.gravatar.com\/avatar\/0c7509c85c836ff68bc43efa415976254ed1463e7bbc3edf38a658092e29e5b4?s=96&d=mm&r=g\",\"caption\":\"Resest\"},\"url\":\"https:\/\/resest.com\/ca\/author\/jordi\/\"}]}<\/script>\n<!-- \/ Yoast SEO plugin. -->","yoast_head_json":{"title":"Les instal\u00b7lacions de la residencia d'estudiants de Sabadell - Resid\u00e8ncia d&#039;Estudiants l&#039;Estaci\u00f3 de Sabadell | Resest","description":"Un dels punts forts d\u2019una resid\u00e8ncia recau en les instal\u00b7lacions i en el cas de la resid\u00e8ncia d\u2019estudiants de Sabadell ho tenim molt present.","robots":{"index":"index","follow":"follow","max-snippet":"max-snippet:-1","max-image-preview":"max-image-preview:large","max-video-preview":"max-video-preview:-1"},"canonical":"https:\/\/resest.com\/ca\/blog\/installacions-residencia-estudiants-sabadell\/","og_locale":"ca_ES","og_type":"article","og_title":"Les instal\u00b7lacions de la residencia d'estudiants de Sabadell - Resid\u00e8ncia d&#039;Estudiants l&#039;Estaci\u00f3 de Sabadell | Resest","og_description":"Un dels punts forts d\u2019una resid\u00e8ncia recau en les instal\u00b7lacions i en el cas de la resid\u00e8ncia d\u2019estudiants de Sabadell ho tenim molt present.","og_url":"https:\/\/resest.com\/ca\/blog\/installacions-residencia-estudiants-sabadell\/","og_site_name":"Resid\u00e8ncia d&#039;Estudiants l&#039;Estaci\u00f3 de Sabadell | Resest","article_published_time":"2021-02-25T15:04:00+00:00","article_modified_time":"2021-03-08T15:07:57+00:00","og_image":[{"width":1200,"height":675,"url":"https:\/\/resest.com\/wp-content\/uploads\/2021\/03\/installacions-residencia-estudiants-sabadell.jpg","type":"image\/jpeg"}],"author":"Resest","twitter_misc":{"Written by":"Resest","Est. reading time":"5 minutes"},"schema":{"@context":"https:\/\/schema.org","@graph":[{"@type":"Article","@id":"https:\/\/resest.com\/ca\/blog\/installacions-residencia-estudiants-sabadell\/#article","isPartOf":{"@id":"https:\/\/resest.com\/ca\/blog\/installacions-residencia-estudiants-sabadell\/"},"author":{"name":"Resest","@id":"https:\/\/resest.com\/ca\/#\/schema\/person\/d9965768ae08730dafc3a7c835fcc47c"},"headline":"Les instal\u00b7lacions de la residencia d&#8217;estudiants de Sabadell","datePublished":"2021-02-25T15:04:00+00:00","dateModified":"2021-03-08T15:07:57+00:00","mainEntityOfPage":{"@id":"https:\/\/resest.com\/ca\/blog\/installacions-residencia-estudiants-sabadell\/"},"wordCount":934,"commentCount":0,"publisher":{"@id":"https:\/\/resest.com\/ca\/#organization"},"image":{"@id":"https:\/\/resest.com\/ca\/blog\/installacions-residencia-estudiants-sabadell\/#primaryimage"},"thumbnailUrl":"https:\/\/resest.com\/wp-content\/uploads\/2021\/03\/installacions-residencia-estudiants-sabadell.jpg","articleSection":["Blog","Consells per a estudiants universitaris","Per qu\u00e8 Resest?","Vida a la Resid\u00e8ncia"],"inLanguage":"ca-ES","potentialAction":[{"@type":"CommentAction","name":"Comment","target":["https:\/\/resest.com\/ca\/blog\/installacions-residencia-estudiants-sabadell\/#respond"]}]},{"@type":"WebPage","@id":"https:\/\/resest.com\/ca\/blog\/installacions-residencia-estudiants-sabadell\/","url":"https:\/\/resest.com\/ca\/blog\/installacions-residencia-estudiants-sabadell\/","name":"Les instal\u00b7lacions de la residencia d'estudiants de Sabadell - Resid\u00e8ncia d&#039;Estudiants l&#039;Estaci\u00f3 de Sabadell | Resest","isPartOf":{"@id":"https:\/\/resest.com\/ca\/#website"},"primaryImageOfPage":{"@id":"https:\/\/resest.com\/ca\/blog\/installacions-residencia-estudiants-sabadell\/#primaryimage"},"image":{"@id":"https:\/\/resest.com\/ca\/blog\/installacions-residencia-estudiants-sabadell\/#primaryimage"},"thumbnailUrl":"https:\/\/resest.com\/wp-content\/uploads\/2021\/03\/installacions-residencia-estudiants-sabadell.jpg","datePublished":"2021-02-25T15:04:00+00:00","dateModified":"2021-03-08T15:07:57+00:00","description":"Un dels punts forts d\u2019una resid\u00e8ncia recau en les instal\u00b7lacions i en el cas de la resid\u00e8ncia d\u2019estudiants de Sabadell ho tenim molt present.","breadcrumb":{"@id":"https:\/\/resest.com\/ca\/blog\/installacions-residencia-estudiants-sabadell\/#breadcrumb"},"inLanguage":"ca-ES","potentialAction":[{"@type":"ReadAction","target":["https:\/\/resest.com\/ca\/blog\/installacions-residencia-estudiants-sabadell\/"]}]},{"@type":"ImageObject","inLanguage":"ca-ES","@id":"https:\/\/resest.com\/ca\/blog\/installacions-residencia-estudiants-sabadell\/#primaryimage","url":"https:\/\/resest.com\/wp-content\/uploads\/2021\/03\/installacions-residencia-estudiants-sabadell.jpg","contentUrl":"https:\/\/resest.com\/wp-content\/uploads\/2021\/03\/installacions-residencia-estudiants-sabadell.jpg","width":1200,"height":675,"caption":"instal\u00b7lacions-residencia-estudiants-sabadell"},{"@type":"BreadcrumbList","@id":"https:\/\/resest.com\/ca\/blog\/installacions-residencia-estudiants-sabadell\/#breadcrumb","itemListElement":[{"@type":"ListItem","position":1,"name":"Inici","item":"https:\/\/resest.com\/ca\/"},{"@type":"ListItem","position":2,"name":"Les instal\u00b7lacions de la residencia d&#8217;estudiants de Sabadell"}]},{"@type":"WebSite","@id":"https:\/\/resest.com\/ca\/#website","url":"https:\/\/resest.com\/ca\/","name":"Resid\u00e8ncia d&#039;Estudiants l&#039;Estaci\u00f3 de Sabadell | Resest","description":"Prop de l\u2019Universitat Aut\u00f2noma de Barcelona (UAB)","publisher":{"@id":"https:\/\/resest.com\/ca\/#organization"},"potentialAction":[{"@type":"SearchAction","target":{"@type":"EntryPoint","urlTemplate":"https:\/\/resest.com\/ca\/?s={search_term_string}"},"query-input":{"@type":"PropertyValueSpecification","valueRequired":true,"valueName":"search_term_string"}}],"inLanguage":"ca-ES"},{"@type":"Organization","@id":"https:\/\/resest.com\/ca\/#organization","name":"Resid\u00e8ncia d&#039;Estudiants l&#039;Estaci\u00f3 de Sabadell | Resest","url":"https:\/\/resest.com\/ca\/","logo":{"@type":"ImageObject","inLanguage":"ca-ES","@id":"https:\/\/resest.com\/ca\/#\/schema\/logo\/image\/","url":"https:\/\/resest.com\/wp-content\/uploads\/2024\/03\/Facana-1.jpg","contentUrl":"https:\/\/resest.com\/wp-content\/uploads\/2024\/03\/Facana-1.jpg","width":1200,"height":1009,"caption":"Resid\u00e8ncia d&#039;Estudiants l&#039;Estaci\u00f3 de Sabadell | Resest"},"image":{"@id":"https:\/\/resest.com\/ca\/#\/schema\/logo\/image\/"}},{"@type":"Person","@id":"https:\/\/resest.com\/ca\/#\/schema\/person\/d9965768ae08730dafc3a7c835fcc47c","name":"Resest","image":{"@type":"ImageObject","inLanguage":"ca-ES","@id":"https:\/\/resest.com\/ca\/#\/schema\/person\/image\/","url":"https:\/\/secure.gravatar.com\/avatar\/0c7509c85c836ff68bc43efa415976254ed1463e7bbc3edf38a658092e29e5b4?s=96&d=mm&r=g","contentUrl":"https:\/\/secure.gravatar.com\/avatar\/0c7509c85c836ff68bc43efa415976254ed1463e7bbc3edf38a658092e29e5b4?s=96&d=mm&r=g","caption":"Resest"},"url":"https:\/\/resest.com\/ca\/author\/jordi\/"}]}},"_links":{"self":[{"href":"https:\/\/resest.com\/ca\/wp-json\/wp\/v2\/posts\/9283","targetHints":{"allow":["GET"]}}],"collection":[{"href":"https:\/\/resest.com\/ca\/wp-json\/wp\/v2\/posts"}],"about":[{"href":"https:\/\/resest.com\/ca\/wp-json\/wp\/v2\/types\/post"}],"author":[{"embeddable":true,"href":"https:\/\/resest.com\/ca\/wp-json\/wp\/v2\/users\/1"}],"replies":[{"embeddable":true,"href":"https:\/\/resest.com\/ca\/wp-json\/wp\/v2\/comments?post=9283"}],"version-history":[{"count":0,"href":"https:\/\/resest.com\/ca\/wp-json\/wp\/v2\/posts\/9283\/revisions"}],"wp:featuredmedia":[{"embeddable":true,"href":"https:\/\/resest.com\/ca\/wp-json\/wp\/v2\/media\/9284"}],"wp:attachment":[{"href":"https:\/\/resest.com\/ca\/wp-json\/wp\/v2\/media?parent=9283"}],"wp:term":[{"taxonomy":"category","embeddable":true,"href":"https:\/\/resest.com\/ca\/wp-json\/wp\/v2\/categories?post=9283"},{"taxonomy":"post_tag","embeddable":true,"href":"https:\/\/resest.com\/ca\/wp-json\/wp\/v2\/tags?post=9283"}],"curies":[{"name":"wp","href":"https:\/\/api.w.org\/{rel}","templated":true}]}}