{"id":9004,"date":"2020-12-11T18:36:56","date_gmt":"2020-12-11T17:36:56","guid":{"rendered":"https:\/\/resest.com\/?p=9004"},"modified":"2021-01-14T19:13:03","modified_gmt":"2021-01-14T18:13:03","slug":"sopar-de-nadal-a-la-residencia-destudiants-lestacio-de-sabadell","status":"publish","type":"post","link":"https:\/\/resest.com\/ca\/blog\/sopar-de-nadal-a-la-residencia-destudiants-lestacio-de-sabadell\/","title":{"rendered":"Sopar de Nadal a la Resid\u00e8ncia d&#8217;Estudiants l&#8217;Estaci\u00f3 de Sabadell"},"content":{"rendered":"\n<p class=\"has-text-align-left\">El passat dia 10 de desembre vam celebrar el ja popular sopar de Nadal a la Resid\u00e8ncia d&#8217;Estudiants l&#8217;Estaci\u00f3 de Sabadell.<\/p>\n\n\n\n<p class=\"has-text-align-left\">Els nostres residents van poder gaudir d&#8217;un men\u00fa especial per a l&#8217;ocasi\u00f3. Van aprofitar per posar-se les seves millors gales i compartir una bona estona entre amics intercanviant regals i vivint un nadal diferent des de la Resid\u00e8ncia.  <\/p>\n\n\n\n<figure class=\"wp-block-image size-large\"><img loading=\"lazy\" decoding=\"async\" width=\"1024\" height=\"769\" src=\"https:\/\/resest.com\/wp-content\/uploads\/2020\/12\/WhatsApp-Image-2020-12-11-at-08.33.23-1024x769.jpeg\" alt=\"\" class=\"wp-image-9005\" srcset=\"https:\/\/resest.com\/wp-content\/uploads\/2020\/12\/WhatsApp-Image-2020-12-11-at-08.33.23-1024x769.jpeg 1024w, https:\/\/resest.com\/wp-content\/uploads\/2020\/12\/WhatsApp-Image-2020-12-11-at-08.33.23-300x225.jpeg 300w, https:\/\/resest.com\/wp-content\/uploads\/2020\/12\/WhatsApp-Image-2020-12-11-at-08.33.23-768x577.jpeg 768w, https:\/\/resest.com\/wp-content\/uploads\/2020\/12\/WhatsApp-Image-2020-12-11-at-08.33.23.jpeg 1200w\" sizes=\"auto, (max-width: 1024px) 100vw, 1024px\" \/><\/figure>\n\n\n\n<figure class=\"wp-block-image size-large\"><img loading=\"lazy\" decoding=\"async\" width=\"1024\" height=\"768\" src=\"https:\/\/resest.com\/wp-content\/uploads\/2020\/12\/WhatsApp-Image-2020-12-10-at-21.38.10-1024x768.jpeg\" alt=\"\" class=\"wp-image-9009\" srcset=\"https:\/\/resest.com\/wp-content\/uploads\/2020\/12\/WhatsApp-Image-2020-12-10-at-21.38.10-1024x768.jpeg 1024w, https:\/\/resest.com\/wp-content\/uploads\/2020\/12\/WhatsApp-Image-2020-12-10-at-21.38.10-300x225.jpeg 300w, https:\/\/resest.com\/wp-content\/uploads\/2020\/12\/WhatsApp-Image-2020-12-10-at-21.38.10-768x576.jpeg 768w, https:\/\/resest.com\/wp-content\/uploads\/2020\/12\/WhatsApp-Image-2020-12-10-at-21.38.10.jpeg 1200w\" sizes=\"auto, (max-width: 1024px) 100vw, 1024px\" \/><\/figure>\n\n\n\n<figure class=\"wp-block-image size-large\"><img loading=\"lazy\" decoding=\"async\" width=\"1024\" height=\"768\" src=\"https:\/\/resest.com\/wp-content\/uploads\/2020\/12\/WhatsApp-Image-2020-12-10-at-22.00.58-1024x768.jpeg\" alt=\"\" class=\"wp-image-9013\" srcset=\"https:\/\/resest.com\/wp-content\/uploads\/2020\/12\/WhatsApp-Image-2020-12-10-at-22.00.58-1024x768.jpeg 1024w, https:\/\/resest.com\/wp-content\/uploads\/2020\/12\/WhatsApp-Image-2020-12-10-at-22.00.58-300x225.jpeg 300w, https:\/\/resest.com\/wp-content\/uploads\/2020\/12\/WhatsApp-Image-2020-12-10-at-22.00.58-768x576.jpeg 768w, https:\/\/resest.com\/wp-content\/uploads\/2020\/12\/WhatsApp-Image-2020-12-10-at-22.00.58.jpeg 1200w\" sizes=\"auto, (max-width: 1024px) 100vw, 1024px\" \/><\/figure>\n","protected":false},"excerpt":{"rendered":"<p>El passat dia 10 de desembre vam celebrar el ja popular sopar de Nadal a la Resid\u00e8ncia d&#8217;Estudiants l&#8217;Estaci\u00f3 de Sabadell. Els nostres residents van poder gaudir d&#8217;un men\u00fa especial per a l&#8217;ocasi\u00f3. Van aprofitar per posar-se les seves millors gales i compartir una bona estona entre amics intercanviant regals i vivint un nadal diferent&hellip;<\/p>\n","protected":false},"author":3,"featured_media":0,"comment_status":"open","ping_status":"open","sticky":false,"template":"","format":"standard","meta":{"footnotes":""},"categories":[6,49],"tags":[],"class_list":["post-9004","post","type-post","status-publish","format-standard","hentry","category-blog","category-vida-a-la-residencia","entry","no-media"],"yoast_head":"<!-- This site is optimized with the Yoast SEO plugin v26.4 - https:\/\/yoast.com\/wordpress\/plugins\/seo\/ -->\n<title>Sopar de Nadal a la Resid\u00e8ncia d&#039;Estudiants l&#039;Estaci\u00f3 de Sabadell - Resid\u00e8ncia d&#039;Estudiants l&#039;Estaci\u00f3 de Sabadell | Resest<\/title>\n<meta name=\"robots\" content=\"index, follow, max-snippet:-1, max-image-preview:large, max-video-preview:-1\" \/>\n<link rel=\"canonical\" href=\"https:\/\/resest.com\/ca\/blog\/sopar-de-nadal-a-la-residencia-destudiants-lestacio-de-sabadell\/\" \/>\n<meta property=\"og:locale\" content=\"ca_ES\" \/>\n<meta property=\"og:type\" content=\"article\" \/>\n<meta property=\"og:title\" content=\"Sopar de Nadal a la Resid\u00e8ncia d&#039;Estudiants l&#039;Estaci\u00f3 de Sabadell - Resid\u00e8ncia d&#039;Estudiants l&#039;Estaci\u00f3 de Sabadell | Resest\" \/>\n<meta property=\"og:description\" content=\"El passat dia 10 de desembre vam celebrar el ja popular sopar de Nadal a la Resid\u00e8ncia d&#8217;Estudiants l&#8217;Estaci\u00f3 de Sabadell. Els nostres residents van poder gaudir d&#8217;un men\u00fa especial per a l&#8217;ocasi\u00f3. Van aprofitar per posar-se les seves millors gales i compartir una bona estona entre amics intercanviant regals i vivint un nadal diferent&hellip;\" \/>\n<meta property=\"og:url\" content=\"https:\/\/resest.com\/ca\/blog\/sopar-de-nadal-a-la-residencia-destudiants-lestacio-de-sabadell\/\" \/>\n<meta property=\"og:site_name\" content=\"Resid\u00e8ncia d&#039;Estudiants l&#039;Estaci\u00f3 de Sabadell | Resest\" \/>\n<meta property=\"article:published_time\" content=\"2020-12-11T17:36:56+00:00\" \/>\n<meta property=\"article:modified_time\" content=\"2021-01-14T18:13:03+00:00\" \/>\n<meta property=\"og:image\" content=\"https:\/\/resest.com\/wp-content\/uploads\/2020\/12\/WhatsApp-Image-2020-12-11-at-08.33.23-1024x769.jpeg\" \/>\n<meta name=\"author\" content=\"Resest\" \/>\n<meta name=\"twitter:label1\" content=\"Written by\" \/>\n\t<meta name=\"twitter:data1\" content=\"Resest\" \/>\n<script type=\"application\/ld+json\" class=\"yoast-schema-graph\">{\"@context\":\"https:\/\/schema.org\",\"@graph\":[{\"@type\":\"Article\",\"@id\":\"https:\/\/resest.com\/ca\/blog\/sopar-de-nadal-a-la-residencia-destudiants-lestacio-de-sabadell\/#article\",\"isPartOf\":{\"@id\":\"https:\/\/resest.com\/ca\/blog\/sopar-de-nadal-a-la-residencia-destudiants-lestacio-de-sabadell\/\"},\"author\":{\"name\":\"Resest\",\"@id\":\"https:\/\/resest.com\/ca\/#\/schema\/person\/f66d2b5dae2cd0a989ab720dd211d2a9\"},\"headline\":\"Sopar de Nadal a la Resid\u00e8ncia d&#8217;Estudiants l&#8217;Estaci\u00f3 de Sabadell\",\"datePublished\":\"2020-12-11T17:36:56+00:00\",\"dateModified\":\"2021-01-14T18:13:03+00:00\",\"mainEntityOfPage\":{\"@id\":\"https:\/\/resest.com\/ca\/blog\/sopar-de-nadal-a-la-residencia-destudiants-lestacio-de-sabadell\/\"},\"wordCount\":77,\"commentCount\":0,\"publisher\":{\"@id\":\"https:\/\/resest.com\/ca\/#organization\"},\"image\":{\"@id\":\"https:\/\/resest.com\/ca\/blog\/sopar-de-nadal-a-la-residencia-destudiants-lestacio-de-sabadell\/#primaryimage\"},\"thumbnailUrl\":\"https:\/\/resest.com\/wp-content\/uploads\/2020\/12\/WhatsApp-Image-2020-12-11-at-08.33.23-1024x769.jpeg\",\"articleSection\":[\"Blog\",\"Vida a la Resid\u00e8ncia\"],\"inLanguage\":\"ca-ES\",\"potentialAction\":[{\"@type\":\"CommentAction\",\"name\":\"Comment\",\"target\":[\"https:\/\/resest.com\/ca\/blog\/sopar-de-nadal-a-la-residencia-destudiants-lestacio-de-sabadell\/#respond\"]}]},{\"@type\":\"WebPage\",\"@id\":\"https:\/\/resest.com\/ca\/blog\/sopar-de-nadal-a-la-residencia-destudiants-lestacio-de-sabadell\/\",\"url\":\"https:\/\/resest.com\/ca\/blog\/sopar-de-nadal-a-la-residencia-destudiants-lestacio-de-sabadell\/\",\"name\":\"Sopar de Nadal a la Resid\u00e8ncia d'Estudiants l'Estaci\u00f3 de Sabadell - Resid\u00e8ncia d&#039;Estudiants l&#039;Estaci\u00f3 de Sabadell | Resest\",\"isPartOf\":{\"@id\":\"https:\/\/resest.com\/ca\/#website\"},\"primaryImageOfPage\":{\"@id\":\"https:\/\/resest.com\/ca\/blog\/sopar-de-nadal-a-la-residencia-destudiants-lestacio-de-sabadell\/#primaryimage\"},\"image\":{\"@id\":\"https:\/\/resest.com\/ca\/blog\/sopar-de-nadal-a-la-residencia-destudiants-lestacio-de-sabadell\/#primaryimage\"},\"thumbnailUrl\":\"https:\/\/resest.com\/wp-content\/uploads\/2020\/12\/WhatsApp-Image-2020-12-11-at-08.33.23-1024x769.jpeg\",\"datePublished\":\"2020-12-11T17:36:56+00:00\",\"dateModified\":\"2021-01-14T18:13:03+00:00\",\"breadcrumb\":{\"@id\":\"https:\/\/resest.com\/ca\/blog\/sopar-de-nadal-a-la-residencia-destudiants-lestacio-de-sabadell\/#breadcrumb\"},\"inLanguage\":\"ca-ES\",\"potentialAction\":[{\"@type\":\"ReadAction\",\"target\":[\"https:\/\/resest.com\/ca\/blog\/sopar-de-nadal-a-la-residencia-destudiants-lestacio-de-sabadell\/\"]}]},{\"@type\":\"ImageObject\",\"inLanguage\":\"ca-ES\",\"@id\":\"https:\/\/resest.com\/ca\/blog\/sopar-de-nadal-a-la-residencia-destudiants-lestacio-de-sabadell\/#primaryimage\",\"url\":\"https:\/\/resest.com\/wp-content\/uploads\/2020\/12\/WhatsApp-Image-2020-12-11-at-08.33.23-1024x769.jpeg\",\"contentUrl\":\"https:\/\/resest.com\/wp-content\/uploads\/2020\/12\/WhatsApp-Image-2020-12-11-at-08.33.23-1024x769.jpeg\"},{\"@type\":\"BreadcrumbList\",\"@id\":\"https:\/\/resest.com\/ca\/blog\/sopar-de-nadal-a-la-residencia-destudiants-lestacio-de-sabadell\/#breadcrumb\",\"itemListElement\":[{\"@type\":\"ListItem\",\"position\":1,\"name\":\"Inici\",\"item\":\"https:\/\/resest.com\/ca\/\"},{\"@type\":\"ListItem\",\"position\":2,\"name\":\"Sopar de Nadal a la Resid\u00e8ncia d&#8217;Estudiants l&#8217;Estaci\u00f3 de Sabadell\"}]},{\"@type\":\"WebSite\",\"@id\":\"https:\/\/resest.com\/ca\/#website\",\"url\":\"https:\/\/resest.com\/ca\/\",\"name\":\"Resid\u00e8ncia d&#039;Estudiants l&#039;Estaci\u00f3 de Sabadell | Resest\",\"description\":\"Prop de l\u2019Universitat Aut\u00f2noma de Barcelona (UAB)\",\"publisher\":{\"@id\":\"https:\/\/resest.com\/ca\/#organization\"},\"potentialAction\":[{\"@type\":\"SearchAction\",\"target\":{\"@type\":\"EntryPoint\",\"urlTemplate\":\"https:\/\/resest.com\/ca\/?s={search_term_string}\"},\"query-input\":{\"@type\":\"PropertyValueSpecification\",\"valueRequired\":true,\"valueName\":\"search_term_string\"}}],\"inLanguage\":\"ca-ES\"},{\"@type\":\"Organization\",\"@id\":\"https:\/\/resest.com\/ca\/#organization\",\"name\":\"Resid\u00e8ncia d&#039;Estudiants l&#039;Estaci\u00f3 de Sabadell | Resest\",\"url\":\"https:\/\/resest.com\/ca\/\",\"logo\":{\"@type\":\"ImageObject\",\"inLanguage\":\"ca-ES\",\"@id\":\"https:\/\/resest.com\/ca\/#\/schema\/logo\/image\/\",\"url\":\"https:\/\/resest.com\/wp-content\/uploads\/2024\/03\/Facana-1.jpg\",\"contentUrl\":\"https:\/\/resest.com\/wp-content\/uploads\/2024\/03\/Facana-1.jpg\",\"width\":1200,\"height\":1009,\"caption\":\"Resid\u00e8ncia d&#039;Estudiants l&#039;Estaci\u00f3 de Sabadell | Resest\"},\"image\":{\"@id\":\"https:\/\/resest.com\/ca\/#\/schema\/logo\/image\/\"}},{\"@type\":\"Person\",\"@id\":\"https:\/\/resest.com\/ca\/#\/schema\/person\/f66d2b5dae2cd0a989ab720dd211d2a9\",\"name\":\"Resest\",\"image\":{\"@type\":\"ImageObject\",\"inLanguage\":\"ca-ES\",\"@id\":\"https:\/\/resest.com\/ca\/#\/schema\/person\/image\/\",\"url\":\"https:\/\/secure.gravatar.com\/avatar\/a5d542eca874617a8a62a45c724821a615f770cf5bde5e61a93a7a2562faba7a?s=96&d=mm&r=g\",\"contentUrl\":\"https:\/\/secure.gravatar.com\/avatar\/a5d542eca874617a8a62a45c724821a615f770cf5bde5e61a93a7a2562faba7a?s=96&d=mm&r=g\",\"caption\":\"Resest\"},\"url\":\"https:\/\/resest.com\/ca\/author\/resest\/\"}]}<\/script>\n<!-- \/ Yoast SEO plugin. -->","yoast_head_json":{"title":"Sopar de Nadal a la Resid\u00e8ncia d'Estudiants l'Estaci\u00f3 de Sabadell - Resid\u00e8ncia d&#039;Estudiants l&#039;Estaci\u00f3 de Sabadell | Resest","robots":{"index":"index","follow":"follow","max-snippet":"max-snippet:-1","max-image-preview":"max-image-preview:large","max-video-preview":"max-video-preview:-1"},"canonical":"https:\/\/resest.com\/ca\/blog\/sopar-de-nadal-a-la-residencia-destudiants-lestacio-de-sabadell\/","og_locale":"ca_ES","og_type":"article","og_title":"Sopar de Nadal a la Resid\u00e8ncia d'Estudiants l'Estaci\u00f3 de Sabadell - Resid\u00e8ncia d&#039;Estudiants l&#039;Estaci\u00f3 de Sabadell | Resest","og_description":"El passat dia 10 de desembre vam celebrar el ja popular sopar de Nadal a la Resid\u00e8ncia d&#8217;Estudiants l&#8217;Estaci\u00f3 de Sabadell. Els nostres residents van poder gaudir d&#8217;un men\u00fa especial per a l&#8217;ocasi\u00f3. Van aprofitar per posar-se les seves millors gales i compartir una bona estona entre amics intercanviant regals i vivint un nadal diferent&hellip;","og_url":"https:\/\/resest.com\/ca\/blog\/sopar-de-nadal-a-la-residencia-destudiants-lestacio-de-sabadell\/","og_site_name":"Resid\u00e8ncia d&#039;Estudiants l&#039;Estaci\u00f3 de Sabadell | Resest","article_published_time":"2020-12-11T17:36:56+00:00","article_modified_time":"2021-01-14T18:13:03+00:00","og_image":[{"url":"https:\/\/resest.com\/wp-content\/uploads\/2020\/12\/WhatsApp-Image-2020-12-11-at-08.33.23-1024x769.jpeg","type":"","width":"","height":""}],"author":"Resest","twitter_misc":{"Written by":"Resest"},"schema":{"@context":"https:\/\/schema.org","@graph":[{"@type":"Article","@id":"https:\/\/resest.com\/ca\/blog\/sopar-de-nadal-a-la-residencia-destudiants-lestacio-de-sabadell\/#article","isPartOf":{"@id":"https:\/\/resest.com\/ca\/blog\/sopar-de-nadal-a-la-residencia-destudiants-lestacio-de-sabadell\/"},"author":{"name":"Resest","@id":"https:\/\/resest.com\/ca\/#\/schema\/person\/f66d2b5dae2cd0a989ab720dd211d2a9"},"headline":"Sopar de Nadal a la Resid\u00e8ncia d&#8217;Estudiants l&#8217;Estaci\u00f3 de Sabadell","datePublished":"2020-12-11T17:36:56+00:00","dateModified":"2021-01-14T18:13:03+00:00","mainEntityOfPage":{"@id":"https:\/\/resest.com\/ca\/blog\/sopar-de-nadal-a-la-residencia-destudiants-lestacio-de-sabadell\/"},"wordCount":77,"commentCount":0,"publisher":{"@id":"https:\/\/resest.com\/ca\/#organization"},"image":{"@id":"https:\/\/resest.com\/ca\/blog\/sopar-de-nadal-a-la-residencia-destudiants-lestacio-de-sabadell\/#primaryimage"},"thumbnailUrl":"https:\/\/resest.com\/wp-content\/uploads\/2020\/12\/WhatsApp-Image-2020-12-11-at-08.33.23-1024x769.jpeg","articleSection":["Blog","Vida a la Resid\u00e8ncia"],"inLanguage":"ca-ES","potentialAction":[{"@type":"CommentAction","name":"Comment","target":["https:\/\/resest.com\/ca\/blog\/sopar-de-nadal-a-la-residencia-destudiants-lestacio-de-sabadell\/#respond"]}]},{"@type":"WebPage","@id":"https:\/\/resest.com\/ca\/blog\/sopar-de-nadal-a-la-residencia-destudiants-lestacio-de-sabadell\/","url":"https:\/\/resest.com\/ca\/blog\/sopar-de-nadal-a-la-residencia-destudiants-lestacio-de-sabadell\/","name":"Sopar de Nadal a la Resid\u00e8ncia d'Estudiants l'Estaci\u00f3 de Sabadell - Resid\u00e8ncia d&#039;Estudiants l&#039;Estaci\u00f3 de Sabadell | Resest","isPartOf":{"@id":"https:\/\/resest.com\/ca\/#website"},"primaryImageOfPage":{"@id":"https:\/\/resest.com\/ca\/blog\/sopar-de-nadal-a-la-residencia-destudiants-lestacio-de-sabadell\/#primaryimage"},"image":{"@id":"https:\/\/resest.com\/ca\/blog\/sopar-de-nadal-a-la-residencia-destudiants-lestacio-de-sabadell\/#primaryimage"},"thumbnailUrl":"https:\/\/resest.com\/wp-content\/uploads\/2020\/12\/WhatsApp-Image-2020-12-11-at-08.33.23-1024x769.jpeg","datePublished":"2020-12-11T17:36:56+00:00","dateModified":"2021-01-14T18:13:03+00:00","breadcrumb":{"@id":"https:\/\/resest.com\/ca\/blog\/sopar-de-nadal-a-la-residencia-destudiants-lestacio-de-sabadell\/#breadcrumb"},"inLanguage":"ca-ES","potentialAction":[{"@type":"ReadAction","target":["https:\/\/resest.com\/ca\/blog\/sopar-de-nadal-a-la-residencia-destudiants-lestacio-de-sabadell\/"]}]},{"@type":"ImageObject","inLanguage":"ca-ES","@id":"https:\/\/resest.com\/ca\/blog\/sopar-de-nadal-a-la-residencia-destudiants-lestacio-de-sabadell\/#primaryimage","url":"https:\/\/resest.com\/wp-content\/uploads\/2020\/12\/WhatsApp-Image-2020-12-11-at-08.33.23-1024x769.jpeg","contentUrl":"https:\/\/resest.com\/wp-content\/uploads\/2020\/12\/WhatsApp-Image-2020-12-11-at-08.33.23-1024x769.jpeg"},{"@type":"BreadcrumbList","@id":"https:\/\/resest.com\/ca\/blog\/sopar-de-nadal-a-la-residencia-destudiants-lestacio-de-sabadell\/#breadcrumb","itemListElement":[{"@type":"ListItem","position":1,"name":"Inici","item":"https:\/\/resest.com\/ca\/"},{"@type":"ListItem","position":2,"name":"Sopar de Nadal a la Resid\u00e8ncia d&#8217;Estudiants l&#8217;Estaci\u00f3 de Sabadell"}]},{"@type":"WebSite","@id":"https:\/\/resest.com\/ca\/#website","url":"https:\/\/resest.com\/ca\/","name":"Resid\u00e8ncia d&#039;Estudiants l&#039;Estaci\u00f3 de Sabadell | Resest","description":"Prop de l\u2019Universitat Aut\u00f2noma de Barcelona (UAB)","publisher":{"@id":"https:\/\/resest.com\/ca\/#organization"},"potentialAction":[{"@type":"SearchAction","target":{"@type":"EntryPoint","urlTemplate":"https:\/\/resest.com\/ca\/?s={search_term_string}"},"query-input":{"@type":"PropertyValueSpecification","valueRequired":true,"valueName":"search_term_string"}}],"inLanguage":"ca-ES"},{"@type":"Organization","@id":"https:\/\/resest.com\/ca\/#organization","name":"Resid\u00e8ncia d&#039;Estudiants l&#039;Estaci\u00f3 de Sabadell | Resest","url":"https:\/\/resest.com\/ca\/","logo":{"@type":"ImageObject","inLanguage":"ca-ES","@id":"https:\/\/resest.com\/ca\/#\/schema\/logo\/image\/","url":"https:\/\/resest.com\/wp-content\/uploads\/2024\/03\/Facana-1.jpg","contentUrl":"https:\/\/resest.com\/wp-content\/uploads\/2024\/03\/Facana-1.jpg","width":1200,"height":1009,"caption":"Resid\u00e8ncia d&#039;Estudiants l&#039;Estaci\u00f3 de Sabadell | Resest"},"image":{"@id":"https:\/\/resest.com\/ca\/#\/schema\/logo\/image\/"}},{"@type":"Person","@id":"https:\/\/resest.com\/ca\/#\/schema\/person\/f66d2b5dae2cd0a989ab720dd211d2a9","name":"Resest","image":{"@type":"ImageObject","inLanguage":"ca-ES","@id":"https:\/\/resest.com\/ca\/#\/schema\/person\/image\/","url":"https:\/\/secure.gravatar.com\/avatar\/a5d542eca874617a8a62a45c724821a615f770cf5bde5e61a93a7a2562faba7a?s=96&d=mm&r=g","contentUrl":"https:\/\/secure.gravatar.com\/avatar\/a5d542eca874617a8a62a45c724821a615f770cf5bde5e61a93a7a2562faba7a?s=96&d=mm&r=g","caption":"Resest"},"url":"https:\/\/resest.com\/ca\/author\/resest\/"}]}},"_links":{"self":[{"href":"https:\/\/resest.com\/ca\/wp-json\/wp\/v2\/posts\/9004","targetHints":{"allow":["GET"]}}],"collection":[{"href":"https:\/\/resest.com\/ca\/wp-json\/wp\/v2\/posts"}],"about":[{"href":"https:\/\/resest.com\/ca\/wp-json\/wp\/v2\/types\/post"}],"author":[{"embeddable":true,"href":"https:\/\/resest.com\/ca\/wp-json\/wp\/v2\/users\/3"}],"replies":[{"embeddable":true,"href":"https:\/\/resest.com\/ca\/wp-json\/wp\/v2\/comments?post=9004"}],"version-history":[{"count":0,"href":"https:\/\/resest.com\/ca\/wp-json\/wp\/v2\/posts\/9004\/revisions"}],"wp:attachment":[{"href":"https:\/\/resest.com\/ca\/wp-json\/wp\/v2\/media?parent=9004"}],"wp:term":[{"taxonomy":"category","embeddable":true,"href":"https:\/\/resest.com\/ca\/wp-json\/wp\/v2\/categories?post=9004"},{"taxonomy":"post_tag","embeddable":true,"href":"https:\/\/resest.com\/ca\/wp-json\/wp\/v2\/tags?post=9004"}],"curies":[{"name":"wp","href":"https:\/\/api.w.org\/{rel}","templated":true}]}}