{"id":8987,"date":"2020-11-11T11:13:00","date_gmt":"2020-11-11T10:13:00","guid":{"rendered":"https:\/\/resest.com\/?p=8987"},"modified":"2020-12-09T11:19:20","modified_gmt":"2020-12-09T10:19:20","slug":"tour-virtual-residencia-estudiants-estacio-sabadell","status":"publish","type":"post","link":"https:\/\/resest.com\/ca\/blog\/tour-virtual-residencia-estudiants-estacio-sabadell\/","title":{"rendered":"El Tour Virtual de la Resid\u00e8ncia d&#8217;Estudiants l&#8217;Estaci\u00f3 de Sabadell"},"content":{"rendered":"\n<p>Ara m\u00e9s que mai hem d\u2019adequar-nos a la situaci\u00f3 que ens est\u00e0 tocant viure a causa de la pand\u00e8mia de la Covid-19. Per aix\u00f2, a la <strong><a href=\"https:\/\/resest.com\/ca\/la-residencia-estudiants-sabadell-barcelona-bellaterra\/\">Resid\u00e8ncia d&#8217;Estudiants l&#8217;Estaci\u00f3 de Sabadell<\/a><\/strong> hem incorporat a la nostra p\u00e0gina web un <strong><a href=\"https:\/\/resest.com\/ca\/tour-virtual-360-residencia-per-estudiants\/\">Tour Virtual<\/a><\/strong> per poder visitar la nostra <strong>resid\u00e8ncia per a estudiants <\/strong>sense necessitat de fer-ho de forma presencial.<\/p>\n\n\n\n<h3 class=\"wp-block-heading\">Voleu visitar la Resid\u00e8ncia sense moure-us de casa?<\/h3>\n\n\n\n<p>Si aquest \u00e9s el vostre cas i teniu la necessitat de visitar el nostre <strong>allotjament d&#8217;estudiants a Sabadell,<\/strong> per\u00f2 la situaci\u00f3 actual us impedeix despla\u00e7ar-vos fins la <strong><a href=\"https:\/\/resest.com\/ca\/ubicacio-residencia-estudiantil-a-sabadell-barcelona\/\">nostra ubicaci\u00f3,<\/a><\/strong> no us preocupeu. Podeu reservar una visita guiada i personalitzada on us mostrarem en directe totes les <strong><a href=\"https:\/\/resest.com\/ca\/installacions-residencia-estudiants-barcelona\/\">nostres instal\u00b7lacions<\/a><\/strong>.<\/p>\n\n\n\n<p>Nom\u00e9s heu <strong><a href=\"https:\/\/resest.com\/ca\/contactar-allotjament-estudiantil-bellaterra-barcelona\/\">d&#8217;emplenar un formulari b\u00e0sic<\/a><\/strong> amb les vostres dades i des de Resest ens posarem en contacte amb vosaltres per a coordinar la visita.<\/p>\n\n\n\n<h3 class=\"wp-block-heading\">Avantatges de realitzar la visita personalitzada online<\/h3>\n\n\n\n<p>Gr\u00e0cies a aquesta nova modalitat de visita virtual, comptem amb dos avantatges fonamentals:<\/p>\n\n\n\n<ul class=\"wp-block-list\"><li><strong>Assist\u00e8ncia a la visita d&#8217;un major nombre de persones<\/strong> \u00e0 tant el propi estudiant, com la seva fam\u00edlia, o aquelles persones que l&#8217;estudiant necessiti que tamb\u00e9 visitin la resid\u00e8ncia per poder treure les seves conclusions i prendre una decisi\u00f3 final<\/li><\/ul>\n\n\n\n<ul class=\"wp-block-list\"><li><strong>No es posar\u00e0 en risc a cap assistent<\/strong>, ja que, al realitzar la visita des de casa, no hi haur\u00e0 contacte f\u00edsic amb altres persones, ni durant el propi despla\u00e7ament com a la pr\u00f2pia resid\u00e8ncia.<\/li><\/ul>\n\n\n\n<p>Com ja hem comentat en <strong><a href=\"https:\/\/resest.com\/ca\/blog\/mesures-sanitaries-residencia-estudiants-estacio-sabadell\/\">articles anteriors<\/a><\/strong>, a la <strong>Resid\u00e8ncia d&#8217;Estudiants l&#8217;Estaci\u00f3 de Sabadell<\/strong> hem aplicat les mesures sanit\u00e0ries necess\u00e0ries per minimitzar els riscos de contagi de la Covid-19. Encara que per sort comptem amb un <strong><a href=\"https:\/\/resest.com\/ca\/\">allotjament per a estudiants<\/a><\/strong> molt familiar, on alberguem a m\u00e0xim 36 residents, tota mesura \u00e9s poca.<\/p>\n\n\n\n<p>Per aix\u00f2, en el seu dia, vam contractar els serveis d&#8217;una empresa especialitzada per a l&#8217;elaboraci\u00f3 d&#8217;un <strong>protocol de sanitat molt estricte<\/strong>, i gr\u00e0cies a ell, la vida dins de la resid\u00e8ncia \u00e9s segura i alhora confortable per als nostres residents i per al propi personal.<\/p>\n\n\n\n<p>No dubtis en demanar una <strong><a href=\"https:\/\/resest.com\/ca\/contactar-allotjament-estudiantil-bellaterra-barcelona\/\">visita personalitzada de la nostra resid\u00e8ncia d&#8217;estudiants<\/a><\/strong>, t&#8217;hi esperem!<\/p>\n","protected":false},"excerpt":{"rendered":"<p>Ara m\u00e9s que mai hem d\u2019adequar-nos a la situaci\u00f3 que ens est\u00e0 tocant viure a causa de la pand\u00e8mia de la Covid-19. Per aix\u00f2, a la Resid\u00e8ncia d&#8217;Estudiants l&#8217;Estaci\u00f3 de Sabadell hem incorporat a la nostra p\u00e0gina web un Tour Virtual per poder visitar la nostra resid\u00e8ncia per a estudiants sense necessitat de fer-ho de&hellip;<\/p>\n","protected":false},"author":1,"featured_media":8988,"comment_status":"open","ping_status":"open","sticky":false,"template":"","format":"standard","meta":{"footnotes":""},"categories":[6,52,49],"tags":[],"class_list":["post-8987","post","type-post","status-publish","format-standard","has-post-thumbnail","hentry","category-blog","category-on-estudiar-master","category-vida-a-la-residencia","entry","has-media"],"yoast_head":"<!-- This site is optimized with the Yoast SEO plugin v26.4 - https:\/\/yoast.com\/wordpress\/plugins\/seo\/ -->\n<title>El Tour Virtual de la Resid\u00e8ncia d&#039;Estudiants l&#039;Estaci\u00f3 de Sabadell - Resid\u00e8ncia d&#039;Estudiants l&#039;Estaci\u00f3 de Sabadell | Resest<\/title>\n<meta name=\"description\" content=\"A la Resid\u00e8ncia d&#039;Estudiants l&#039;Estaci\u00f3 de Sabadell hem incorporat a la nostra p\u00e0gina web un Tour Virtual per poder visitar les nostres instal\u00b7lacions.\" \/>\n<meta name=\"robots\" content=\"index, follow, max-snippet:-1, max-image-preview:large, max-video-preview:-1\" \/>\n<link rel=\"canonical\" href=\"https:\/\/resest.com\/ca\/blog\/tour-virtual-residencia-estudiants-estacio-sabadell\/\" \/>\n<meta property=\"og:locale\" content=\"ca_ES\" \/>\n<meta property=\"og:type\" content=\"article\" \/>\n<meta property=\"og:title\" content=\"El Tour Virtual de la Resid\u00e8ncia d&#039;Estudiants l&#039;Estaci\u00f3 de Sabadell - Resid\u00e8ncia d&#039;Estudiants l&#039;Estaci\u00f3 de Sabadell | Resest\" \/>\n<meta property=\"og:description\" content=\"A la Resid\u00e8ncia d&#039;Estudiants l&#039;Estaci\u00f3 de Sabadell hem incorporat a la nostra p\u00e0gina web un Tour Virtual per poder visitar les nostres instal\u00b7lacions.\" \/>\n<meta property=\"og:url\" content=\"https:\/\/resest.com\/ca\/blog\/tour-virtual-residencia-estudiants-estacio-sabadell\/\" \/>\n<meta property=\"og:site_name\" content=\"Resid\u00e8ncia d&#039;Estudiants l&#039;Estaci\u00f3 de Sabadell | Resest\" \/>\n<meta property=\"article:published_time\" content=\"2020-11-11T10:13:00+00:00\" \/>\n<meta property=\"article:modified_time\" content=\"2020-12-09T10:19:20+00:00\" \/>\n<meta property=\"og:image\" content=\"https:\/\/resest.com\/wp-content\/uploads\/2020\/12\/tour-virtual.jpg\" \/>\n\t<meta property=\"og:image:width\" content=\"1200\" \/>\n\t<meta property=\"og:image:height\" content=\"800\" \/>\n\t<meta property=\"og:image:type\" content=\"image\/jpeg\" \/>\n<meta name=\"author\" content=\"Resest\" \/>\n<meta name=\"twitter:label1\" content=\"Written by\" \/>\n\t<meta name=\"twitter:data1\" content=\"Resest\" \/>\n\t<meta name=\"twitter:label2\" content=\"Est. reading time\" \/>\n\t<meta name=\"twitter:data2\" content=\"2 minutes\" \/>\n<script type=\"application\/ld+json\" class=\"yoast-schema-graph\">{\"@context\":\"https:\/\/schema.org\",\"@graph\":[{\"@type\":\"Article\",\"@id\":\"https:\/\/resest.com\/ca\/blog\/tour-virtual-residencia-estudiants-estacio-sabadell\/#article\",\"isPartOf\":{\"@id\":\"https:\/\/resest.com\/ca\/blog\/tour-virtual-residencia-estudiants-estacio-sabadell\/\"},\"author\":{\"name\":\"Resest\",\"@id\":\"https:\/\/resest.com\/ca\/#\/schema\/person\/d9965768ae08730dafc3a7c835fcc47c\"},\"headline\":\"El Tour Virtual de la Resid\u00e8ncia d&#8217;Estudiants l&#8217;Estaci\u00f3 de Sabadell\",\"datePublished\":\"2020-11-11T10:13:00+00:00\",\"dateModified\":\"2020-12-09T10:19:20+00:00\",\"mainEntityOfPage\":{\"@id\":\"https:\/\/resest.com\/ca\/blog\/tour-virtual-residencia-estudiants-estacio-sabadell\/\"},\"wordCount\":395,\"commentCount\":0,\"publisher\":{\"@id\":\"https:\/\/resest.com\/ca\/#organization\"},\"image\":{\"@id\":\"https:\/\/resest.com\/ca\/blog\/tour-virtual-residencia-estudiants-estacio-sabadell\/#primaryimage\"},\"thumbnailUrl\":\"https:\/\/resest.com\/wp-content\/uploads\/2020\/12\/tour-virtual.jpg\",\"articleSection\":[\"Blog\",\"Per qu\u00e8 Resest?\",\"Vida a la Resid\u00e8ncia\"],\"inLanguage\":\"ca-ES\",\"potentialAction\":[{\"@type\":\"CommentAction\",\"name\":\"Comment\",\"target\":[\"https:\/\/resest.com\/ca\/blog\/tour-virtual-residencia-estudiants-estacio-sabadell\/#respond\"]}]},{\"@type\":\"WebPage\",\"@id\":\"https:\/\/resest.com\/ca\/blog\/tour-virtual-residencia-estudiants-estacio-sabadell\/\",\"url\":\"https:\/\/resest.com\/ca\/blog\/tour-virtual-residencia-estudiants-estacio-sabadell\/\",\"name\":\"El Tour Virtual de la Resid\u00e8ncia d'Estudiants l'Estaci\u00f3 de Sabadell - Resid\u00e8ncia d&#039;Estudiants l&#039;Estaci\u00f3 de Sabadell | Resest\",\"isPartOf\":{\"@id\":\"https:\/\/resest.com\/ca\/#website\"},\"primaryImageOfPage\":{\"@id\":\"https:\/\/resest.com\/ca\/blog\/tour-virtual-residencia-estudiants-estacio-sabadell\/#primaryimage\"},\"image\":{\"@id\":\"https:\/\/resest.com\/ca\/blog\/tour-virtual-residencia-estudiants-estacio-sabadell\/#primaryimage\"},\"thumbnailUrl\":\"https:\/\/resest.com\/wp-content\/uploads\/2020\/12\/tour-virtual.jpg\",\"datePublished\":\"2020-11-11T10:13:00+00:00\",\"dateModified\":\"2020-12-09T10:19:20+00:00\",\"description\":\"A la Resid\u00e8ncia d'Estudiants l'Estaci\u00f3 de Sabadell hem incorporat a la nostra p\u00e0gina web un Tour Virtual per poder visitar les nostres instal\u00b7lacions.\",\"breadcrumb\":{\"@id\":\"https:\/\/resest.com\/ca\/blog\/tour-virtual-residencia-estudiants-estacio-sabadell\/#breadcrumb\"},\"inLanguage\":\"ca-ES\",\"potentialAction\":[{\"@type\":\"ReadAction\",\"target\":[\"https:\/\/resest.com\/ca\/blog\/tour-virtual-residencia-estudiants-estacio-sabadell\/\"]}]},{\"@type\":\"ImageObject\",\"inLanguage\":\"ca-ES\",\"@id\":\"https:\/\/resest.com\/ca\/blog\/tour-virtual-residencia-estudiants-estacio-sabadell\/#primaryimage\",\"url\":\"https:\/\/resest.com\/wp-content\/uploads\/2020\/12\/tour-virtual.jpg\",\"contentUrl\":\"https:\/\/resest.com\/wp-content\/uploads\/2020\/12\/tour-virtual.jpg\",\"width\":1200,\"height\":800,\"caption\":\"tour-virtual-residencia-estudiants-sabadell\"},{\"@type\":\"BreadcrumbList\",\"@id\":\"https:\/\/resest.com\/ca\/blog\/tour-virtual-residencia-estudiants-estacio-sabadell\/#breadcrumb\",\"itemListElement\":[{\"@type\":\"ListItem\",\"position\":1,\"name\":\"Inici\",\"item\":\"https:\/\/resest.com\/ca\/\"},{\"@type\":\"ListItem\",\"position\":2,\"name\":\"El Tour Virtual de la Resid\u00e8ncia d&#8217;Estudiants l&#8217;Estaci\u00f3 de Sabadell\"}]},{\"@type\":\"WebSite\",\"@id\":\"https:\/\/resest.com\/ca\/#website\",\"url\":\"https:\/\/resest.com\/ca\/\",\"name\":\"Resid\u00e8ncia d&#039;Estudiants l&#039;Estaci\u00f3 de Sabadell | Resest\",\"description\":\"Prop de l\u2019Universitat Aut\u00f2noma de Barcelona (UAB)\",\"publisher\":{\"@id\":\"https:\/\/resest.com\/ca\/#organization\"},\"potentialAction\":[{\"@type\":\"SearchAction\",\"target\":{\"@type\":\"EntryPoint\",\"urlTemplate\":\"https:\/\/resest.com\/ca\/?s={search_term_string}\"},\"query-input\":{\"@type\":\"PropertyValueSpecification\",\"valueRequired\":true,\"valueName\":\"search_term_string\"}}],\"inLanguage\":\"ca-ES\"},{\"@type\":\"Organization\",\"@id\":\"https:\/\/resest.com\/ca\/#organization\",\"name\":\"Resid\u00e8ncia d&#039;Estudiants l&#039;Estaci\u00f3 de Sabadell | Resest\",\"url\":\"https:\/\/resest.com\/ca\/\",\"logo\":{\"@type\":\"ImageObject\",\"inLanguage\":\"ca-ES\",\"@id\":\"https:\/\/resest.com\/ca\/#\/schema\/logo\/image\/\",\"url\":\"https:\/\/resest.com\/wp-content\/uploads\/2024\/03\/Facana-1.jpg\",\"contentUrl\":\"https:\/\/resest.com\/wp-content\/uploads\/2024\/03\/Facana-1.jpg\",\"width\":1200,\"height\":1009,\"caption\":\"Resid\u00e8ncia d&#039;Estudiants l&#039;Estaci\u00f3 de Sabadell | Resest\"},\"image\":{\"@id\":\"https:\/\/resest.com\/ca\/#\/schema\/logo\/image\/\"}},{\"@type\":\"Person\",\"@id\":\"https:\/\/resest.com\/ca\/#\/schema\/person\/d9965768ae08730dafc3a7c835fcc47c\",\"name\":\"Resest\",\"image\":{\"@type\":\"ImageObject\",\"inLanguage\":\"ca-ES\",\"@id\":\"https:\/\/resest.com\/ca\/#\/schema\/person\/image\/\",\"url\":\"https:\/\/secure.gravatar.com\/avatar\/0c7509c85c836ff68bc43efa415976254ed1463e7bbc3edf38a658092e29e5b4?s=96&d=mm&r=g\",\"contentUrl\":\"https:\/\/secure.gravatar.com\/avatar\/0c7509c85c836ff68bc43efa415976254ed1463e7bbc3edf38a658092e29e5b4?s=96&d=mm&r=g\",\"caption\":\"Resest\"},\"url\":\"https:\/\/resest.com\/ca\/author\/jordi\/\"}]}<\/script>\n<!-- \/ Yoast SEO plugin. -->","yoast_head_json":{"title":"El Tour Virtual de la Resid\u00e8ncia d'Estudiants l'Estaci\u00f3 de Sabadell - Resid\u00e8ncia d&#039;Estudiants l&#039;Estaci\u00f3 de Sabadell | Resest","description":"A la Resid\u00e8ncia d'Estudiants l'Estaci\u00f3 de Sabadell hem incorporat a la nostra p\u00e0gina web un Tour Virtual per poder visitar les nostres instal\u00b7lacions.","robots":{"index":"index","follow":"follow","max-snippet":"max-snippet:-1","max-image-preview":"max-image-preview:large","max-video-preview":"max-video-preview:-1"},"canonical":"https:\/\/resest.com\/ca\/blog\/tour-virtual-residencia-estudiants-estacio-sabadell\/","og_locale":"ca_ES","og_type":"article","og_title":"El Tour Virtual de la Resid\u00e8ncia d'Estudiants l'Estaci\u00f3 de Sabadell - Resid\u00e8ncia d&#039;Estudiants l&#039;Estaci\u00f3 de Sabadell | Resest","og_description":"A la Resid\u00e8ncia d'Estudiants l'Estaci\u00f3 de Sabadell hem incorporat a la nostra p\u00e0gina web un Tour Virtual per poder visitar les nostres instal\u00b7lacions.","og_url":"https:\/\/resest.com\/ca\/blog\/tour-virtual-residencia-estudiants-estacio-sabadell\/","og_site_name":"Resid\u00e8ncia d&#039;Estudiants l&#039;Estaci\u00f3 de Sabadell | Resest","article_published_time":"2020-11-11T10:13:00+00:00","article_modified_time":"2020-12-09T10:19:20+00:00","og_image":[{"width":1200,"height":800,"url":"https:\/\/resest.com\/wp-content\/uploads\/2020\/12\/tour-virtual.jpg","type":"image\/jpeg"}],"author":"Resest","twitter_misc":{"Written by":"Resest","Est. reading time":"2 minutes"},"schema":{"@context":"https:\/\/schema.org","@graph":[{"@type":"Article","@id":"https:\/\/resest.com\/ca\/blog\/tour-virtual-residencia-estudiants-estacio-sabadell\/#article","isPartOf":{"@id":"https:\/\/resest.com\/ca\/blog\/tour-virtual-residencia-estudiants-estacio-sabadell\/"},"author":{"name":"Resest","@id":"https:\/\/resest.com\/ca\/#\/schema\/person\/d9965768ae08730dafc3a7c835fcc47c"},"headline":"El Tour Virtual de la Resid\u00e8ncia d&#8217;Estudiants l&#8217;Estaci\u00f3 de Sabadell","datePublished":"2020-11-11T10:13:00+00:00","dateModified":"2020-12-09T10:19:20+00:00","mainEntityOfPage":{"@id":"https:\/\/resest.com\/ca\/blog\/tour-virtual-residencia-estudiants-estacio-sabadell\/"},"wordCount":395,"commentCount":0,"publisher":{"@id":"https:\/\/resest.com\/ca\/#organization"},"image":{"@id":"https:\/\/resest.com\/ca\/blog\/tour-virtual-residencia-estudiants-estacio-sabadell\/#primaryimage"},"thumbnailUrl":"https:\/\/resest.com\/wp-content\/uploads\/2020\/12\/tour-virtual.jpg","articleSection":["Blog","Per qu\u00e8 Resest?","Vida a la Resid\u00e8ncia"],"inLanguage":"ca-ES","potentialAction":[{"@type":"CommentAction","name":"Comment","target":["https:\/\/resest.com\/ca\/blog\/tour-virtual-residencia-estudiants-estacio-sabadell\/#respond"]}]},{"@type":"WebPage","@id":"https:\/\/resest.com\/ca\/blog\/tour-virtual-residencia-estudiants-estacio-sabadell\/","url":"https:\/\/resest.com\/ca\/blog\/tour-virtual-residencia-estudiants-estacio-sabadell\/","name":"El Tour Virtual de la Resid\u00e8ncia d'Estudiants l'Estaci\u00f3 de Sabadell - Resid\u00e8ncia d&#039;Estudiants l&#039;Estaci\u00f3 de Sabadell | Resest","isPartOf":{"@id":"https:\/\/resest.com\/ca\/#website"},"primaryImageOfPage":{"@id":"https:\/\/resest.com\/ca\/blog\/tour-virtual-residencia-estudiants-estacio-sabadell\/#primaryimage"},"image":{"@id":"https:\/\/resest.com\/ca\/blog\/tour-virtual-residencia-estudiants-estacio-sabadell\/#primaryimage"},"thumbnailUrl":"https:\/\/resest.com\/wp-content\/uploads\/2020\/12\/tour-virtual.jpg","datePublished":"2020-11-11T10:13:00+00:00","dateModified":"2020-12-09T10:19:20+00:00","description":"A la Resid\u00e8ncia d'Estudiants l'Estaci\u00f3 de Sabadell hem incorporat a la nostra p\u00e0gina web un Tour Virtual per poder visitar les nostres instal\u00b7lacions.","breadcrumb":{"@id":"https:\/\/resest.com\/ca\/blog\/tour-virtual-residencia-estudiants-estacio-sabadell\/#breadcrumb"},"inLanguage":"ca-ES","potentialAction":[{"@type":"ReadAction","target":["https:\/\/resest.com\/ca\/blog\/tour-virtual-residencia-estudiants-estacio-sabadell\/"]}]},{"@type":"ImageObject","inLanguage":"ca-ES","@id":"https:\/\/resest.com\/ca\/blog\/tour-virtual-residencia-estudiants-estacio-sabadell\/#primaryimage","url":"https:\/\/resest.com\/wp-content\/uploads\/2020\/12\/tour-virtual.jpg","contentUrl":"https:\/\/resest.com\/wp-content\/uploads\/2020\/12\/tour-virtual.jpg","width":1200,"height":800,"caption":"tour-virtual-residencia-estudiants-sabadell"},{"@type":"BreadcrumbList","@id":"https:\/\/resest.com\/ca\/blog\/tour-virtual-residencia-estudiants-estacio-sabadell\/#breadcrumb","itemListElement":[{"@type":"ListItem","position":1,"name":"Inici","item":"https:\/\/resest.com\/ca\/"},{"@type":"ListItem","position":2,"name":"El Tour Virtual de la Resid\u00e8ncia d&#8217;Estudiants l&#8217;Estaci\u00f3 de Sabadell"}]},{"@type":"WebSite","@id":"https:\/\/resest.com\/ca\/#website","url":"https:\/\/resest.com\/ca\/","name":"Resid\u00e8ncia d&#039;Estudiants l&#039;Estaci\u00f3 de Sabadell | Resest","description":"Prop de l\u2019Universitat Aut\u00f2noma de Barcelona (UAB)","publisher":{"@id":"https:\/\/resest.com\/ca\/#organization"},"potentialAction":[{"@type":"SearchAction","target":{"@type":"EntryPoint","urlTemplate":"https:\/\/resest.com\/ca\/?s={search_term_string}"},"query-input":{"@type":"PropertyValueSpecification","valueRequired":true,"valueName":"search_term_string"}}],"inLanguage":"ca-ES"},{"@type":"Organization","@id":"https:\/\/resest.com\/ca\/#organization","name":"Resid\u00e8ncia d&#039;Estudiants l&#039;Estaci\u00f3 de Sabadell | Resest","url":"https:\/\/resest.com\/ca\/","logo":{"@type":"ImageObject","inLanguage":"ca-ES","@id":"https:\/\/resest.com\/ca\/#\/schema\/logo\/image\/","url":"https:\/\/resest.com\/wp-content\/uploads\/2024\/03\/Facana-1.jpg","contentUrl":"https:\/\/resest.com\/wp-content\/uploads\/2024\/03\/Facana-1.jpg","width":1200,"height":1009,"caption":"Resid\u00e8ncia d&#039;Estudiants l&#039;Estaci\u00f3 de Sabadell | Resest"},"image":{"@id":"https:\/\/resest.com\/ca\/#\/schema\/logo\/image\/"}},{"@type":"Person","@id":"https:\/\/resest.com\/ca\/#\/schema\/person\/d9965768ae08730dafc3a7c835fcc47c","name":"Resest","image":{"@type":"ImageObject","inLanguage":"ca-ES","@id":"https:\/\/resest.com\/ca\/#\/schema\/person\/image\/","url":"https:\/\/secure.gravatar.com\/avatar\/0c7509c85c836ff68bc43efa415976254ed1463e7bbc3edf38a658092e29e5b4?s=96&d=mm&r=g","contentUrl":"https:\/\/secure.gravatar.com\/avatar\/0c7509c85c836ff68bc43efa415976254ed1463e7bbc3edf38a658092e29e5b4?s=96&d=mm&r=g","caption":"Resest"},"url":"https:\/\/resest.com\/ca\/author\/jordi\/"}]}},"_links":{"self":[{"href":"https:\/\/resest.com\/ca\/wp-json\/wp\/v2\/posts\/8987","targetHints":{"allow":["GET"]}}],"collection":[{"href":"https:\/\/resest.com\/ca\/wp-json\/wp\/v2\/posts"}],"about":[{"href":"https:\/\/resest.com\/ca\/wp-json\/wp\/v2\/types\/post"}],"author":[{"embeddable":true,"href":"https:\/\/resest.com\/ca\/wp-json\/wp\/v2\/users\/1"}],"replies":[{"embeddable":true,"href":"https:\/\/resest.com\/ca\/wp-json\/wp\/v2\/comments?post=8987"}],"version-history":[{"count":0,"href":"https:\/\/resest.com\/ca\/wp-json\/wp\/v2\/posts\/8987\/revisions"}],"wp:featuredmedia":[{"embeddable":true,"href":"https:\/\/resest.com\/ca\/wp-json\/wp\/v2\/media\/8988"}],"wp:attachment":[{"href":"https:\/\/resest.com\/ca\/wp-json\/wp\/v2\/media?parent=8987"}],"wp:term":[{"taxonomy":"category","embeddable":true,"href":"https:\/\/resest.com\/ca\/wp-json\/wp\/v2\/categories?post=8987"},{"taxonomy":"post_tag","embeddable":true,"href":"https:\/\/resest.com\/ca\/wp-json\/wp\/v2\/tags?post=8987"}],"curies":[{"name":"wp","href":"https:\/\/api.w.org\/{rel}","templated":true}]}}