{"id":8978,"date":"2020-10-27T18:25:00","date_gmt":"2020-10-27T17:25:00","guid":{"rendered":"https:\/\/resest.com\/?p=8978"},"modified":"2020-11-02T18:27:45","modified_gmt":"2020-11-02T17:27:45","slug":"resest-perque-es-la-residencia-que-necessites","status":"publish","type":"post","link":"https:\/\/resest.com\/ca\/blog\/resest-perque-es-la-residencia-que-necessites\/","title":{"rendered":"Resest, perqu\u00e8 \u00e9s la residencia que necessites?"},"content":{"rendered":"\n<p>Tots els que hem\ntingut la sort de viure a una <strong><a href=\"https:\/\/resest.com\/ca\/la-residencia-estudiants-sabadell-barcelona-bellaterra\/\">resid\u00e8ncia\nd\u2019estudiants<\/a><\/strong> s\u00f3n milers els avantatges que ens venen a la ment, i m\u00e9s especialment\nquan ja hem finalitzat la nostra etapa universit\u00e0ria, moment en que ens envaeix\nel sentiment d\u2019enyoran\u00e7a. <\/p>\n\n\n\n<h3 class=\"wp-block-heading\">Adequaci\u00f3 de la Resid\u00e8ncia de Sabadell envers la Covid-19<\/h3>\n\n\n\n<p>Com ja sabem de sobres,\nens trobem en una situaci\u00f3 extrema de restriccions i normes de conviv\u00e8ncia que hem\nde complir amb tots els sentits per tal d\u2019evitar la propagaci\u00f3 de la Covid-19. Tal\ni com hem explicat en <strong><a href=\"https:\/\/resest.com\/ca\/blog\/mesures-sanitaries-residencia-estudiants-estacio-sabadell\/\">articles\nanteriors<\/a><\/strong>, a la <strong>Resid\u00e8ncia d\u2019Estudiants l\u2019Estaci\u00f3 de Sabadell <\/strong>hem\ninstaurat les <strong>mesures sanit\u00e0ries adients<\/strong> amb l\u2019objectiu d\u2019evitar el\ncontagi dins la resid\u00e8ncia. <\/p>\n\n\n\n<h3 class=\"wp-block-heading\">Com m\u00e9s familiar&#8230;. millor!<\/h3>\n\n\n\n<p>Per tot l\u2019explicat\nanteriorment, avui dia \u00e9s molt important aquest factor, ja que gr\u00e0cies a les\ndimensions del nostre <strong>allotjament d\u2019estudiants<\/strong> tota aquesta situaci\u00f3 i\nadequaci\u00f3 \u00e9s molt m\u00e9s f\u00e0cil que en altres casos.<\/p>\n\n\n\n<p>La <strong>Resid\u00e8ncia d\u2019Estudiants\nl\u2019Estaci\u00f3 de Sabadell<\/strong> est\u00e0\ndotada amb <strong><a href=\"https:\/\/resest.com\/ca\/habitacions-residencia-estudiantil-sabadell-barcelona\/\">18\nhabitacions dobles<\/a><\/strong>, \u00e9s a dir, que t\u00e9 capacitat per a un total de 36\nestudiants. Gr\u00e0cies a aquest nombre d\u2019estudiants, la re-organitzaci\u00f3\ndins la resid\u00e8ncia ha estat molt suportable. Els residents poden continuar\nvivint pr\u00e0cticament igual que abans de la pand\u00e8mia, fet molt valu\u00f3s per tots\nels que hi convivim.<\/p>\n\n\n\n<h4 class=\"wp-block-heading\">Instal\u00b7lacions i serveis\nde categoria dins una resid\u00e8ncia d\u2019estudiants familiar<\/h4>\n\n\n\n<p>Que siguem una <strong>resid\u00e8ncia d\u2019estudiants familiar<\/strong> no\nsignifica que no puguem oferir <strong><a href=\"https:\/\/resest.com\/ca\/serveis-residencia-estudiantil-barcelona-bellaterra\/\">serveis\nde categoria<\/a><\/strong> i gaudir d\u2019unes <strong><a href=\"https:\/\/resest.com\/ca\/installacions-residencia-estudiants-barcelona\/\">instal\u00b7lacions\nde luxe<\/a><\/strong>. Precisament per ser un allotjament d\u2019estudiants de capacitat\npetita, permet als residents gaudir de les instal\u00b7lacions i serveis al 100% sense\npatir aglomeracions. A m\u00e9s, no ens hem d\u2019oblidar de la gran terrassa-sol\u00e0rium\nque tenim a la part alta, amb mobiliari d\u2019oci i descans.<\/p>\n\n\n\n<h3 class=\"wp-block-heading\">Ubicaci\u00f3 privilegiada<\/h3>\n\n\n\n<p>La <strong>Resid\u00e8ncia d\u2019Estudiants de Sabadell<\/strong> est\u00e0\nsituada davant mateix de l\u2019estaci\u00f3 dels Ferrocarrils de la Generalitat de\nCatalunya que enllacen Sabadell amb Barcelona,&nbsp;<strong>a 6 minuts de la Universitat Aut\u00f2noma de\nBarcelona&nbsp;<\/strong>i a 50 metres de les parades dels autobusos urbans de\nSabadell. Com veieu, la <strong><a href=\"https:\/\/resest.com\/ca\/ubicacio-residencia-estudiantil-a-sabadell-barcelona\/\">situaci\u00f3\n\u00e9s immillorable<\/a><\/strong> sobretot per tots aquells estudiants que no disposen de\nvehicle propi, ja que el temps de transport \u00e9s el m\u00ednim.<\/p>\n\n\n\n<p>Us podem enumerar\nmolts m\u00e9s avantatges de viure a la nostra <strong><a href=\"https:\/\/resest.com\/ca\/la-residencia-estudiants-sabadell-barcelona-bellaterra\/\">resid\u00e8ncia\nd\u2019estudiants de Sabadell<\/a><\/strong>, per\u00f2\nel consell m\u00e9s valu\u00f3s que us podem donar \u00e9s que no oblideu de gaudir al m\u00e0xim dels\nanys en qu\u00e8 hi viviu, perqu\u00e8&#8230;.. passaran volant i seran inoblidables!!<\/p>\n\n\n\n<p>Si est\u00e0s\ninteressat en rebre m\u00e9s informaci\u00f3 sobre la <strong>Resid\u00e8ncia d\u2019Estudiants l\u2019Estaci\u00f3\nde Sabadell <\/strong>no dubtis a <strong><a href=\"https:\/\/resest.com\/ca\/contactar-allotjament-estudiantil-bellaterra-barcelona\/\">contactar-nos<\/a><\/strong>\ni t\u2019informarem sobre tot el que necessitis.<\/p>\n","protected":false},"excerpt":{"rendered":"<p>Tots els que hem tingut la sort de viure a una resid\u00e8ncia d\u2019estudiants s\u00f3n milers els avantatges que ens venen a la ment, i m\u00e9s especialment quan ja hem finalitzat la nostra etapa universit\u00e0ria, moment en que ens envaeix el sentiment d\u2019enyoran\u00e7a. Adequaci\u00f3 de la Resid\u00e8ncia de Sabadell envers la Covid-19 Com ja sabem de&hellip;<\/p>\n","protected":false},"author":1,"featured_media":8979,"comment_status":"open","ping_status":"open","sticky":false,"template":"","format":"standard","meta":{"footnotes":""},"categories":[6,52],"tags":[],"class_list":["post-8978","post","type-post","status-publish","format-standard","has-post-thumbnail","hentry","category-blog","category-on-estudiar-master","entry","has-media"],"yoast_head":"<!-- This site is optimized with the Yoast SEO plugin v26.4 - https:\/\/yoast.com\/wordpress\/plugins\/seo\/ -->\n<title>Resest, perqu\u00e8 \u00e9s la residencia que necessites? - Resid\u00e8ncia d&#039;Estudiants l&#039;Estaci\u00f3 de Sabadell | Resest<\/title>\n<meta name=\"description\" content=\"La Resid\u00e8ncia d\u2019Estudiants l\u2019Estaci\u00f3 de Sabadell est\u00e0 dotada amb 18 habitacions dobles, \u00e9s a dir, que t\u00e9 capacitat per a un total de 36 estudiants.\" \/>\n<meta name=\"robots\" content=\"index, follow, max-snippet:-1, max-image-preview:large, max-video-preview:-1\" \/>\n<link rel=\"canonical\" href=\"https:\/\/resest.com\/ca\/blog\/resest-perque-es-la-residencia-que-necessites\/\" \/>\n<meta property=\"og:locale\" content=\"ca_ES\" \/>\n<meta property=\"og:type\" content=\"article\" \/>\n<meta property=\"og:title\" content=\"Resest, perqu\u00e8 \u00e9s la residencia que necessites? - Resid\u00e8ncia d&#039;Estudiants l&#039;Estaci\u00f3 de Sabadell | Resest\" \/>\n<meta property=\"og:description\" content=\"La Resid\u00e8ncia d\u2019Estudiants l\u2019Estaci\u00f3 de Sabadell est\u00e0 dotada amb 18 habitacions dobles, \u00e9s a dir, que t\u00e9 capacitat per a un total de 36 estudiants.\" \/>\n<meta property=\"og:url\" content=\"https:\/\/resest.com\/ca\/blog\/resest-perque-es-la-residencia-que-necessites\/\" \/>\n<meta property=\"og:site_name\" content=\"Resid\u00e8ncia d&#039;Estudiants l&#039;Estaci\u00f3 de Sabadell | Resest\" \/>\n<meta property=\"article:published_time\" content=\"2020-10-27T17:25:00+00:00\" \/>\n<meta property=\"article:modified_time\" content=\"2020-11-02T17:27:45+00:00\" \/>\n<meta property=\"og:image\" content=\"https:\/\/resest.com\/wp-content\/uploads\/2020\/11\/fa\u00e7ana.jpeg\" \/>\n\t<meta property=\"og:image:width\" content=\"400\" \/>\n\t<meta property=\"og:image:height\" content=\"354\" \/>\n\t<meta property=\"og:image:type\" content=\"image\/jpeg\" \/>\n<meta name=\"author\" content=\"Resest\" \/>\n<meta name=\"twitter:label1\" content=\"Written by\" \/>\n\t<meta name=\"twitter:data1\" content=\"Resest\" \/>\n\t<meta name=\"twitter:label2\" content=\"Est. reading time\" \/>\n\t<meta name=\"twitter:data2\" content=\"2 minutes\" \/>\n<script type=\"application\/ld+json\" class=\"yoast-schema-graph\">{\"@context\":\"https:\/\/schema.org\",\"@graph\":[{\"@type\":\"Article\",\"@id\":\"https:\/\/resest.com\/ca\/blog\/resest-perque-es-la-residencia-que-necessites\/#article\",\"isPartOf\":{\"@id\":\"https:\/\/resest.com\/ca\/blog\/resest-perque-es-la-residencia-que-necessites\/\"},\"author\":{\"name\":\"Resest\",\"@id\":\"https:\/\/resest.com\/ca\/#\/schema\/person\/d9965768ae08730dafc3a7c835fcc47c\"},\"headline\":\"Resest, perqu\u00e8 \u00e9s la residencia que necessites?\",\"datePublished\":\"2020-10-27T17:25:00+00:00\",\"dateModified\":\"2020-11-02T17:27:45+00:00\",\"mainEntityOfPage\":{\"@id\":\"https:\/\/resest.com\/ca\/blog\/resest-perque-es-la-residencia-que-necessites\/\"},\"wordCount\":493,\"commentCount\":0,\"publisher\":{\"@id\":\"https:\/\/resest.com\/ca\/#organization\"},\"image\":{\"@id\":\"https:\/\/resest.com\/ca\/blog\/resest-perque-es-la-residencia-que-necessites\/#primaryimage\"},\"thumbnailUrl\":\"https:\/\/resest.com\/wp-content\/uploads\/2020\/11\/fa\u00e7ana.jpeg\",\"articleSection\":[\"Blog\",\"Per qu\u00e8 Resest?\"],\"inLanguage\":\"ca-ES\",\"potentialAction\":[{\"@type\":\"CommentAction\",\"name\":\"Comment\",\"target\":[\"https:\/\/resest.com\/ca\/blog\/resest-perque-es-la-residencia-que-necessites\/#respond\"]}]},{\"@type\":\"WebPage\",\"@id\":\"https:\/\/resest.com\/ca\/blog\/resest-perque-es-la-residencia-que-necessites\/\",\"url\":\"https:\/\/resest.com\/ca\/blog\/resest-perque-es-la-residencia-que-necessites\/\",\"name\":\"Resest, perqu\u00e8 \u00e9s la residencia que necessites? - Resid\u00e8ncia d&#039;Estudiants l&#039;Estaci\u00f3 de Sabadell | Resest\",\"isPartOf\":{\"@id\":\"https:\/\/resest.com\/ca\/#website\"},\"primaryImageOfPage\":{\"@id\":\"https:\/\/resest.com\/ca\/blog\/resest-perque-es-la-residencia-que-necessites\/#primaryimage\"},\"image\":{\"@id\":\"https:\/\/resest.com\/ca\/blog\/resest-perque-es-la-residencia-que-necessites\/#primaryimage\"},\"thumbnailUrl\":\"https:\/\/resest.com\/wp-content\/uploads\/2020\/11\/fa\u00e7ana.jpeg\",\"datePublished\":\"2020-10-27T17:25:00+00:00\",\"dateModified\":\"2020-11-02T17:27:45+00:00\",\"description\":\"La Resid\u00e8ncia d\u2019Estudiants l\u2019Estaci\u00f3 de Sabadell est\u00e0 dotada amb 18 habitacions dobles, \u00e9s a dir, que t\u00e9 capacitat per a un total de 36 estudiants.\",\"breadcrumb\":{\"@id\":\"https:\/\/resest.com\/ca\/blog\/resest-perque-es-la-residencia-que-necessites\/#breadcrumb\"},\"inLanguage\":\"ca-ES\",\"potentialAction\":[{\"@type\":\"ReadAction\",\"target\":[\"https:\/\/resest.com\/ca\/blog\/resest-perque-es-la-residencia-que-necessites\/\"]}]},{\"@type\":\"ImageObject\",\"inLanguage\":\"ca-ES\",\"@id\":\"https:\/\/resest.com\/ca\/blog\/resest-perque-es-la-residencia-que-necessites\/#primaryimage\",\"url\":\"https:\/\/resest.com\/wp-content\/uploads\/2020\/11\/fa\u00e7ana.jpeg\",\"contentUrl\":\"https:\/\/resest.com\/wp-content\/uploads\/2020\/11\/fa\u00e7ana.jpeg\",\"width\":400,\"height\":354,\"caption\":\"resest-residencia-estudiants-sabadell-que-necessites\"},{\"@type\":\"BreadcrumbList\",\"@id\":\"https:\/\/resest.com\/ca\/blog\/resest-perque-es-la-residencia-que-necessites\/#breadcrumb\",\"itemListElement\":[{\"@type\":\"ListItem\",\"position\":1,\"name\":\"Inici\",\"item\":\"https:\/\/resest.com\/ca\/\"},{\"@type\":\"ListItem\",\"position\":2,\"name\":\"Resest, perqu\u00e8 \u00e9s la residencia que necessites?\"}]},{\"@type\":\"WebSite\",\"@id\":\"https:\/\/resest.com\/ca\/#website\",\"url\":\"https:\/\/resest.com\/ca\/\",\"name\":\"Resid\u00e8ncia d&#039;Estudiants l&#039;Estaci\u00f3 de Sabadell | Resest\",\"description\":\"Prop de l\u2019Universitat Aut\u00f2noma de Barcelona (UAB)\",\"publisher\":{\"@id\":\"https:\/\/resest.com\/ca\/#organization\"},\"potentialAction\":[{\"@type\":\"SearchAction\",\"target\":{\"@type\":\"EntryPoint\",\"urlTemplate\":\"https:\/\/resest.com\/ca\/?s={search_term_string}\"},\"query-input\":{\"@type\":\"PropertyValueSpecification\",\"valueRequired\":true,\"valueName\":\"search_term_string\"}}],\"inLanguage\":\"ca-ES\"},{\"@type\":\"Organization\",\"@id\":\"https:\/\/resest.com\/ca\/#organization\",\"name\":\"Resid\u00e8ncia d&#039;Estudiants l&#039;Estaci\u00f3 de Sabadell | Resest\",\"url\":\"https:\/\/resest.com\/ca\/\",\"logo\":{\"@type\":\"ImageObject\",\"inLanguage\":\"ca-ES\",\"@id\":\"https:\/\/resest.com\/ca\/#\/schema\/logo\/image\/\",\"url\":\"https:\/\/resest.com\/wp-content\/uploads\/2024\/03\/Facana-1.jpg\",\"contentUrl\":\"https:\/\/resest.com\/wp-content\/uploads\/2024\/03\/Facana-1.jpg\",\"width\":1200,\"height\":1009,\"caption\":\"Resid\u00e8ncia d&#039;Estudiants l&#039;Estaci\u00f3 de Sabadell | Resest\"},\"image\":{\"@id\":\"https:\/\/resest.com\/ca\/#\/schema\/logo\/image\/\"}},{\"@type\":\"Person\",\"@id\":\"https:\/\/resest.com\/ca\/#\/schema\/person\/d9965768ae08730dafc3a7c835fcc47c\",\"name\":\"Resest\",\"image\":{\"@type\":\"ImageObject\",\"inLanguage\":\"ca-ES\",\"@id\":\"https:\/\/resest.com\/ca\/#\/schema\/person\/image\/\",\"url\":\"https:\/\/secure.gravatar.com\/avatar\/0c7509c85c836ff68bc43efa415976254ed1463e7bbc3edf38a658092e29e5b4?s=96&d=mm&r=g\",\"contentUrl\":\"https:\/\/secure.gravatar.com\/avatar\/0c7509c85c836ff68bc43efa415976254ed1463e7bbc3edf38a658092e29e5b4?s=96&d=mm&r=g\",\"caption\":\"Resest\"},\"url\":\"https:\/\/resest.com\/ca\/author\/jordi\/\"}]}<\/script>\n<!-- \/ Yoast SEO plugin. -->","yoast_head_json":{"title":"Resest, perqu\u00e8 \u00e9s la residencia que necessites? - Resid\u00e8ncia d&#039;Estudiants l&#039;Estaci\u00f3 de Sabadell | Resest","description":"La Resid\u00e8ncia d\u2019Estudiants l\u2019Estaci\u00f3 de Sabadell est\u00e0 dotada amb 18 habitacions dobles, \u00e9s a dir, que t\u00e9 capacitat per a un total de 36 estudiants.","robots":{"index":"index","follow":"follow","max-snippet":"max-snippet:-1","max-image-preview":"max-image-preview:large","max-video-preview":"max-video-preview:-1"},"canonical":"https:\/\/resest.com\/ca\/blog\/resest-perque-es-la-residencia-que-necessites\/","og_locale":"ca_ES","og_type":"article","og_title":"Resest, perqu\u00e8 \u00e9s la residencia que necessites? - Resid\u00e8ncia d&#039;Estudiants l&#039;Estaci\u00f3 de Sabadell | Resest","og_description":"La Resid\u00e8ncia d\u2019Estudiants l\u2019Estaci\u00f3 de Sabadell est\u00e0 dotada amb 18 habitacions dobles, \u00e9s a dir, que t\u00e9 capacitat per a un total de 36 estudiants.","og_url":"https:\/\/resest.com\/ca\/blog\/resest-perque-es-la-residencia-que-necessites\/","og_site_name":"Resid\u00e8ncia d&#039;Estudiants l&#039;Estaci\u00f3 de Sabadell | Resest","article_published_time":"2020-10-27T17:25:00+00:00","article_modified_time":"2020-11-02T17:27:45+00:00","og_image":[{"width":400,"height":354,"url":"https:\/\/resest.com\/wp-content\/uploads\/2020\/11\/fa\u00e7ana.jpeg","type":"image\/jpeg"}],"author":"Resest","twitter_misc":{"Written by":"Resest","Est. reading time":"2 minutes"},"schema":{"@context":"https:\/\/schema.org","@graph":[{"@type":"Article","@id":"https:\/\/resest.com\/ca\/blog\/resest-perque-es-la-residencia-que-necessites\/#article","isPartOf":{"@id":"https:\/\/resest.com\/ca\/blog\/resest-perque-es-la-residencia-que-necessites\/"},"author":{"name":"Resest","@id":"https:\/\/resest.com\/ca\/#\/schema\/person\/d9965768ae08730dafc3a7c835fcc47c"},"headline":"Resest, perqu\u00e8 \u00e9s la residencia que necessites?","datePublished":"2020-10-27T17:25:00+00:00","dateModified":"2020-11-02T17:27:45+00:00","mainEntityOfPage":{"@id":"https:\/\/resest.com\/ca\/blog\/resest-perque-es-la-residencia-que-necessites\/"},"wordCount":493,"commentCount":0,"publisher":{"@id":"https:\/\/resest.com\/ca\/#organization"},"image":{"@id":"https:\/\/resest.com\/ca\/blog\/resest-perque-es-la-residencia-que-necessites\/#primaryimage"},"thumbnailUrl":"https:\/\/resest.com\/wp-content\/uploads\/2020\/11\/fa\u00e7ana.jpeg","articleSection":["Blog","Per qu\u00e8 Resest?"],"inLanguage":"ca-ES","potentialAction":[{"@type":"CommentAction","name":"Comment","target":["https:\/\/resest.com\/ca\/blog\/resest-perque-es-la-residencia-que-necessites\/#respond"]}]},{"@type":"WebPage","@id":"https:\/\/resest.com\/ca\/blog\/resest-perque-es-la-residencia-que-necessites\/","url":"https:\/\/resest.com\/ca\/blog\/resest-perque-es-la-residencia-que-necessites\/","name":"Resest, perqu\u00e8 \u00e9s la residencia que necessites? - Resid\u00e8ncia d&#039;Estudiants l&#039;Estaci\u00f3 de Sabadell | Resest","isPartOf":{"@id":"https:\/\/resest.com\/ca\/#website"},"primaryImageOfPage":{"@id":"https:\/\/resest.com\/ca\/blog\/resest-perque-es-la-residencia-que-necessites\/#primaryimage"},"image":{"@id":"https:\/\/resest.com\/ca\/blog\/resest-perque-es-la-residencia-que-necessites\/#primaryimage"},"thumbnailUrl":"https:\/\/resest.com\/wp-content\/uploads\/2020\/11\/fa\u00e7ana.jpeg","datePublished":"2020-10-27T17:25:00+00:00","dateModified":"2020-11-02T17:27:45+00:00","description":"La Resid\u00e8ncia d\u2019Estudiants l\u2019Estaci\u00f3 de Sabadell est\u00e0 dotada amb 18 habitacions dobles, \u00e9s a dir, que t\u00e9 capacitat per a un total de 36 estudiants.","breadcrumb":{"@id":"https:\/\/resest.com\/ca\/blog\/resest-perque-es-la-residencia-que-necessites\/#breadcrumb"},"inLanguage":"ca-ES","potentialAction":[{"@type":"ReadAction","target":["https:\/\/resest.com\/ca\/blog\/resest-perque-es-la-residencia-que-necessites\/"]}]},{"@type":"ImageObject","inLanguage":"ca-ES","@id":"https:\/\/resest.com\/ca\/blog\/resest-perque-es-la-residencia-que-necessites\/#primaryimage","url":"https:\/\/resest.com\/wp-content\/uploads\/2020\/11\/fa\u00e7ana.jpeg","contentUrl":"https:\/\/resest.com\/wp-content\/uploads\/2020\/11\/fa\u00e7ana.jpeg","width":400,"height":354,"caption":"resest-residencia-estudiants-sabadell-que-necessites"},{"@type":"BreadcrumbList","@id":"https:\/\/resest.com\/ca\/blog\/resest-perque-es-la-residencia-que-necessites\/#breadcrumb","itemListElement":[{"@type":"ListItem","position":1,"name":"Inici","item":"https:\/\/resest.com\/ca\/"},{"@type":"ListItem","position":2,"name":"Resest, perqu\u00e8 \u00e9s la residencia que necessites?"}]},{"@type":"WebSite","@id":"https:\/\/resest.com\/ca\/#website","url":"https:\/\/resest.com\/ca\/","name":"Resid\u00e8ncia d&#039;Estudiants l&#039;Estaci\u00f3 de Sabadell | Resest","description":"Prop de l\u2019Universitat Aut\u00f2noma de Barcelona (UAB)","publisher":{"@id":"https:\/\/resest.com\/ca\/#organization"},"potentialAction":[{"@type":"SearchAction","target":{"@type":"EntryPoint","urlTemplate":"https:\/\/resest.com\/ca\/?s={search_term_string}"},"query-input":{"@type":"PropertyValueSpecification","valueRequired":true,"valueName":"search_term_string"}}],"inLanguage":"ca-ES"},{"@type":"Organization","@id":"https:\/\/resest.com\/ca\/#organization","name":"Resid\u00e8ncia d&#039;Estudiants l&#039;Estaci\u00f3 de Sabadell | Resest","url":"https:\/\/resest.com\/ca\/","logo":{"@type":"ImageObject","inLanguage":"ca-ES","@id":"https:\/\/resest.com\/ca\/#\/schema\/logo\/image\/","url":"https:\/\/resest.com\/wp-content\/uploads\/2024\/03\/Facana-1.jpg","contentUrl":"https:\/\/resest.com\/wp-content\/uploads\/2024\/03\/Facana-1.jpg","width":1200,"height":1009,"caption":"Resid\u00e8ncia d&#039;Estudiants l&#039;Estaci\u00f3 de Sabadell | Resest"},"image":{"@id":"https:\/\/resest.com\/ca\/#\/schema\/logo\/image\/"}},{"@type":"Person","@id":"https:\/\/resest.com\/ca\/#\/schema\/person\/d9965768ae08730dafc3a7c835fcc47c","name":"Resest","image":{"@type":"ImageObject","inLanguage":"ca-ES","@id":"https:\/\/resest.com\/ca\/#\/schema\/person\/image\/","url":"https:\/\/secure.gravatar.com\/avatar\/0c7509c85c836ff68bc43efa415976254ed1463e7bbc3edf38a658092e29e5b4?s=96&d=mm&r=g","contentUrl":"https:\/\/secure.gravatar.com\/avatar\/0c7509c85c836ff68bc43efa415976254ed1463e7bbc3edf38a658092e29e5b4?s=96&d=mm&r=g","caption":"Resest"},"url":"https:\/\/resest.com\/ca\/author\/jordi\/"}]}},"_links":{"self":[{"href":"https:\/\/resest.com\/ca\/wp-json\/wp\/v2\/posts\/8978","targetHints":{"allow":["GET"]}}],"collection":[{"href":"https:\/\/resest.com\/ca\/wp-json\/wp\/v2\/posts"}],"about":[{"href":"https:\/\/resest.com\/ca\/wp-json\/wp\/v2\/types\/post"}],"author":[{"embeddable":true,"href":"https:\/\/resest.com\/ca\/wp-json\/wp\/v2\/users\/1"}],"replies":[{"embeddable":true,"href":"https:\/\/resest.com\/ca\/wp-json\/wp\/v2\/comments?post=8978"}],"version-history":[{"count":0,"href":"https:\/\/resest.com\/ca\/wp-json\/wp\/v2\/posts\/8978\/revisions"}],"wp:featuredmedia":[{"embeddable":true,"href":"https:\/\/resest.com\/ca\/wp-json\/wp\/v2\/media\/8979"}],"wp:attachment":[{"href":"https:\/\/resest.com\/ca\/wp-json\/wp\/v2\/media?parent=8978"}],"wp:term":[{"taxonomy":"category","embeddable":true,"href":"https:\/\/resest.com\/ca\/wp-json\/wp\/v2\/categories?post=8978"},{"taxonomy":"post_tag","embeddable":true,"href":"https:\/\/resest.com\/ca\/wp-json\/wp\/v2\/tags?post=8978"}],"curies":[{"name":"wp","href":"https:\/\/api.w.org\/{rel}","templated":true}]}}