{"id":8970,"date":"2020-10-12T16:14:00","date_gmt":"2020-10-12T15:14:00","guid":{"rendered":"https:\/\/resest.com\/?p=8970"},"modified":"2020-10-30T16:27:05","modified_gmt":"2020-10-30T15:27:05","slug":"gestio-del-temps-per-a-estudiants","status":"publish","type":"post","link":"https:\/\/resest.com\/ca\/blog\/gestio-del-temps-per-a-estudiants\/","title":{"rendered":"Gesti\u00f3 del temps per a estudiants"},"content":{"rendered":"\n<p>Per a tots, un\ndia dura 24 hores. Per\u00f2 mentre que molts treuen un gran rendiment al seu temps,\na altres el dia se&#8217;ls passa volant i arriben a la fi de la jornada amb la\nsensaci\u00f3 de no haver-la aprofitat plenament.<\/p>\n\n\n\n<p>Si est\u00e0s vivint\nla teva etapa acad\u00e8mica, \u00e9s fonamental que aprofitis al m\u00e0xim cadascun dels\nminuts que dediques a formar-te; per\u00f2 tamb\u00e9 has de descansar i gaudir de\nmoments d&#8217;oci. Per aconseguir-ho, \u00e9s clau aprendre com aconseguir <strong>una gesti\u00f3\ndel temps adient<\/strong>.<\/p>\n\n\n\n<h3 class=\"wp-block-heading\">La import\u00e0ncia d&#8217;una bona gesti\u00f3 del temps<\/h3>\n\n\n\n<p>Hi ha la\nanomenada Teoria o Regla dels tres 8, que consisteix a dividir el dia en tres\nparts: <strong>8 hores per dormir, 8 hores per treballar i 8 hores per gaudir<\/strong>.\nEn un m\u00f3n ideal seria aix\u00ed, per\u00f2 a la vida real costa molt equilibrar la\njornada d&#8217;aquesta manera. Per tant, l&#8217;organitzaci\u00f3 del temps de qu\u00e8 disposem \u00e9s\nresponsabilitat de cadasc\u00fa. En resum: la gesti\u00f3 i planificaci\u00f3 del temps <strong>s\u00f3n\nelements clau per tenir \u00e8xit en els estudis<\/strong> i assolir els objectius\nmarcats.<\/p>\n\n\n\n<h3 class=\"wp-block-heading\">Consells per dur a terme una bona gesti\u00f3 del temps<\/h3>\n\n\n\n<p>Si vols treure el\nm\u00e0xim partit al teu temps d&#8217;estudi \u00e9s important que organitzis i planifiquis la\nteva jornada. Aquestes s\u00f3n algunes pautes que et poden ajudar:<\/p>\n\n\n\n<p><strong>PLANIFICACI\u00d3<\/strong>. Fes un programa amb el temps que dedicar\u00e0s\ndi\u00e0riament a estudiar, per\u00f2 inclou tamb\u00e9 hores de descans que s\u00f3n fonamentals\nper aclarir la ment. Sigues rigor\u00f3s amb aquesta planificaci\u00f3 i procura seguir-la.<\/p>\n\n\n\n<p><strong>LLOC<\/strong>. Per moltes hores que passis estudiant si\nl&#8217;ambient no \u00e9s l&#8217;adequat, de poc servir\u00e0. Busca <strong><a href=\"https:\/\/resest.com\/ca\/habitacions-residencia-estudiantil-sabadell-barcelona\/\">un\nespai tranquil<\/a><\/strong> i on no puguis ser interromput.<\/p>\n\n\n\n<p><strong>DESCANS<\/strong>. \u00c9s important que descansis b\u00e9 i les\nhores suficients, aix\u00ed el teu rendiment ser\u00e0 millor.<\/p>\n\n\n\n<p><strong>FOR\u00c7A DE\nVOLUNTAT.<\/strong> Afronta\nl&#8217;estudi amb actitud positiva, amb ganes i determinaci\u00f3. I no deixis que res,\nllevat que sigui de vital import\u00e0ncia, eviti que et posis a estudiar quan aix\u00ed\nho hagis establert.<\/p>\n\n\n\n<p><strong>METES<\/strong>. Posa&#8217;t metes realistes pel que fa als\nhoraris i als objectius que vols aconseguir. Aconseguir el que t&#8217;has proposat,\n\u00e9s com una injecci\u00f3 d&#8217;energia positiva que t&#8217;ajuda a seguir endavant.<\/p>\n\n\n\n<p><strong>OCI<\/strong>. \u00c9s fonamental que reservis temps per a\nl&#8217;oci i per gaudir de la vida. Si nom\u00e9s estudies, a la fi acabar\u00e0s atabalat. \u00c9s\nmillor fer un par\u00e8ntesi, per\u00f2 sempre de forma equilibrada.<\/p>\n\n\n\n<p><strong>REPASSAR<\/strong>. Una manera molt \u00fatil de consolidar el\nque s&#8217;ha apr\u00e8s \u00e9s repassar la mat\u00e8ria just despr\u00e9s de les classes. Prova fer-ho\naix\u00ed i comprovar\u00e0s com aconsegueixes un major rendiment. Aquest temps invertit\net donar\u00e0 uns excel\u00b7lents resultats.<\/p>\n\n\n\n<p><strong>PAUSES<\/strong>. \u00c9s fonamental que facis petits descansos\no pauses quan estiguis estudiant. T&#8217;ajudaran a relaxar-te i reprendre les\ntasques amb les forces renovades.<\/p>\n\n\n\n<p>Com veieu,\nseguint uns <strong><a href=\"https:\/\/resest.com\/ca\/installacions-residencia-estudiants-barcelona\/\">h\u00e0bits\nque ens equilibrin i gestionin el temps<\/a><\/strong> el nostre rendiment ser\u00e0 molt\nm\u00e9s eficient.<\/p>\n","protected":false},"excerpt":{"rendered":"<p>Per a tots, un dia dura 24 hores. Per\u00f2 mentre que molts treuen un gran rendiment al seu temps, a altres el dia se&#8217;ls passa volant i arriben a la fi de la jornada amb la sensaci\u00f3 de no haver-la aprofitat plenament. Si est\u00e0s vivint la teva etapa acad\u00e8mica, \u00e9s fonamental que aprofitis al m\u00e0xim&hellip;<\/p>\n","protected":false},"author":1,"featured_media":8971,"comment_status":"open","ping_status":"open","sticky":false,"template":"","format":"standard","meta":{"footnotes":""},"categories":[6,50],"tags":[],"class_list":["post-8970","post","type-post","status-publish","format-standard","has-post-thumbnail","hentry","category-blog","category-vida-de-lestudiant","entry","has-media"],"yoast_head":"<!-- This site is optimized with the Yoast SEO plugin v26.4 - https:\/\/yoast.com\/wordpress\/plugins\/seo\/ -->\n<title>Gesti\u00f3 del temps per a estudiants - Resid\u00e8ncia d&#039;Estudiants l&#039;Estaci\u00f3 de Sabadell | Resest<\/title>\n<meta name=\"description\" content=\"Avui us explicarem com els estudiants podeu organitzar-vos per aconseguir una gesti\u00f3 del temps adient. No et perdis els nostres consells!\" \/>\n<meta name=\"robots\" content=\"index, follow, max-snippet:-1, max-image-preview:large, max-video-preview:-1\" \/>\n<link rel=\"canonical\" href=\"https:\/\/resest.com\/ca\/blog\/gestio-del-temps-per-a-estudiants\/\" \/>\n<meta property=\"og:locale\" content=\"ca_ES\" \/>\n<meta property=\"og:type\" content=\"article\" \/>\n<meta property=\"og:title\" content=\"Gesti\u00f3 del temps per a estudiants - Resid\u00e8ncia d&#039;Estudiants l&#039;Estaci\u00f3 de Sabadell | Resest\" \/>\n<meta property=\"og:description\" content=\"Avui us explicarem com els estudiants podeu organitzar-vos per aconseguir una gesti\u00f3 del temps adient. No et perdis els nostres consells!\" \/>\n<meta property=\"og:url\" content=\"https:\/\/resest.com\/ca\/blog\/gestio-del-temps-per-a-estudiants\/\" \/>\n<meta property=\"og:site_name\" content=\"Resid\u00e8ncia d&#039;Estudiants l&#039;Estaci\u00f3 de Sabadell | Resest\" \/>\n<meta property=\"article:published_time\" content=\"2020-10-12T15:14:00+00:00\" \/>\n<meta property=\"article:modified_time\" content=\"2020-10-30T15:27:05+00:00\" \/>\n<meta property=\"og:image\" content=\"https:\/\/resest.com\/wp-content\/uploads\/2020\/10\/gestion-del-tiempo-estudiantes.jpg\" \/>\n\t<meta property=\"og:image:width\" content=\"1200\" \/>\n\t<meta property=\"og:image:height\" content=\"800\" \/>\n\t<meta property=\"og:image:type\" content=\"image\/jpeg\" \/>\n<meta name=\"author\" content=\"Resest\" \/>\n<meta name=\"twitter:label1\" content=\"Written by\" \/>\n\t<meta name=\"twitter:data1\" content=\"Resest\" \/>\n\t<meta name=\"twitter:label2\" content=\"Est. reading time\" \/>\n\t<meta name=\"twitter:data2\" content=\"2 minutes\" \/>\n<script type=\"application\/ld+json\" class=\"yoast-schema-graph\">{\"@context\":\"https:\/\/schema.org\",\"@graph\":[{\"@type\":\"Article\",\"@id\":\"https:\/\/resest.com\/ca\/blog\/gestio-del-temps-per-a-estudiants\/#article\",\"isPartOf\":{\"@id\":\"https:\/\/resest.com\/ca\/blog\/gestio-del-temps-per-a-estudiants\/\"},\"author\":{\"name\":\"Resest\",\"@id\":\"https:\/\/resest.com\/ca\/#\/schema\/person\/d9965768ae08730dafc3a7c835fcc47c\"},\"headline\":\"Gesti\u00f3 del temps per a estudiants\",\"datePublished\":\"2020-10-12T15:14:00+00:00\",\"dateModified\":\"2020-10-30T15:27:05+00:00\",\"mainEntityOfPage\":{\"@id\":\"https:\/\/resest.com\/ca\/blog\/gestio-del-temps-per-a-estudiants\/\"},\"wordCount\":505,\"commentCount\":0,\"publisher\":{\"@id\":\"https:\/\/resest.com\/ca\/#organization\"},\"image\":{\"@id\":\"https:\/\/resest.com\/ca\/blog\/gestio-del-temps-per-a-estudiants\/#primaryimage\"},\"thumbnailUrl\":\"https:\/\/resest.com\/wp-content\/uploads\/2020\/10\/gestion-del-tiempo-estudiantes.jpg\",\"articleSection\":[\"Blog\",\"Consells per a estudiants universitaris\"],\"inLanguage\":\"ca-ES\",\"potentialAction\":[{\"@type\":\"CommentAction\",\"name\":\"Comment\",\"target\":[\"https:\/\/resest.com\/ca\/blog\/gestio-del-temps-per-a-estudiants\/#respond\"]}]},{\"@type\":\"WebPage\",\"@id\":\"https:\/\/resest.com\/ca\/blog\/gestio-del-temps-per-a-estudiants\/\",\"url\":\"https:\/\/resest.com\/ca\/blog\/gestio-del-temps-per-a-estudiants\/\",\"name\":\"Gesti\u00f3 del temps per a estudiants - Resid\u00e8ncia d&#039;Estudiants l&#039;Estaci\u00f3 de Sabadell | Resest\",\"isPartOf\":{\"@id\":\"https:\/\/resest.com\/ca\/#website\"},\"primaryImageOfPage\":{\"@id\":\"https:\/\/resest.com\/ca\/blog\/gestio-del-temps-per-a-estudiants\/#primaryimage\"},\"image\":{\"@id\":\"https:\/\/resest.com\/ca\/blog\/gestio-del-temps-per-a-estudiants\/#primaryimage\"},\"thumbnailUrl\":\"https:\/\/resest.com\/wp-content\/uploads\/2020\/10\/gestion-del-tiempo-estudiantes.jpg\",\"datePublished\":\"2020-10-12T15:14:00+00:00\",\"dateModified\":\"2020-10-30T15:27:05+00:00\",\"description\":\"Avui us explicarem com els estudiants podeu organitzar-vos per aconseguir una gesti\u00f3 del temps adient. No et perdis els nostres consells!\",\"breadcrumb\":{\"@id\":\"https:\/\/resest.com\/ca\/blog\/gestio-del-temps-per-a-estudiants\/#breadcrumb\"},\"inLanguage\":\"ca-ES\",\"potentialAction\":[{\"@type\":\"ReadAction\",\"target\":[\"https:\/\/resest.com\/ca\/blog\/gestio-del-temps-per-a-estudiants\/\"]}]},{\"@type\":\"ImageObject\",\"inLanguage\":\"ca-ES\",\"@id\":\"https:\/\/resest.com\/ca\/blog\/gestio-del-temps-per-a-estudiants\/#primaryimage\",\"url\":\"https:\/\/resest.com\/wp-content\/uploads\/2020\/10\/gestion-del-tiempo-estudiantes.jpg\",\"contentUrl\":\"https:\/\/resest.com\/wp-content\/uploads\/2020\/10\/gestion-del-tiempo-estudiantes.jpg\",\"width\":1200,\"height\":800,\"caption\":\"gestio-del-temps-estudiants\"},{\"@type\":\"BreadcrumbList\",\"@id\":\"https:\/\/resest.com\/ca\/blog\/gestio-del-temps-per-a-estudiants\/#breadcrumb\",\"itemListElement\":[{\"@type\":\"ListItem\",\"position\":1,\"name\":\"Inici\",\"item\":\"https:\/\/resest.com\/ca\/\"},{\"@type\":\"ListItem\",\"position\":2,\"name\":\"Gesti\u00f3 del temps per a estudiants\"}]},{\"@type\":\"WebSite\",\"@id\":\"https:\/\/resest.com\/ca\/#website\",\"url\":\"https:\/\/resest.com\/ca\/\",\"name\":\"Resid\u00e8ncia d&#039;Estudiants l&#039;Estaci\u00f3 de Sabadell | Resest\",\"description\":\"Prop de l\u2019Universitat Aut\u00f2noma de Barcelona (UAB)\",\"publisher\":{\"@id\":\"https:\/\/resest.com\/ca\/#organization\"},\"potentialAction\":[{\"@type\":\"SearchAction\",\"target\":{\"@type\":\"EntryPoint\",\"urlTemplate\":\"https:\/\/resest.com\/ca\/?s={search_term_string}\"},\"query-input\":{\"@type\":\"PropertyValueSpecification\",\"valueRequired\":true,\"valueName\":\"search_term_string\"}}],\"inLanguage\":\"ca-ES\"},{\"@type\":\"Organization\",\"@id\":\"https:\/\/resest.com\/ca\/#organization\",\"name\":\"Resid\u00e8ncia d&#039;Estudiants l&#039;Estaci\u00f3 de Sabadell | Resest\",\"url\":\"https:\/\/resest.com\/ca\/\",\"logo\":{\"@type\":\"ImageObject\",\"inLanguage\":\"ca-ES\",\"@id\":\"https:\/\/resest.com\/ca\/#\/schema\/logo\/image\/\",\"url\":\"https:\/\/resest.com\/wp-content\/uploads\/2024\/03\/Facana-1.jpg\",\"contentUrl\":\"https:\/\/resest.com\/wp-content\/uploads\/2024\/03\/Facana-1.jpg\",\"width\":1200,\"height\":1009,\"caption\":\"Resid\u00e8ncia d&#039;Estudiants l&#039;Estaci\u00f3 de Sabadell | Resest\"},\"image\":{\"@id\":\"https:\/\/resest.com\/ca\/#\/schema\/logo\/image\/\"}},{\"@type\":\"Person\",\"@id\":\"https:\/\/resest.com\/ca\/#\/schema\/person\/d9965768ae08730dafc3a7c835fcc47c\",\"name\":\"Resest\",\"image\":{\"@type\":\"ImageObject\",\"inLanguage\":\"ca-ES\",\"@id\":\"https:\/\/resest.com\/ca\/#\/schema\/person\/image\/\",\"url\":\"https:\/\/secure.gravatar.com\/avatar\/0c7509c85c836ff68bc43efa415976254ed1463e7bbc3edf38a658092e29e5b4?s=96&d=mm&r=g\",\"contentUrl\":\"https:\/\/secure.gravatar.com\/avatar\/0c7509c85c836ff68bc43efa415976254ed1463e7bbc3edf38a658092e29e5b4?s=96&d=mm&r=g\",\"caption\":\"Resest\"},\"url\":\"https:\/\/resest.com\/ca\/author\/jordi\/\"}]}<\/script>\n<!-- \/ Yoast SEO plugin. -->","yoast_head_json":{"title":"Gesti\u00f3 del temps per a estudiants - Resid\u00e8ncia d&#039;Estudiants l&#039;Estaci\u00f3 de Sabadell | Resest","description":"Avui us explicarem com els estudiants podeu organitzar-vos per aconseguir una gesti\u00f3 del temps adient. No et perdis els nostres consells!","robots":{"index":"index","follow":"follow","max-snippet":"max-snippet:-1","max-image-preview":"max-image-preview:large","max-video-preview":"max-video-preview:-1"},"canonical":"https:\/\/resest.com\/ca\/blog\/gestio-del-temps-per-a-estudiants\/","og_locale":"ca_ES","og_type":"article","og_title":"Gesti\u00f3 del temps per a estudiants - Resid\u00e8ncia d&#039;Estudiants l&#039;Estaci\u00f3 de Sabadell | Resest","og_description":"Avui us explicarem com els estudiants podeu organitzar-vos per aconseguir una gesti\u00f3 del temps adient. No et perdis els nostres consells!","og_url":"https:\/\/resest.com\/ca\/blog\/gestio-del-temps-per-a-estudiants\/","og_site_name":"Resid\u00e8ncia d&#039;Estudiants l&#039;Estaci\u00f3 de Sabadell | Resest","article_published_time":"2020-10-12T15:14:00+00:00","article_modified_time":"2020-10-30T15:27:05+00:00","og_image":[{"width":1200,"height":800,"url":"https:\/\/resest.com\/wp-content\/uploads\/2020\/10\/gestion-del-tiempo-estudiantes.jpg","type":"image\/jpeg"}],"author":"Resest","twitter_misc":{"Written by":"Resest","Est. reading time":"2 minutes"},"schema":{"@context":"https:\/\/schema.org","@graph":[{"@type":"Article","@id":"https:\/\/resest.com\/ca\/blog\/gestio-del-temps-per-a-estudiants\/#article","isPartOf":{"@id":"https:\/\/resest.com\/ca\/blog\/gestio-del-temps-per-a-estudiants\/"},"author":{"name":"Resest","@id":"https:\/\/resest.com\/ca\/#\/schema\/person\/d9965768ae08730dafc3a7c835fcc47c"},"headline":"Gesti\u00f3 del temps per a estudiants","datePublished":"2020-10-12T15:14:00+00:00","dateModified":"2020-10-30T15:27:05+00:00","mainEntityOfPage":{"@id":"https:\/\/resest.com\/ca\/blog\/gestio-del-temps-per-a-estudiants\/"},"wordCount":505,"commentCount":0,"publisher":{"@id":"https:\/\/resest.com\/ca\/#organization"},"image":{"@id":"https:\/\/resest.com\/ca\/blog\/gestio-del-temps-per-a-estudiants\/#primaryimage"},"thumbnailUrl":"https:\/\/resest.com\/wp-content\/uploads\/2020\/10\/gestion-del-tiempo-estudiantes.jpg","articleSection":["Blog","Consells per a estudiants universitaris"],"inLanguage":"ca-ES","potentialAction":[{"@type":"CommentAction","name":"Comment","target":["https:\/\/resest.com\/ca\/blog\/gestio-del-temps-per-a-estudiants\/#respond"]}]},{"@type":"WebPage","@id":"https:\/\/resest.com\/ca\/blog\/gestio-del-temps-per-a-estudiants\/","url":"https:\/\/resest.com\/ca\/blog\/gestio-del-temps-per-a-estudiants\/","name":"Gesti\u00f3 del temps per a estudiants - Resid\u00e8ncia d&#039;Estudiants l&#039;Estaci\u00f3 de Sabadell | Resest","isPartOf":{"@id":"https:\/\/resest.com\/ca\/#website"},"primaryImageOfPage":{"@id":"https:\/\/resest.com\/ca\/blog\/gestio-del-temps-per-a-estudiants\/#primaryimage"},"image":{"@id":"https:\/\/resest.com\/ca\/blog\/gestio-del-temps-per-a-estudiants\/#primaryimage"},"thumbnailUrl":"https:\/\/resest.com\/wp-content\/uploads\/2020\/10\/gestion-del-tiempo-estudiantes.jpg","datePublished":"2020-10-12T15:14:00+00:00","dateModified":"2020-10-30T15:27:05+00:00","description":"Avui us explicarem com els estudiants podeu organitzar-vos per aconseguir una gesti\u00f3 del temps adient. No et perdis els nostres consells!","breadcrumb":{"@id":"https:\/\/resest.com\/ca\/blog\/gestio-del-temps-per-a-estudiants\/#breadcrumb"},"inLanguage":"ca-ES","potentialAction":[{"@type":"ReadAction","target":["https:\/\/resest.com\/ca\/blog\/gestio-del-temps-per-a-estudiants\/"]}]},{"@type":"ImageObject","inLanguage":"ca-ES","@id":"https:\/\/resest.com\/ca\/blog\/gestio-del-temps-per-a-estudiants\/#primaryimage","url":"https:\/\/resest.com\/wp-content\/uploads\/2020\/10\/gestion-del-tiempo-estudiantes.jpg","contentUrl":"https:\/\/resest.com\/wp-content\/uploads\/2020\/10\/gestion-del-tiempo-estudiantes.jpg","width":1200,"height":800,"caption":"gestio-del-temps-estudiants"},{"@type":"BreadcrumbList","@id":"https:\/\/resest.com\/ca\/blog\/gestio-del-temps-per-a-estudiants\/#breadcrumb","itemListElement":[{"@type":"ListItem","position":1,"name":"Inici","item":"https:\/\/resest.com\/ca\/"},{"@type":"ListItem","position":2,"name":"Gesti\u00f3 del temps per a estudiants"}]},{"@type":"WebSite","@id":"https:\/\/resest.com\/ca\/#website","url":"https:\/\/resest.com\/ca\/","name":"Resid\u00e8ncia d&#039;Estudiants l&#039;Estaci\u00f3 de Sabadell | Resest","description":"Prop de l\u2019Universitat Aut\u00f2noma de Barcelona (UAB)","publisher":{"@id":"https:\/\/resest.com\/ca\/#organization"},"potentialAction":[{"@type":"SearchAction","target":{"@type":"EntryPoint","urlTemplate":"https:\/\/resest.com\/ca\/?s={search_term_string}"},"query-input":{"@type":"PropertyValueSpecification","valueRequired":true,"valueName":"search_term_string"}}],"inLanguage":"ca-ES"},{"@type":"Organization","@id":"https:\/\/resest.com\/ca\/#organization","name":"Resid\u00e8ncia d&#039;Estudiants l&#039;Estaci\u00f3 de Sabadell | Resest","url":"https:\/\/resest.com\/ca\/","logo":{"@type":"ImageObject","inLanguage":"ca-ES","@id":"https:\/\/resest.com\/ca\/#\/schema\/logo\/image\/","url":"https:\/\/resest.com\/wp-content\/uploads\/2024\/03\/Facana-1.jpg","contentUrl":"https:\/\/resest.com\/wp-content\/uploads\/2024\/03\/Facana-1.jpg","width":1200,"height":1009,"caption":"Resid\u00e8ncia d&#039;Estudiants l&#039;Estaci\u00f3 de Sabadell | Resest"},"image":{"@id":"https:\/\/resest.com\/ca\/#\/schema\/logo\/image\/"}},{"@type":"Person","@id":"https:\/\/resest.com\/ca\/#\/schema\/person\/d9965768ae08730dafc3a7c835fcc47c","name":"Resest","image":{"@type":"ImageObject","inLanguage":"ca-ES","@id":"https:\/\/resest.com\/ca\/#\/schema\/person\/image\/","url":"https:\/\/secure.gravatar.com\/avatar\/0c7509c85c836ff68bc43efa415976254ed1463e7bbc3edf38a658092e29e5b4?s=96&d=mm&r=g","contentUrl":"https:\/\/secure.gravatar.com\/avatar\/0c7509c85c836ff68bc43efa415976254ed1463e7bbc3edf38a658092e29e5b4?s=96&d=mm&r=g","caption":"Resest"},"url":"https:\/\/resest.com\/ca\/author\/jordi\/"}]}},"_links":{"self":[{"href":"https:\/\/resest.com\/ca\/wp-json\/wp\/v2\/posts\/8970","targetHints":{"allow":["GET"]}}],"collection":[{"href":"https:\/\/resest.com\/ca\/wp-json\/wp\/v2\/posts"}],"about":[{"href":"https:\/\/resest.com\/ca\/wp-json\/wp\/v2\/types\/post"}],"author":[{"embeddable":true,"href":"https:\/\/resest.com\/ca\/wp-json\/wp\/v2\/users\/1"}],"replies":[{"embeddable":true,"href":"https:\/\/resest.com\/ca\/wp-json\/wp\/v2\/comments?post=8970"}],"version-history":[{"count":0,"href":"https:\/\/resest.com\/ca\/wp-json\/wp\/v2\/posts\/8970\/revisions"}],"wp:featuredmedia":[{"embeddable":true,"href":"https:\/\/resest.com\/ca\/wp-json\/wp\/v2\/media\/8971"}],"wp:attachment":[{"href":"https:\/\/resest.com\/ca\/wp-json\/wp\/v2\/media?parent=8970"}],"wp:term":[{"taxonomy":"category","embeddable":true,"href":"https:\/\/resest.com\/ca\/wp-json\/wp\/v2\/categories?post=8970"},{"taxonomy":"post_tag","embeddable":true,"href":"https:\/\/resest.com\/ca\/wp-json\/wp\/v2\/tags?post=8970"}],"curies":[{"name":"wp","href":"https:\/\/api.w.org\/{rel}","templated":true}]}}