{"id":8938,"date":"2020-09-15T12:14:00","date_gmt":"2020-09-15T11:14:00","guid":{"rendered":"https:\/\/resest.com\/?p=8938"},"modified":"2020-10-16T09:45:23","modified_gmt":"2020-10-16T08:45:23","slug":"mesures-sanitaries-residencia-estudiants-estacio-sabadell","status":"publish","type":"post","link":"https:\/\/resest.com\/ca\/blog\/mesures-sanitaries-residencia-estudiants-estacio-sabadell\/","title":{"rendered":"Mesures sanit\u00e0ries dins la Resid\u00e8ncia d\u2019Estudiants l\u2019Estaci\u00f3 de Sabadell"},"content":{"rendered":"\n<p>A la <strong><a href=\"https:\/\/resest.com\/ca\/la-residencia-estudiants-sabadell-barcelona-bellaterra\/\">Resid\u00e8ncia d\u2019Estudiants l\u2019Estaci\u00f3 de Sabadell<\/a><\/strong> ens prenem amb molta serietat les <strong>mesures sanit\u00e0ries<\/strong> que s\u2019han de dur a terme, amb un clar objectiu de frenar dins de totes les nostres possibilitats el contagi i la propagaci\u00f3 del virus Covid-19.<\/p>\n\n\n\n<p>El primer que hem\nfet ha estat contractar els serveis d\u2019una empresa especialitzada per l\u2019elaboraci\u00f3\nd\u2019un <strong>protocol de neteja molt estricte<\/strong>. Creiem que tenint en compte el\nmoment que estem travessant a nivell mundial, el m\u00e9s important \u00e9s marcar aquest\nprotocol per tal de seguir-lo amb rigorositat i seny.<\/p>\n\n\n\n<h3 class=\"wp-block-heading\">Mesures sanit\u00e0ries estipulades a la Resid\u00e8ncia d\u2019Estudiants\nl\u2019Estaci\u00f3 de Sabadell<\/h3>\n\n\n\n<p>A continuaci\u00f3, us\nexpliquem les <strong>mesures sanit\u00e0ries<\/strong> que hem comen\u00e7at a dur a terme a la nostra\n<strong><a href=\"https:\/\/resest.com\/ca\/ubicacio-residencia-estudiantil-a-sabadell-barcelona\/\">resid\u00e8ncia\nd\u2019estudiants<\/a><\/strong>, marcades entre d\u2019altres dins del protocol:<\/p>\n\n\n\n<ul class=\"wp-block-list\"><li><strong>Controls de temperatura<\/strong> aquests controls els efectuem a tots els residents i treballadors de la resid\u00e8ncia, i ho realitzem en diverses vegades durant la setmana. Tamb\u00e9 ho practiquem a totes les persones alienes a la resid\u00e8ncia que hagin d\u2019entrar, com el personal de manteniment, repartidors, etc&#8230;. als quals els fem el control de temperatura abans d\u2019entrar a les <strong><a href=\"https:\/\/resest.com\/ca\/installacions-residencia-estudiants-barcelona\/\">instal\u00b7lacions de la resid\u00e8ncia<\/a><\/strong>.<\/li><\/ul>\n\n\n\n<ul class=\"wp-block-list\"><li><strong>Neteja exhaustiva i desinfecci\u00f3 de les <a href=\"https:\/\/resest.com\/ca\/habitacions-residencia-estudiantil-sabadell-barcelona\/\">habitacions de la resid\u00e8ncia<\/a><\/strong> una vegada per setmana. Addicionalment, hem\ndotat a cada habitaci\u00f3 d&#8217;un l\u00edquid desinfectant perqu\u00e8 els residents en puguin\nfer \u00fas.<\/li><\/ul>\n\n\n\n<ul class=\"wp-block-list\"><li>A les <strong>zones comunes<\/strong>, com per\nexemple el menjador, <strong>es mantenen les dist\u00e0ncies estipulades<\/strong> i\nconcretament al menjador, es desinfecten les taules i cadires abans i despr\u00e9s\nde cada \u00e0pat.<\/li><\/ul>\n\n\n\n<ul class=\"wp-block-list\"><li>Hem disposat de <strong>cartells informatius i\ndispensadors de gel hidroalcoh\u00f2lic<\/strong> a totes les depend\u00e8ncies i passadissos\nde la resid\u00e8ncia d\u2019estudiants.<\/li><\/ul>\n\n\n\n<p>Seguint aquestes\nmesures anirem pel bon cam\u00ed per a que la <strong><a href=\"https:\/\/resest.com\/ca\/contactar-allotjament-estudiantil-bellaterra-barcelona\/\">Resid\u00e8ncia\nd\u2019Estudiants l\u2019Estaci\u00f3 de Sabadell<\/a><\/strong> sigui un lloc segur per tots els qui\nhi convivim. No dubtis a contactar-nos en cas de necessitar m\u00e9s informaci\u00f3 al\nrespecte.<\/p>\n","protected":false},"excerpt":{"rendered":"<p>A la Resid\u00e8ncia d\u2019Estudiants l\u2019Estaci\u00f3 de Sabadell ens prenem amb molta serietat les mesures sanit\u00e0ries que s\u2019han de dur a terme, amb un clar objectiu de frenar dins de totes les nostres possibilitats el contagi i la propagaci\u00f3 del virus Covid-19. El primer que hem fet ha estat contractar els serveis d\u2019una empresa especialitzada per&hellip;<\/p>\n","protected":false},"author":1,"featured_media":8939,"comment_status":"open","ping_status":"open","sticky":false,"template":"","format":"standard","meta":{"footnotes":""},"categories":[6,49],"tags":[],"class_list":["post-8938","post","type-post","status-publish","format-standard","has-post-thumbnail","hentry","category-blog","category-vida-a-la-residencia","entry","has-media"],"yoast_head":"<!-- This site is optimized with the Yoast SEO plugin v26.4 - https:\/\/yoast.com\/wordpress\/plugins\/seo\/ -->\n<title>Mesures sanit\u00e0ries dins la Resid\u00e8ncia d\u2019Estudiants l\u2019Estaci\u00f3 de Sabadell - Resid\u00e8ncia d&#039;Estudiants l&#039;Estaci\u00f3 de Sabadell | Resest<\/title>\n<meta name=\"description\" content=\"Avui us expliquem les mesures sanit\u00e0ries que hem comen\u00e7at a dur a terme a la nostra resid\u00e8ncia d\u2019estudiants amb l&#039;objectiu de frenar la Covid-19.\" \/>\n<meta name=\"robots\" content=\"index, follow, max-snippet:-1, max-image-preview:large, max-video-preview:-1\" \/>\n<link rel=\"canonical\" href=\"https:\/\/resest.com\/ca\/blog\/mesures-sanitaries-residencia-estudiants-estacio-sabadell\/\" \/>\n<meta property=\"og:locale\" content=\"ca_ES\" \/>\n<meta property=\"og:type\" content=\"article\" \/>\n<meta property=\"og:title\" content=\"Mesures sanit\u00e0ries dins la Resid\u00e8ncia d\u2019Estudiants l\u2019Estaci\u00f3 de Sabadell - Resid\u00e8ncia d&#039;Estudiants l&#039;Estaci\u00f3 de Sabadell | Resest\" \/>\n<meta property=\"og:description\" content=\"Avui us expliquem les mesures sanit\u00e0ries que hem comen\u00e7at a dur a terme a la nostra resid\u00e8ncia d\u2019estudiants amb l&#039;objectiu de frenar la Covid-19.\" \/>\n<meta property=\"og:url\" content=\"https:\/\/resest.com\/ca\/blog\/mesures-sanitaries-residencia-estudiants-estacio-sabadell\/\" \/>\n<meta property=\"og:site_name\" content=\"Resid\u00e8ncia d&#039;Estudiants l&#039;Estaci\u00f3 de Sabadell | Resest\" \/>\n<meta property=\"article:published_time\" content=\"2020-09-15T11:14:00+00:00\" \/>\n<meta property=\"article:modified_time\" content=\"2020-10-16T08:45:23+00:00\" \/>\n<meta property=\"og:image\" content=\"https:\/\/resest.com\/wp-content\/uploads\/2020\/09\/COVID_Home_ES.jpg\" \/>\n\t<meta property=\"og:image:width\" content=\"886\" \/>\n\t<meta property=\"og:image:height\" content=\"1200\" \/>\n\t<meta property=\"og:image:type\" content=\"image\/jpeg\" \/>\n<meta name=\"author\" content=\"Resest\" \/>\n<meta name=\"twitter:label1\" content=\"Written by\" \/>\n\t<meta name=\"twitter:data1\" content=\"Resest\" \/>\n\t<meta name=\"twitter:label2\" content=\"Est. reading time\" \/>\n\t<meta name=\"twitter:data2\" content=\"2 minutes\" \/>\n<script type=\"application\/ld+json\" class=\"yoast-schema-graph\">{\"@context\":\"https:\/\/schema.org\",\"@graph\":[{\"@type\":\"Article\",\"@id\":\"https:\/\/resest.com\/ca\/blog\/mesures-sanitaries-residencia-estudiants-estacio-sabadell\/#article\",\"isPartOf\":{\"@id\":\"https:\/\/resest.com\/ca\/blog\/mesures-sanitaries-residencia-estudiants-estacio-sabadell\/\"},\"author\":{\"name\":\"Resest\",\"@id\":\"https:\/\/resest.com\/ca\/#\/schema\/person\/d9965768ae08730dafc3a7c835fcc47c\"},\"headline\":\"Mesures sanit\u00e0ries dins la Resid\u00e8ncia d\u2019Estudiants l\u2019Estaci\u00f3 de Sabadell\",\"datePublished\":\"2020-09-15T11:14:00+00:00\",\"dateModified\":\"2020-10-16T08:45:23+00:00\",\"mainEntityOfPage\":{\"@id\":\"https:\/\/resest.com\/ca\/blog\/mesures-sanitaries-residencia-estudiants-estacio-sabadell\/\"},\"wordCount\":355,\"commentCount\":0,\"publisher\":{\"@id\":\"https:\/\/resest.com\/ca\/#organization\"},\"image\":{\"@id\":\"https:\/\/resest.com\/ca\/blog\/mesures-sanitaries-residencia-estudiants-estacio-sabadell\/#primaryimage\"},\"thumbnailUrl\":\"https:\/\/resest.com\/wp-content\/uploads\/2020\/09\/COVID_Home_ES.jpg\",\"articleSection\":[\"Blog\",\"Vida a la Resid\u00e8ncia\"],\"inLanguage\":\"ca-ES\",\"potentialAction\":[{\"@type\":\"CommentAction\",\"name\":\"Comment\",\"target\":[\"https:\/\/resest.com\/ca\/blog\/mesures-sanitaries-residencia-estudiants-estacio-sabadell\/#respond\"]}]},{\"@type\":\"WebPage\",\"@id\":\"https:\/\/resest.com\/ca\/blog\/mesures-sanitaries-residencia-estudiants-estacio-sabadell\/\",\"url\":\"https:\/\/resest.com\/ca\/blog\/mesures-sanitaries-residencia-estudiants-estacio-sabadell\/\",\"name\":\"Mesures sanit\u00e0ries dins la Resid\u00e8ncia d\u2019Estudiants l\u2019Estaci\u00f3 de Sabadell - Resid\u00e8ncia d&#039;Estudiants l&#039;Estaci\u00f3 de Sabadell | Resest\",\"isPartOf\":{\"@id\":\"https:\/\/resest.com\/ca\/#website\"},\"primaryImageOfPage\":{\"@id\":\"https:\/\/resest.com\/ca\/blog\/mesures-sanitaries-residencia-estudiants-estacio-sabadell\/#primaryimage\"},\"image\":{\"@id\":\"https:\/\/resest.com\/ca\/blog\/mesures-sanitaries-residencia-estudiants-estacio-sabadell\/#primaryimage\"},\"thumbnailUrl\":\"https:\/\/resest.com\/wp-content\/uploads\/2020\/09\/COVID_Home_ES.jpg\",\"datePublished\":\"2020-09-15T11:14:00+00:00\",\"dateModified\":\"2020-10-16T08:45:23+00:00\",\"description\":\"Avui us expliquem les mesures sanit\u00e0ries que hem comen\u00e7at a dur a terme a la nostra resid\u00e8ncia d\u2019estudiants amb l'objectiu de frenar la Covid-19.\",\"breadcrumb\":{\"@id\":\"https:\/\/resest.com\/ca\/blog\/mesures-sanitaries-residencia-estudiants-estacio-sabadell\/#breadcrumb\"},\"inLanguage\":\"ca-ES\",\"potentialAction\":[{\"@type\":\"ReadAction\",\"target\":[\"https:\/\/resest.com\/ca\/blog\/mesures-sanitaries-residencia-estudiants-estacio-sabadell\/\"]}]},{\"@type\":\"ImageObject\",\"inLanguage\":\"ca-ES\",\"@id\":\"https:\/\/resest.com\/ca\/blog\/mesures-sanitaries-residencia-estudiants-estacio-sabadell\/#primaryimage\",\"url\":\"https:\/\/resest.com\/wp-content\/uploads\/2020\/09\/COVID_Home_ES.jpg\",\"contentUrl\":\"https:\/\/resest.com\/wp-content\/uploads\/2020\/09\/COVID_Home_ES.jpg\",\"width\":886,\"height\":1200,\"caption\":\"mesures-sanitaries-residencia-estudiants-sabadell\"},{\"@type\":\"BreadcrumbList\",\"@id\":\"https:\/\/resest.com\/ca\/blog\/mesures-sanitaries-residencia-estudiants-estacio-sabadell\/#breadcrumb\",\"itemListElement\":[{\"@type\":\"ListItem\",\"position\":1,\"name\":\"Inici\",\"item\":\"https:\/\/resest.com\/ca\/\"},{\"@type\":\"ListItem\",\"position\":2,\"name\":\"Mesures sanit\u00e0ries dins la Resid\u00e8ncia d\u2019Estudiants l\u2019Estaci\u00f3 de Sabadell\"}]},{\"@type\":\"WebSite\",\"@id\":\"https:\/\/resest.com\/ca\/#website\",\"url\":\"https:\/\/resest.com\/ca\/\",\"name\":\"Resid\u00e8ncia d&#039;Estudiants l&#039;Estaci\u00f3 de Sabadell | Resest\",\"description\":\"Prop de l\u2019Universitat Aut\u00f2noma de Barcelona (UAB)\",\"publisher\":{\"@id\":\"https:\/\/resest.com\/ca\/#organization\"},\"potentialAction\":[{\"@type\":\"SearchAction\",\"target\":{\"@type\":\"EntryPoint\",\"urlTemplate\":\"https:\/\/resest.com\/ca\/?s={search_term_string}\"},\"query-input\":{\"@type\":\"PropertyValueSpecification\",\"valueRequired\":true,\"valueName\":\"search_term_string\"}}],\"inLanguage\":\"ca-ES\"},{\"@type\":\"Organization\",\"@id\":\"https:\/\/resest.com\/ca\/#organization\",\"name\":\"Resid\u00e8ncia d&#039;Estudiants l&#039;Estaci\u00f3 de Sabadell | Resest\",\"url\":\"https:\/\/resest.com\/ca\/\",\"logo\":{\"@type\":\"ImageObject\",\"inLanguage\":\"ca-ES\",\"@id\":\"https:\/\/resest.com\/ca\/#\/schema\/logo\/image\/\",\"url\":\"https:\/\/resest.com\/wp-content\/uploads\/2024\/03\/Facana-1.jpg\",\"contentUrl\":\"https:\/\/resest.com\/wp-content\/uploads\/2024\/03\/Facana-1.jpg\",\"width\":1200,\"height\":1009,\"caption\":\"Resid\u00e8ncia d&#039;Estudiants l&#039;Estaci\u00f3 de Sabadell | Resest\"},\"image\":{\"@id\":\"https:\/\/resest.com\/ca\/#\/schema\/logo\/image\/\"}},{\"@type\":\"Person\",\"@id\":\"https:\/\/resest.com\/ca\/#\/schema\/person\/d9965768ae08730dafc3a7c835fcc47c\",\"name\":\"Resest\",\"image\":{\"@type\":\"ImageObject\",\"inLanguage\":\"ca-ES\",\"@id\":\"https:\/\/resest.com\/ca\/#\/schema\/person\/image\/\",\"url\":\"https:\/\/secure.gravatar.com\/avatar\/0c7509c85c836ff68bc43efa415976254ed1463e7bbc3edf38a658092e29e5b4?s=96&d=mm&r=g\",\"contentUrl\":\"https:\/\/secure.gravatar.com\/avatar\/0c7509c85c836ff68bc43efa415976254ed1463e7bbc3edf38a658092e29e5b4?s=96&d=mm&r=g\",\"caption\":\"Resest\"},\"url\":\"https:\/\/resest.com\/ca\/author\/jordi\/\"}]}<\/script>\n<!-- \/ Yoast SEO plugin. -->","yoast_head_json":{"title":"Mesures sanit\u00e0ries dins la Resid\u00e8ncia d\u2019Estudiants l\u2019Estaci\u00f3 de Sabadell - Resid\u00e8ncia d&#039;Estudiants l&#039;Estaci\u00f3 de Sabadell | Resest","description":"Avui us expliquem les mesures sanit\u00e0ries que hem comen\u00e7at a dur a terme a la nostra resid\u00e8ncia d\u2019estudiants amb l'objectiu de frenar la Covid-19.","robots":{"index":"index","follow":"follow","max-snippet":"max-snippet:-1","max-image-preview":"max-image-preview:large","max-video-preview":"max-video-preview:-1"},"canonical":"https:\/\/resest.com\/ca\/blog\/mesures-sanitaries-residencia-estudiants-estacio-sabadell\/","og_locale":"ca_ES","og_type":"article","og_title":"Mesures sanit\u00e0ries dins la Resid\u00e8ncia d\u2019Estudiants l\u2019Estaci\u00f3 de Sabadell - Resid\u00e8ncia d&#039;Estudiants l&#039;Estaci\u00f3 de Sabadell | Resest","og_description":"Avui us expliquem les mesures sanit\u00e0ries que hem comen\u00e7at a dur a terme a la nostra resid\u00e8ncia d\u2019estudiants amb l'objectiu de frenar la Covid-19.","og_url":"https:\/\/resest.com\/ca\/blog\/mesures-sanitaries-residencia-estudiants-estacio-sabadell\/","og_site_name":"Resid\u00e8ncia d&#039;Estudiants l&#039;Estaci\u00f3 de Sabadell | Resest","article_published_time":"2020-09-15T11:14:00+00:00","article_modified_time":"2020-10-16T08:45:23+00:00","og_image":[{"width":886,"height":1200,"url":"https:\/\/resest.com\/wp-content\/uploads\/2020\/09\/COVID_Home_ES.jpg","type":"image\/jpeg"}],"author":"Resest","twitter_misc":{"Written by":"Resest","Est. reading time":"2 minutes"},"schema":{"@context":"https:\/\/schema.org","@graph":[{"@type":"Article","@id":"https:\/\/resest.com\/ca\/blog\/mesures-sanitaries-residencia-estudiants-estacio-sabadell\/#article","isPartOf":{"@id":"https:\/\/resest.com\/ca\/blog\/mesures-sanitaries-residencia-estudiants-estacio-sabadell\/"},"author":{"name":"Resest","@id":"https:\/\/resest.com\/ca\/#\/schema\/person\/d9965768ae08730dafc3a7c835fcc47c"},"headline":"Mesures sanit\u00e0ries dins la Resid\u00e8ncia d\u2019Estudiants l\u2019Estaci\u00f3 de Sabadell","datePublished":"2020-09-15T11:14:00+00:00","dateModified":"2020-10-16T08:45:23+00:00","mainEntityOfPage":{"@id":"https:\/\/resest.com\/ca\/blog\/mesures-sanitaries-residencia-estudiants-estacio-sabadell\/"},"wordCount":355,"commentCount":0,"publisher":{"@id":"https:\/\/resest.com\/ca\/#organization"},"image":{"@id":"https:\/\/resest.com\/ca\/blog\/mesures-sanitaries-residencia-estudiants-estacio-sabadell\/#primaryimage"},"thumbnailUrl":"https:\/\/resest.com\/wp-content\/uploads\/2020\/09\/COVID_Home_ES.jpg","articleSection":["Blog","Vida a la Resid\u00e8ncia"],"inLanguage":"ca-ES","potentialAction":[{"@type":"CommentAction","name":"Comment","target":["https:\/\/resest.com\/ca\/blog\/mesures-sanitaries-residencia-estudiants-estacio-sabadell\/#respond"]}]},{"@type":"WebPage","@id":"https:\/\/resest.com\/ca\/blog\/mesures-sanitaries-residencia-estudiants-estacio-sabadell\/","url":"https:\/\/resest.com\/ca\/blog\/mesures-sanitaries-residencia-estudiants-estacio-sabadell\/","name":"Mesures sanit\u00e0ries dins la Resid\u00e8ncia d\u2019Estudiants l\u2019Estaci\u00f3 de Sabadell - Resid\u00e8ncia d&#039;Estudiants l&#039;Estaci\u00f3 de Sabadell | Resest","isPartOf":{"@id":"https:\/\/resest.com\/ca\/#website"},"primaryImageOfPage":{"@id":"https:\/\/resest.com\/ca\/blog\/mesures-sanitaries-residencia-estudiants-estacio-sabadell\/#primaryimage"},"image":{"@id":"https:\/\/resest.com\/ca\/blog\/mesures-sanitaries-residencia-estudiants-estacio-sabadell\/#primaryimage"},"thumbnailUrl":"https:\/\/resest.com\/wp-content\/uploads\/2020\/09\/COVID_Home_ES.jpg","datePublished":"2020-09-15T11:14:00+00:00","dateModified":"2020-10-16T08:45:23+00:00","description":"Avui us expliquem les mesures sanit\u00e0ries que hem comen\u00e7at a dur a terme a la nostra resid\u00e8ncia d\u2019estudiants amb l'objectiu de frenar la Covid-19.","breadcrumb":{"@id":"https:\/\/resest.com\/ca\/blog\/mesures-sanitaries-residencia-estudiants-estacio-sabadell\/#breadcrumb"},"inLanguage":"ca-ES","potentialAction":[{"@type":"ReadAction","target":["https:\/\/resest.com\/ca\/blog\/mesures-sanitaries-residencia-estudiants-estacio-sabadell\/"]}]},{"@type":"ImageObject","inLanguage":"ca-ES","@id":"https:\/\/resest.com\/ca\/blog\/mesures-sanitaries-residencia-estudiants-estacio-sabadell\/#primaryimage","url":"https:\/\/resest.com\/wp-content\/uploads\/2020\/09\/COVID_Home_ES.jpg","contentUrl":"https:\/\/resest.com\/wp-content\/uploads\/2020\/09\/COVID_Home_ES.jpg","width":886,"height":1200,"caption":"mesures-sanitaries-residencia-estudiants-sabadell"},{"@type":"BreadcrumbList","@id":"https:\/\/resest.com\/ca\/blog\/mesures-sanitaries-residencia-estudiants-estacio-sabadell\/#breadcrumb","itemListElement":[{"@type":"ListItem","position":1,"name":"Inici","item":"https:\/\/resest.com\/ca\/"},{"@type":"ListItem","position":2,"name":"Mesures sanit\u00e0ries dins la Resid\u00e8ncia d\u2019Estudiants l\u2019Estaci\u00f3 de Sabadell"}]},{"@type":"WebSite","@id":"https:\/\/resest.com\/ca\/#website","url":"https:\/\/resest.com\/ca\/","name":"Resid\u00e8ncia d&#039;Estudiants l&#039;Estaci\u00f3 de Sabadell | Resest","description":"Prop de l\u2019Universitat Aut\u00f2noma de Barcelona (UAB)","publisher":{"@id":"https:\/\/resest.com\/ca\/#organization"},"potentialAction":[{"@type":"SearchAction","target":{"@type":"EntryPoint","urlTemplate":"https:\/\/resest.com\/ca\/?s={search_term_string}"},"query-input":{"@type":"PropertyValueSpecification","valueRequired":true,"valueName":"search_term_string"}}],"inLanguage":"ca-ES"},{"@type":"Organization","@id":"https:\/\/resest.com\/ca\/#organization","name":"Resid\u00e8ncia d&#039;Estudiants l&#039;Estaci\u00f3 de Sabadell | Resest","url":"https:\/\/resest.com\/ca\/","logo":{"@type":"ImageObject","inLanguage":"ca-ES","@id":"https:\/\/resest.com\/ca\/#\/schema\/logo\/image\/","url":"https:\/\/resest.com\/wp-content\/uploads\/2024\/03\/Facana-1.jpg","contentUrl":"https:\/\/resest.com\/wp-content\/uploads\/2024\/03\/Facana-1.jpg","width":1200,"height":1009,"caption":"Resid\u00e8ncia d&#039;Estudiants l&#039;Estaci\u00f3 de Sabadell | Resest"},"image":{"@id":"https:\/\/resest.com\/ca\/#\/schema\/logo\/image\/"}},{"@type":"Person","@id":"https:\/\/resest.com\/ca\/#\/schema\/person\/d9965768ae08730dafc3a7c835fcc47c","name":"Resest","image":{"@type":"ImageObject","inLanguage":"ca-ES","@id":"https:\/\/resest.com\/ca\/#\/schema\/person\/image\/","url":"https:\/\/secure.gravatar.com\/avatar\/0c7509c85c836ff68bc43efa415976254ed1463e7bbc3edf38a658092e29e5b4?s=96&d=mm&r=g","contentUrl":"https:\/\/secure.gravatar.com\/avatar\/0c7509c85c836ff68bc43efa415976254ed1463e7bbc3edf38a658092e29e5b4?s=96&d=mm&r=g","caption":"Resest"},"url":"https:\/\/resest.com\/ca\/author\/jordi\/"}]}},"_links":{"self":[{"href":"https:\/\/resest.com\/ca\/wp-json\/wp\/v2\/posts\/8938","targetHints":{"allow":["GET"]}}],"collection":[{"href":"https:\/\/resest.com\/ca\/wp-json\/wp\/v2\/posts"}],"about":[{"href":"https:\/\/resest.com\/ca\/wp-json\/wp\/v2\/types\/post"}],"author":[{"embeddable":true,"href":"https:\/\/resest.com\/ca\/wp-json\/wp\/v2\/users\/1"}],"replies":[{"embeddable":true,"href":"https:\/\/resest.com\/ca\/wp-json\/wp\/v2\/comments?post=8938"}],"version-history":[{"count":0,"href":"https:\/\/resest.com\/ca\/wp-json\/wp\/v2\/posts\/8938\/revisions"}],"wp:featuredmedia":[{"embeddable":true,"href":"https:\/\/resest.com\/ca\/wp-json\/wp\/v2\/media\/8939"}],"wp:attachment":[{"href":"https:\/\/resest.com\/ca\/wp-json\/wp\/v2\/media?parent=8938"}],"wp:term":[{"taxonomy":"category","embeddable":true,"href":"https:\/\/resest.com\/ca\/wp-json\/wp\/v2\/categories?post=8938"},{"taxonomy":"post_tag","embeddable":true,"href":"https:\/\/resest.com\/ca\/wp-json\/wp\/v2\/tags?post=8938"}],"curies":[{"name":"wp","href":"https:\/\/api.w.org\/{rel}","templated":true}]}}