{"id":8930,"date":"2020-08-28T09:57:26","date_gmt":"2020-08-28T08:57:26","guid":{"rendered":"https:\/\/resest.com\/?p=8930"},"modified":"2020-10-16T09:53:23","modified_gmt":"2020-10-16T08:53:23","slug":"les-noves-tecnologies-i-la-universitat-presencial-aquest-any","status":"publish","type":"post","link":"https:\/\/resest.com\/ca\/on-estudiar-master\/les-noves-tecnologies-i-la-universitat-presencial-aquest-any\/","title":{"rendered":"Les noves tecnologies i la universitat presencial aquest any"},"content":{"rendered":"\n<p>Com b\u00e9 sabem a\nhores d&#8217;ara del present any, \u00e9s que <strong>est\u00e0 sent clarament marcat per la\npand\u00e8mia del Covid-19<\/strong>. Tot i que la situaci\u00f3 est\u00e0 bastant m\u00e9s controlada\nque a l&#8217;inici, encara queda cam\u00ed per rec\u00f3rrer.<\/p>\n\n\n\n<p><strong>El sector educatiu ha estat un dels sectors que m\u00e9s s&#8217;ha vist afectat<\/strong> pel virus, com el fet de tancar tots els centres educatius des del principi. Per aix\u00f2, els que estem immersos en aquest sector, estem treballant dur de cara el proper curs.<\/p>\n\n\n\n<h3 class=\"wp-block-heading\">Les noves tecnologies i el m\u00f3n educatiu<\/h3>\n\n\n\n<p>Si hi ha alguna\ncosa que ha canviat la nostra vida i els nostres h\u00e0bits en els \u00faltims anys han\nestat les noves tecnologies. Les formes en les que comprem, ens comuniquem i\nens relacionem amb els altres <strong>s\u00f3n radicalment diferents a com ho eren fa tot\njust 20 anys<\/strong>.<\/p>\n\n\n\n<p>Les <strong>noves tecnologies en l&#8217;\u00e0mbit educatiu<\/strong> ja fa temps que formen una eina indispensable per enfortir l&#8217;ensenyament i l&#8217;aprenentatge, augmentar les oportunitats per accedir al coneixement, desenvolupar habilitats col\u00b7laboratives o inculcar valors, entre d&#8217;altres.<\/p>\n\n\n\n<p>Com coment\u00e0vem a\nl&#8217;inici, \u00e9s possible que aquest proper curs tamb\u00e9 es vegi afectat a causa del\nCovid-19. En aquest cas, <strong>les noves tecnologies jugaran encara m\u00e9s un paper\nprotagonista<\/strong> d&#8217;aquesta hist\u00f2ria.<\/p>\n\n\n\n<h3 class=\"wp-block-heading\">A Resest ens adaptem a les noves necessitats<\/h3>\n\n\n\n<p>A la <strong><a href=\"https:\/\/resest.com\/ca\/installacions-residencia-estudiants-barcelona\/\">Resid\u00e8ncia d&#8217;Estudiants l&#8217;Estaci\u00f3 de Sabadell<\/a><\/strong> hem adoptat mesures perqu\u00e8 els nostres residents puguin seguir allotjant-se aqu\u00ed i, per tant, puguin continuar amb els seus estudis. Prendrem a m\u00e9s totes les precaucions necess\u00e0ries per evitar contaminar-nos i el m\u00e9s important, tamb\u00e9 ens estem preparant per si en futur ens vei\u00e9ssim afectats, estiguem en condicions de gestionar-ho de la millor manera possible.<\/p>\n\n\n\n<p>El major punt a\nfavor que tenim a <strong><a href=\"https:\/\/resest.com\/ca\/la-residencia-estudiants-sabadell-barcelona-bellaterra\/\">Resest<\/a><\/strong>\n\u00e9s que som una <strong><a href=\"https:\/\/resest.com\/ca\/habitacions-residencia-estudiantil-sabadell-barcelona\/\">resid\u00e8ncia\nd&#8217;estudiants a Sabadell molt familiar<\/a><\/strong>: allotgem en total a 36\nestudiants, de manera que \u00e9s molt m\u00e9s f\u00e0cil per a nosaltres poder organitzar la\nresid\u00e8ncia i adaptar-la a les noves necessitats.<\/p>\n\n\n\n<p>Sent previnguts i\nseguint les mesures de seguretat pertinents, podrem combatre aquesta situaci\u00f3 i\nseguir aix\u00ed amb les nostres vides.<\/p>\n","protected":false},"excerpt":{"rendered":"<p>Com b\u00e9 sabem a hores d&#8217;ara del present any, \u00e9s que est\u00e0 sent clarament marcat per la pand\u00e8mia del Covid-19. Tot i que la situaci\u00f3 est\u00e0 bastant m\u00e9s controlada que a l&#8217;inici, encara queda cam\u00ed per rec\u00f3rrer. El sector educatiu ha estat un dels sectors que m\u00e9s s&#8217;ha vist afectat pel virus, com el fet&hellip;<\/p>\n","protected":false},"author":1,"featured_media":8931,"comment_status":"open","ping_status":"open","sticky":false,"template":"","format":"standard","meta":{"footnotes":""},"categories":[6,50,52,49],"tags":[],"class_list":["post-8930","post","type-post","status-publish","format-standard","has-post-thumbnail","hentry","category-blog","category-vida-de-lestudiant","category-on-estudiar-master","category-vida-a-la-residencia","entry","has-media"],"yoast_head":"<!-- This site is optimized with the Yoast SEO plugin v26.4 - https:\/\/yoast.com\/wordpress\/plugins\/seo\/ -->\n<title>Les noves tecnologies i la universitat presencial aquest any - Resid\u00e8ncia d&#039;Estudiants l&#039;Estaci\u00f3 de Sabadell | Resest<\/title>\n<meta name=\"description\" content=\"\u00c9s possible que aquest proper curs es vegi afectat pel Covid-19. Les noves tecnologies jugaran encara m\u00e9s un paper protagonista d&#039;aquesta hist\u00f2ria.\" \/>\n<meta name=\"robots\" content=\"index, follow, max-snippet:-1, max-image-preview:large, max-video-preview:-1\" \/>\n<link rel=\"canonical\" href=\"https:\/\/resest.com\/ca\/on-estudiar-master\/les-noves-tecnologies-i-la-universitat-presencial-aquest-any\/\" \/>\n<meta property=\"og:locale\" content=\"ca_ES\" \/>\n<meta property=\"og:type\" content=\"article\" \/>\n<meta property=\"og:title\" content=\"Les noves tecnologies i la universitat presencial aquest any - Resid\u00e8ncia d&#039;Estudiants l&#039;Estaci\u00f3 de Sabadell | Resest\" \/>\n<meta property=\"og:description\" content=\"\u00c9s possible que aquest proper curs es vegi afectat pel Covid-19. Les noves tecnologies jugaran encara m\u00e9s un paper protagonista d&#039;aquesta hist\u00f2ria.\" \/>\n<meta property=\"og:url\" content=\"https:\/\/resest.com\/ca\/on-estudiar-master\/les-noves-tecnologies-i-la-universitat-presencial-aquest-any\/\" \/>\n<meta property=\"og:site_name\" content=\"Resid\u00e8ncia d&#039;Estudiants l&#039;Estaci\u00f3 de Sabadell | Resest\" \/>\n<meta property=\"article:published_time\" content=\"2020-08-28T08:57:26+00:00\" \/>\n<meta property=\"article:modified_time\" content=\"2020-10-16T08:53:23+00:00\" \/>\n<meta property=\"og:image\" content=\"https:\/\/resest.com\/wp-content\/uploads\/2020\/08\/noves-tecnologies.jpg\" \/>\n\t<meta property=\"og:image:width\" content=\"1200\" \/>\n\t<meta property=\"og:image:height\" content=\"800\" \/>\n\t<meta property=\"og:image:type\" content=\"image\/jpeg\" \/>\n<meta name=\"author\" content=\"Resest\" \/>\n<meta name=\"twitter:label1\" content=\"Written by\" \/>\n\t<meta name=\"twitter:data1\" content=\"Resest\" \/>\n\t<meta name=\"twitter:label2\" content=\"Est. reading time\" \/>\n\t<meta name=\"twitter:data2\" content=\"2 minutes\" \/>\n<script type=\"application\/ld+json\" class=\"yoast-schema-graph\">{\"@context\":\"https:\/\/schema.org\",\"@graph\":[{\"@type\":\"Article\",\"@id\":\"https:\/\/resest.com\/ca\/on-estudiar-master\/les-noves-tecnologies-i-la-universitat-presencial-aquest-any\/#article\",\"isPartOf\":{\"@id\":\"https:\/\/resest.com\/ca\/on-estudiar-master\/les-noves-tecnologies-i-la-universitat-presencial-aquest-any\/\"},\"author\":{\"name\":\"Resest\",\"@id\":\"https:\/\/resest.com\/ca\/#\/schema\/person\/d9965768ae08730dafc3a7c835fcc47c\"},\"headline\":\"Les noves tecnologies i la universitat presencial aquest any\",\"datePublished\":\"2020-08-28T08:57:26+00:00\",\"dateModified\":\"2020-10-16T08:53:23+00:00\",\"mainEntityOfPage\":{\"@id\":\"https:\/\/resest.com\/ca\/on-estudiar-master\/les-noves-tecnologies-i-la-universitat-presencial-aquest-any\/\"},\"wordCount\":378,\"commentCount\":0,\"publisher\":{\"@id\":\"https:\/\/resest.com\/ca\/#organization\"},\"image\":{\"@id\":\"https:\/\/resest.com\/ca\/on-estudiar-master\/les-noves-tecnologies-i-la-universitat-presencial-aquest-any\/#primaryimage\"},\"thumbnailUrl\":\"https:\/\/resest.com\/wp-content\/uploads\/2020\/08\/noves-tecnologies.jpg\",\"articleSection\":[\"Blog\",\"Consells per a estudiants universitaris\",\"Per qu\u00e8 Resest?\",\"Vida a la Resid\u00e8ncia\"],\"inLanguage\":\"ca-ES\",\"potentialAction\":[{\"@type\":\"CommentAction\",\"name\":\"Comment\",\"target\":[\"https:\/\/resest.com\/ca\/on-estudiar-master\/les-noves-tecnologies-i-la-universitat-presencial-aquest-any\/#respond\"]}]},{\"@type\":\"WebPage\",\"@id\":\"https:\/\/resest.com\/ca\/on-estudiar-master\/les-noves-tecnologies-i-la-universitat-presencial-aquest-any\/\",\"url\":\"https:\/\/resest.com\/ca\/on-estudiar-master\/les-noves-tecnologies-i-la-universitat-presencial-aquest-any\/\",\"name\":\"Les noves tecnologies i la universitat presencial aquest any - Resid\u00e8ncia d&#039;Estudiants l&#039;Estaci\u00f3 de Sabadell | Resest\",\"isPartOf\":{\"@id\":\"https:\/\/resest.com\/ca\/#website\"},\"primaryImageOfPage\":{\"@id\":\"https:\/\/resest.com\/ca\/on-estudiar-master\/les-noves-tecnologies-i-la-universitat-presencial-aquest-any\/#primaryimage\"},\"image\":{\"@id\":\"https:\/\/resest.com\/ca\/on-estudiar-master\/les-noves-tecnologies-i-la-universitat-presencial-aquest-any\/#primaryimage\"},\"thumbnailUrl\":\"https:\/\/resest.com\/wp-content\/uploads\/2020\/08\/noves-tecnologies.jpg\",\"datePublished\":\"2020-08-28T08:57:26+00:00\",\"dateModified\":\"2020-10-16T08:53:23+00:00\",\"description\":\"\u00c9s possible que aquest proper curs es vegi afectat pel Covid-19. Les noves tecnologies jugaran encara m\u00e9s un paper protagonista d'aquesta hist\u00f2ria.\",\"breadcrumb\":{\"@id\":\"https:\/\/resest.com\/ca\/on-estudiar-master\/les-noves-tecnologies-i-la-universitat-presencial-aquest-any\/#breadcrumb\"},\"inLanguage\":\"ca-ES\",\"potentialAction\":[{\"@type\":\"ReadAction\",\"target\":[\"https:\/\/resest.com\/ca\/on-estudiar-master\/les-noves-tecnologies-i-la-universitat-presencial-aquest-any\/\"]}]},{\"@type\":\"ImageObject\",\"inLanguage\":\"ca-ES\",\"@id\":\"https:\/\/resest.com\/ca\/on-estudiar-master\/les-noves-tecnologies-i-la-universitat-presencial-aquest-any\/#primaryimage\",\"url\":\"https:\/\/resest.com\/wp-content\/uploads\/2020\/08\/noves-tecnologies.jpg\",\"contentUrl\":\"https:\/\/resest.com\/wp-content\/uploads\/2020\/08\/noves-tecnologies.jpg\",\"width\":1200,\"height\":800,\"caption\":\"noves-tecnologies-universitat\"},{\"@type\":\"BreadcrumbList\",\"@id\":\"https:\/\/resest.com\/ca\/on-estudiar-master\/les-noves-tecnologies-i-la-universitat-presencial-aquest-any\/#breadcrumb\",\"itemListElement\":[{\"@type\":\"ListItem\",\"position\":1,\"name\":\"Inici\",\"item\":\"https:\/\/resest.com\/ca\/\"},{\"@type\":\"ListItem\",\"position\":2,\"name\":\"Les noves tecnologies i la universitat presencial aquest any\"}]},{\"@type\":\"WebSite\",\"@id\":\"https:\/\/resest.com\/ca\/#website\",\"url\":\"https:\/\/resest.com\/ca\/\",\"name\":\"Resid\u00e8ncia d&#039;Estudiants l&#039;Estaci\u00f3 de Sabadell | Resest\",\"description\":\"Prop de l\u2019Universitat Aut\u00f2noma de Barcelona (UAB)\",\"publisher\":{\"@id\":\"https:\/\/resest.com\/ca\/#organization\"},\"potentialAction\":[{\"@type\":\"SearchAction\",\"target\":{\"@type\":\"EntryPoint\",\"urlTemplate\":\"https:\/\/resest.com\/ca\/?s={search_term_string}\"},\"query-input\":{\"@type\":\"PropertyValueSpecification\",\"valueRequired\":true,\"valueName\":\"search_term_string\"}}],\"inLanguage\":\"ca-ES\"},{\"@type\":\"Organization\",\"@id\":\"https:\/\/resest.com\/ca\/#organization\",\"name\":\"Resid\u00e8ncia d&#039;Estudiants l&#039;Estaci\u00f3 de Sabadell | Resest\",\"url\":\"https:\/\/resest.com\/ca\/\",\"logo\":{\"@type\":\"ImageObject\",\"inLanguage\":\"ca-ES\",\"@id\":\"https:\/\/resest.com\/ca\/#\/schema\/logo\/image\/\",\"url\":\"https:\/\/resest.com\/wp-content\/uploads\/2024\/03\/Facana-1.jpg\",\"contentUrl\":\"https:\/\/resest.com\/wp-content\/uploads\/2024\/03\/Facana-1.jpg\",\"width\":1200,\"height\":1009,\"caption\":\"Resid\u00e8ncia d&#039;Estudiants l&#039;Estaci\u00f3 de Sabadell | Resest\"},\"image\":{\"@id\":\"https:\/\/resest.com\/ca\/#\/schema\/logo\/image\/\"}},{\"@type\":\"Person\",\"@id\":\"https:\/\/resest.com\/ca\/#\/schema\/person\/d9965768ae08730dafc3a7c835fcc47c\",\"name\":\"Resest\",\"image\":{\"@type\":\"ImageObject\",\"inLanguage\":\"ca-ES\",\"@id\":\"https:\/\/resest.com\/ca\/#\/schema\/person\/image\/\",\"url\":\"https:\/\/secure.gravatar.com\/avatar\/0c7509c85c836ff68bc43efa415976254ed1463e7bbc3edf38a658092e29e5b4?s=96&d=mm&r=g\",\"contentUrl\":\"https:\/\/secure.gravatar.com\/avatar\/0c7509c85c836ff68bc43efa415976254ed1463e7bbc3edf38a658092e29e5b4?s=96&d=mm&r=g\",\"caption\":\"Resest\"},\"url\":\"https:\/\/resest.com\/ca\/author\/jordi\/\"}]}<\/script>\n<!-- \/ Yoast SEO plugin. -->","yoast_head_json":{"title":"Les noves tecnologies i la universitat presencial aquest any - Resid\u00e8ncia d&#039;Estudiants l&#039;Estaci\u00f3 de Sabadell | Resest","description":"\u00c9s possible que aquest proper curs es vegi afectat pel Covid-19. Les noves tecnologies jugaran encara m\u00e9s un paper protagonista d'aquesta hist\u00f2ria.","robots":{"index":"index","follow":"follow","max-snippet":"max-snippet:-1","max-image-preview":"max-image-preview:large","max-video-preview":"max-video-preview:-1"},"canonical":"https:\/\/resest.com\/ca\/on-estudiar-master\/les-noves-tecnologies-i-la-universitat-presencial-aquest-any\/","og_locale":"ca_ES","og_type":"article","og_title":"Les noves tecnologies i la universitat presencial aquest any - Resid\u00e8ncia d&#039;Estudiants l&#039;Estaci\u00f3 de Sabadell | Resest","og_description":"\u00c9s possible que aquest proper curs es vegi afectat pel Covid-19. Les noves tecnologies jugaran encara m\u00e9s un paper protagonista d'aquesta hist\u00f2ria.","og_url":"https:\/\/resest.com\/ca\/on-estudiar-master\/les-noves-tecnologies-i-la-universitat-presencial-aquest-any\/","og_site_name":"Resid\u00e8ncia d&#039;Estudiants l&#039;Estaci\u00f3 de Sabadell | Resest","article_published_time":"2020-08-28T08:57:26+00:00","article_modified_time":"2020-10-16T08:53:23+00:00","og_image":[{"width":1200,"height":800,"url":"https:\/\/resest.com\/wp-content\/uploads\/2020\/08\/noves-tecnologies.jpg","type":"image\/jpeg"}],"author":"Resest","twitter_misc":{"Written by":"Resest","Est. reading time":"2 minutes"},"schema":{"@context":"https:\/\/schema.org","@graph":[{"@type":"Article","@id":"https:\/\/resest.com\/ca\/on-estudiar-master\/les-noves-tecnologies-i-la-universitat-presencial-aquest-any\/#article","isPartOf":{"@id":"https:\/\/resest.com\/ca\/on-estudiar-master\/les-noves-tecnologies-i-la-universitat-presencial-aquest-any\/"},"author":{"name":"Resest","@id":"https:\/\/resest.com\/ca\/#\/schema\/person\/d9965768ae08730dafc3a7c835fcc47c"},"headline":"Les noves tecnologies i la universitat presencial aquest any","datePublished":"2020-08-28T08:57:26+00:00","dateModified":"2020-10-16T08:53:23+00:00","mainEntityOfPage":{"@id":"https:\/\/resest.com\/ca\/on-estudiar-master\/les-noves-tecnologies-i-la-universitat-presencial-aquest-any\/"},"wordCount":378,"commentCount":0,"publisher":{"@id":"https:\/\/resest.com\/ca\/#organization"},"image":{"@id":"https:\/\/resest.com\/ca\/on-estudiar-master\/les-noves-tecnologies-i-la-universitat-presencial-aquest-any\/#primaryimage"},"thumbnailUrl":"https:\/\/resest.com\/wp-content\/uploads\/2020\/08\/noves-tecnologies.jpg","articleSection":["Blog","Consells per a estudiants universitaris","Per qu\u00e8 Resest?","Vida a la Resid\u00e8ncia"],"inLanguage":"ca-ES","potentialAction":[{"@type":"CommentAction","name":"Comment","target":["https:\/\/resest.com\/ca\/on-estudiar-master\/les-noves-tecnologies-i-la-universitat-presencial-aquest-any\/#respond"]}]},{"@type":"WebPage","@id":"https:\/\/resest.com\/ca\/on-estudiar-master\/les-noves-tecnologies-i-la-universitat-presencial-aquest-any\/","url":"https:\/\/resest.com\/ca\/on-estudiar-master\/les-noves-tecnologies-i-la-universitat-presencial-aquest-any\/","name":"Les noves tecnologies i la universitat presencial aquest any - Resid\u00e8ncia d&#039;Estudiants l&#039;Estaci\u00f3 de Sabadell | Resest","isPartOf":{"@id":"https:\/\/resest.com\/ca\/#website"},"primaryImageOfPage":{"@id":"https:\/\/resest.com\/ca\/on-estudiar-master\/les-noves-tecnologies-i-la-universitat-presencial-aquest-any\/#primaryimage"},"image":{"@id":"https:\/\/resest.com\/ca\/on-estudiar-master\/les-noves-tecnologies-i-la-universitat-presencial-aquest-any\/#primaryimage"},"thumbnailUrl":"https:\/\/resest.com\/wp-content\/uploads\/2020\/08\/noves-tecnologies.jpg","datePublished":"2020-08-28T08:57:26+00:00","dateModified":"2020-10-16T08:53:23+00:00","description":"\u00c9s possible que aquest proper curs es vegi afectat pel Covid-19. Les noves tecnologies jugaran encara m\u00e9s un paper protagonista d'aquesta hist\u00f2ria.","breadcrumb":{"@id":"https:\/\/resest.com\/ca\/on-estudiar-master\/les-noves-tecnologies-i-la-universitat-presencial-aquest-any\/#breadcrumb"},"inLanguage":"ca-ES","potentialAction":[{"@type":"ReadAction","target":["https:\/\/resest.com\/ca\/on-estudiar-master\/les-noves-tecnologies-i-la-universitat-presencial-aquest-any\/"]}]},{"@type":"ImageObject","inLanguage":"ca-ES","@id":"https:\/\/resest.com\/ca\/on-estudiar-master\/les-noves-tecnologies-i-la-universitat-presencial-aquest-any\/#primaryimage","url":"https:\/\/resest.com\/wp-content\/uploads\/2020\/08\/noves-tecnologies.jpg","contentUrl":"https:\/\/resest.com\/wp-content\/uploads\/2020\/08\/noves-tecnologies.jpg","width":1200,"height":800,"caption":"noves-tecnologies-universitat"},{"@type":"BreadcrumbList","@id":"https:\/\/resest.com\/ca\/on-estudiar-master\/les-noves-tecnologies-i-la-universitat-presencial-aquest-any\/#breadcrumb","itemListElement":[{"@type":"ListItem","position":1,"name":"Inici","item":"https:\/\/resest.com\/ca\/"},{"@type":"ListItem","position":2,"name":"Les noves tecnologies i la universitat presencial aquest any"}]},{"@type":"WebSite","@id":"https:\/\/resest.com\/ca\/#website","url":"https:\/\/resest.com\/ca\/","name":"Resid\u00e8ncia d&#039;Estudiants l&#039;Estaci\u00f3 de Sabadell | Resest","description":"Prop de l\u2019Universitat Aut\u00f2noma de Barcelona (UAB)","publisher":{"@id":"https:\/\/resest.com\/ca\/#organization"},"potentialAction":[{"@type":"SearchAction","target":{"@type":"EntryPoint","urlTemplate":"https:\/\/resest.com\/ca\/?s={search_term_string}"},"query-input":{"@type":"PropertyValueSpecification","valueRequired":true,"valueName":"search_term_string"}}],"inLanguage":"ca-ES"},{"@type":"Organization","@id":"https:\/\/resest.com\/ca\/#organization","name":"Resid\u00e8ncia d&#039;Estudiants l&#039;Estaci\u00f3 de Sabadell | Resest","url":"https:\/\/resest.com\/ca\/","logo":{"@type":"ImageObject","inLanguage":"ca-ES","@id":"https:\/\/resest.com\/ca\/#\/schema\/logo\/image\/","url":"https:\/\/resest.com\/wp-content\/uploads\/2024\/03\/Facana-1.jpg","contentUrl":"https:\/\/resest.com\/wp-content\/uploads\/2024\/03\/Facana-1.jpg","width":1200,"height":1009,"caption":"Resid\u00e8ncia d&#039;Estudiants l&#039;Estaci\u00f3 de Sabadell | Resest"},"image":{"@id":"https:\/\/resest.com\/ca\/#\/schema\/logo\/image\/"}},{"@type":"Person","@id":"https:\/\/resest.com\/ca\/#\/schema\/person\/d9965768ae08730dafc3a7c835fcc47c","name":"Resest","image":{"@type":"ImageObject","inLanguage":"ca-ES","@id":"https:\/\/resest.com\/ca\/#\/schema\/person\/image\/","url":"https:\/\/secure.gravatar.com\/avatar\/0c7509c85c836ff68bc43efa415976254ed1463e7bbc3edf38a658092e29e5b4?s=96&d=mm&r=g","contentUrl":"https:\/\/secure.gravatar.com\/avatar\/0c7509c85c836ff68bc43efa415976254ed1463e7bbc3edf38a658092e29e5b4?s=96&d=mm&r=g","caption":"Resest"},"url":"https:\/\/resest.com\/ca\/author\/jordi\/"}]}},"_links":{"self":[{"href":"https:\/\/resest.com\/ca\/wp-json\/wp\/v2\/posts\/8930","targetHints":{"allow":["GET"]}}],"collection":[{"href":"https:\/\/resest.com\/ca\/wp-json\/wp\/v2\/posts"}],"about":[{"href":"https:\/\/resest.com\/ca\/wp-json\/wp\/v2\/types\/post"}],"author":[{"embeddable":true,"href":"https:\/\/resest.com\/ca\/wp-json\/wp\/v2\/users\/1"}],"replies":[{"embeddable":true,"href":"https:\/\/resest.com\/ca\/wp-json\/wp\/v2\/comments?post=8930"}],"version-history":[{"count":0,"href":"https:\/\/resest.com\/ca\/wp-json\/wp\/v2\/posts\/8930\/revisions"}],"wp:featuredmedia":[{"embeddable":true,"href":"https:\/\/resest.com\/ca\/wp-json\/wp\/v2\/media\/8931"}],"wp:attachment":[{"href":"https:\/\/resest.com\/ca\/wp-json\/wp\/v2\/media?parent=8930"}],"wp:term":[{"taxonomy":"category","embeddable":true,"href":"https:\/\/resest.com\/ca\/wp-json\/wp\/v2\/categories?post=8930"},{"taxonomy":"post_tag","embeddable":true,"href":"https:\/\/resest.com\/ca\/wp-json\/wp\/v2\/tags?post=8930"}],"curies":[{"name":"wp","href":"https:\/\/api.w.org\/{rel}","templated":true}]}}