{"id":8885,"date":"2020-07-14T11:07:00","date_gmt":"2020-07-14T10:07:00","guid":{"rendered":"https:\/\/resest.com\/?p=8885"},"modified":"2022-04-27T07:24:06","modified_gmt":"2022-04-27T06:24:06","slug":"selectivitat-funcionament-notes-de-tall","status":"publish","type":"post","link":"https:\/\/resest.com\/ca\/blog\/selectivitat-funcionament-notes-de-tall\/","title":{"rendered":"La Selectivitat i el funcionament de les notes de tall"},"content":{"rendered":"\n<p>La <strong>Selectivitat<\/strong>\no <strong>Prova d&#8217;Acc\u00e9s a la Universitat (PAU)<\/strong> est\u00e0 formada per una s\u00e8rie\nd\u2019ex\u00e0mens que tenen com a objectiu <strong>valorar els coneixements i les capacitats\nadquirides durant el Batxillerat<\/strong> per tal de que l\u2019estudiant pugui assolir\namb \u00e8xit els ensenyaments universitaris.<\/p>\n\n\n\n<h3 class=\"wp-block-heading\">Qu\u00e8 s\u00f3n les notes de tall?<\/h3>\n\n\n\n<p>La\nnota de tall \u00e9s la <strong>nota m\u00ednima que es necessita per poder accedir a un grau\nuniversitari<\/strong> i, per tan, ser\u00e0 la nota m\u00ednima que l\u2019estudiant haur\u00e0 de tenir\nper a que l\u2019acceptin. <\/p>\n\n\n\n<p>La\nnota de tall o d&#8217;acc\u00e9s fa refer\u00e8ncia al resultat obtingut a partir del 60% de\nla mitjana del Batxillerat i el 40% de la fase general de la selectivitat.<\/p>\n\n\n\n<p>S\u2019ha de tenir en compte que les universitats acostumen a tenir un determinat nombre de places, pel que aniran acceptant als candidats segons la nota de tall que hagin assolit, <strong>comen\u00e7ant primerament per aquells estudiants que hagin obtingut les notes selectivitat d\u2019acc\u00e9s m\u00e9s altes<\/strong>.<\/p>\n\n\n\n<h3 class=\"wp-block-heading\">Curiositats sobre les notes de tall 2021<\/h3>\n\n\n\n<p><strong>V\u00c0LIDES NOM\u00c9S A LES UNIVERSITATS P\u00daBLIQUES<\/strong> \u00e0 a les universitats privades no existeixen les notes de tall 2021 perqu\u00e8 s\u2019hi accedeix principalment, i entre d\u2019altres factors o criteris, de les places disponibles que tinguin i del pagament que es realitzi per poder-hi entrar.<\/p>\n\n\n\n<p><strong>VAN\nVARIANT<\/strong> \u00e0 les notes de tall poden anar variant cada any per\ndiversos motius, com el nombre de candidats existents, la demanda de feina a la\nsocietat d\u2019aquell grau en concret, que de sobte una carrera tingui molt\nd\u2019inter\u00e8s i es puja la nota per tal d\u2019evitar una massificaci\u00f3 d\u2019estudiants&#8230;<\/p>\n\n\n\n<p><strong>NO\nVAN LLIGADES A LA DIFICULTAT DE LA CARRERA<\/strong> \u00e0 que una nota de tall sigui m\u00e9s alta que una altra\nno significa que estiguem parlant d\u2019una carrera m\u00e9s dif\u00edcil. Com coment\u00e0vem\nanteriorment, pot ser m\u00e9s alta per a controlar l\u2019acc\u00e9s de candidats i poder\naix\u00ed seleccionar de manera correcta el perfil dels estudiants.<\/p>\n\n\n\n<h3 class=\"wp-block-heading\">Que la nota de tall no et faci deixar d\u2019estudiar el\nque realment desitges <\/h3>\n\n\n\n<p>Si\ntens en ment realitzar una carrera en la que actualment la nota de tall potser\n\u00e9s m\u00e9s del que esperaves, no tiris la tovallola. Segueix intentant-ho perqu\u00e8 \u00e9s\nmolt possible que puguis aconseguir-ho. A m\u00e9s, d\u2019un any a un altre poden variar\nmolt les coses i potser quan facis la preinscripci\u00f3 i posis la carrera que m\u00e9s\nt\u2019agrada com a primera opci\u00f3, tens m\u00e9s possibilitats d\u2019entrar-hi a l\u2019any\nseg\u00fcent.<\/p>\n\n\n\n<p>Des\nde la <strong><a href=\"https:\/\/resest.com\/ca\/la-residencia-estudiants-sabadell-barcelona-bellaterra\/\">Resid\u00e8ncia\nd\u2019Estudiants l\u2019Estaci\u00f3 de Sabadell<\/a><\/strong> et donem els nostres \u00e0nims per a que\nestudi\u00efs all\u00f2 que realment et fa feli\u00e7. Us assegurem que aqu\u00ed a la <strong><a href=\"https:\/\/resest.com\/ca\/serveis-residencia-estudiantil-barcelona-bellaterra\/\">resid\u00e8ncia\nd\u2019estudiants<\/a><\/strong> en veiem cada any de tots colors! No dubtis a allotjar-te\na la <strong><a href=\"https:\/\/resest.com\/ca\/ubicacio-residencia-estudiantil-a-sabadell-barcelona\/\">resid\u00e8ncia\nd\u2019estudiants a Sabadell<\/a><\/strong> per compartir la teva experi\u00e8ncia amb nosaltres\ni els teus companys. <\/p>\n","protected":false},"excerpt":{"rendered":"<p>La Selectivitat o Prova d&#8217;Acc\u00e9s a la Universitat (PAU) est\u00e0 formada per una s\u00e8rie d\u2019ex\u00e0mens que tenen com a objectiu valorar els coneixements i les capacitats adquirides durant el Batxillerat per tal de que l\u2019estudiant pugui assolir amb \u00e8xit els ensenyaments universitaris. Qu\u00e8 s\u00f3n les notes de tall? La nota de tall \u00e9s la nota&hellip;<\/p>\n","protected":false},"author":1,"featured_media":8886,"comment_status":"open","ping_status":"open","sticky":false,"template":"","format":"standard","meta":{"footnotes":""},"categories":[6,50],"tags":[],"class_list":["post-8885","post","type-post","status-publish","format-standard","has-post-thumbnail","hentry","category-blog","category-vida-de-lestudiant","entry","has-media"],"yoast_head":"<!-- This site is optimized with the Yoast SEO plugin v26.4 - https:\/\/yoast.com\/wordpress\/plugins\/seo\/ -->\n<title>La Selectivitat i les notes de tall - Resid\u00e8ncia Sabadell | Resest\u00a0<\/title>\n<meta name=\"description\" content=\"La nota de tall o d&#039;acc\u00e9s fa refer\u00e8ncia al resultat obtingut a partir del 60% de la mitjana del Batxillerat i el 40% de la fase general de la selectivitat.\u00a0\" \/>\n<meta name=\"robots\" content=\"index, follow, max-snippet:-1, max-image-preview:large, max-video-preview:-1\" \/>\n<link rel=\"canonical\" href=\"https:\/\/resest.com\/ca\/blog\/selectivitat-funcionament-notes-de-tall\/\" \/>\n<meta property=\"og:locale\" content=\"ca_ES\" \/>\n<meta property=\"og:type\" content=\"article\" \/>\n<meta property=\"og:title\" content=\"La Selectivitat i les notes de tall - Resid\u00e8ncia Sabadell | Resest\u00a0\" \/>\n<meta property=\"og:description\" content=\"La nota de tall o d&#039;acc\u00e9s fa refer\u00e8ncia al resultat obtingut a partir del 60% de la mitjana del Batxillerat i el 40% de la fase general de la selectivitat.\u00a0\" \/>\n<meta property=\"og:url\" content=\"https:\/\/resest.com\/ca\/blog\/selectivitat-funcionament-notes-de-tall\/\" \/>\n<meta property=\"og:site_name\" content=\"Resid\u00e8ncia d&#039;Estudiants l&#039;Estaci\u00f3 de Sabadell | Resest\" \/>\n<meta property=\"article:published_time\" content=\"2020-07-14T10:07:00+00:00\" \/>\n<meta property=\"article:modified_time\" content=\"2022-04-27T06:24:06+00:00\" \/>\n<meta property=\"og:image\" content=\"https:\/\/resest.com\/wp-content\/uploads\/2020\/07\/selectivitat.jpg\" \/>\n\t<meta property=\"og:image:width\" content=\"1200\" \/>\n\t<meta property=\"og:image:height\" content=\"800\" \/>\n\t<meta property=\"og:image:type\" content=\"image\/jpeg\" \/>\n<meta name=\"author\" content=\"Resest\" \/>\n<meta name=\"twitter:label1\" content=\"Written by\" \/>\n\t<meta name=\"twitter:data1\" content=\"Resest\" \/>\n\t<meta name=\"twitter:label2\" content=\"Est. reading time\" \/>\n\t<meta name=\"twitter:data2\" content=\"3 minutes\" \/>\n<script type=\"application\/ld+json\" class=\"yoast-schema-graph\">{\"@context\":\"https:\/\/schema.org\",\"@graph\":[{\"@type\":\"Article\",\"@id\":\"https:\/\/resest.com\/ca\/blog\/selectivitat-funcionament-notes-de-tall\/#article\",\"isPartOf\":{\"@id\":\"https:\/\/resest.com\/ca\/blog\/selectivitat-funcionament-notes-de-tall\/\"},\"author\":{\"name\":\"Resest\",\"@id\":\"https:\/\/resest.com\/ca\/#\/schema\/person\/d9965768ae08730dafc3a7c835fcc47c\"},\"headline\":\"La Selectivitat i el funcionament de les notes de tall\",\"datePublished\":\"2020-07-14T10:07:00+00:00\",\"dateModified\":\"2022-04-27T06:24:06+00:00\",\"mainEntityOfPage\":{\"@id\":\"https:\/\/resest.com\/ca\/blog\/selectivitat-funcionament-notes-de-tall\/\"},\"wordCount\":513,\"commentCount\":0,\"publisher\":{\"@id\":\"https:\/\/resest.com\/ca\/#organization\"},\"image\":{\"@id\":\"https:\/\/resest.com\/ca\/blog\/selectivitat-funcionament-notes-de-tall\/#primaryimage\"},\"thumbnailUrl\":\"https:\/\/resest.com\/wp-content\/uploads\/2020\/07\/selectivitat.jpg\",\"articleSection\":[\"Blog\",\"Consells per a estudiants universitaris\"],\"inLanguage\":\"ca-ES\",\"potentialAction\":[{\"@type\":\"CommentAction\",\"name\":\"Comment\",\"target\":[\"https:\/\/resest.com\/ca\/blog\/selectivitat-funcionament-notes-de-tall\/#respond\"]}]},{\"@type\":\"WebPage\",\"@id\":\"https:\/\/resest.com\/ca\/blog\/selectivitat-funcionament-notes-de-tall\/\",\"url\":\"https:\/\/resest.com\/ca\/blog\/selectivitat-funcionament-notes-de-tall\/\",\"name\":\"La Selectivitat i les notes de tall - Resid\u00e8ncia Sabadell | Resest\u00a0\",\"isPartOf\":{\"@id\":\"https:\/\/resest.com\/ca\/#website\"},\"primaryImageOfPage\":{\"@id\":\"https:\/\/resest.com\/ca\/blog\/selectivitat-funcionament-notes-de-tall\/#primaryimage\"},\"image\":{\"@id\":\"https:\/\/resest.com\/ca\/blog\/selectivitat-funcionament-notes-de-tall\/#primaryimage\"},\"thumbnailUrl\":\"https:\/\/resest.com\/wp-content\/uploads\/2020\/07\/selectivitat.jpg\",\"datePublished\":\"2020-07-14T10:07:00+00:00\",\"dateModified\":\"2022-04-27T06:24:06+00:00\",\"description\":\"La nota de tall o d'acc\u00e9s fa refer\u00e8ncia al resultat obtingut a partir del 60% de la mitjana del Batxillerat i el 40% de la fase general de la selectivitat.\u00a0\",\"breadcrumb\":{\"@id\":\"https:\/\/resest.com\/ca\/blog\/selectivitat-funcionament-notes-de-tall\/#breadcrumb\"},\"inLanguage\":\"ca-ES\",\"potentialAction\":[{\"@type\":\"ReadAction\",\"target\":[\"https:\/\/resest.com\/ca\/blog\/selectivitat-funcionament-notes-de-tall\/\"]}]},{\"@type\":\"ImageObject\",\"inLanguage\":\"ca-ES\",\"@id\":\"https:\/\/resest.com\/ca\/blog\/selectivitat-funcionament-notes-de-tall\/#primaryimage\",\"url\":\"https:\/\/resest.com\/wp-content\/uploads\/2020\/07\/selectivitat.jpg\",\"contentUrl\":\"https:\/\/resest.com\/wp-content\/uploads\/2020\/07\/selectivitat.jpg\",\"width\":1200,\"height\":800,\"caption\":\"selectivitat-notes-de-tall\"},{\"@type\":\"BreadcrumbList\",\"@id\":\"https:\/\/resest.com\/ca\/blog\/selectivitat-funcionament-notes-de-tall\/#breadcrumb\",\"itemListElement\":[{\"@type\":\"ListItem\",\"position\":1,\"name\":\"Inici\",\"item\":\"https:\/\/resest.com\/ca\/\"},{\"@type\":\"ListItem\",\"position\":2,\"name\":\"La Selectivitat i el funcionament de les notes de tall\"}]},{\"@type\":\"WebSite\",\"@id\":\"https:\/\/resest.com\/ca\/#website\",\"url\":\"https:\/\/resest.com\/ca\/\",\"name\":\"Resid\u00e8ncia d&#039;Estudiants l&#039;Estaci\u00f3 de Sabadell | Resest\",\"description\":\"Prop de l\u2019Universitat Aut\u00f2noma de Barcelona (UAB)\",\"publisher\":{\"@id\":\"https:\/\/resest.com\/ca\/#organization\"},\"potentialAction\":[{\"@type\":\"SearchAction\",\"target\":{\"@type\":\"EntryPoint\",\"urlTemplate\":\"https:\/\/resest.com\/ca\/?s={search_term_string}\"},\"query-input\":{\"@type\":\"PropertyValueSpecification\",\"valueRequired\":true,\"valueName\":\"search_term_string\"}}],\"inLanguage\":\"ca-ES\"},{\"@type\":\"Organization\",\"@id\":\"https:\/\/resest.com\/ca\/#organization\",\"name\":\"Resid\u00e8ncia d&#039;Estudiants l&#039;Estaci\u00f3 de Sabadell | Resest\",\"url\":\"https:\/\/resest.com\/ca\/\",\"logo\":{\"@type\":\"ImageObject\",\"inLanguage\":\"ca-ES\",\"@id\":\"https:\/\/resest.com\/ca\/#\/schema\/logo\/image\/\",\"url\":\"https:\/\/resest.com\/wp-content\/uploads\/2024\/03\/Facana-1.jpg\",\"contentUrl\":\"https:\/\/resest.com\/wp-content\/uploads\/2024\/03\/Facana-1.jpg\",\"width\":1200,\"height\":1009,\"caption\":\"Resid\u00e8ncia d&#039;Estudiants l&#039;Estaci\u00f3 de Sabadell | Resest\"},\"image\":{\"@id\":\"https:\/\/resest.com\/ca\/#\/schema\/logo\/image\/\"}},{\"@type\":\"Person\",\"@id\":\"https:\/\/resest.com\/ca\/#\/schema\/person\/d9965768ae08730dafc3a7c835fcc47c\",\"name\":\"Resest\",\"image\":{\"@type\":\"ImageObject\",\"inLanguage\":\"ca-ES\",\"@id\":\"https:\/\/resest.com\/ca\/#\/schema\/person\/image\/\",\"url\":\"https:\/\/secure.gravatar.com\/avatar\/0c7509c85c836ff68bc43efa415976254ed1463e7bbc3edf38a658092e29e5b4?s=96&d=mm&r=g\",\"contentUrl\":\"https:\/\/secure.gravatar.com\/avatar\/0c7509c85c836ff68bc43efa415976254ed1463e7bbc3edf38a658092e29e5b4?s=96&d=mm&r=g\",\"caption\":\"Resest\"},\"url\":\"https:\/\/resest.com\/ca\/author\/jordi\/\"}]}<\/script>\n<!-- \/ Yoast SEO plugin. -->","yoast_head_json":{"title":"La Selectivitat i les notes de tall - Resid\u00e8ncia Sabadell | Resest\u00a0","description":"La nota de tall o d'acc\u00e9s fa refer\u00e8ncia al resultat obtingut a partir del 60% de la mitjana del Batxillerat i el 40% de la fase general de la selectivitat.\u00a0","robots":{"index":"index","follow":"follow","max-snippet":"max-snippet:-1","max-image-preview":"max-image-preview:large","max-video-preview":"max-video-preview:-1"},"canonical":"https:\/\/resest.com\/ca\/blog\/selectivitat-funcionament-notes-de-tall\/","og_locale":"ca_ES","og_type":"article","og_title":"La Selectivitat i les notes de tall - Resid\u00e8ncia Sabadell | Resest\u00a0","og_description":"La nota de tall o d'acc\u00e9s fa refer\u00e8ncia al resultat obtingut a partir del 60% de la mitjana del Batxillerat i el 40% de la fase general de la selectivitat.\u00a0","og_url":"https:\/\/resest.com\/ca\/blog\/selectivitat-funcionament-notes-de-tall\/","og_site_name":"Resid\u00e8ncia d&#039;Estudiants l&#039;Estaci\u00f3 de Sabadell | Resest","article_published_time":"2020-07-14T10:07:00+00:00","article_modified_time":"2022-04-27T06:24:06+00:00","og_image":[{"width":1200,"height":800,"url":"https:\/\/resest.com\/wp-content\/uploads\/2020\/07\/selectivitat.jpg","type":"image\/jpeg"}],"author":"Resest","twitter_misc":{"Written by":"Resest","Est. reading time":"3 minutes"},"schema":{"@context":"https:\/\/schema.org","@graph":[{"@type":"Article","@id":"https:\/\/resest.com\/ca\/blog\/selectivitat-funcionament-notes-de-tall\/#article","isPartOf":{"@id":"https:\/\/resest.com\/ca\/blog\/selectivitat-funcionament-notes-de-tall\/"},"author":{"name":"Resest","@id":"https:\/\/resest.com\/ca\/#\/schema\/person\/d9965768ae08730dafc3a7c835fcc47c"},"headline":"La Selectivitat i el funcionament de les notes de tall","datePublished":"2020-07-14T10:07:00+00:00","dateModified":"2022-04-27T06:24:06+00:00","mainEntityOfPage":{"@id":"https:\/\/resest.com\/ca\/blog\/selectivitat-funcionament-notes-de-tall\/"},"wordCount":513,"commentCount":0,"publisher":{"@id":"https:\/\/resest.com\/ca\/#organization"},"image":{"@id":"https:\/\/resest.com\/ca\/blog\/selectivitat-funcionament-notes-de-tall\/#primaryimage"},"thumbnailUrl":"https:\/\/resest.com\/wp-content\/uploads\/2020\/07\/selectivitat.jpg","articleSection":["Blog","Consells per a estudiants universitaris"],"inLanguage":"ca-ES","potentialAction":[{"@type":"CommentAction","name":"Comment","target":["https:\/\/resest.com\/ca\/blog\/selectivitat-funcionament-notes-de-tall\/#respond"]}]},{"@type":"WebPage","@id":"https:\/\/resest.com\/ca\/blog\/selectivitat-funcionament-notes-de-tall\/","url":"https:\/\/resest.com\/ca\/blog\/selectivitat-funcionament-notes-de-tall\/","name":"La Selectivitat i les notes de tall - Resid\u00e8ncia Sabadell | Resest\u00a0","isPartOf":{"@id":"https:\/\/resest.com\/ca\/#website"},"primaryImageOfPage":{"@id":"https:\/\/resest.com\/ca\/blog\/selectivitat-funcionament-notes-de-tall\/#primaryimage"},"image":{"@id":"https:\/\/resest.com\/ca\/blog\/selectivitat-funcionament-notes-de-tall\/#primaryimage"},"thumbnailUrl":"https:\/\/resest.com\/wp-content\/uploads\/2020\/07\/selectivitat.jpg","datePublished":"2020-07-14T10:07:00+00:00","dateModified":"2022-04-27T06:24:06+00:00","description":"La nota de tall o d'acc\u00e9s fa refer\u00e8ncia al resultat obtingut a partir del 60% de la mitjana del Batxillerat i el 40% de la fase general de la selectivitat.\u00a0","breadcrumb":{"@id":"https:\/\/resest.com\/ca\/blog\/selectivitat-funcionament-notes-de-tall\/#breadcrumb"},"inLanguage":"ca-ES","potentialAction":[{"@type":"ReadAction","target":["https:\/\/resest.com\/ca\/blog\/selectivitat-funcionament-notes-de-tall\/"]}]},{"@type":"ImageObject","inLanguage":"ca-ES","@id":"https:\/\/resest.com\/ca\/blog\/selectivitat-funcionament-notes-de-tall\/#primaryimage","url":"https:\/\/resest.com\/wp-content\/uploads\/2020\/07\/selectivitat.jpg","contentUrl":"https:\/\/resest.com\/wp-content\/uploads\/2020\/07\/selectivitat.jpg","width":1200,"height":800,"caption":"selectivitat-notes-de-tall"},{"@type":"BreadcrumbList","@id":"https:\/\/resest.com\/ca\/blog\/selectivitat-funcionament-notes-de-tall\/#breadcrumb","itemListElement":[{"@type":"ListItem","position":1,"name":"Inici","item":"https:\/\/resest.com\/ca\/"},{"@type":"ListItem","position":2,"name":"La Selectivitat i el funcionament de les notes de tall"}]},{"@type":"WebSite","@id":"https:\/\/resest.com\/ca\/#website","url":"https:\/\/resest.com\/ca\/","name":"Resid\u00e8ncia d&#039;Estudiants l&#039;Estaci\u00f3 de Sabadell | Resest","description":"Prop de l\u2019Universitat Aut\u00f2noma de Barcelona (UAB)","publisher":{"@id":"https:\/\/resest.com\/ca\/#organization"},"potentialAction":[{"@type":"SearchAction","target":{"@type":"EntryPoint","urlTemplate":"https:\/\/resest.com\/ca\/?s={search_term_string}"},"query-input":{"@type":"PropertyValueSpecification","valueRequired":true,"valueName":"search_term_string"}}],"inLanguage":"ca-ES"},{"@type":"Organization","@id":"https:\/\/resest.com\/ca\/#organization","name":"Resid\u00e8ncia d&#039;Estudiants l&#039;Estaci\u00f3 de Sabadell | Resest","url":"https:\/\/resest.com\/ca\/","logo":{"@type":"ImageObject","inLanguage":"ca-ES","@id":"https:\/\/resest.com\/ca\/#\/schema\/logo\/image\/","url":"https:\/\/resest.com\/wp-content\/uploads\/2024\/03\/Facana-1.jpg","contentUrl":"https:\/\/resest.com\/wp-content\/uploads\/2024\/03\/Facana-1.jpg","width":1200,"height":1009,"caption":"Resid\u00e8ncia d&#039;Estudiants l&#039;Estaci\u00f3 de Sabadell | Resest"},"image":{"@id":"https:\/\/resest.com\/ca\/#\/schema\/logo\/image\/"}},{"@type":"Person","@id":"https:\/\/resest.com\/ca\/#\/schema\/person\/d9965768ae08730dafc3a7c835fcc47c","name":"Resest","image":{"@type":"ImageObject","inLanguage":"ca-ES","@id":"https:\/\/resest.com\/ca\/#\/schema\/person\/image\/","url":"https:\/\/secure.gravatar.com\/avatar\/0c7509c85c836ff68bc43efa415976254ed1463e7bbc3edf38a658092e29e5b4?s=96&d=mm&r=g","contentUrl":"https:\/\/secure.gravatar.com\/avatar\/0c7509c85c836ff68bc43efa415976254ed1463e7bbc3edf38a658092e29e5b4?s=96&d=mm&r=g","caption":"Resest"},"url":"https:\/\/resest.com\/ca\/author\/jordi\/"}]}},"_links":{"self":[{"href":"https:\/\/resest.com\/ca\/wp-json\/wp\/v2\/posts\/8885","targetHints":{"allow":["GET"]}}],"collection":[{"href":"https:\/\/resest.com\/ca\/wp-json\/wp\/v2\/posts"}],"about":[{"href":"https:\/\/resest.com\/ca\/wp-json\/wp\/v2\/types\/post"}],"author":[{"embeddable":true,"href":"https:\/\/resest.com\/ca\/wp-json\/wp\/v2\/users\/1"}],"replies":[{"embeddable":true,"href":"https:\/\/resest.com\/ca\/wp-json\/wp\/v2\/comments?post=8885"}],"version-history":[{"count":0,"href":"https:\/\/resest.com\/ca\/wp-json\/wp\/v2\/posts\/8885\/revisions"}],"wp:featuredmedia":[{"embeddable":true,"href":"https:\/\/resest.com\/ca\/wp-json\/wp\/v2\/media\/8886"}],"wp:attachment":[{"href":"https:\/\/resest.com\/ca\/wp-json\/wp\/v2\/media?parent=8885"}],"wp:term":[{"taxonomy":"category","embeddable":true,"href":"https:\/\/resest.com\/ca\/wp-json\/wp\/v2\/categories?post=8885"},{"taxonomy":"post_tag","embeddable":true,"href":"https:\/\/resest.com\/ca\/wp-json\/wp\/v2\/tags?post=8885"}],"curies":[{"name":"wp","href":"https:\/\/api.w.org\/{rel}","templated":true}]}}