{"id":8794,"date":"2020-03-26T12:26:00","date_gmt":"2020-03-26T11:26:00","guid":{"rendered":"https:\/\/resest.com\/?p=8794"},"modified":"2020-04-07T12:30:06","modified_gmt":"2020-04-07T11:30:06","slug":"com-combatre-canvi-climatic-residencia-destudiants","status":"publish","type":"post","link":"https:\/\/resest.com\/ca\/blog\/com-combatre-canvi-climatic-residencia-destudiants\/","title":{"rendered":"Com combatre el canvi clim\u00e0tic des de la residencia d\u2019estudiants"},"content":{"rendered":"\n<p>Cada vegada, per\nsort, la societat est\u00e0 m\u00e9s conscienciada respecte als problemes que pateix el\nnostre planeta a causa del <strong>canvi clim\u00e0tic<\/strong> i <strong>l&#8217;escalfament global<\/strong>.\nTots aquells que s&#8217;allotgen a una <strong><a href=\"https:\/\/resest.com\/ca\/la-residencia-estudiants-sabadell-barcelona-bellaterra\/\">resid\u00e8ncia\nd&#8217;estudiants<\/a><\/strong> mentre cursen els seus estudis, tamb\u00e9 poden col\u00b7laborar a\ncombatre aquesta situaci\u00f3.<\/p>\n\n\n\n<p>Per tal d&#8217;evitar\nque aquesta situaci\u00f3 sigui irreversible es duen a terme nombroses accions per\nconscienciar i sensibilitzar la poblaci\u00f3. Per\u00f2 a m\u00e9s, a nivell particular, hi\nha h\u00e0bits que es poden anar canviant i adaptant a la vida quotidiana i amb els\nque estarem ajudant a frenar el problema.<\/p>\n\n\n\n<h3 class=\"wp-block-heading\">Alguna vegada t&#8217;has parat a pensar quines accions pots\ndur a terme a la teva vida di\u00e0ria per combatre el canvi clim\u00e0tic?<\/h3>\n\n\n\n<p>A continuaci\u00f3\nt&#8217;expliquem algunes accions que pots seguir al teu dia a dia en benefici del planeta.<\/p>\n\n\n\n<h4 class=\"wp-block-heading\">Compliment de la regla de les 3R<\/h4>\n\n\n\n<p>Alguna vegada\nhavies escoltat parlar sobre les 3R de la sostenibilitat?<\/p>\n\n\n\n<p><strong>Redueix:<\/strong> el consum de materials i energia;\nd&#8217;aquesta manera aconseguir\u00e0s ser m\u00e9s eficient en l&#8217;\u00fas i alhora estalviar\u00e0s\necon\u00f2micament. Exemples b\u00e0sics serien el portar les teves pr\u00f2pies bosses quan\nvagis a fer la compra; tancar l&#8217;aixeta mentre et rentes les dents, mentre\nt&#8217;ensabones a la dutxa o mentre ensabones els plats; posar rentadores amb la\nm\u00e0xima c\u00e0rrega per optimitzar el seu \u00fas &#8230;<\/p>\n\n\n\n<p><strong>Reutilitza:<\/strong> el residu m\u00e9s sostenible \u00e9s el que no es\nprodueix. Imprimeix els apunts i els ex\u00e0mens per les dues cares dels fulls;\nregala tot aquell material d&#8217;estudi que tu ja no facis servir, segur que a un\naltre li fa falta i no haur\u00e0 de comprar-lo. Comparteix llibres amb els teus\ncompanys &#8230;.<\/p>\n\n\n\n<p><strong>Recicla:<\/strong> tot all\u00f2 que consumeixis. Tant a la\ncuina, menjador, habitaci\u00f3 de la <strong><a href=\"https:\/\/resest.com\/ca\/installacions-residencia-estudiants-barcelona\/\">resid\u00e8ncia\nd&#8217;estudiants<\/a>,<\/strong> separa els residus i tira\u2019ls al contenidor adient.<\/p>\n\n\n\n<h4 class=\"wp-block-heading\">Evita el consum fantasma<\/h4>\n\n\n\n<p>En l&#8217;era\ntecnol\u00f2gica en qu\u00e8 ens trobem cada vegada disposem de m\u00e9s dispositius\nelectr\u00f2nics, els quals hem de mantenir endollats o hem de carregar\nperi\u00f2dicament. En moltes ocasions en lloc d&#8217;apagar el televisor amb el propi\nbot\u00f3 de l&#8217;aparell ho fem amb el comandament. Aquest mode de &#8220;stand\nby&#8221; \u00e9s el que es coneix com consum fantasma i representa una mitja del 10%\ndel consum. Evita deixar els aparells en mode stand by i tots aquells que\nestiguin endollats a una regleta, no oblidis apagar la regleta quan no\ns&#8217;estiguin fent servir, aix\u00ed com desendollar els carregadors quan ja hagin\nfinalitzat la c\u00e0rrega.<\/p>\n\n\n\n<h4 class=\"wp-block-heading\">Canvi d&#8217;h\u00e0bits en el transport<\/h4>\n\n\n\n<p>Per norma\ngeneral, les <strong><a href=\"https:\/\/resest.com\/ca\/serveis-residencia-estudiantil-barcelona-bellaterra\/\">resid\u00e8ncies\nd&#8217;estudiants<\/a><\/strong> solen estar ubicades en punts estrat\u00e8gics per facilitar la\nmobilitat dels residents. Com \u00e9s el cas de la nostra <strong><a href=\"https:\/\/resest.com\/ca\/ubicacio-residencia-estudiantil-a-sabadell-barcelona\/\">resid\u00e8ncia\nd&#8217;estudiants de Sabadell<\/a><\/strong>, que gaudeix d&#8217;una ubicaci\u00f3 privilegiada\ncomunicant f\u00e0cil i r\u00e0pidament amb la <strong>Universitat Aut\u00f2noma de Barcelona<\/strong>.\nPots per tant evitar l&#8217;\u00fas del cotxe o moto i fer servir el transport p\u00fablic que\ntens a la teva disposici\u00f3.<\/p>\n\n\n\n<p>Aquestes s\u00f3n\nnom\u00e9s algunes de les accions que pots realitzar per combatre el canvi clim\u00e0tic.\nA la <strong><a href=\"https:\/\/resest.com\/ca\/tarifes-residencia-per-a-estudiants-a-barcelona-bellaterra\/\">resid\u00e8ncia\nd&#8217;estudiants l&#8217;Estaci\u00f3 de Sabadell<\/a><\/strong> podr\u00e0s seguir-les f\u00e0cilment.<\/p>\n","protected":false},"excerpt":{"rendered":"<p>Cada vegada, per sort, la societat est\u00e0 m\u00e9s conscienciada respecte als problemes que pateix el nostre planeta a causa del canvi clim\u00e0tic i l&#8217;escalfament global. Tots aquells que s&#8217;allotgen a una resid\u00e8ncia d&#8217;estudiants mentre cursen els seus estudis, tamb\u00e9 poden col\u00b7laborar a combatre aquesta situaci\u00f3. Per tal d&#8217;evitar que aquesta situaci\u00f3 sigui irreversible es duen&hellip;<\/p>\n","protected":false},"author":1,"featured_media":8795,"comment_status":"open","ping_status":"open","sticky":false,"template":"","format":"standard","meta":{"footnotes":""},"categories":[6,50,49],"tags":[],"class_list":["post-8794","post","type-post","status-publish","format-standard","has-post-thumbnail","hentry","category-blog","category-vida-de-lestudiant","category-vida-a-la-residencia","entry","has-media"],"yoast_head":"<!-- This site is optimized with the Yoast SEO plugin v26.4 - https:\/\/yoast.com\/wordpress\/plugins\/seo\/ -->\n<title>Com combatre el canvi clim\u00e0tic des de la residencia d\u2019estudiants - Resid\u00e8ncia d&#039;Estudiants l&#039;Estaci\u00f3 de Sabadell | Resest<\/title>\n<meta name=\"description\" content=\"Tots aquells que s&#039;allotgen a una resid\u00e8ncia d&#039;estudiants mentre cursen els seus estudis, poden col\u00b7laborar a combatre el canvi clim\u00e0tic.\" \/>\n<meta name=\"robots\" content=\"index, follow, max-snippet:-1, max-image-preview:large, max-video-preview:-1\" \/>\n<link rel=\"canonical\" href=\"https:\/\/resest.com\/ca\/blog\/com-combatre-canvi-climatic-residencia-destudiants\/\" \/>\n<meta property=\"og:locale\" content=\"ca_ES\" \/>\n<meta property=\"og:type\" content=\"article\" \/>\n<meta property=\"og:title\" content=\"Com combatre el canvi clim\u00e0tic des de la residencia d\u2019estudiants - Resid\u00e8ncia d&#039;Estudiants l&#039;Estaci\u00f3 de Sabadell | Resest\" \/>\n<meta property=\"og:description\" content=\"Tots aquells que s&#039;allotgen a una resid\u00e8ncia d&#039;estudiants mentre cursen els seus estudis, poden col\u00b7laborar a combatre el canvi clim\u00e0tic.\" \/>\n<meta property=\"og:url\" content=\"https:\/\/resest.com\/ca\/blog\/com-combatre-canvi-climatic-residencia-destudiants\/\" \/>\n<meta property=\"og:site_name\" content=\"Resid\u00e8ncia d&#039;Estudiants l&#039;Estaci\u00f3 de Sabadell | Resest\" \/>\n<meta property=\"article:published_time\" content=\"2020-03-26T11:26:00+00:00\" \/>\n<meta property=\"article:modified_time\" content=\"2020-04-07T11:30:06+00:00\" \/>\n<meta property=\"og:image\" content=\"https:\/\/resest.com\/wp-content\/uploads\/2020\/04\/AdobeStock_115515894-BONA-1.jpeg\" \/>\n\t<meta property=\"og:image:width\" content=\"1200\" \/>\n\t<meta property=\"og:image:height\" content=\"789\" \/>\n\t<meta property=\"og:image:type\" content=\"image\/jpeg\" \/>\n<meta name=\"author\" content=\"Resest\" \/>\n<meta name=\"twitter:label1\" content=\"Written by\" \/>\n\t<meta name=\"twitter:data1\" content=\"Resest\" \/>\n\t<meta name=\"twitter:label2\" content=\"Est. reading time\" \/>\n\t<meta name=\"twitter:data2\" content=\"3 minutes\" \/>\n<script type=\"application\/ld+json\" class=\"yoast-schema-graph\">{\"@context\":\"https:\/\/schema.org\",\"@graph\":[{\"@type\":\"Article\",\"@id\":\"https:\/\/resest.com\/ca\/blog\/com-combatre-canvi-climatic-residencia-destudiants\/#article\",\"isPartOf\":{\"@id\":\"https:\/\/resest.com\/ca\/blog\/com-combatre-canvi-climatic-residencia-destudiants\/\"},\"author\":{\"name\":\"Resest\",\"@id\":\"https:\/\/resest.com\/ca\/#\/schema\/person\/d9965768ae08730dafc3a7c835fcc47c\"},\"headline\":\"Com combatre el canvi clim\u00e0tic des de la residencia d\u2019estudiants\",\"datePublished\":\"2020-03-26T11:26:00+00:00\",\"dateModified\":\"2020-04-07T11:30:06+00:00\",\"mainEntityOfPage\":{\"@id\":\"https:\/\/resest.com\/ca\/blog\/com-combatre-canvi-climatic-residencia-destudiants\/\"},\"wordCount\":565,\"commentCount\":0,\"publisher\":{\"@id\":\"https:\/\/resest.com\/ca\/#organization\"},\"image\":{\"@id\":\"https:\/\/resest.com\/ca\/blog\/com-combatre-canvi-climatic-residencia-destudiants\/#primaryimage\"},\"thumbnailUrl\":\"https:\/\/resest.com\/wp-content\/uploads\/2020\/04\/AdobeStock_115515894-BONA-1.jpeg\",\"articleSection\":[\"Blog\",\"Consells per a estudiants universitaris\",\"Vida a la Resid\u00e8ncia\"],\"inLanguage\":\"ca-ES\",\"potentialAction\":[{\"@type\":\"CommentAction\",\"name\":\"Comment\",\"target\":[\"https:\/\/resest.com\/ca\/blog\/com-combatre-canvi-climatic-residencia-destudiants\/#respond\"]}]},{\"@type\":\"WebPage\",\"@id\":\"https:\/\/resest.com\/ca\/blog\/com-combatre-canvi-climatic-residencia-destudiants\/\",\"url\":\"https:\/\/resest.com\/ca\/blog\/com-combatre-canvi-climatic-residencia-destudiants\/\",\"name\":\"Com combatre el canvi clim\u00e0tic des de la residencia d\u2019estudiants - Resid\u00e8ncia d&#039;Estudiants l&#039;Estaci\u00f3 de Sabadell | Resest\",\"isPartOf\":{\"@id\":\"https:\/\/resest.com\/ca\/#website\"},\"primaryImageOfPage\":{\"@id\":\"https:\/\/resest.com\/ca\/blog\/com-combatre-canvi-climatic-residencia-destudiants\/#primaryimage\"},\"image\":{\"@id\":\"https:\/\/resest.com\/ca\/blog\/com-combatre-canvi-climatic-residencia-destudiants\/#primaryimage\"},\"thumbnailUrl\":\"https:\/\/resest.com\/wp-content\/uploads\/2020\/04\/AdobeStock_115515894-BONA-1.jpeg\",\"datePublished\":\"2020-03-26T11:26:00+00:00\",\"dateModified\":\"2020-04-07T11:30:06+00:00\",\"description\":\"Tots aquells que s'allotgen a una resid\u00e8ncia d'estudiants mentre cursen els seus estudis, poden col\u00b7laborar a combatre el canvi clim\u00e0tic.\",\"breadcrumb\":{\"@id\":\"https:\/\/resest.com\/ca\/blog\/com-combatre-canvi-climatic-residencia-destudiants\/#breadcrumb\"},\"inLanguage\":\"ca-ES\",\"potentialAction\":[{\"@type\":\"ReadAction\",\"target\":[\"https:\/\/resest.com\/ca\/blog\/com-combatre-canvi-climatic-residencia-destudiants\/\"]}]},{\"@type\":\"ImageObject\",\"inLanguage\":\"ca-ES\",\"@id\":\"https:\/\/resest.com\/ca\/blog\/com-combatre-canvi-climatic-residencia-destudiants\/#primaryimage\",\"url\":\"https:\/\/resest.com\/wp-content\/uploads\/2020\/04\/AdobeStock_115515894-BONA-1.jpeg\",\"contentUrl\":\"https:\/\/resest.com\/wp-content\/uploads\/2020\/04\/AdobeStock_115515894-BONA-1.jpeg\",\"width\":1200,\"height\":789,\"caption\":\"canvi-climatic-residencia-estudiants\"},{\"@type\":\"BreadcrumbList\",\"@id\":\"https:\/\/resest.com\/ca\/blog\/com-combatre-canvi-climatic-residencia-destudiants\/#breadcrumb\",\"itemListElement\":[{\"@type\":\"ListItem\",\"position\":1,\"name\":\"Inici\",\"item\":\"https:\/\/resest.com\/ca\/\"},{\"@type\":\"ListItem\",\"position\":2,\"name\":\"Com combatre el canvi clim\u00e0tic des de la residencia d\u2019estudiants\"}]},{\"@type\":\"WebSite\",\"@id\":\"https:\/\/resest.com\/ca\/#website\",\"url\":\"https:\/\/resest.com\/ca\/\",\"name\":\"Resid\u00e8ncia d&#039;Estudiants l&#039;Estaci\u00f3 de Sabadell | Resest\",\"description\":\"Prop de l\u2019Universitat Aut\u00f2noma de Barcelona (UAB)\",\"publisher\":{\"@id\":\"https:\/\/resest.com\/ca\/#organization\"},\"potentialAction\":[{\"@type\":\"SearchAction\",\"target\":{\"@type\":\"EntryPoint\",\"urlTemplate\":\"https:\/\/resest.com\/ca\/?s={search_term_string}\"},\"query-input\":{\"@type\":\"PropertyValueSpecification\",\"valueRequired\":true,\"valueName\":\"search_term_string\"}}],\"inLanguage\":\"ca-ES\"},{\"@type\":\"Organization\",\"@id\":\"https:\/\/resest.com\/ca\/#organization\",\"name\":\"Resid\u00e8ncia d&#039;Estudiants l&#039;Estaci\u00f3 de Sabadell | Resest\",\"url\":\"https:\/\/resest.com\/ca\/\",\"logo\":{\"@type\":\"ImageObject\",\"inLanguage\":\"ca-ES\",\"@id\":\"https:\/\/resest.com\/ca\/#\/schema\/logo\/image\/\",\"url\":\"https:\/\/resest.com\/wp-content\/uploads\/2024\/03\/Facana-1.jpg\",\"contentUrl\":\"https:\/\/resest.com\/wp-content\/uploads\/2024\/03\/Facana-1.jpg\",\"width\":1200,\"height\":1009,\"caption\":\"Resid\u00e8ncia d&#039;Estudiants l&#039;Estaci\u00f3 de Sabadell | Resest\"},\"image\":{\"@id\":\"https:\/\/resest.com\/ca\/#\/schema\/logo\/image\/\"}},{\"@type\":\"Person\",\"@id\":\"https:\/\/resest.com\/ca\/#\/schema\/person\/d9965768ae08730dafc3a7c835fcc47c\",\"name\":\"Resest\",\"image\":{\"@type\":\"ImageObject\",\"inLanguage\":\"ca-ES\",\"@id\":\"https:\/\/resest.com\/ca\/#\/schema\/person\/image\/\",\"url\":\"https:\/\/secure.gravatar.com\/avatar\/0c7509c85c836ff68bc43efa415976254ed1463e7bbc3edf38a658092e29e5b4?s=96&d=mm&r=g\",\"contentUrl\":\"https:\/\/secure.gravatar.com\/avatar\/0c7509c85c836ff68bc43efa415976254ed1463e7bbc3edf38a658092e29e5b4?s=96&d=mm&r=g\",\"caption\":\"Resest\"},\"url\":\"https:\/\/resest.com\/ca\/author\/jordi\/\"}]}<\/script>\n<!-- \/ Yoast SEO plugin. -->","yoast_head_json":{"title":"Com combatre el canvi clim\u00e0tic des de la residencia d\u2019estudiants - Resid\u00e8ncia d&#039;Estudiants l&#039;Estaci\u00f3 de Sabadell | Resest","description":"Tots aquells que s'allotgen a una resid\u00e8ncia d'estudiants mentre cursen els seus estudis, poden col\u00b7laborar a combatre el canvi clim\u00e0tic.","robots":{"index":"index","follow":"follow","max-snippet":"max-snippet:-1","max-image-preview":"max-image-preview:large","max-video-preview":"max-video-preview:-1"},"canonical":"https:\/\/resest.com\/ca\/blog\/com-combatre-canvi-climatic-residencia-destudiants\/","og_locale":"ca_ES","og_type":"article","og_title":"Com combatre el canvi clim\u00e0tic des de la residencia d\u2019estudiants - Resid\u00e8ncia d&#039;Estudiants l&#039;Estaci\u00f3 de Sabadell | Resest","og_description":"Tots aquells que s'allotgen a una resid\u00e8ncia d'estudiants mentre cursen els seus estudis, poden col\u00b7laborar a combatre el canvi clim\u00e0tic.","og_url":"https:\/\/resest.com\/ca\/blog\/com-combatre-canvi-climatic-residencia-destudiants\/","og_site_name":"Resid\u00e8ncia d&#039;Estudiants l&#039;Estaci\u00f3 de Sabadell | Resest","article_published_time":"2020-03-26T11:26:00+00:00","article_modified_time":"2020-04-07T11:30:06+00:00","og_image":[{"width":1200,"height":789,"url":"https:\/\/resest.com\/wp-content\/uploads\/2020\/04\/AdobeStock_115515894-BONA-1.jpeg","type":"image\/jpeg"}],"author":"Resest","twitter_misc":{"Written by":"Resest","Est. reading time":"3 minutes"},"schema":{"@context":"https:\/\/schema.org","@graph":[{"@type":"Article","@id":"https:\/\/resest.com\/ca\/blog\/com-combatre-canvi-climatic-residencia-destudiants\/#article","isPartOf":{"@id":"https:\/\/resest.com\/ca\/blog\/com-combatre-canvi-climatic-residencia-destudiants\/"},"author":{"name":"Resest","@id":"https:\/\/resest.com\/ca\/#\/schema\/person\/d9965768ae08730dafc3a7c835fcc47c"},"headline":"Com combatre el canvi clim\u00e0tic des de la residencia d\u2019estudiants","datePublished":"2020-03-26T11:26:00+00:00","dateModified":"2020-04-07T11:30:06+00:00","mainEntityOfPage":{"@id":"https:\/\/resest.com\/ca\/blog\/com-combatre-canvi-climatic-residencia-destudiants\/"},"wordCount":565,"commentCount":0,"publisher":{"@id":"https:\/\/resest.com\/ca\/#organization"},"image":{"@id":"https:\/\/resest.com\/ca\/blog\/com-combatre-canvi-climatic-residencia-destudiants\/#primaryimage"},"thumbnailUrl":"https:\/\/resest.com\/wp-content\/uploads\/2020\/04\/AdobeStock_115515894-BONA-1.jpeg","articleSection":["Blog","Consells per a estudiants universitaris","Vida a la Resid\u00e8ncia"],"inLanguage":"ca-ES","potentialAction":[{"@type":"CommentAction","name":"Comment","target":["https:\/\/resest.com\/ca\/blog\/com-combatre-canvi-climatic-residencia-destudiants\/#respond"]}]},{"@type":"WebPage","@id":"https:\/\/resest.com\/ca\/blog\/com-combatre-canvi-climatic-residencia-destudiants\/","url":"https:\/\/resest.com\/ca\/blog\/com-combatre-canvi-climatic-residencia-destudiants\/","name":"Com combatre el canvi clim\u00e0tic des de la residencia d\u2019estudiants - Resid\u00e8ncia d&#039;Estudiants l&#039;Estaci\u00f3 de Sabadell | Resest","isPartOf":{"@id":"https:\/\/resest.com\/ca\/#website"},"primaryImageOfPage":{"@id":"https:\/\/resest.com\/ca\/blog\/com-combatre-canvi-climatic-residencia-destudiants\/#primaryimage"},"image":{"@id":"https:\/\/resest.com\/ca\/blog\/com-combatre-canvi-climatic-residencia-destudiants\/#primaryimage"},"thumbnailUrl":"https:\/\/resest.com\/wp-content\/uploads\/2020\/04\/AdobeStock_115515894-BONA-1.jpeg","datePublished":"2020-03-26T11:26:00+00:00","dateModified":"2020-04-07T11:30:06+00:00","description":"Tots aquells que s'allotgen a una resid\u00e8ncia d'estudiants mentre cursen els seus estudis, poden col\u00b7laborar a combatre el canvi clim\u00e0tic.","breadcrumb":{"@id":"https:\/\/resest.com\/ca\/blog\/com-combatre-canvi-climatic-residencia-destudiants\/#breadcrumb"},"inLanguage":"ca-ES","potentialAction":[{"@type":"ReadAction","target":["https:\/\/resest.com\/ca\/blog\/com-combatre-canvi-climatic-residencia-destudiants\/"]}]},{"@type":"ImageObject","inLanguage":"ca-ES","@id":"https:\/\/resest.com\/ca\/blog\/com-combatre-canvi-climatic-residencia-destudiants\/#primaryimage","url":"https:\/\/resest.com\/wp-content\/uploads\/2020\/04\/AdobeStock_115515894-BONA-1.jpeg","contentUrl":"https:\/\/resest.com\/wp-content\/uploads\/2020\/04\/AdobeStock_115515894-BONA-1.jpeg","width":1200,"height":789,"caption":"canvi-climatic-residencia-estudiants"},{"@type":"BreadcrumbList","@id":"https:\/\/resest.com\/ca\/blog\/com-combatre-canvi-climatic-residencia-destudiants\/#breadcrumb","itemListElement":[{"@type":"ListItem","position":1,"name":"Inici","item":"https:\/\/resest.com\/ca\/"},{"@type":"ListItem","position":2,"name":"Com combatre el canvi clim\u00e0tic des de la residencia d\u2019estudiants"}]},{"@type":"WebSite","@id":"https:\/\/resest.com\/ca\/#website","url":"https:\/\/resest.com\/ca\/","name":"Resid\u00e8ncia d&#039;Estudiants l&#039;Estaci\u00f3 de Sabadell | Resest","description":"Prop de l\u2019Universitat Aut\u00f2noma de Barcelona (UAB)","publisher":{"@id":"https:\/\/resest.com\/ca\/#organization"},"potentialAction":[{"@type":"SearchAction","target":{"@type":"EntryPoint","urlTemplate":"https:\/\/resest.com\/ca\/?s={search_term_string}"},"query-input":{"@type":"PropertyValueSpecification","valueRequired":true,"valueName":"search_term_string"}}],"inLanguage":"ca-ES"},{"@type":"Organization","@id":"https:\/\/resest.com\/ca\/#organization","name":"Resid\u00e8ncia d&#039;Estudiants l&#039;Estaci\u00f3 de Sabadell | Resest","url":"https:\/\/resest.com\/ca\/","logo":{"@type":"ImageObject","inLanguage":"ca-ES","@id":"https:\/\/resest.com\/ca\/#\/schema\/logo\/image\/","url":"https:\/\/resest.com\/wp-content\/uploads\/2024\/03\/Facana-1.jpg","contentUrl":"https:\/\/resest.com\/wp-content\/uploads\/2024\/03\/Facana-1.jpg","width":1200,"height":1009,"caption":"Resid\u00e8ncia d&#039;Estudiants l&#039;Estaci\u00f3 de Sabadell | Resest"},"image":{"@id":"https:\/\/resest.com\/ca\/#\/schema\/logo\/image\/"}},{"@type":"Person","@id":"https:\/\/resest.com\/ca\/#\/schema\/person\/d9965768ae08730dafc3a7c835fcc47c","name":"Resest","image":{"@type":"ImageObject","inLanguage":"ca-ES","@id":"https:\/\/resest.com\/ca\/#\/schema\/person\/image\/","url":"https:\/\/secure.gravatar.com\/avatar\/0c7509c85c836ff68bc43efa415976254ed1463e7bbc3edf38a658092e29e5b4?s=96&d=mm&r=g","contentUrl":"https:\/\/secure.gravatar.com\/avatar\/0c7509c85c836ff68bc43efa415976254ed1463e7bbc3edf38a658092e29e5b4?s=96&d=mm&r=g","caption":"Resest"},"url":"https:\/\/resest.com\/ca\/author\/jordi\/"}]}},"_links":{"self":[{"href":"https:\/\/resest.com\/ca\/wp-json\/wp\/v2\/posts\/8794","targetHints":{"allow":["GET"]}}],"collection":[{"href":"https:\/\/resest.com\/ca\/wp-json\/wp\/v2\/posts"}],"about":[{"href":"https:\/\/resest.com\/ca\/wp-json\/wp\/v2\/types\/post"}],"author":[{"embeddable":true,"href":"https:\/\/resest.com\/ca\/wp-json\/wp\/v2\/users\/1"}],"replies":[{"embeddable":true,"href":"https:\/\/resest.com\/ca\/wp-json\/wp\/v2\/comments?post=8794"}],"version-history":[{"count":0,"href":"https:\/\/resest.com\/ca\/wp-json\/wp\/v2\/posts\/8794\/revisions"}],"wp:featuredmedia":[{"embeddable":true,"href":"https:\/\/resest.com\/ca\/wp-json\/wp\/v2\/media\/8795"}],"wp:attachment":[{"href":"https:\/\/resest.com\/ca\/wp-json\/wp\/v2\/media?parent=8794"}],"wp:term":[{"taxonomy":"category","embeddable":true,"href":"https:\/\/resest.com\/ca\/wp-json\/wp\/v2\/categories?post=8794"},{"taxonomy":"post_tag","embeddable":true,"href":"https:\/\/resest.com\/ca\/wp-json\/wp\/v2\/tags?post=8794"}],"curies":[{"name":"wp","href":"https:\/\/api.w.org\/{rel}","templated":true}]}}