{"id":7429,"date":"2018-11-26T11:36:22","date_gmt":"2018-11-26T10:36:22","guid":{"rendered":"https:\/\/resest.com\/?p=7429"},"modified":"2018-12-19T11:11:57","modified_gmt":"2018-12-19T10:11:57","slug":"viure-nadal-residencia-estudiants","status":"publish","type":"post","link":"https:\/\/resest.com\/ca\/vida-a-la-residencia\/viure-nadal-residencia-estudiants\/","title":{"rendered":"Com v\u00e8ncer la nost\u00e0lgia nadalenca?"},"content":{"rendered":"<p>La nost\u00e0lgia \u00e9s la resposta del nostre cervell als canvis. En aquestes dates nadalenques la nost\u00e0lgia ressorgeix, especialment quan estem lluny de casa, ja que <strong>trobem a faltar a la fam\u00edlia, amics i tots aquells costums<\/strong> que s&#8217;acostumen a fer en aquestes festes. Des de Resest, <a href=\"https:\/\/resest.com\/ca\/la-residencia-estudiants-sabadell-barcelona-bellaterra\/\" target=\"_blank\" rel=\"noopener\">allotjament d&#8217;estudiants a Sabadell<\/a>, volem ajudar-vos a superar-la amb alguns consells que estem segurs que us agradaran.<\/p>\n<p>Qu\u00e8 podem fer?<\/p>\n<p>&#8211; <strong>Estigues ocupat.<\/strong> Hi ha molt\u00edssimes activitats que pots realitzar en aquesta \u00e8poca. Una d&#8217;elles, seria <strong>visitar les fires de nadal<\/strong> que guarneixen la ciutat. Us recomanem visitar la <a href=\"https:\/\/firanadalsagradafamilia.com\/ca\/\" target=\"_blank\" rel=\"noopener\">Fira de Nadal Sagrada Fam\u00edlia<\/a>, on podreu trobar tota mena d&#8217;objectes nadalencs i regals. Podeu fer-vos un planning per visitar totes les <a href=\"https:\/\/www.barcelona.cat\/es\/navidad\" target=\"_blank\" rel=\"noopener\">fires interessants<\/a> que us vingui de gust! A m\u00e9s, podr\u00e0s gaudir de la decoraci\u00f3 de tota la ciutat de Barcelona amb les llums enceses.<\/p>\n<p>&#8211; <strong>Fes alguna cosa que et faci sentir b\u00e9.<\/strong> Per qu\u00e8 no organitzar un sopar de nadal amb tots els teus companys de classe o resid\u00e8ncia? I perqu\u00e8 no tots junts? Us ho passareu d&#8217;all\u00f2 m\u00e9s b\u00e9!<\/p>\n<p>&#8211; T&#8217;agrada patinar sobre gel? A Barcelona hi ha diverses pistes, com la del centre comercial La Maquinista i la <a href=\"https:\/\/www.fcbarcelona.es\/club\/instalaciones\/ficha\/horaris-i-preus\" target=\"_blank\" rel=\"noopener\">pista de gel del FCB<\/a>, prop del Camp Nou.<\/p>\n<p>&#8211; I perqu\u00e8 no sortir del soroll de la ciutat? A Catalunya hi ha <a href=\"https:\/\/blog.cerdanyaecoresort.com\/ca\/ranking-dels-pobles-amb-mes-encant-de-catalunya\/\" target=\"_blank\" rel=\"noopener\">poblets amb molt d&#8217;encant<\/a>. Podeu anar a Vall de N\u00faria, Sort o Puigcerd\u00e0. Tots s\u00f3n pobles de muntanya preciosos per a aquestes \u00e8poques nadalenques.<\/p>\n<p>&#8211; Aprofita que tens m\u00e9s temps per <strong>visitar exposicions i museus<\/strong>. Teniu el <a href=\"http:\/\/www.cccb.org\/ca\" target=\"_blank\" rel=\"noopener\">Centre de Cultura Contempor\u00e0nia<\/a> de Barcelona i Caixa F\u00f2rum on podreu veure magnifiques exposicions.<\/p>\n<p>Des de <strong>la resid\u00e8ncia d&#8217;estudiants de Sabadell<\/strong> esperem que us siguin d&#8217;ajuda aquests plans i que gaudiu d&#8217;aquesta \u00e8poca.<\/p>\n","protected":false},"excerpt":{"rendered":"<p>La nost\u00e0lgia \u00e9s la resposta del nostre cervell als canvis. En aquestes dates nadalenques la nost\u00e0lgia ressorgeix, especialment quan estem lluny de casa, ja que trobem a faltar a la fam\u00edlia, amics i tots aquells costums que s&#8217;acostumen a fer en aquestes festes. Des de Resest, allotjament d&#8217;estudiants a Sabadell, volem ajudar-vos a superar-la amb&hellip;<\/p>\n","protected":false},"author":1,"featured_media":7430,"comment_status":"open","ping_status":"open","sticky":false,"template":"","format":"standard","meta":{"footnotes":""},"categories":[50,51,49],"tags":[],"class_list":["post-7429","post","type-post","status-publish","format-standard","has-post-thumbnail","hentry","category-vida-de-lestudiant","category-activitats-i-oci","category-vida-a-la-residencia","entry","has-media"],"yoast_head":"<!-- This site is optimized with the Yoast SEO plugin v26.4 - https:\/\/yoast.com\/wordpress\/plugins\/seo\/ -->\n<title>Viure el Nadal a la resid\u00e8ncia d&#039;estudiants | Resest<\/title>\n<meta name=\"description\" content=\"Viure el nadal a la resid\u00e8ncia d&#039;estudiants i a Barcelona potser la millor oportunitat per con\u00e8ixer la ciutat una mica m\u00e9s. Descobreix qu\u00e8 fer!\" \/>\n<meta name=\"robots\" content=\"index, follow, max-snippet:-1, max-image-preview:large, max-video-preview:-1\" \/>\n<link rel=\"canonical\" href=\"https:\/\/resest.com\/ca\/vida-a-la-residencia\/viure-nadal-residencia-estudiants\/\" \/>\n<meta property=\"og:locale\" content=\"ca_ES\" \/>\n<meta property=\"og:type\" content=\"article\" \/>\n<meta property=\"og:title\" content=\"Viure el Nadal a la resid\u00e8ncia d&#039;estudiants | Resest\" \/>\n<meta property=\"og:description\" content=\"Viure el nadal a la resid\u00e8ncia d&#039;estudiants i a Barcelona potser la millor oportunitat per con\u00e8ixer la ciutat una mica m\u00e9s. Descobreix qu\u00e8 fer!\" \/>\n<meta property=\"og:url\" content=\"https:\/\/resest.com\/ca\/vida-a-la-residencia\/viure-nadal-residencia-estudiants\/\" \/>\n<meta property=\"og:site_name\" content=\"Resid\u00e8ncia d&#039;Estudiants l&#039;Estaci\u00f3 de Sabadell | Resest\" \/>\n<meta property=\"article:published_time\" content=\"2018-11-26T10:36:22+00:00\" \/>\n<meta property=\"article:modified_time\" content=\"2018-12-19T10:11:57+00:00\" \/>\n<meta property=\"og:image\" content=\"https:\/\/resest.com\/wp-content\/uploads\/2018\/11\/women-drinking.jpg\" \/>\n\t<meta property=\"og:image:width\" content=\"1200\" \/>\n\t<meta property=\"og:image:height\" content=\"800\" \/>\n\t<meta property=\"og:image:type\" content=\"image\/jpeg\" \/>\n<meta name=\"author\" content=\"Resest\" \/>\n<meta name=\"twitter:label1\" content=\"Written by\" \/>\n\t<meta name=\"twitter:data1\" content=\"Resest\" \/>\n\t<meta name=\"twitter:label2\" content=\"Est. reading time\" \/>\n\t<meta name=\"twitter:data2\" content=\"2 minutes\" \/>\n<script type=\"application\/ld+json\" class=\"yoast-schema-graph\">{\"@context\":\"https:\/\/schema.org\",\"@graph\":[{\"@type\":\"Article\",\"@id\":\"https:\/\/resest.com\/ca\/vida-a-la-residencia\/viure-nadal-residencia-estudiants\/#article\",\"isPartOf\":{\"@id\":\"https:\/\/resest.com\/ca\/vida-a-la-residencia\/viure-nadal-residencia-estudiants\/\"},\"author\":{\"name\":\"Resest\",\"@id\":\"https:\/\/resest.com\/ca\/#\/schema\/person\/d9965768ae08730dafc3a7c835fcc47c\"},\"headline\":\"Com v\u00e8ncer la nost\u00e0lgia nadalenca?\",\"datePublished\":\"2018-11-26T10:36:22+00:00\",\"dateModified\":\"2018-12-19T10:11:57+00:00\",\"mainEntityOfPage\":{\"@id\":\"https:\/\/resest.com\/ca\/vida-a-la-residencia\/viure-nadal-residencia-estudiants\/\"},\"wordCount\":323,\"commentCount\":0,\"publisher\":{\"@id\":\"https:\/\/resest.com\/ca\/#organization\"},\"image\":{\"@id\":\"https:\/\/resest.com\/ca\/vida-a-la-residencia\/viure-nadal-residencia-estudiants\/#primaryimage\"},\"thumbnailUrl\":\"https:\/\/resest.com\/wp-content\/uploads\/2018\/11\/women-drinking.jpg\",\"articleSection\":[\"Consells per a estudiants universitaris\",\"Qu\u00e8 fer a Sabadell i Barcelona\",\"Vida a la Resid\u00e8ncia\"],\"inLanguage\":\"ca-ES\",\"potentialAction\":[{\"@type\":\"CommentAction\",\"name\":\"Comment\",\"target\":[\"https:\/\/resest.com\/ca\/vida-a-la-residencia\/viure-nadal-residencia-estudiants\/#respond\"]}]},{\"@type\":\"WebPage\",\"@id\":\"https:\/\/resest.com\/ca\/vida-a-la-residencia\/viure-nadal-residencia-estudiants\/\",\"url\":\"https:\/\/resest.com\/ca\/vida-a-la-residencia\/viure-nadal-residencia-estudiants\/\",\"name\":\"Viure el Nadal a la resid\u00e8ncia d'estudiants | Resest\",\"isPartOf\":{\"@id\":\"https:\/\/resest.com\/ca\/#website\"},\"primaryImageOfPage\":{\"@id\":\"https:\/\/resest.com\/ca\/vida-a-la-residencia\/viure-nadal-residencia-estudiants\/#primaryimage\"},\"image\":{\"@id\":\"https:\/\/resest.com\/ca\/vida-a-la-residencia\/viure-nadal-residencia-estudiants\/#primaryimage\"},\"thumbnailUrl\":\"https:\/\/resest.com\/wp-content\/uploads\/2018\/11\/women-drinking.jpg\",\"datePublished\":\"2018-11-26T10:36:22+00:00\",\"dateModified\":\"2018-12-19T10:11:57+00:00\",\"description\":\"Viure el nadal a la resid\u00e8ncia d'estudiants i a Barcelona potser la millor oportunitat per con\u00e8ixer la ciutat una mica m\u00e9s. Descobreix qu\u00e8 fer!\",\"breadcrumb\":{\"@id\":\"https:\/\/resest.com\/ca\/vida-a-la-residencia\/viure-nadal-residencia-estudiants\/#breadcrumb\"},\"inLanguage\":\"ca-ES\",\"potentialAction\":[{\"@type\":\"ReadAction\",\"target\":[\"https:\/\/resest.com\/ca\/vida-a-la-residencia\/viure-nadal-residencia-estudiants\/\"]}]},{\"@type\":\"ImageObject\",\"inLanguage\":\"ca-ES\",\"@id\":\"https:\/\/resest.com\/ca\/vida-a-la-residencia\/viure-nadal-residencia-estudiants\/#primaryimage\",\"url\":\"https:\/\/resest.com\/wp-content\/uploads\/2018\/11\/women-drinking.jpg\",\"contentUrl\":\"https:\/\/resest.com\/wp-content\/uploads\/2018\/11\/women-drinking.jpg\",\"width\":1200,\"height\":800,\"caption\":\"navidad en la residencia de estudiantes\"},{\"@type\":\"BreadcrumbList\",\"@id\":\"https:\/\/resest.com\/ca\/vida-a-la-residencia\/viure-nadal-residencia-estudiants\/#breadcrumb\",\"itemListElement\":[{\"@type\":\"ListItem\",\"position\":1,\"name\":\"Inici\",\"item\":\"https:\/\/resest.com\/ca\/\"},{\"@type\":\"ListItem\",\"position\":2,\"name\":\"Com v\u00e8ncer la nost\u00e0lgia nadalenca?\"}]},{\"@type\":\"WebSite\",\"@id\":\"https:\/\/resest.com\/ca\/#website\",\"url\":\"https:\/\/resest.com\/ca\/\",\"name\":\"Resid\u00e8ncia d&#039;Estudiants l&#039;Estaci\u00f3 de Sabadell | Resest\",\"description\":\"Prop de l\u2019Universitat Aut\u00f2noma de Barcelona (UAB)\",\"publisher\":{\"@id\":\"https:\/\/resest.com\/ca\/#organization\"},\"potentialAction\":[{\"@type\":\"SearchAction\",\"target\":{\"@type\":\"EntryPoint\",\"urlTemplate\":\"https:\/\/resest.com\/ca\/?s={search_term_string}\"},\"query-input\":{\"@type\":\"PropertyValueSpecification\",\"valueRequired\":true,\"valueName\":\"search_term_string\"}}],\"inLanguage\":\"ca-ES\"},{\"@type\":\"Organization\",\"@id\":\"https:\/\/resest.com\/ca\/#organization\",\"name\":\"Resid\u00e8ncia d&#039;Estudiants l&#039;Estaci\u00f3 de Sabadell | Resest\",\"url\":\"https:\/\/resest.com\/ca\/\",\"logo\":{\"@type\":\"ImageObject\",\"inLanguage\":\"ca-ES\",\"@id\":\"https:\/\/resest.com\/ca\/#\/schema\/logo\/image\/\",\"url\":\"https:\/\/resest.com\/wp-content\/uploads\/2024\/03\/Facana-1.jpg\",\"contentUrl\":\"https:\/\/resest.com\/wp-content\/uploads\/2024\/03\/Facana-1.jpg\",\"width\":1200,\"height\":1009,\"caption\":\"Resid\u00e8ncia d&#039;Estudiants l&#039;Estaci\u00f3 de Sabadell | Resest\"},\"image\":{\"@id\":\"https:\/\/resest.com\/ca\/#\/schema\/logo\/image\/\"}},{\"@type\":\"Person\",\"@id\":\"https:\/\/resest.com\/ca\/#\/schema\/person\/d9965768ae08730dafc3a7c835fcc47c\",\"name\":\"Resest\",\"image\":{\"@type\":\"ImageObject\",\"inLanguage\":\"ca-ES\",\"@id\":\"https:\/\/resest.com\/ca\/#\/schema\/person\/image\/\",\"url\":\"https:\/\/secure.gravatar.com\/avatar\/0c7509c85c836ff68bc43efa415976254ed1463e7bbc3edf38a658092e29e5b4?s=96&d=mm&r=g\",\"contentUrl\":\"https:\/\/secure.gravatar.com\/avatar\/0c7509c85c836ff68bc43efa415976254ed1463e7bbc3edf38a658092e29e5b4?s=96&d=mm&r=g\",\"caption\":\"Resest\"},\"url\":\"https:\/\/resest.com\/ca\/author\/jordi\/\"}]}<\/script>\n<!-- \/ Yoast SEO plugin. -->","yoast_head_json":{"title":"Viure el Nadal a la resid\u00e8ncia d'estudiants | Resest","description":"Viure el nadal a la resid\u00e8ncia d'estudiants i a Barcelona potser la millor oportunitat per con\u00e8ixer la ciutat una mica m\u00e9s. Descobreix qu\u00e8 fer!","robots":{"index":"index","follow":"follow","max-snippet":"max-snippet:-1","max-image-preview":"max-image-preview:large","max-video-preview":"max-video-preview:-1"},"canonical":"https:\/\/resest.com\/ca\/vida-a-la-residencia\/viure-nadal-residencia-estudiants\/","og_locale":"ca_ES","og_type":"article","og_title":"Viure el Nadal a la resid\u00e8ncia d'estudiants | Resest","og_description":"Viure el nadal a la resid\u00e8ncia d'estudiants i a Barcelona potser la millor oportunitat per con\u00e8ixer la ciutat una mica m\u00e9s. Descobreix qu\u00e8 fer!","og_url":"https:\/\/resest.com\/ca\/vida-a-la-residencia\/viure-nadal-residencia-estudiants\/","og_site_name":"Resid\u00e8ncia d&#039;Estudiants l&#039;Estaci\u00f3 de Sabadell | Resest","article_published_time":"2018-11-26T10:36:22+00:00","article_modified_time":"2018-12-19T10:11:57+00:00","og_image":[{"width":1200,"height":800,"url":"https:\/\/resest.com\/wp-content\/uploads\/2018\/11\/women-drinking.jpg","type":"image\/jpeg"}],"author":"Resest","twitter_misc":{"Written by":"Resest","Est. reading time":"2 minutes"},"schema":{"@context":"https:\/\/schema.org","@graph":[{"@type":"Article","@id":"https:\/\/resest.com\/ca\/vida-a-la-residencia\/viure-nadal-residencia-estudiants\/#article","isPartOf":{"@id":"https:\/\/resest.com\/ca\/vida-a-la-residencia\/viure-nadal-residencia-estudiants\/"},"author":{"name":"Resest","@id":"https:\/\/resest.com\/ca\/#\/schema\/person\/d9965768ae08730dafc3a7c835fcc47c"},"headline":"Com v\u00e8ncer la nost\u00e0lgia nadalenca?","datePublished":"2018-11-26T10:36:22+00:00","dateModified":"2018-12-19T10:11:57+00:00","mainEntityOfPage":{"@id":"https:\/\/resest.com\/ca\/vida-a-la-residencia\/viure-nadal-residencia-estudiants\/"},"wordCount":323,"commentCount":0,"publisher":{"@id":"https:\/\/resest.com\/ca\/#organization"},"image":{"@id":"https:\/\/resest.com\/ca\/vida-a-la-residencia\/viure-nadal-residencia-estudiants\/#primaryimage"},"thumbnailUrl":"https:\/\/resest.com\/wp-content\/uploads\/2018\/11\/women-drinking.jpg","articleSection":["Consells per a estudiants universitaris","Qu\u00e8 fer a Sabadell i Barcelona","Vida a la Resid\u00e8ncia"],"inLanguage":"ca-ES","potentialAction":[{"@type":"CommentAction","name":"Comment","target":["https:\/\/resest.com\/ca\/vida-a-la-residencia\/viure-nadal-residencia-estudiants\/#respond"]}]},{"@type":"WebPage","@id":"https:\/\/resest.com\/ca\/vida-a-la-residencia\/viure-nadal-residencia-estudiants\/","url":"https:\/\/resest.com\/ca\/vida-a-la-residencia\/viure-nadal-residencia-estudiants\/","name":"Viure el Nadal a la resid\u00e8ncia d'estudiants | Resest","isPartOf":{"@id":"https:\/\/resest.com\/ca\/#website"},"primaryImageOfPage":{"@id":"https:\/\/resest.com\/ca\/vida-a-la-residencia\/viure-nadal-residencia-estudiants\/#primaryimage"},"image":{"@id":"https:\/\/resest.com\/ca\/vida-a-la-residencia\/viure-nadal-residencia-estudiants\/#primaryimage"},"thumbnailUrl":"https:\/\/resest.com\/wp-content\/uploads\/2018\/11\/women-drinking.jpg","datePublished":"2018-11-26T10:36:22+00:00","dateModified":"2018-12-19T10:11:57+00:00","description":"Viure el nadal a la resid\u00e8ncia d'estudiants i a Barcelona potser la millor oportunitat per con\u00e8ixer la ciutat una mica m\u00e9s. Descobreix qu\u00e8 fer!","breadcrumb":{"@id":"https:\/\/resest.com\/ca\/vida-a-la-residencia\/viure-nadal-residencia-estudiants\/#breadcrumb"},"inLanguage":"ca-ES","potentialAction":[{"@type":"ReadAction","target":["https:\/\/resest.com\/ca\/vida-a-la-residencia\/viure-nadal-residencia-estudiants\/"]}]},{"@type":"ImageObject","inLanguage":"ca-ES","@id":"https:\/\/resest.com\/ca\/vida-a-la-residencia\/viure-nadal-residencia-estudiants\/#primaryimage","url":"https:\/\/resest.com\/wp-content\/uploads\/2018\/11\/women-drinking.jpg","contentUrl":"https:\/\/resest.com\/wp-content\/uploads\/2018\/11\/women-drinking.jpg","width":1200,"height":800,"caption":"navidad en la residencia de estudiantes"},{"@type":"BreadcrumbList","@id":"https:\/\/resest.com\/ca\/vida-a-la-residencia\/viure-nadal-residencia-estudiants\/#breadcrumb","itemListElement":[{"@type":"ListItem","position":1,"name":"Inici","item":"https:\/\/resest.com\/ca\/"},{"@type":"ListItem","position":2,"name":"Com v\u00e8ncer la nost\u00e0lgia nadalenca?"}]},{"@type":"WebSite","@id":"https:\/\/resest.com\/ca\/#website","url":"https:\/\/resest.com\/ca\/","name":"Resid\u00e8ncia d&#039;Estudiants l&#039;Estaci\u00f3 de Sabadell | Resest","description":"Prop de l\u2019Universitat Aut\u00f2noma de Barcelona (UAB)","publisher":{"@id":"https:\/\/resest.com\/ca\/#organization"},"potentialAction":[{"@type":"SearchAction","target":{"@type":"EntryPoint","urlTemplate":"https:\/\/resest.com\/ca\/?s={search_term_string}"},"query-input":{"@type":"PropertyValueSpecification","valueRequired":true,"valueName":"search_term_string"}}],"inLanguage":"ca-ES"},{"@type":"Organization","@id":"https:\/\/resest.com\/ca\/#organization","name":"Resid\u00e8ncia d&#039;Estudiants l&#039;Estaci\u00f3 de Sabadell | Resest","url":"https:\/\/resest.com\/ca\/","logo":{"@type":"ImageObject","inLanguage":"ca-ES","@id":"https:\/\/resest.com\/ca\/#\/schema\/logo\/image\/","url":"https:\/\/resest.com\/wp-content\/uploads\/2024\/03\/Facana-1.jpg","contentUrl":"https:\/\/resest.com\/wp-content\/uploads\/2024\/03\/Facana-1.jpg","width":1200,"height":1009,"caption":"Resid\u00e8ncia d&#039;Estudiants l&#039;Estaci\u00f3 de Sabadell | Resest"},"image":{"@id":"https:\/\/resest.com\/ca\/#\/schema\/logo\/image\/"}},{"@type":"Person","@id":"https:\/\/resest.com\/ca\/#\/schema\/person\/d9965768ae08730dafc3a7c835fcc47c","name":"Resest","image":{"@type":"ImageObject","inLanguage":"ca-ES","@id":"https:\/\/resest.com\/ca\/#\/schema\/person\/image\/","url":"https:\/\/secure.gravatar.com\/avatar\/0c7509c85c836ff68bc43efa415976254ed1463e7bbc3edf38a658092e29e5b4?s=96&d=mm&r=g","contentUrl":"https:\/\/secure.gravatar.com\/avatar\/0c7509c85c836ff68bc43efa415976254ed1463e7bbc3edf38a658092e29e5b4?s=96&d=mm&r=g","caption":"Resest"},"url":"https:\/\/resest.com\/ca\/author\/jordi\/"}]}},"_links":{"self":[{"href":"https:\/\/resest.com\/ca\/wp-json\/wp\/v2\/posts\/7429","targetHints":{"allow":["GET"]}}],"collection":[{"href":"https:\/\/resest.com\/ca\/wp-json\/wp\/v2\/posts"}],"about":[{"href":"https:\/\/resest.com\/ca\/wp-json\/wp\/v2\/types\/post"}],"author":[{"embeddable":true,"href":"https:\/\/resest.com\/ca\/wp-json\/wp\/v2\/users\/1"}],"replies":[{"embeddable":true,"href":"https:\/\/resest.com\/ca\/wp-json\/wp\/v2\/comments?post=7429"}],"version-history":[{"count":0,"href":"https:\/\/resest.com\/ca\/wp-json\/wp\/v2\/posts\/7429\/revisions"}],"wp:featuredmedia":[{"embeddable":true,"href":"https:\/\/resest.com\/ca\/wp-json\/wp\/v2\/media\/7430"}],"wp:attachment":[{"href":"https:\/\/resest.com\/ca\/wp-json\/wp\/v2\/media?parent=7429"}],"wp:term":[{"taxonomy":"category","embeddable":true,"href":"https:\/\/resest.com\/ca\/wp-json\/wp\/v2\/categories?post=7429"},{"taxonomy":"post_tag","embeddable":true,"href":"https:\/\/resest.com\/ca\/wp-json\/wp\/v2\/tags?post=7429"}],"curies":[{"name":"wp","href":"https:\/\/api.w.org\/{rel}","templated":true}]}}