{"id":5109,"date":"2017-02-23T10:50:47","date_gmt":"2017-02-23T09:50:47","guid":{"rendered":"http:\/\/resest.com\/?p=5109\/"},"modified":"2018-01-16T11:55:00","modified_gmt":"2018-01-16T10:55:00","slug":"concurs-carnestoltes-resest","status":"publish","type":"post","link":"https:\/\/resest.com\/ca\/blog\/concurs-carnestoltes-resest\/","title":{"rendered":"Concurs de Carnestoltes a Resest"},"content":{"rendered":"<p style=\"text-align: center;\">Aquest any a la <strong>Resid\u00e8ncia d&#8217;Estudiants l&#8217;Estaci\u00f3 de Sabadell<\/strong> hem organitzat un <strong>concurs de disfresses de <\/strong><a href=\"https:\/\/resest.com\/blog\/carnaval-2014-sabadell-por-residencia-de-estudiantes\/\" target=\"_blank\" rel=\"noopener\"><strong>Carnestoltes<\/strong>,<\/a> en el que tots els residents hi esteu convidats a participar. Per a fer-ho, nom\u00e9s heu de publicar una foto vostra disfressats al <a href=\"https:\/\/www.facebook.com\/ResidenciaResest\/?fref=ts\">facebook<\/a>, etiquetant la <a href=\"https:\/\/resest.com\" target=\"_blank\" rel=\"noopener\">Resid\u00e8ncia d&#8217;Estudiants<\/a> en el post, i resar perqu\u00e8 aconsegueixi m\u00e9s likes que cap altra, perqu\u00e8 la foto que obtingui m\u00e9s likes guanyar\u00e0 <strong>un val per a\u00a0<a class=\"profileLink\" href=\"https:\/\/www.facebook.com\/Tolok-Roomescape-975086155890851\/\" target=\"_blank\" rel=\"noopener\" data-hovercard=\"\/ajax\/hovercard\/page.php?id=975086155890851\" data-hovercard-prefer-more-content-show=\"1\">Tolok Roomescape<\/a><\/strong> a Barcelona! (v\u00e0lid per 2-5 persones!!). A <a href=\"http:\/\/www.tolokroomescape.com\/\" target=\"_blank\" rel=\"noopener\">Tolok Roomescape<\/a> &#8220;us endinsareu directament en un temple Maia com si d&#8217;Indiana Jones en busca del tresor es tract\u00e9s&#8221;. Un dels room escape m\u00e9s recomanats de Barcelona pels usuaris, en podeu llegir algunes valoracions <a href=\"https:\/\/www.tripadvisor.es\/Attraction_Review-g187497-d9601225-Reviews-Tolok_Roomscape-Barcelona_Catalonia.html\" target=\"_blank\" rel=\"noopener\">aqu\u00ed<\/a>.<\/p>\n<p style=\"text-align: center;\"><a href=\"https:\/\/resest.com\/wp-content\/uploads\/2017\/02\/TOLOK-BONO.jpg\"><img loading=\"lazy\" decoding=\"async\" class=\"alignleft wp-image-5110\" src=\"https:\/\/resest.com\/wp-content\/uploads\/2017\/02\/TOLOK-BONO.jpg\" alt=\"carnestoltes\" width=\"324\" height=\"189\" srcset=\"https:\/\/resest.com\/wp-content\/uploads\/2017\/02\/TOLOK-BONO.jpg 399w, https:\/\/resest.com\/wp-content\/uploads\/2017\/02\/TOLOK-BONO-300x175.jpg 300w\" sizes=\"auto, (max-width: 324px) 100vw, 324px\" \/><\/a><\/p>\n<p style=\"text-align: center;\">Tindreu temps per penjar les fotos fins al 6 de mar\u00e7, que ser\u00e0 el dia del tancament i adjudicaci\u00f3 del premi!<\/p>\n<p style=\"text-align: center;\"><a href=\"https:\/\/resest.com\/wp-content\/uploads\/2017\/02\/prova.png\"><img loading=\"lazy\" decoding=\"async\" class=\"aligncenter wp-image-5118\" src=\"https:\/\/resest.com\/wp-content\/uploads\/2017\/02\/prova.png\" alt=\"carnestoltes\" width=\"465\" height=\"345\" srcset=\"https:\/\/resest.com\/wp-content\/uploads\/2017\/02\/prova.png 447w, https:\/\/resest.com\/wp-content\/uploads\/2017\/02\/prova-300x223.png 300w\" sizes=\"auto, (max-width: 465px) 100vw, 465px\" \/><\/a><\/p>\n<p style=\"text-align: center;\">Esperem la vostra participaci\u00f3!!<\/p>\n","protected":false},"excerpt":{"rendered":"<p>Aquest any a la Resid\u00e8ncia d&#8217;Estudiants l&#8217;Estaci\u00f3 de Sabadell hem organitzat un concurs de disfresses de Carnestoltes, en el que tots els residents hi esteu convidats a participar. Per a fer-ho, nom\u00e9s heu de publicar una foto vostra disfressats al facebook, etiquetant la Resid\u00e8ncia d&#8217;Estudiants en el post, i resar perqu\u00e8 aconsegueixi m\u00e9s likes que&hellip;<\/p>\n","protected":false},"author":3,"featured_media":0,"comment_status":"open","ping_status":"open","sticky":false,"template":"","format":"standard","meta":{"footnotes":""},"categories":[6,52,49],"tags":[],"class_list":["post-5109","post","type-post","status-publish","format-standard","hentry","category-blog","category-on-estudiar-master","category-vida-a-la-residencia","entry","no-media"],"yoast_head":"<!-- This site is optimized with the Yoast SEO plugin v26.4 - https:\/\/yoast.com\/wordpress\/plugins\/seo\/ -->\n<title>Concurs de Carnestoltes a la resid\u00e8ncia d&#039;estudiants Sabadell | Resest<\/title>\n<meta name=\"description\" content=\"La Resid\u00e8ncia d&#039;Estudiants l&#039;Estaci\u00f3 de Sabadell hem organitzat un concurs de disfresses de Carnestoltes per fomentar els valors de conviv\u00e8ncia.\" \/>\n<meta name=\"robots\" content=\"index, follow, max-snippet:-1, max-image-preview:large, max-video-preview:-1\" \/>\n<link rel=\"canonical\" href=\"https:\/\/resest.com\/ca\/blog\/concurs-carnestoltes-resest\/\" \/>\n<meta property=\"og:locale\" content=\"ca_ES\" \/>\n<meta property=\"og:type\" content=\"article\" \/>\n<meta property=\"og:title\" content=\"Concurs de Carnestoltes a la resid\u00e8ncia d&#039;estudiants Sabadell | Resest\" \/>\n<meta property=\"og:description\" content=\"La Resid\u00e8ncia d&#039;Estudiants l&#039;Estaci\u00f3 de Sabadell hem organitzat un concurs de disfresses de Carnestoltes per fomentar els valors de conviv\u00e8ncia.\" \/>\n<meta property=\"og:url\" content=\"https:\/\/resest.com\/ca\/blog\/concurs-carnestoltes-resest\/\" \/>\n<meta property=\"og:site_name\" content=\"Resid\u00e8ncia d&#039;Estudiants l&#039;Estaci\u00f3 de Sabadell | Resest\" \/>\n<meta property=\"article:published_time\" content=\"2017-02-23T09:50:47+00:00\" \/>\n<meta property=\"article:modified_time\" content=\"2018-01-16T10:55:00+00:00\" \/>\n<meta property=\"og:image\" content=\"https:\/\/resest.com\/wp-content\/uploads\/2017\/02\/TOLOK-BONO.jpg\" \/>\n<meta name=\"author\" content=\"Resest\" \/>\n<meta name=\"twitter:label1\" content=\"Written by\" \/>\n\t<meta name=\"twitter:data1\" content=\"Resest\" \/>\n\t<meta name=\"twitter:label2\" content=\"Est. reading time\" \/>\n\t<meta name=\"twitter:data2\" content=\"1 minute\" \/>\n<script type=\"application\/ld+json\" class=\"yoast-schema-graph\">{\"@context\":\"https:\/\/schema.org\",\"@graph\":[{\"@type\":\"Article\",\"@id\":\"https:\/\/resest.com\/ca\/blog\/concurs-carnestoltes-resest\/#article\",\"isPartOf\":{\"@id\":\"https:\/\/resest.com\/ca\/blog\/concurs-carnestoltes-resest\/\"},\"author\":{\"name\":\"Resest\",\"@id\":\"https:\/\/resest.com\/ca\/#\/schema\/person\/f66d2b5dae2cd0a989ab720dd211d2a9\"},\"headline\":\"Concurs de Carnestoltes a Resest\",\"datePublished\":\"2017-02-23T09:50:47+00:00\",\"dateModified\":\"2018-01-16T10:55:00+00:00\",\"mainEntityOfPage\":{\"@id\":\"https:\/\/resest.com\/ca\/blog\/concurs-carnestoltes-resest\/\"},\"wordCount\":154,\"commentCount\":0,\"publisher\":{\"@id\":\"https:\/\/resest.com\/ca\/#organization\"},\"image\":{\"@id\":\"https:\/\/resest.com\/ca\/blog\/concurs-carnestoltes-resest\/#primaryimage\"},\"thumbnailUrl\":\"https:\/\/resest.com\/wp-content\/uploads\/2017\/02\/TOLOK-BONO.jpg\",\"articleSection\":[\"Blog\",\"Per qu\u00e8 Resest?\",\"Vida a la Resid\u00e8ncia\"],\"inLanguage\":\"ca-ES\",\"potentialAction\":[{\"@type\":\"CommentAction\",\"name\":\"Comment\",\"target\":[\"https:\/\/resest.com\/ca\/blog\/concurs-carnestoltes-resest\/#respond\"]}]},{\"@type\":\"WebPage\",\"@id\":\"https:\/\/resest.com\/ca\/blog\/concurs-carnestoltes-resest\/\",\"url\":\"https:\/\/resest.com\/ca\/blog\/concurs-carnestoltes-resest\/\",\"name\":\"Concurs de Carnestoltes a la resid\u00e8ncia d'estudiants Sabadell | Resest\",\"isPartOf\":{\"@id\":\"https:\/\/resest.com\/ca\/#website\"},\"primaryImageOfPage\":{\"@id\":\"https:\/\/resest.com\/ca\/blog\/concurs-carnestoltes-resest\/#primaryimage\"},\"image\":{\"@id\":\"https:\/\/resest.com\/ca\/blog\/concurs-carnestoltes-resest\/#primaryimage\"},\"thumbnailUrl\":\"https:\/\/resest.com\/wp-content\/uploads\/2017\/02\/TOLOK-BONO.jpg\",\"datePublished\":\"2017-02-23T09:50:47+00:00\",\"dateModified\":\"2018-01-16T10:55:00+00:00\",\"description\":\"La Resid\u00e8ncia d'Estudiants l'Estaci\u00f3 de Sabadell hem organitzat un concurs de disfresses de Carnestoltes per fomentar els valors de conviv\u00e8ncia.\",\"breadcrumb\":{\"@id\":\"https:\/\/resest.com\/ca\/blog\/concurs-carnestoltes-resest\/#breadcrumb\"},\"inLanguage\":\"ca-ES\",\"potentialAction\":[{\"@type\":\"ReadAction\",\"target\":[\"https:\/\/resest.com\/ca\/blog\/concurs-carnestoltes-resest\/\"]}]},{\"@type\":\"ImageObject\",\"inLanguage\":\"ca-ES\",\"@id\":\"https:\/\/resest.com\/ca\/blog\/concurs-carnestoltes-resest\/#primaryimage\",\"url\":\"https:\/\/resest.com\/wp-content\/uploads\/2017\/02\/TOLOK-BONO.jpg\",\"contentUrl\":\"https:\/\/resest.com\/wp-content\/uploads\/2017\/02\/TOLOK-BONO.jpg\"},{\"@type\":\"BreadcrumbList\",\"@id\":\"https:\/\/resest.com\/ca\/blog\/concurs-carnestoltes-resest\/#breadcrumb\",\"itemListElement\":[{\"@type\":\"ListItem\",\"position\":1,\"name\":\"Inici\",\"item\":\"https:\/\/resest.com\/ca\/\"},{\"@type\":\"ListItem\",\"position\":2,\"name\":\"Concurs de Carnestoltes a Resest\"}]},{\"@type\":\"WebSite\",\"@id\":\"https:\/\/resest.com\/ca\/#website\",\"url\":\"https:\/\/resest.com\/ca\/\",\"name\":\"Resid\u00e8ncia d&#039;Estudiants l&#039;Estaci\u00f3 de Sabadell | Resest\",\"description\":\"Prop de l\u2019Universitat Aut\u00f2noma de Barcelona (UAB)\",\"publisher\":{\"@id\":\"https:\/\/resest.com\/ca\/#organization\"},\"potentialAction\":[{\"@type\":\"SearchAction\",\"target\":{\"@type\":\"EntryPoint\",\"urlTemplate\":\"https:\/\/resest.com\/ca\/?s={search_term_string}\"},\"query-input\":{\"@type\":\"PropertyValueSpecification\",\"valueRequired\":true,\"valueName\":\"search_term_string\"}}],\"inLanguage\":\"ca-ES\"},{\"@type\":\"Organization\",\"@id\":\"https:\/\/resest.com\/ca\/#organization\",\"name\":\"Resid\u00e8ncia d&#039;Estudiants l&#039;Estaci\u00f3 de Sabadell | Resest\",\"url\":\"https:\/\/resest.com\/ca\/\",\"logo\":{\"@type\":\"ImageObject\",\"inLanguage\":\"ca-ES\",\"@id\":\"https:\/\/resest.com\/ca\/#\/schema\/logo\/image\/\",\"url\":\"https:\/\/resest.com\/wp-content\/uploads\/2024\/03\/Facana-1.jpg\",\"contentUrl\":\"https:\/\/resest.com\/wp-content\/uploads\/2024\/03\/Facana-1.jpg\",\"width\":1200,\"height\":1009,\"caption\":\"Resid\u00e8ncia d&#039;Estudiants l&#039;Estaci\u00f3 de Sabadell | Resest\"},\"image\":{\"@id\":\"https:\/\/resest.com\/ca\/#\/schema\/logo\/image\/\"}},{\"@type\":\"Person\",\"@id\":\"https:\/\/resest.com\/ca\/#\/schema\/person\/f66d2b5dae2cd0a989ab720dd211d2a9\",\"name\":\"Resest\",\"image\":{\"@type\":\"ImageObject\",\"inLanguage\":\"ca-ES\",\"@id\":\"https:\/\/resest.com\/ca\/#\/schema\/person\/image\/\",\"url\":\"https:\/\/secure.gravatar.com\/avatar\/a5d542eca874617a8a62a45c724821a615f770cf5bde5e61a93a7a2562faba7a?s=96&d=mm&r=g\",\"contentUrl\":\"https:\/\/secure.gravatar.com\/avatar\/a5d542eca874617a8a62a45c724821a615f770cf5bde5e61a93a7a2562faba7a?s=96&d=mm&r=g\",\"caption\":\"Resest\"},\"url\":\"https:\/\/resest.com\/ca\/author\/resest\/\"}]}<\/script>\n<!-- \/ Yoast SEO plugin. -->","yoast_head_json":{"title":"Concurs de Carnestoltes a la resid\u00e8ncia d'estudiants Sabadell | Resest","description":"La Resid\u00e8ncia d'Estudiants l'Estaci\u00f3 de Sabadell hem organitzat un concurs de disfresses de Carnestoltes per fomentar els valors de conviv\u00e8ncia.","robots":{"index":"index","follow":"follow","max-snippet":"max-snippet:-1","max-image-preview":"max-image-preview:large","max-video-preview":"max-video-preview:-1"},"canonical":"https:\/\/resest.com\/ca\/blog\/concurs-carnestoltes-resest\/","og_locale":"ca_ES","og_type":"article","og_title":"Concurs de Carnestoltes a la resid\u00e8ncia d'estudiants Sabadell | Resest","og_description":"La Resid\u00e8ncia d'Estudiants l'Estaci\u00f3 de Sabadell hem organitzat un concurs de disfresses de Carnestoltes per fomentar els valors de conviv\u00e8ncia.","og_url":"https:\/\/resest.com\/ca\/blog\/concurs-carnestoltes-resest\/","og_site_name":"Resid\u00e8ncia d&#039;Estudiants l&#039;Estaci\u00f3 de Sabadell | Resest","article_published_time":"2017-02-23T09:50:47+00:00","article_modified_time":"2018-01-16T10:55:00+00:00","og_image":[{"url":"https:\/\/resest.com\/wp-content\/uploads\/2017\/02\/TOLOK-BONO.jpg","type":"","width":"","height":""}],"author":"Resest","twitter_misc":{"Written by":"Resest","Est. reading time":"1 minute"},"schema":{"@context":"https:\/\/schema.org","@graph":[{"@type":"Article","@id":"https:\/\/resest.com\/ca\/blog\/concurs-carnestoltes-resest\/#article","isPartOf":{"@id":"https:\/\/resest.com\/ca\/blog\/concurs-carnestoltes-resest\/"},"author":{"name":"Resest","@id":"https:\/\/resest.com\/ca\/#\/schema\/person\/f66d2b5dae2cd0a989ab720dd211d2a9"},"headline":"Concurs de Carnestoltes a Resest","datePublished":"2017-02-23T09:50:47+00:00","dateModified":"2018-01-16T10:55:00+00:00","mainEntityOfPage":{"@id":"https:\/\/resest.com\/ca\/blog\/concurs-carnestoltes-resest\/"},"wordCount":154,"commentCount":0,"publisher":{"@id":"https:\/\/resest.com\/ca\/#organization"},"image":{"@id":"https:\/\/resest.com\/ca\/blog\/concurs-carnestoltes-resest\/#primaryimage"},"thumbnailUrl":"https:\/\/resest.com\/wp-content\/uploads\/2017\/02\/TOLOK-BONO.jpg","articleSection":["Blog","Per qu\u00e8 Resest?","Vida a la Resid\u00e8ncia"],"inLanguage":"ca-ES","potentialAction":[{"@type":"CommentAction","name":"Comment","target":["https:\/\/resest.com\/ca\/blog\/concurs-carnestoltes-resest\/#respond"]}]},{"@type":"WebPage","@id":"https:\/\/resest.com\/ca\/blog\/concurs-carnestoltes-resest\/","url":"https:\/\/resest.com\/ca\/blog\/concurs-carnestoltes-resest\/","name":"Concurs de Carnestoltes a la resid\u00e8ncia d'estudiants Sabadell | Resest","isPartOf":{"@id":"https:\/\/resest.com\/ca\/#website"},"primaryImageOfPage":{"@id":"https:\/\/resest.com\/ca\/blog\/concurs-carnestoltes-resest\/#primaryimage"},"image":{"@id":"https:\/\/resest.com\/ca\/blog\/concurs-carnestoltes-resest\/#primaryimage"},"thumbnailUrl":"https:\/\/resest.com\/wp-content\/uploads\/2017\/02\/TOLOK-BONO.jpg","datePublished":"2017-02-23T09:50:47+00:00","dateModified":"2018-01-16T10:55:00+00:00","description":"La Resid\u00e8ncia d'Estudiants l'Estaci\u00f3 de Sabadell hem organitzat un concurs de disfresses de Carnestoltes per fomentar els valors de conviv\u00e8ncia.","breadcrumb":{"@id":"https:\/\/resest.com\/ca\/blog\/concurs-carnestoltes-resest\/#breadcrumb"},"inLanguage":"ca-ES","potentialAction":[{"@type":"ReadAction","target":["https:\/\/resest.com\/ca\/blog\/concurs-carnestoltes-resest\/"]}]},{"@type":"ImageObject","inLanguage":"ca-ES","@id":"https:\/\/resest.com\/ca\/blog\/concurs-carnestoltes-resest\/#primaryimage","url":"https:\/\/resest.com\/wp-content\/uploads\/2017\/02\/TOLOK-BONO.jpg","contentUrl":"https:\/\/resest.com\/wp-content\/uploads\/2017\/02\/TOLOK-BONO.jpg"},{"@type":"BreadcrumbList","@id":"https:\/\/resest.com\/ca\/blog\/concurs-carnestoltes-resest\/#breadcrumb","itemListElement":[{"@type":"ListItem","position":1,"name":"Inici","item":"https:\/\/resest.com\/ca\/"},{"@type":"ListItem","position":2,"name":"Concurs de Carnestoltes a Resest"}]},{"@type":"WebSite","@id":"https:\/\/resest.com\/ca\/#website","url":"https:\/\/resest.com\/ca\/","name":"Resid\u00e8ncia d&#039;Estudiants l&#039;Estaci\u00f3 de Sabadell | Resest","description":"Prop de l\u2019Universitat Aut\u00f2noma de Barcelona (UAB)","publisher":{"@id":"https:\/\/resest.com\/ca\/#organization"},"potentialAction":[{"@type":"SearchAction","target":{"@type":"EntryPoint","urlTemplate":"https:\/\/resest.com\/ca\/?s={search_term_string}"},"query-input":{"@type":"PropertyValueSpecification","valueRequired":true,"valueName":"search_term_string"}}],"inLanguage":"ca-ES"},{"@type":"Organization","@id":"https:\/\/resest.com\/ca\/#organization","name":"Resid\u00e8ncia d&#039;Estudiants l&#039;Estaci\u00f3 de Sabadell | Resest","url":"https:\/\/resest.com\/ca\/","logo":{"@type":"ImageObject","inLanguage":"ca-ES","@id":"https:\/\/resest.com\/ca\/#\/schema\/logo\/image\/","url":"https:\/\/resest.com\/wp-content\/uploads\/2024\/03\/Facana-1.jpg","contentUrl":"https:\/\/resest.com\/wp-content\/uploads\/2024\/03\/Facana-1.jpg","width":1200,"height":1009,"caption":"Resid\u00e8ncia d&#039;Estudiants l&#039;Estaci\u00f3 de Sabadell | Resest"},"image":{"@id":"https:\/\/resest.com\/ca\/#\/schema\/logo\/image\/"}},{"@type":"Person","@id":"https:\/\/resest.com\/ca\/#\/schema\/person\/f66d2b5dae2cd0a989ab720dd211d2a9","name":"Resest","image":{"@type":"ImageObject","inLanguage":"ca-ES","@id":"https:\/\/resest.com\/ca\/#\/schema\/person\/image\/","url":"https:\/\/secure.gravatar.com\/avatar\/a5d542eca874617a8a62a45c724821a615f770cf5bde5e61a93a7a2562faba7a?s=96&d=mm&r=g","contentUrl":"https:\/\/secure.gravatar.com\/avatar\/a5d542eca874617a8a62a45c724821a615f770cf5bde5e61a93a7a2562faba7a?s=96&d=mm&r=g","caption":"Resest"},"url":"https:\/\/resest.com\/ca\/author\/resest\/"}]}},"_links":{"self":[{"href":"https:\/\/resest.com\/ca\/wp-json\/wp\/v2\/posts\/5109","targetHints":{"allow":["GET"]}}],"collection":[{"href":"https:\/\/resest.com\/ca\/wp-json\/wp\/v2\/posts"}],"about":[{"href":"https:\/\/resest.com\/ca\/wp-json\/wp\/v2\/types\/post"}],"author":[{"embeddable":true,"href":"https:\/\/resest.com\/ca\/wp-json\/wp\/v2\/users\/3"}],"replies":[{"embeddable":true,"href":"https:\/\/resest.com\/ca\/wp-json\/wp\/v2\/comments?post=5109"}],"version-history":[{"count":0,"href":"https:\/\/resest.com\/ca\/wp-json\/wp\/v2\/posts\/5109\/revisions"}],"wp:attachment":[{"href":"https:\/\/resest.com\/ca\/wp-json\/wp\/v2\/media?parent=5109"}],"wp:term":[{"taxonomy":"category","embeddable":true,"href":"https:\/\/resest.com\/ca\/wp-json\/wp\/v2\/categories?post=5109"},{"taxonomy":"post_tag","embeddable":true,"href":"https:\/\/resest.com\/ca\/wp-json\/wp\/v2\/tags?post=5109"}],"curies":[{"name":"wp","href":"https:\/\/api.w.org\/{rel}","templated":true}]}}