{"id":4588,"date":"2016-06-29T12:03:42","date_gmt":"2016-06-29T11:03:42","guid":{"rendered":"http:\/\/resest.com\/?p=4588"},"modified":"2016-06-29T12:19:18","modified_gmt":"2016-06-29T11:19:18","slug":"imprescindibles-residencia-destudiants","status":"publish","type":"post","link":"https:\/\/resest.com\/ca\/blog\/imprescindibles-residencia-destudiants\/","title":{"rendered":"Els 4 imprescindibles per portar a la resid\u00e8ncia d&#8217;estudiants"},"content":{"rendered":"<p style=\"text-align: justify;\">Ja ha arribat el gran moment: te\u2019n vas a estudiar i ho vas a fer lluny de casa. Et toca preparar la maleta, decidir que et deixes i que et portes i en el post d&#8217;avui et volem donar 4 idees del que probablement ser\u00e0 essencial per si v\u00e9ns a la <strong><a href=\"https:\/\/resest.com\/\" target=\"_blank\">Resid\u00e8ncia d\u2019Estudiants L\u2019Estaci\u00f3 de Sabadell<\/a><\/strong>.<\/p>\n<p style=\"text-align: justify;\">En primer lloc, has de tenir en compte <strong>el clima del lloc<\/strong> on residir\u00e0s. En el cas de Sabadell hem de pensar que, encara que \u00e9s una ciutat interior, est\u00e0s a pocs quil\u00f2metres del mar i de Barcelona pel que estem davant un <strong>clima moderat sense temperatures extremes<\/strong>. El recomanable \u00e9s que agafis solament la roba que utilitzar\u00e0s els primers mesos i et recolzis en la fam\u00edlia o amics que et vinguin a visitar per anar fent el \u201cCanvi d&#8217;Armari\u201d a mesura que s&#8217;apropa l&#8217;hivern o l&#8217;estiu. A partir de novembre el term\u00f2metre comen\u00e7ar\u00e0 a baixar per tornar a recuperar-se finals de mar\u00e7.<\/p>\n<p style=\"text-align: justify;\">Normalment tendim a portar tot all\u00f2 que necessitem per a la <strong>nostra cura personal<\/strong>, per\u00f2 no \u00e9s necessari que portis el necesser carregat. En ser una estada de llarg temps, el m\u00e9s recomanable \u00e9s que compris aqu\u00ed all\u00f2 que necessitis tret que sigui alguna cosa molt exclusiva i dif\u00edcil de trobar.<\/p>\n<p style=\"text-align: justify;\">Un altre dubte que ens acostuma a assaltar \u00e9s si hem de <strong>portar tovalloles o llen\u00e7ols <\/strong>o no. En la <a href=\"https:\/\/resest.com\/serveis-residencia-estudiantil-barcelona-bellaterra\/\" target=\"_blank\">nostra resid\u00e8ncia d&#8217;estudiants<\/a> tenim la possibilitat d&#8217;oferir llen\u00e7ols i tovalloles com a servei opcional aix\u00ed que en aquest cas tu decideixes i probablement ho has de fer en funci\u00f3 del carregat\/ada que vagis.<\/p>\n<p style=\"text-align: justify;\">Finalment, un dels imprescindibles si vas a una resid\u00e8ncia d&#8217;estudiants \u00e9s el <strong>material d&#8217;estudi<\/strong>. Sabem que has vingut a viure una de les experi\u00e8ncies m\u00e9s importants de la teva vida i sovint et ser\u00e0 dif\u00edcil posar-te a estudiar, per\u00f2 en la nostra resid\u00e8ncia de Sabadell tenim tot all\u00f2 que necessites perqu\u00e8 et puguis <a href=\"https:\/\/resest.com\/blog\/la-residencia-estrena-nova-zona-destudi\/\" target=\"_blank\">concentrar i treure el m\u00e0xim profit del teu temps<\/a>. Per aix\u00f2 no t&#8217;oblidis portar tot all\u00f2 que sempre <strong>t&#8217;ha ajudat a estudiar<\/strong> i arribar fins aqu\u00ed: llibretes, llapis, papers, ordinador o amulets varis per als ex\u00e0mens.<\/p>\n<p style=\"text-align: justify;\">Tenim ganes de qu\u00e8 arribis i que gaudeixis de la teva estada, no tenim cap dubte que a la <a href=\"https:\/\/resest.com\/contactar-allotjament-estudiantil-bellaterra-barcelona\/\" target=\"_blank\">Resid\u00e8ncia L\u2019Estaci\u00f3 de Sabadell<\/a> t\u2019ajudarem a fer que <strong>l&#8217;experi\u00e8ncia sigui \u00fanica i irrepetible<\/strong>.<\/p>\n","protected":false},"excerpt":{"rendered":"<p>Ja ha arribat el gran moment: te\u2019n vas a estudiar i ho vas a fer lluny de casa. Et toca preparar la maleta, decidir que et deixes i que et portes i en el post d&#8217;avui et volem donar 4 idees del que probablement ser\u00e0 essencial per si v\u00e9ns a la Resid\u00e8ncia d\u2019Estudiants L\u2019Estaci\u00f3 de&hellip;<\/p>\n","protected":false},"author":1,"featured_media":4589,"comment_status":"open","ping_status":"open","sticky":false,"template":"","format":"standard","meta":{"footnotes":""},"categories":[6],"tags":[],"class_list":["post-4588","post","type-post","status-publish","format-standard","has-post-thumbnail","hentry","category-blog","entry","has-media"],"yoast_head":"<!-- This site is optimized with the Yoast SEO plugin v26.4 - https:\/\/yoast.com\/wordpress\/plugins\/seo\/ -->\n<title>Els 4 imprescindibles per portar a la resid\u00e8ncia d&#039;estudiants - Resest<\/title>\n<meta name=\"description\" content=\"T&#039;expliquem els quatre imprescindibles per la teva estan\u00e7a en una resid\u00e8ncia d&#039;estudiants per la teva vida universit\u00e0ria. Et portaries alg\u00fa m\u00e9s? Explica&#039;ns!\" \/>\n<meta name=\"robots\" content=\"index, follow, max-snippet:-1, max-image-preview:large, max-video-preview:-1\" \/>\n<link rel=\"canonical\" href=\"https:\/\/resest.com\/ca\/blog\/imprescindibles-residencia-destudiants\/\" \/>\n<meta property=\"og:locale\" content=\"ca_ES\" \/>\n<meta property=\"og:type\" content=\"article\" \/>\n<meta property=\"og:title\" content=\"Els 4 imprescindibles per portar a la resid\u00e8ncia d&#039;estudiants - Resest\" \/>\n<meta property=\"og:description\" content=\"T&#039;expliquem els quatre imprescindibles per la teva estan\u00e7a en una resid\u00e8ncia d&#039;estudiants per la teva vida universit\u00e0ria. Et portaries alg\u00fa m\u00e9s? Explica&#039;ns!\" \/>\n<meta property=\"og:url\" content=\"https:\/\/resest.com\/ca\/blog\/imprescindibles-residencia-destudiants\/\" \/>\n<meta property=\"og:site_name\" content=\"Resid\u00e8ncia d&#039;Estudiants l&#039;Estaci\u00f3 de Sabadell | Resest\" \/>\n<meta property=\"article:published_time\" content=\"2016-06-29T11:03:42+00:00\" \/>\n<meta property=\"article:modified_time\" content=\"2016-06-29T11:19:18+00:00\" \/>\n<meta property=\"og:image\" content=\"https:\/\/resest.com\/wp-content\/uploads\/2016\/06\/residencia-destudiants.jpg\" \/>\n\t<meta property=\"og:image:width\" content=\"640\" \/>\n\t<meta property=\"og:image:height\" content=\"426\" \/>\n\t<meta property=\"og:image:type\" content=\"image\/jpeg\" \/>\n<meta name=\"author\" content=\"Resest\" \/>\n<meta name=\"twitter:label1\" content=\"Written by\" \/>\n\t<meta name=\"twitter:data1\" content=\"Resest\" \/>\n\t<meta name=\"twitter:label2\" content=\"Est. reading time\" \/>\n\t<meta name=\"twitter:data2\" content=\"2 minutes\" \/>\n<script type=\"application\/ld+json\" class=\"yoast-schema-graph\">{\"@context\":\"https:\/\/schema.org\",\"@graph\":[{\"@type\":\"Article\",\"@id\":\"https:\/\/resest.com\/ca\/blog\/imprescindibles-residencia-destudiants\/#article\",\"isPartOf\":{\"@id\":\"https:\/\/resest.com\/ca\/blog\/imprescindibles-residencia-destudiants\/\"},\"author\":{\"name\":\"Resest\",\"@id\":\"https:\/\/resest.com\/ca\/#\/schema\/person\/d9965768ae08730dafc3a7c835fcc47c\"},\"headline\":\"Els 4 imprescindibles per portar a la resid\u00e8ncia d&#8217;estudiants\",\"datePublished\":\"2016-06-29T11:03:42+00:00\",\"dateModified\":\"2016-06-29T11:19:18+00:00\",\"mainEntityOfPage\":{\"@id\":\"https:\/\/resest.com\/ca\/blog\/imprescindibles-residencia-destudiants\/\"},\"wordCount\":434,\"commentCount\":0,\"publisher\":{\"@id\":\"https:\/\/resest.com\/ca\/#organization\"},\"image\":{\"@id\":\"https:\/\/resest.com\/ca\/blog\/imprescindibles-residencia-destudiants\/#primaryimage\"},\"thumbnailUrl\":\"https:\/\/resest.com\/wp-content\/uploads\/2016\/06\/residencia-destudiants.jpg\",\"articleSection\":[\"Blog\"],\"inLanguage\":\"ca-ES\",\"potentialAction\":[{\"@type\":\"CommentAction\",\"name\":\"Comment\",\"target\":[\"https:\/\/resest.com\/ca\/blog\/imprescindibles-residencia-destudiants\/#respond\"]}]},{\"@type\":\"WebPage\",\"@id\":\"https:\/\/resest.com\/ca\/blog\/imprescindibles-residencia-destudiants\/\",\"url\":\"https:\/\/resest.com\/ca\/blog\/imprescindibles-residencia-destudiants\/\",\"name\":\"Els 4 imprescindibles per portar a la resid\u00e8ncia d'estudiants - Resest\",\"isPartOf\":{\"@id\":\"https:\/\/resest.com\/ca\/#website\"},\"primaryImageOfPage\":{\"@id\":\"https:\/\/resest.com\/ca\/blog\/imprescindibles-residencia-destudiants\/#primaryimage\"},\"image\":{\"@id\":\"https:\/\/resest.com\/ca\/blog\/imprescindibles-residencia-destudiants\/#primaryimage\"},\"thumbnailUrl\":\"https:\/\/resest.com\/wp-content\/uploads\/2016\/06\/residencia-destudiants.jpg\",\"datePublished\":\"2016-06-29T11:03:42+00:00\",\"dateModified\":\"2016-06-29T11:19:18+00:00\",\"description\":\"T'expliquem els quatre imprescindibles per la teva estan\u00e7a en una resid\u00e8ncia d'estudiants per la teva vida universit\u00e0ria. Et portaries alg\u00fa m\u00e9s? Explica'ns!\",\"breadcrumb\":{\"@id\":\"https:\/\/resest.com\/ca\/blog\/imprescindibles-residencia-destudiants\/#breadcrumb\"},\"inLanguage\":\"ca-ES\",\"potentialAction\":[{\"@type\":\"ReadAction\",\"target\":[\"https:\/\/resest.com\/ca\/blog\/imprescindibles-residencia-destudiants\/\"]}]},{\"@type\":\"ImageObject\",\"inLanguage\":\"ca-ES\",\"@id\":\"https:\/\/resest.com\/ca\/blog\/imprescindibles-residencia-destudiants\/#primaryimage\",\"url\":\"https:\/\/resest.com\/wp-content\/uploads\/2016\/06\/residencia-destudiants.jpg\",\"contentUrl\":\"https:\/\/resest.com\/wp-content\/uploads\/2016\/06\/residencia-destudiants.jpg\",\"width\":640,\"height\":426,\"caption\":\"resid\u00e8ncia d'estudiants\"},{\"@type\":\"BreadcrumbList\",\"@id\":\"https:\/\/resest.com\/ca\/blog\/imprescindibles-residencia-destudiants\/#breadcrumb\",\"itemListElement\":[{\"@type\":\"ListItem\",\"position\":1,\"name\":\"Inici\",\"item\":\"https:\/\/resest.com\/ca\/\"},{\"@type\":\"ListItem\",\"position\":2,\"name\":\"Els 4 imprescindibles per portar a la resid\u00e8ncia d&#8217;estudiants\"}]},{\"@type\":\"WebSite\",\"@id\":\"https:\/\/resest.com\/ca\/#website\",\"url\":\"https:\/\/resest.com\/ca\/\",\"name\":\"Resid\u00e8ncia d&#039;Estudiants l&#039;Estaci\u00f3 de Sabadell | Resest\",\"description\":\"Prop de l\u2019Universitat Aut\u00f2noma de Barcelona (UAB)\",\"publisher\":{\"@id\":\"https:\/\/resest.com\/ca\/#organization\"},\"potentialAction\":[{\"@type\":\"SearchAction\",\"target\":{\"@type\":\"EntryPoint\",\"urlTemplate\":\"https:\/\/resest.com\/ca\/?s={search_term_string}\"},\"query-input\":{\"@type\":\"PropertyValueSpecification\",\"valueRequired\":true,\"valueName\":\"search_term_string\"}}],\"inLanguage\":\"ca-ES\"},{\"@type\":\"Organization\",\"@id\":\"https:\/\/resest.com\/ca\/#organization\",\"name\":\"Resid\u00e8ncia d&#039;Estudiants l&#039;Estaci\u00f3 de Sabadell | Resest\",\"url\":\"https:\/\/resest.com\/ca\/\",\"logo\":{\"@type\":\"ImageObject\",\"inLanguage\":\"ca-ES\",\"@id\":\"https:\/\/resest.com\/ca\/#\/schema\/logo\/image\/\",\"url\":\"https:\/\/resest.com\/wp-content\/uploads\/2024\/03\/Facana-1.jpg\",\"contentUrl\":\"https:\/\/resest.com\/wp-content\/uploads\/2024\/03\/Facana-1.jpg\",\"width\":1200,\"height\":1009,\"caption\":\"Resid\u00e8ncia d&#039;Estudiants l&#039;Estaci\u00f3 de Sabadell | Resest\"},\"image\":{\"@id\":\"https:\/\/resest.com\/ca\/#\/schema\/logo\/image\/\"}},{\"@type\":\"Person\",\"@id\":\"https:\/\/resest.com\/ca\/#\/schema\/person\/d9965768ae08730dafc3a7c835fcc47c\",\"name\":\"Resest\",\"image\":{\"@type\":\"ImageObject\",\"inLanguage\":\"ca-ES\",\"@id\":\"https:\/\/resest.com\/ca\/#\/schema\/person\/image\/\",\"url\":\"https:\/\/secure.gravatar.com\/avatar\/0c7509c85c836ff68bc43efa415976254ed1463e7bbc3edf38a658092e29e5b4?s=96&d=mm&r=g\",\"contentUrl\":\"https:\/\/secure.gravatar.com\/avatar\/0c7509c85c836ff68bc43efa415976254ed1463e7bbc3edf38a658092e29e5b4?s=96&d=mm&r=g\",\"caption\":\"Resest\"},\"url\":\"https:\/\/resest.com\/ca\/author\/jordi\/\"}]}<\/script>\n<!-- \/ Yoast SEO plugin. -->","yoast_head_json":{"title":"Els 4 imprescindibles per portar a la resid\u00e8ncia d'estudiants - Resest","description":"T'expliquem els quatre imprescindibles per la teva estan\u00e7a en una resid\u00e8ncia d'estudiants per la teva vida universit\u00e0ria. Et portaries alg\u00fa m\u00e9s? Explica'ns!","robots":{"index":"index","follow":"follow","max-snippet":"max-snippet:-1","max-image-preview":"max-image-preview:large","max-video-preview":"max-video-preview:-1"},"canonical":"https:\/\/resest.com\/ca\/blog\/imprescindibles-residencia-destudiants\/","og_locale":"ca_ES","og_type":"article","og_title":"Els 4 imprescindibles per portar a la resid\u00e8ncia d'estudiants - Resest","og_description":"T'expliquem els quatre imprescindibles per la teva estan\u00e7a en una resid\u00e8ncia d'estudiants per la teva vida universit\u00e0ria. Et portaries alg\u00fa m\u00e9s? Explica'ns!","og_url":"https:\/\/resest.com\/ca\/blog\/imprescindibles-residencia-destudiants\/","og_site_name":"Resid\u00e8ncia d&#039;Estudiants l&#039;Estaci\u00f3 de Sabadell | Resest","article_published_time":"2016-06-29T11:03:42+00:00","article_modified_time":"2016-06-29T11:19:18+00:00","og_image":[{"width":640,"height":426,"url":"https:\/\/resest.com\/wp-content\/uploads\/2016\/06\/residencia-destudiants.jpg","type":"image\/jpeg"}],"author":"Resest","twitter_misc":{"Written by":"Resest","Est. reading time":"2 minutes"},"schema":{"@context":"https:\/\/schema.org","@graph":[{"@type":"Article","@id":"https:\/\/resest.com\/ca\/blog\/imprescindibles-residencia-destudiants\/#article","isPartOf":{"@id":"https:\/\/resest.com\/ca\/blog\/imprescindibles-residencia-destudiants\/"},"author":{"name":"Resest","@id":"https:\/\/resest.com\/ca\/#\/schema\/person\/d9965768ae08730dafc3a7c835fcc47c"},"headline":"Els 4 imprescindibles per portar a la resid\u00e8ncia d&#8217;estudiants","datePublished":"2016-06-29T11:03:42+00:00","dateModified":"2016-06-29T11:19:18+00:00","mainEntityOfPage":{"@id":"https:\/\/resest.com\/ca\/blog\/imprescindibles-residencia-destudiants\/"},"wordCount":434,"commentCount":0,"publisher":{"@id":"https:\/\/resest.com\/ca\/#organization"},"image":{"@id":"https:\/\/resest.com\/ca\/blog\/imprescindibles-residencia-destudiants\/#primaryimage"},"thumbnailUrl":"https:\/\/resest.com\/wp-content\/uploads\/2016\/06\/residencia-destudiants.jpg","articleSection":["Blog"],"inLanguage":"ca-ES","potentialAction":[{"@type":"CommentAction","name":"Comment","target":["https:\/\/resest.com\/ca\/blog\/imprescindibles-residencia-destudiants\/#respond"]}]},{"@type":"WebPage","@id":"https:\/\/resest.com\/ca\/blog\/imprescindibles-residencia-destudiants\/","url":"https:\/\/resest.com\/ca\/blog\/imprescindibles-residencia-destudiants\/","name":"Els 4 imprescindibles per portar a la resid\u00e8ncia d'estudiants - Resest","isPartOf":{"@id":"https:\/\/resest.com\/ca\/#website"},"primaryImageOfPage":{"@id":"https:\/\/resest.com\/ca\/blog\/imprescindibles-residencia-destudiants\/#primaryimage"},"image":{"@id":"https:\/\/resest.com\/ca\/blog\/imprescindibles-residencia-destudiants\/#primaryimage"},"thumbnailUrl":"https:\/\/resest.com\/wp-content\/uploads\/2016\/06\/residencia-destudiants.jpg","datePublished":"2016-06-29T11:03:42+00:00","dateModified":"2016-06-29T11:19:18+00:00","description":"T'expliquem els quatre imprescindibles per la teva estan\u00e7a en una resid\u00e8ncia d'estudiants per la teva vida universit\u00e0ria. Et portaries alg\u00fa m\u00e9s? Explica'ns!","breadcrumb":{"@id":"https:\/\/resest.com\/ca\/blog\/imprescindibles-residencia-destudiants\/#breadcrumb"},"inLanguage":"ca-ES","potentialAction":[{"@type":"ReadAction","target":["https:\/\/resest.com\/ca\/blog\/imprescindibles-residencia-destudiants\/"]}]},{"@type":"ImageObject","inLanguage":"ca-ES","@id":"https:\/\/resest.com\/ca\/blog\/imprescindibles-residencia-destudiants\/#primaryimage","url":"https:\/\/resest.com\/wp-content\/uploads\/2016\/06\/residencia-destudiants.jpg","contentUrl":"https:\/\/resest.com\/wp-content\/uploads\/2016\/06\/residencia-destudiants.jpg","width":640,"height":426,"caption":"resid\u00e8ncia d'estudiants"},{"@type":"BreadcrumbList","@id":"https:\/\/resest.com\/ca\/blog\/imprescindibles-residencia-destudiants\/#breadcrumb","itemListElement":[{"@type":"ListItem","position":1,"name":"Inici","item":"https:\/\/resest.com\/ca\/"},{"@type":"ListItem","position":2,"name":"Els 4 imprescindibles per portar a la resid\u00e8ncia d&#8217;estudiants"}]},{"@type":"WebSite","@id":"https:\/\/resest.com\/ca\/#website","url":"https:\/\/resest.com\/ca\/","name":"Resid\u00e8ncia d&#039;Estudiants l&#039;Estaci\u00f3 de Sabadell | Resest","description":"Prop de l\u2019Universitat Aut\u00f2noma de Barcelona (UAB)","publisher":{"@id":"https:\/\/resest.com\/ca\/#organization"},"potentialAction":[{"@type":"SearchAction","target":{"@type":"EntryPoint","urlTemplate":"https:\/\/resest.com\/ca\/?s={search_term_string}"},"query-input":{"@type":"PropertyValueSpecification","valueRequired":true,"valueName":"search_term_string"}}],"inLanguage":"ca-ES"},{"@type":"Organization","@id":"https:\/\/resest.com\/ca\/#organization","name":"Resid\u00e8ncia d&#039;Estudiants l&#039;Estaci\u00f3 de Sabadell | Resest","url":"https:\/\/resest.com\/ca\/","logo":{"@type":"ImageObject","inLanguage":"ca-ES","@id":"https:\/\/resest.com\/ca\/#\/schema\/logo\/image\/","url":"https:\/\/resest.com\/wp-content\/uploads\/2024\/03\/Facana-1.jpg","contentUrl":"https:\/\/resest.com\/wp-content\/uploads\/2024\/03\/Facana-1.jpg","width":1200,"height":1009,"caption":"Resid\u00e8ncia d&#039;Estudiants l&#039;Estaci\u00f3 de Sabadell | Resest"},"image":{"@id":"https:\/\/resest.com\/ca\/#\/schema\/logo\/image\/"}},{"@type":"Person","@id":"https:\/\/resest.com\/ca\/#\/schema\/person\/d9965768ae08730dafc3a7c835fcc47c","name":"Resest","image":{"@type":"ImageObject","inLanguage":"ca-ES","@id":"https:\/\/resest.com\/ca\/#\/schema\/person\/image\/","url":"https:\/\/secure.gravatar.com\/avatar\/0c7509c85c836ff68bc43efa415976254ed1463e7bbc3edf38a658092e29e5b4?s=96&d=mm&r=g","contentUrl":"https:\/\/secure.gravatar.com\/avatar\/0c7509c85c836ff68bc43efa415976254ed1463e7bbc3edf38a658092e29e5b4?s=96&d=mm&r=g","caption":"Resest"},"url":"https:\/\/resest.com\/ca\/author\/jordi\/"}]}},"_links":{"self":[{"href":"https:\/\/resest.com\/ca\/wp-json\/wp\/v2\/posts\/4588","targetHints":{"allow":["GET"]}}],"collection":[{"href":"https:\/\/resest.com\/ca\/wp-json\/wp\/v2\/posts"}],"about":[{"href":"https:\/\/resest.com\/ca\/wp-json\/wp\/v2\/types\/post"}],"author":[{"embeddable":true,"href":"https:\/\/resest.com\/ca\/wp-json\/wp\/v2\/users\/1"}],"replies":[{"embeddable":true,"href":"https:\/\/resest.com\/ca\/wp-json\/wp\/v2\/comments?post=4588"}],"version-history":[{"count":0,"href":"https:\/\/resest.com\/ca\/wp-json\/wp\/v2\/posts\/4588\/revisions"}],"wp:featuredmedia":[{"embeddable":true,"href":"https:\/\/resest.com\/ca\/wp-json\/wp\/v2\/media\/4589"}],"wp:attachment":[{"href":"https:\/\/resest.com\/ca\/wp-json\/wp\/v2\/media?parent=4588"}],"wp:term":[{"taxonomy":"category","embeddable":true,"href":"https:\/\/resest.com\/ca\/wp-json\/wp\/v2\/categories?post=4588"},{"taxonomy":"post_tag","embeddable":true,"href":"https:\/\/resest.com\/ca\/wp-json\/wp\/v2\/tags?post=4588"}],"curies":[{"name":"wp","href":"https:\/\/api.w.org\/{rel}","templated":true}]}}