{"id":4583,"date":"2016-06-27T12:53:13","date_gmt":"2016-06-27T11:53:13","guid":{"rendered":"http:\/\/resest.com\/?p=4583"},"modified":"2016-06-27T13:02:25","modified_gmt":"2016-06-27T12:02:25","slug":"aprofita-els-cursos-destiu-a-barcelona-i-rodalies","status":"publish","type":"post","link":"https:\/\/resest.com\/ca\/blog\/aprofita-els-cursos-destiu-a-barcelona-i-rodalies\/","title":{"rendered":"Aprofita els cursos d&#8217;estiu a Barcelona i rodalies"},"content":{"rendered":"<p>Rebem l&#8217;estiu amb gran alegria gr\u00e0cies als dies assolellats que ens <strong>permeten gaudir de la platja, la piscina o la muntanya<\/strong>, juntament amb milers d&#8217;activitats i aficions a l&#8217;aire lliure que els mesos hivernals ens han retingut de fer.<\/p>\n<p>I encara que tot aix\u00f2 pinta per\u00f2 que molt b\u00e9, no podem oblidar que el temps lliure que ens ofereix l&#8217;estiu tamb\u00e9 es pot <strong>usar per ampliar els nostres coneixements<\/strong> gr\u00e0cies als cursos o estudis d&#8217;estiu que moltes universitats i centres ofereixen. Ja sigui <strong>per obtenir coneixements d&#8217;una afici\u00f3<\/strong>, posem trucs de fotografia o cursets de vol, per aprofitar i <strong>aprendre aquest idioma<\/strong> que sempre hem volgut dominar, o realitzar activitats vinculades a les universitats com els <strong>cr\u00e8dits ECTS o de lliure elecci\u00f3<\/strong>. A m\u00e9s, tamb\u00e9 podem optar a cursets <strong>relacionats amb els esports<\/strong>, per seguir mantenint la t\u00e8cnica fins als mesos de m\u00e9s calor o provar aquella disciplina que sempre ens ha cridat l&#8217;atenci\u00f3. Ara \u00e9s el millor moment!<\/p>\n<p>Des de la <strong>Resid\u00e8ncia Universit\u00e0ria l&#8217;Estaci\u00f3 de Sabadell<\/strong> us animem, ja sigueu de la zona o de fora, que no us perdeu tot el que entre capbussada i vacances podem arribar a aprendre, usant les nostres hores amb la major efici\u00e8ncia i traient-tot el partit <strong>l&#8217;estiu 2016 a Barcelona i rodalies<\/strong>. I \u00e9s per aquest motiu que la resid\u00e8ncia ofereix la possibilitat d&#8217;allotjar a la mateixa en r\u00e8gim d&#8217;estiu, tal com ja vam comentar <a href=\"https:\/\/resest.com\/bloc-allotjament-per-a-estudiants-a-barcelona-bellaterra\/\" target=\"_blank\">en l&#8217;anterior post<\/a>. Parlem de totes les comoditats que podreu trobar juntament amb les <a href=\"https:\/\/resest.com\/contactar-allotjament-estudiantil-bellaterra-barcelona\/\" target=\"_blank\">dades de contacte<\/a> per sol\u00b7licitar la informaci\u00f3 desitjada.<\/p>\n<p>I per acabar de animar-vos, us proporcionem aquests enlla\u00e7os cap a diverses universitats de la zona, les quals s&#8217;arriba de forma r\u00e0pida gr\u00e0cies a <a href=\"https:\/\/resest.com\/ubicacio-residencia-estudiantil-a-sabadell-barcelona\/\" target=\"_blank\">l&#8217;excel\u00b7lent ubicaci\u00f3 de la resid\u00e8ncia<\/a>\u00a0i que ofereixen interessants <strong>cursos d&#8217;estiu a Barcelona<\/strong>.<\/p>\n<h2><strong>Cursos d&#8217;estiu a Barcelona 2016:<\/strong><\/h2>\n<ul>\n<li>Oferta formativa <a href=\"http:\/\/www.ub.edu\/web\/ub\/ca\/estudis\/oferta_formativa\/altra_oferta\/estiu\/estiu.html?\" target=\"_blank\">d&#8217;Estiu de la UB<\/a> (Universitat de Barcelona)<\/li>\n<li><a href=\"http:\/\/www.upc.edu\/aprendre\/estudis\/cursos-destiu?set_language=ca\" target=\"_blank\">Cursos d&#8217;estiu<\/a> de la UPC (Universitat Polit\u00e8cnica de Catalunya)<\/li>\n<li>Programa International <a href=\"http:\/\/www.uab.cat\/web\/estudiar\/cursos-d-estiu-uab\/alumnes-de-secundaria-1345700278694.html\" target=\"_blank\">Summer Term 2016 UAB<\/a> (Universitat Aut\u00f2noma de Barcelona)<\/li>\n<li><a href=\"http:\/\/iedbarcelona.es\/ca\/cursosca\/estiu-hivern\/\" target=\"_blank\">Summer Courses<\/a> d&#8217;IED Barcelona (Istituto Europeu di Design)<\/li>\n<\/ul>\n<p>Per acabar, per tal de no deixar-nos cap opci\u00f3 fora de la llista, us oferim aquest llistat de cursos d&#8217;estiu, segur que d&#8217;entre les <a href=\"http:\/\/www.educaweb.com\/centros\/escuelas-verano\/barcelona\/\" target=\"_blank\">99 opcions<\/a> (nom\u00e9s a Barcelona), trobar\u00e0s el que busques.<\/p>\n<p>I recorda que per a l&#8217;allotjament <strong>pots comptar amb nosaltres<\/strong>!<\/p>\n","protected":false},"excerpt":{"rendered":"<p>Rebem l&#8217;estiu amb gran alegria gr\u00e0cies als dies assolellats que ens permeten gaudir de la platja, la piscina o la muntanya, juntament amb milers d&#8217;activitats i aficions a l&#8217;aire lliure que els mesos hivernals ens han retingut de fer. I encara que tot aix\u00f2 pinta per\u00f2 que molt b\u00e9, no podem oblidar que el temps&hellip;<\/p>\n","protected":false},"author":1,"featured_media":4576,"comment_status":"open","ping_status":"open","sticky":false,"template":"","format":"standard","meta":{"footnotes":""},"categories":[6],"tags":[],"class_list":["post-4583","post","type-post","status-publish","format-standard","has-post-thumbnail","hentry","category-blog","entry","has-media"],"yoast_head":"<!-- This site is optimized with the Yoast SEO plugin v26.4 - https:\/\/yoast.com\/wordpress\/plugins\/seo\/ -->\n<title>Aprofita els cursos d&#039;estiu a Barcelona - Reset<\/title>\n<meta name=\"description\" content=\"L&#039;estiu ja \u00e9s aqu\u00ed, i tant per gaudir d&#039;unes merescudes vacances com per aprofitar els cursos d&#039;estiu a Barcelona, allotja&#039;t amb nosaltres.\" \/>\n<meta name=\"robots\" content=\"index, follow, max-snippet:-1, max-image-preview:large, max-video-preview:-1\" \/>\n<link rel=\"canonical\" href=\"https:\/\/resest.com\/ca\/blog\/aprofita-els-cursos-destiu-a-barcelona-i-rodalies\/\" \/>\n<meta property=\"og:locale\" content=\"ca_ES\" \/>\n<meta property=\"og:type\" content=\"article\" \/>\n<meta property=\"og:title\" content=\"Aprofita els cursos d&#039;estiu a Barcelona - Reset\" \/>\n<meta property=\"og:description\" content=\"L&#039;estiu ja \u00e9s aqu\u00ed, i tant per gaudir d&#039;unes merescudes vacances com per aprofitar els cursos d&#039;estiu a Barcelona, allotja&#039;t amb nosaltres.\" \/>\n<meta property=\"og:url\" content=\"https:\/\/resest.com\/ca\/blog\/aprofita-els-cursos-destiu-a-barcelona-i-rodalies\/\" \/>\n<meta property=\"og:site_name\" content=\"Resid\u00e8ncia d&#039;Estudiants l&#039;Estaci\u00f3 de Sabadell | Resest\" \/>\n<meta property=\"article:published_time\" content=\"2016-06-27T11:53:13+00:00\" \/>\n<meta property=\"article:modified_time\" content=\"2016-06-27T12:02:25+00:00\" \/>\n<meta property=\"og:image\" content=\"https:\/\/resest.com\/wp-content\/uploads\/2016\/06\/cursos-de-verano-en-Barcelona-.jpg\" \/>\n\t<meta property=\"og:image:width\" content=\"640\" \/>\n\t<meta property=\"og:image:height\" content=\"427\" \/>\n\t<meta property=\"og:image:type\" content=\"image\/jpeg\" \/>\n<meta name=\"author\" content=\"Resest\" \/>\n<meta name=\"twitter:label1\" content=\"Written by\" \/>\n\t<meta name=\"twitter:data1\" content=\"Resest\" \/>\n\t<meta name=\"twitter:label2\" content=\"Est. reading time\" \/>\n\t<meta name=\"twitter:data2\" content=\"2 minutes\" \/>\n<script type=\"application\/ld+json\" class=\"yoast-schema-graph\">{\"@context\":\"https:\/\/schema.org\",\"@graph\":[{\"@type\":\"Article\",\"@id\":\"https:\/\/resest.com\/ca\/blog\/aprofita-els-cursos-destiu-a-barcelona-i-rodalies\/#article\",\"isPartOf\":{\"@id\":\"https:\/\/resest.com\/ca\/blog\/aprofita-els-cursos-destiu-a-barcelona-i-rodalies\/\"},\"author\":{\"name\":\"Resest\",\"@id\":\"https:\/\/resest.com\/ca\/#\/schema\/person\/d9965768ae08730dafc3a7c835fcc47c\"},\"headline\":\"Aprofita els cursos d&#8217;estiu a Barcelona i rodalies\",\"datePublished\":\"2016-06-27T11:53:13+00:00\",\"dateModified\":\"2016-06-27T12:02:25+00:00\",\"mainEntityOfPage\":{\"@id\":\"https:\/\/resest.com\/ca\/blog\/aprofita-els-cursos-destiu-a-barcelona-i-rodalies\/\"},\"wordCount\":424,\"commentCount\":0,\"publisher\":{\"@id\":\"https:\/\/resest.com\/ca\/#organization\"},\"image\":{\"@id\":\"https:\/\/resest.com\/ca\/blog\/aprofita-els-cursos-destiu-a-barcelona-i-rodalies\/#primaryimage\"},\"thumbnailUrl\":\"https:\/\/resest.com\/wp-content\/uploads\/2016\/06\/cursos-de-verano-en-Barcelona-.jpg\",\"articleSection\":[\"Blog\"],\"inLanguage\":\"ca-ES\",\"potentialAction\":[{\"@type\":\"CommentAction\",\"name\":\"Comment\",\"target\":[\"https:\/\/resest.com\/ca\/blog\/aprofita-els-cursos-destiu-a-barcelona-i-rodalies\/#respond\"]}]},{\"@type\":\"WebPage\",\"@id\":\"https:\/\/resest.com\/ca\/blog\/aprofita-els-cursos-destiu-a-barcelona-i-rodalies\/\",\"url\":\"https:\/\/resest.com\/ca\/blog\/aprofita-els-cursos-destiu-a-barcelona-i-rodalies\/\",\"name\":\"Aprofita els cursos d'estiu a Barcelona - Reset\",\"isPartOf\":{\"@id\":\"https:\/\/resest.com\/ca\/#website\"},\"primaryImageOfPage\":{\"@id\":\"https:\/\/resest.com\/ca\/blog\/aprofita-els-cursos-destiu-a-barcelona-i-rodalies\/#primaryimage\"},\"image\":{\"@id\":\"https:\/\/resest.com\/ca\/blog\/aprofita-els-cursos-destiu-a-barcelona-i-rodalies\/#primaryimage\"},\"thumbnailUrl\":\"https:\/\/resest.com\/wp-content\/uploads\/2016\/06\/cursos-de-verano-en-Barcelona-.jpg\",\"datePublished\":\"2016-06-27T11:53:13+00:00\",\"dateModified\":\"2016-06-27T12:02:25+00:00\",\"description\":\"L'estiu ja \u00e9s aqu\u00ed, i tant per gaudir d'unes merescudes vacances com per aprofitar els cursos d'estiu a Barcelona, allotja't amb nosaltres.\",\"breadcrumb\":{\"@id\":\"https:\/\/resest.com\/ca\/blog\/aprofita-els-cursos-destiu-a-barcelona-i-rodalies\/#breadcrumb\"},\"inLanguage\":\"ca-ES\",\"potentialAction\":[{\"@type\":\"ReadAction\",\"target\":[\"https:\/\/resest.com\/ca\/blog\/aprofita-els-cursos-destiu-a-barcelona-i-rodalies\/\"]}]},{\"@type\":\"ImageObject\",\"inLanguage\":\"ca-ES\",\"@id\":\"https:\/\/resest.com\/ca\/blog\/aprofita-els-cursos-destiu-a-barcelona-i-rodalies\/#primaryimage\",\"url\":\"https:\/\/resest.com\/wp-content\/uploads\/2016\/06\/cursos-de-verano-en-Barcelona-.jpg\",\"contentUrl\":\"https:\/\/resest.com\/wp-content\/uploads\/2016\/06\/cursos-de-verano-en-Barcelona-.jpg\",\"width\":640,\"height\":427,\"caption\":\"Cursos de verano en Barcelona\"},{\"@type\":\"BreadcrumbList\",\"@id\":\"https:\/\/resest.com\/ca\/blog\/aprofita-els-cursos-destiu-a-barcelona-i-rodalies\/#breadcrumb\",\"itemListElement\":[{\"@type\":\"ListItem\",\"position\":1,\"name\":\"Inici\",\"item\":\"https:\/\/resest.com\/ca\/\"},{\"@type\":\"ListItem\",\"position\":2,\"name\":\"Aprofita els cursos d&#8217;estiu a Barcelona i rodalies\"}]},{\"@type\":\"WebSite\",\"@id\":\"https:\/\/resest.com\/ca\/#website\",\"url\":\"https:\/\/resest.com\/ca\/\",\"name\":\"Resid\u00e8ncia d&#039;Estudiants l&#039;Estaci\u00f3 de Sabadell | Resest\",\"description\":\"Prop de l\u2019Universitat Aut\u00f2noma de Barcelona (UAB)\",\"publisher\":{\"@id\":\"https:\/\/resest.com\/ca\/#organization\"},\"potentialAction\":[{\"@type\":\"SearchAction\",\"target\":{\"@type\":\"EntryPoint\",\"urlTemplate\":\"https:\/\/resest.com\/ca\/?s={search_term_string}\"},\"query-input\":{\"@type\":\"PropertyValueSpecification\",\"valueRequired\":true,\"valueName\":\"search_term_string\"}}],\"inLanguage\":\"ca-ES\"},{\"@type\":\"Organization\",\"@id\":\"https:\/\/resest.com\/ca\/#organization\",\"name\":\"Resid\u00e8ncia d&#039;Estudiants l&#039;Estaci\u00f3 de Sabadell | Resest\",\"url\":\"https:\/\/resest.com\/ca\/\",\"logo\":{\"@type\":\"ImageObject\",\"inLanguage\":\"ca-ES\",\"@id\":\"https:\/\/resest.com\/ca\/#\/schema\/logo\/image\/\",\"url\":\"https:\/\/resest.com\/wp-content\/uploads\/2024\/03\/Facana-1.jpg\",\"contentUrl\":\"https:\/\/resest.com\/wp-content\/uploads\/2024\/03\/Facana-1.jpg\",\"width\":1200,\"height\":1009,\"caption\":\"Resid\u00e8ncia d&#039;Estudiants l&#039;Estaci\u00f3 de Sabadell | Resest\"},\"image\":{\"@id\":\"https:\/\/resest.com\/ca\/#\/schema\/logo\/image\/\"}},{\"@type\":\"Person\",\"@id\":\"https:\/\/resest.com\/ca\/#\/schema\/person\/d9965768ae08730dafc3a7c835fcc47c\",\"name\":\"Resest\",\"image\":{\"@type\":\"ImageObject\",\"inLanguage\":\"ca-ES\",\"@id\":\"https:\/\/resest.com\/ca\/#\/schema\/person\/image\/\",\"url\":\"https:\/\/secure.gravatar.com\/avatar\/0c7509c85c836ff68bc43efa415976254ed1463e7bbc3edf38a658092e29e5b4?s=96&d=mm&r=g\",\"contentUrl\":\"https:\/\/secure.gravatar.com\/avatar\/0c7509c85c836ff68bc43efa415976254ed1463e7bbc3edf38a658092e29e5b4?s=96&d=mm&r=g\",\"caption\":\"Resest\"},\"url\":\"https:\/\/resest.com\/ca\/author\/jordi\/\"}]}<\/script>\n<!-- \/ Yoast SEO plugin. -->","yoast_head_json":{"title":"Aprofita els cursos d'estiu a Barcelona - Reset","description":"L'estiu ja \u00e9s aqu\u00ed, i tant per gaudir d'unes merescudes vacances com per aprofitar els cursos d'estiu a Barcelona, allotja't amb nosaltres.","robots":{"index":"index","follow":"follow","max-snippet":"max-snippet:-1","max-image-preview":"max-image-preview:large","max-video-preview":"max-video-preview:-1"},"canonical":"https:\/\/resest.com\/ca\/blog\/aprofita-els-cursos-destiu-a-barcelona-i-rodalies\/","og_locale":"ca_ES","og_type":"article","og_title":"Aprofita els cursos d'estiu a Barcelona - Reset","og_description":"L'estiu ja \u00e9s aqu\u00ed, i tant per gaudir d'unes merescudes vacances com per aprofitar els cursos d'estiu a Barcelona, allotja't amb nosaltres.","og_url":"https:\/\/resest.com\/ca\/blog\/aprofita-els-cursos-destiu-a-barcelona-i-rodalies\/","og_site_name":"Resid\u00e8ncia d&#039;Estudiants l&#039;Estaci\u00f3 de Sabadell | Resest","article_published_time":"2016-06-27T11:53:13+00:00","article_modified_time":"2016-06-27T12:02:25+00:00","og_image":[{"width":640,"height":427,"url":"https:\/\/resest.com\/wp-content\/uploads\/2016\/06\/cursos-de-verano-en-Barcelona-.jpg","type":"image\/jpeg"}],"author":"Resest","twitter_misc":{"Written by":"Resest","Est. reading time":"2 minutes"},"schema":{"@context":"https:\/\/schema.org","@graph":[{"@type":"Article","@id":"https:\/\/resest.com\/ca\/blog\/aprofita-els-cursos-destiu-a-barcelona-i-rodalies\/#article","isPartOf":{"@id":"https:\/\/resest.com\/ca\/blog\/aprofita-els-cursos-destiu-a-barcelona-i-rodalies\/"},"author":{"name":"Resest","@id":"https:\/\/resest.com\/ca\/#\/schema\/person\/d9965768ae08730dafc3a7c835fcc47c"},"headline":"Aprofita els cursos d&#8217;estiu a Barcelona i rodalies","datePublished":"2016-06-27T11:53:13+00:00","dateModified":"2016-06-27T12:02:25+00:00","mainEntityOfPage":{"@id":"https:\/\/resest.com\/ca\/blog\/aprofita-els-cursos-destiu-a-barcelona-i-rodalies\/"},"wordCount":424,"commentCount":0,"publisher":{"@id":"https:\/\/resest.com\/ca\/#organization"},"image":{"@id":"https:\/\/resest.com\/ca\/blog\/aprofita-els-cursos-destiu-a-barcelona-i-rodalies\/#primaryimage"},"thumbnailUrl":"https:\/\/resest.com\/wp-content\/uploads\/2016\/06\/cursos-de-verano-en-Barcelona-.jpg","articleSection":["Blog"],"inLanguage":"ca-ES","potentialAction":[{"@type":"CommentAction","name":"Comment","target":["https:\/\/resest.com\/ca\/blog\/aprofita-els-cursos-destiu-a-barcelona-i-rodalies\/#respond"]}]},{"@type":"WebPage","@id":"https:\/\/resest.com\/ca\/blog\/aprofita-els-cursos-destiu-a-barcelona-i-rodalies\/","url":"https:\/\/resest.com\/ca\/blog\/aprofita-els-cursos-destiu-a-barcelona-i-rodalies\/","name":"Aprofita els cursos d'estiu a Barcelona - Reset","isPartOf":{"@id":"https:\/\/resest.com\/ca\/#website"},"primaryImageOfPage":{"@id":"https:\/\/resest.com\/ca\/blog\/aprofita-els-cursos-destiu-a-barcelona-i-rodalies\/#primaryimage"},"image":{"@id":"https:\/\/resest.com\/ca\/blog\/aprofita-els-cursos-destiu-a-barcelona-i-rodalies\/#primaryimage"},"thumbnailUrl":"https:\/\/resest.com\/wp-content\/uploads\/2016\/06\/cursos-de-verano-en-Barcelona-.jpg","datePublished":"2016-06-27T11:53:13+00:00","dateModified":"2016-06-27T12:02:25+00:00","description":"L'estiu ja \u00e9s aqu\u00ed, i tant per gaudir d'unes merescudes vacances com per aprofitar els cursos d'estiu a Barcelona, allotja't amb nosaltres.","breadcrumb":{"@id":"https:\/\/resest.com\/ca\/blog\/aprofita-els-cursos-destiu-a-barcelona-i-rodalies\/#breadcrumb"},"inLanguage":"ca-ES","potentialAction":[{"@type":"ReadAction","target":["https:\/\/resest.com\/ca\/blog\/aprofita-els-cursos-destiu-a-barcelona-i-rodalies\/"]}]},{"@type":"ImageObject","inLanguage":"ca-ES","@id":"https:\/\/resest.com\/ca\/blog\/aprofita-els-cursos-destiu-a-barcelona-i-rodalies\/#primaryimage","url":"https:\/\/resest.com\/wp-content\/uploads\/2016\/06\/cursos-de-verano-en-Barcelona-.jpg","contentUrl":"https:\/\/resest.com\/wp-content\/uploads\/2016\/06\/cursos-de-verano-en-Barcelona-.jpg","width":640,"height":427,"caption":"Cursos de verano en Barcelona"},{"@type":"BreadcrumbList","@id":"https:\/\/resest.com\/ca\/blog\/aprofita-els-cursos-destiu-a-barcelona-i-rodalies\/#breadcrumb","itemListElement":[{"@type":"ListItem","position":1,"name":"Inici","item":"https:\/\/resest.com\/ca\/"},{"@type":"ListItem","position":2,"name":"Aprofita els cursos d&#8217;estiu a Barcelona i rodalies"}]},{"@type":"WebSite","@id":"https:\/\/resest.com\/ca\/#website","url":"https:\/\/resest.com\/ca\/","name":"Resid\u00e8ncia d&#039;Estudiants l&#039;Estaci\u00f3 de Sabadell | Resest","description":"Prop de l\u2019Universitat Aut\u00f2noma de Barcelona (UAB)","publisher":{"@id":"https:\/\/resest.com\/ca\/#organization"},"potentialAction":[{"@type":"SearchAction","target":{"@type":"EntryPoint","urlTemplate":"https:\/\/resest.com\/ca\/?s={search_term_string}"},"query-input":{"@type":"PropertyValueSpecification","valueRequired":true,"valueName":"search_term_string"}}],"inLanguage":"ca-ES"},{"@type":"Organization","@id":"https:\/\/resest.com\/ca\/#organization","name":"Resid\u00e8ncia d&#039;Estudiants l&#039;Estaci\u00f3 de Sabadell | Resest","url":"https:\/\/resest.com\/ca\/","logo":{"@type":"ImageObject","inLanguage":"ca-ES","@id":"https:\/\/resest.com\/ca\/#\/schema\/logo\/image\/","url":"https:\/\/resest.com\/wp-content\/uploads\/2024\/03\/Facana-1.jpg","contentUrl":"https:\/\/resest.com\/wp-content\/uploads\/2024\/03\/Facana-1.jpg","width":1200,"height":1009,"caption":"Resid\u00e8ncia d&#039;Estudiants l&#039;Estaci\u00f3 de Sabadell | Resest"},"image":{"@id":"https:\/\/resest.com\/ca\/#\/schema\/logo\/image\/"}},{"@type":"Person","@id":"https:\/\/resest.com\/ca\/#\/schema\/person\/d9965768ae08730dafc3a7c835fcc47c","name":"Resest","image":{"@type":"ImageObject","inLanguage":"ca-ES","@id":"https:\/\/resest.com\/ca\/#\/schema\/person\/image\/","url":"https:\/\/secure.gravatar.com\/avatar\/0c7509c85c836ff68bc43efa415976254ed1463e7bbc3edf38a658092e29e5b4?s=96&d=mm&r=g","contentUrl":"https:\/\/secure.gravatar.com\/avatar\/0c7509c85c836ff68bc43efa415976254ed1463e7bbc3edf38a658092e29e5b4?s=96&d=mm&r=g","caption":"Resest"},"url":"https:\/\/resest.com\/ca\/author\/jordi\/"}]}},"_links":{"self":[{"href":"https:\/\/resest.com\/ca\/wp-json\/wp\/v2\/posts\/4583","targetHints":{"allow":["GET"]}}],"collection":[{"href":"https:\/\/resest.com\/ca\/wp-json\/wp\/v2\/posts"}],"about":[{"href":"https:\/\/resest.com\/ca\/wp-json\/wp\/v2\/types\/post"}],"author":[{"embeddable":true,"href":"https:\/\/resest.com\/ca\/wp-json\/wp\/v2\/users\/1"}],"replies":[{"embeddable":true,"href":"https:\/\/resest.com\/ca\/wp-json\/wp\/v2\/comments?post=4583"}],"version-history":[{"count":0,"href":"https:\/\/resest.com\/ca\/wp-json\/wp\/v2\/posts\/4583\/revisions"}],"wp:featuredmedia":[{"embeddable":true,"href":"https:\/\/resest.com\/ca\/wp-json\/wp\/v2\/media\/4576"}],"wp:attachment":[{"href":"https:\/\/resest.com\/ca\/wp-json\/wp\/v2\/media?parent=4583"}],"wp:term":[{"taxonomy":"category","embeddable":true,"href":"https:\/\/resest.com\/ca\/wp-json\/wp\/v2\/categories?post=4583"},{"taxonomy":"post_tag","embeddable":true,"href":"https:\/\/resest.com\/ca\/wp-json\/wp\/v2\/tags?post=4583"}],"curies":[{"name":"wp","href":"https:\/\/api.w.org\/{rel}","templated":true}]}}