{"id":4506,"date":"2016-06-14T12:00:17","date_gmt":"2016-06-14T11:00:17","guid":{"rendered":"http:\/\/resest.com\/?p=4506"},"modified":"2016-06-15T09:55:33","modified_gmt":"2016-06-15T08:55:33","slug":"promocio-destiu-residencia-destudiants-lestacio","status":"publish","type":"post","link":"https:\/\/resest.com\/ca\/blog\/promocio-destiu-residencia-destudiants-lestacio\/","title":{"rendered":"Promoci\u00f3 d&#8217;estiu Resid\u00e8ncia d&#8217;Estudiants l&#8217;Estaci\u00f3"},"content":{"rendered":"<p>Si planeges despla\u00e7ar-te a <a href=\"http:\/\/www.barcelona.cat\/ca\/\" target=\"_blank\">Barcelona<\/a> per algun curs o activitat, o per prendre unes merescudes vacances d&#8217;estiu, t&#8217;oferim <strong>una molt bona opci\u00f3 d&#8217;allotjament<\/strong> en unes <a href=\"https:\/\/resest.com\/installacions-residencia-estudiants-barcelona\/\" target=\"_blank\">instal\u00b7lacions modernes<\/a> i de qualitat a la <a href=\"https:\/\/www.youtube.com\/watch?v=hZeaMUJa_CU\" target=\"_blank\">Resid\u00e8ncia d&#8217;Estudiants l&#8217;Estaci\u00f3 de Sabadell<\/a>.<\/p>\n<p>Et convidem a relaxar-te gaudint del clima mediterrani. Disposem d&#8217;una <strong>\u00e0mplia terrassa panor\u00e0mica<\/strong>, moblada amb gandules, cadires\u00a0i taules, <strong>equipada amb Wifi<\/strong>, on prendre el sol durant el dia o la fresca durant la nit, contemplant les estrelles.<\/p>\n<p><a href=\"https:\/\/resest.com\/wp-content\/uploads\/2016\/05\/Terrassa-3.jpg\" rel=\"attachment wp-att-4355\"><img loading=\"lazy\" decoding=\"async\" class=\"aligncenter wp-image-4355\" title=\"Terrassa Residencia d'estiu\" src=\"https:\/\/resest.com\/wp-content\/uploads\/2016\/05\/Terrassa-3.jpg\" alt=\"Terrassa Residencia d'estiu\" width=\"546\" height=\"364\" srcset=\"https:\/\/resest.com\/wp-content\/uploads\/2016\/05\/Terrassa-3.jpg 6000w, https:\/\/resest.com\/wp-content\/uploads\/2016\/05\/Terrassa-3-300x200.jpg 300w, https:\/\/resest.com\/wp-content\/uploads\/2016\/05\/Terrassa-3-768x512.jpg 768w, https:\/\/resest.com\/wp-content\/uploads\/2016\/05\/Terrassa-3-1024x683.jpg 1024w\" sizes=\"auto, (max-width: 546px) 100vw, 546px\" \/><\/a><\/p>\n<p><a href=\"https:\/\/resest.com\/wp-content\/uploads\/2016\/05\/Terrassa-nit1.jpg\" rel=\"attachment wp-att-4351\"><img loading=\"lazy\" decoding=\"async\" class=\"aligncenter wp-image-4351\" title=\"Terrassa de la residencia d'estudiants\" src=\"https:\/\/resest.com\/wp-content\/uploads\/2016\/05\/Terrassa-nit1.jpg\" alt=\"Terrassa de la residencia d'estudiants\" width=\"547\" height=\"308\" srcset=\"https:\/\/resest.com\/wp-content\/uploads\/2016\/05\/Terrassa-nit1.jpg 4032w, https:\/\/resest.com\/wp-content\/uploads\/2016\/05\/Terrassa-nit1-300x169.jpg 300w, https:\/\/resest.com\/wp-content\/uploads\/2016\/05\/Terrassa-nit1-768x432.jpg 768w, https:\/\/resest.com\/wp-content\/uploads\/2016\/05\/Terrassa-nit1-1024x576.jpg 1024w\" sizes=\"auto, (max-width: 547px) 100vw, 547px\" \/><\/a><\/p>\n<p>&nbsp;<\/p>\n<p>Pots <strong>despla\u00e7ar-te al centre de Barcelona<\/strong>, \u200b\u200bamb tot el seu potencial cultural i tur\u00edstic a 35\/40 minuts en transport p\u00fablic i tamb\u00e9 a les seves platges, a on pots despla\u00e7ar-te en metro o autob\u00fas.<\/p>\n<p>Si ho desitges, et podem orientar ja sigui per realitzar <strong>visites tur\u00edstiques o culturals a Barcelona<\/strong> o excursions a llocs interessants dels voltants: <a href=\"https:\/\/ca.wikipedia.org\/wiki\/Monestir_de_Montserrat\" target=\"_blank\">Monestir de Montserrat<\/a>, visites a les <a href=\"http:\/\/www.turismesantsadurni.com\/index.php?idm=ca\" target=\"_blank\">caves de Sant Sadurn\u00ed d&#8217;Anoia<\/a>, <a href=\"http:\/\/www.visitsitges.com\/ca\/\" target=\"_blank\">Sitges<\/a> amb les seves platges, etc. Sempre en transport p\u00fablic, en sortides de durada entre 6 a 8 hores, segons el temps lliure que disposis i <strong>a costos molt redu\u00efts<\/strong>.<\/p>\n<p><a href=\"https:\/\/resest.com\/wp-content\/uploads\/2016\/06\/monasterio-montserrat-IMG_1682-d72.jpg\" rel=\"attachment wp-att-4528\"><img loading=\"lazy\" decoding=\"async\" class=\"aligncenter wp-image-4528\" title=\"Montserrat\" src=\"https:\/\/resest.com\/wp-content\/uploads\/2016\/06\/monasterio-montserrat-IMG_1682-d72.jpg\" alt=\"Montserrat\" width=\"575\" height=\"324\" srcset=\"https:\/\/resest.com\/wp-content\/uploads\/2016\/06\/monasterio-montserrat-IMG_1682-d72.jpg 1000w, https:\/\/resest.com\/wp-content\/uploads\/2016\/06\/monasterio-montserrat-IMG_1682-d72-300x169.jpg 300w, https:\/\/resest.com\/wp-content\/uploads\/2016\/06\/monasterio-montserrat-IMG_1682-d72-768x432.jpg 768w\" sizes=\"auto, (max-width: 575px) 100vw, 575px\" \/><\/a><\/p>\n<p>Pots trobar m\u00e9s informaci\u00f3 de la nostra Resid\u00e8ncia Estudiantil prop de Barcelona a la p\u00e0gina web <strong><a href=\"https:\/\/resest.com\" target=\"_blank\">Resest.com<\/a><\/strong>, amb fotografies, v\u00eddeo i una <strong><a href=\"https:\/\/www.google.es\/maps\/uv?hl=ca&amp;pb=!1s0x12a494ff49ace5a5%3A0xe07222649a9390e3!2m5!2m2!1i80!2i80!3m1!2i100!3m1!7e115!4s%2Fmaps%2Fplace%2FResidencia%2Bde%2BEstudiantes%2Bl%27Estaci%25C3%25B3%2Bde%2BSabadell%2F%4041.5432677%2C2.1013121%2C3a%2C75y%2C82.62h%2C90t%2Fdata%3D*213m4*211e1*213m2*211s8ltSICTeEQcAAAQvOzWwOQ*212e0*214m2*213m1*211s0x0%3A0xe07222649a9390e3!5sResidencia%20de%20Estudiantes%20l%27Estaci%C3%B3%20de%20Sabadell%20-%20Cerca%20amb%20Google&amp;imagekey=!1e2!2sObUtjcDeeXsAAAQvOzWwHA&amp;sa=X&amp;ved=0ahUKEwjxtr6kq6fNAhVHVRoKHdjgAIUQoB8IdzAK\" target=\"_blank\">visita virtual<\/a><\/strong> que acabem d&#8217;incorporar, a trav\u00e9s de la qual\u00a0podr\u00e0s rec\u00f3rrer totes les nostres estances a la teva comoditat, pujant i baixant de plantes a trav\u00e9s de la llista de pisos que trobar\u00e0s a la dreta de la visita.<\/p>\n<p>Sol\u00b7licita les nostres <strong>tarifes especials d&#8217;estiu<\/strong> en indicant dates aproximades d&#8217;entrada i sortida omplint l&#8217;impr\u00e8s de <a href=\"https:\/\/resest.com\/sollicitud-de-placa-residencia-estudiants-bellatera-barcelona\/\" target=\"_blank\">Sol\u00b7licitud de Pla\u00e7a<\/a> de la nostra web, i adjuntant una c\u00f2pia del teu document d&#8217;identitat o passaport.<\/p>\n<p>A les nostres instal\u00b7lacions i sense cap cost afegit trobar\u00e0s <strong>una cuina amb tots els utenisilis necessaris<\/strong> per cuinar pel teu compte, aix\u00ed com la coberteria i la vaixella.<\/p>\n<p>T&#8217;esperem llavors, i recorda que si tens qualsevol dubte o necessites m\u00e9s informaci\u00f3 pots <a href=\"https:\/\/resest.com\/contactar-allotjament-estudiantil-bellaterra-barcelona\/\" target=\"_blank\">contactar amb nosaltres<\/a> a trav\u00e9s del nostre web, per correu electr\u00f2nic a <a href=\"mailto:info@resest.com\" target=\"_blank\">info@resest.com<\/a> o per tel\u00e8fon al <strong>616.989.342<\/strong>.<\/p>\n<p>Fins aviat!<\/p>\n","protected":false},"excerpt":{"rendered":"<p>Si planeges despla\u00e7ar-te a Barcelona per algun curs o activitat, o per prendre unes merescudes vacances d&#8217;estiu, t&#8217;oferim una molt bona opci\u00f3 d&#8217;allotjament en unes instal\u00b7lacions modernes i de qualitat a la Resid\u00e8ncia d&#8217;Estudiants l&#8217;Estaci\u00f3 de Sabadell. Et convidem a relaxar-te gaudint del clima mediterrani. Disposem d&#8217;una \u00e0mplia terrassa panor\u00e0mica, moblada amb gandules, cadires\u00a0i taules,&hellip;<\/p>\n","protected":false},"author":3,"featured_media":0,"comment_status":"open","ping_status":"open","sticky":false,"template":"","format":"standard","meta":{"footnotes":""},"categories":[6],"tags":[],"class_list":["post-4506","post","type-post","status-publish","format-standard","hentry","category-blog","entry","no-media"],"yoast_head":"<!-- This site is optimized with the Yoast SEO plugin v26.4 - https:\/\/yoast.com\/wordpress\/plugins\/seo\/ -->\n<title>Promoci\u00f3 d&#039;estiu Resid\u00e8ncia d&#039;Estudiants\u00a0l&#039;Estaci\u00f3 - Resest<\/title>\n<meta name=\"description\" content=\"Coneix les tarifes estiu Resid\u00e8ncia d\u2019Estudiants l\u2019Estaci\u00f3 que ofereixen als visitants de Barcelona, Sabadell y rodalies. Ubicaci\u00f3 e instal\u00b7lacions ideals.\" \/>\n<meta name=\"robots\" content=\"index, follow, max-snippet:-1, max-image-preview:large, max-video-preview:-1\" \/>\n<link rel=\"canonical\" href=\"https:\/\/resest.com\/ca\/blog\/promocio-destiu-residencia-destudiants-lestacio\/\" \/>\n<meta property=\"og:locale\" content=\"ca_ES\" \/>\n<meta property=\"og:type\" content=\"article\" \/>\n<meta property=\"og:title\" content=\"Promoci\u00f3 d&#039;estiu Resid\u00e8ncia d&#039;Estudiants\u00a0l&#039;Estaci\u00f3 - Resest\" \/>\n<meta property=\"og:description\" content=\"Coneix les tarifes estiu Resid\u00e8ncia d\u2019Estudiants l\u2019Estaci\u00f3 que ofereixen als visitants de Barcelona, Sabadell y rodalies. Ubicaci\u00f3 e instal\u00b7lacions ideals.\" \/>\n<meta property=\"og:url\" content=\"https:\/\/resest.com\/ca\/blog\/promocio-destiu-residencia-destudiants-lestacio\/\" \/>\n<meta property=\"og:site_name\" content=\"Resid\u00e8ncia d&#039;Estudiants l&#039;Estaci\u00f3 de Sabadell | Resest\" \/>\n<meta property=\"article:published_time\" content=\"2016-06-14T11:00:17+00:00\" \/>\n<meta property=\"article:modified_time\" content=\"2016-06-15T08:55:33+00:00\" \/>\n<meta property=\"og:image\" content=\"https:\/\/resest.com\/wp-content\/uploads\/2016\/05\/Terrassa-3.jpg\" \/>\n<meta name=\"author\" content=\"Resest\" \/>\n<meta name=\"twitter:label1\" content=\"Written by\" \/>\n\t<meta name=\"twitter:data1\" content=\"Resest\" \/>\n\t<meta name=\"twitter:label2\" content=\"Est. reading time\" \/>\n\t<meta name=\"twitter:data2\" content=\"2 minutes\" \/>\n<script type=\"application\/ld+json\" class=\"yoast-schema-graph\">{\"@context\":\"https:\/\/schema.org\",\"@graph\":[{\"@type\":\"Article\",\"@id\":\"https:\/\/resest.com\/ca\/blog\/promocio-destiu-residencia-destudiants-lestacio\/#article\",\"isPartOf\":{\"@id\":\"https:\/\/resest.com\/ca\/blog\/promocio-destiu-residencia-destudiants-lestacio\/\"},\"author\":{\"name\":\"Resest\",\"@id\":\"https:\/\/resest.com\/ca\/#\/schema\/person\/f66d2b5dae2cd0a989ab720dd211d2a9\"},\"headline\":\"Promoci\u00f3 d&#8217;estiu Resid\u00e8ncia d&#8217;Estudiants l&#8217;Estaci\u00f3\",\"datePublished\":\"2016-06-14T11:00:17+00:00\",\"dateModified\":\"2016-06-15T08:55:33+00:00\",\"mainEntityOfPage\":{\"@id\":\"https:\/\/resest.com\/ca\/blog\/promocio-destiu-residencia-destudiants-lestacio\/\"},\"wordCount\":385,\"commentCount\":0,\"publisher\":{\"@id\":\"https:\/\/resest.com\/ca\/#organization\"},\"image\":{\"@id\":\"https:\/\/resest.com\/ca\/blog\/promocio-destiu-residencia-destudiants-lestacio\/#primaryimage\"},\"thumbnailUrl\":\"https:\/\/resest.com\/wp-content\/uploads\/2016\/05\/Terrassa-3.jpg\",\"articleSection\":[\"Blog\"],\"inLanguage\":\"ca-ES\",\"potentialAction\":[{\"@type\":\"CommentAction\",\"name\":\"Comment\",\"target\":[\"https:\/\/resest.com\/ca\/blog\/promocio-destiu-residencia-destudiants-lestacio\/#respond\"]}]},{\"@type\":\"WebPage\",\"@id\":\"https:\/\/resest.com\/ca\/blog\/promocio-destiu-residencia-destudiants-lestacio\/\",\"url\":\"https:\/\/resest.com\/ca\/blog\/promocio-destiu-residencia-destudiants-lestacio\/\",\"name\":\"Promoci\u00f3 d'estiu Resid\u00e8ncia d'Estudiants\u00a0l'Estaci\u00f3 - Resest\",\"isPartOf\":{\"@id\":\"https:\/\/resest.com\/ca\/#website\"},\"primaryImageOfPage\":{\"@id\":\"https:\/\/resest.com\/ca\/blog\/promocio-destiu-residencia-destudiants-lestacio\/#primaryimage\"},\"image\":{\"@id\":\"https:\/\/resest.com\/ca\/blog\/promocio-destiu-residencia-destudiants-lestacio\/#primaryimage\"},\"thumbnailUrl\":\"https:\/\/resest.com\/wp-content\/uploads\/2016\/05\/Terrassa-3.jpg\",\"datePublished\":\"2016-06-14T11:00:17+00:00\",\"dateModified\":\"2016-06-15T08:55:33+00:00\",\"description\":\"Coneix les tarifes estiu Resid\u00e8ncia d\u2019Estudiants l\u2019Estaci\u00f3 que ofereixen als visitants de Barcelona, Sabadell y rodalies. Ubicaci\u00f3 e instal\u00b7lacions ideals.\",\"breadcrumb\":{\"@id\":\"https:\/\/resest.com\/ca\/blog\/promocio-destiu-residencia-destudiants-lestacio\/#breadcrumb\"},\"inLanguage\":\"ca-ES\",\"potentialAction\":[{\"@type\":\"ReadAction\",\"target\":[\"https:\/\/resest.com\/ca\/blog\/promocio-destiu-residencia-destudiants-lestacio\/\"]}]},{\"@type\":\"ImageObject\",\"inLanguage\":\"ca-ES\",\"@id\":\"https:\/\/resest.com\/ca\/blog\/promocio-destiu-residencia-destudiants-lestacio\/#primaryimage\",\"url\":\"https:\/\/resest.com\/wp-content\/uploads\/2016\/05\/Terrassa-3.jpg\",\"contentUrl\":\"https:\/\/resest.com\/wp-content\/uploads\/2016\/05\/Terrassa-3.jpg\"},{\"@type\":\"BreadcrumbList\",\"@id\":\"https:\/\/resest.com\/ca\/blog\/promocio-destiu-residencia-destudiants-lestacio\/#breadcrumb\",\"itemListElement\":[{\"@type\":\"ListItem\",\"position\":1,\"name\":\"Inici\",\"item\":\"https:\/\/resest.com\/ca\/\"},{\"@type\":\"ListItem\",\"position\":2,\"name\":\"Promoci\u00f3 d&#8217;estiu Resid\u00e8ncia d&#8217;Estudiants l&#8217;Estaci\u00f3\"}]},{\"@type\":\"WebSite\",\"@id\":\"https:\/\/resest.com\/ca\/#website\",\"url\":\"https:\/\/resest.com\/ca\/\",\"name\":\"Resid\u00e8ncia d&#039;Estudiants l&#039;Estaci\u00f3 de Sabadell | Resest\",\"description\":\"Prop de l\u2019Universitat Aut\u00f2noma de Barcelona (UAB)\",\"publisher\":{\"@id\":\"https:\/\/resest.com\/ca\/#organization\"},\"potentialAction\":[{\"@type\":\"SearchAction\",\"target\":{\"@type\":\"EntryPoint\",\"urlTemplate\":\"https:\/\/resest.com\/ca\/?s={search_term_string}\"},\"query-input\":{\"@type\":\"PropertyValueSpecification\",\"valueRequired\":true,\"valueName\":\"search_term_string\"}}],\"inLanguage\":\"ca-ES\"},{\"@type\":\"Organization\",\"@id\":\"https:\/\/resest.com\/ca\/#organization\",\"name\":\"Resid\u00e8ncia d&#039;Estudiants l&#039;Estaci\u00f3 de Sabadell | Resest\",\"url\":\"https:\/\/resest.com\/ca\/\",\"logo\":{\"@type\":\"ImageObject\",\"inLanguage\":\"ca-ES\",\"@id\":\"https:\/\/resest.com\/ca\/#\/schema\/logo\/image\/\",\"url\":\"https:\/\/resest.com\/wp-content\/uploads\/2024\/03\/Facana-1.jpg\",\"contentUrl\":\"https:\/\/resest.com\/wp-content\/uploads\/2024\/03\/Facana-1.jpg\",\"width\":1200,\"height\":1009,\"caption\":\"Resid\u00e8ncia d&#039;Estudiants l&#039;Estaci\u00f3 de Sabadell | Resest\"},\"image\":{\"@id\":\"https:\/\/resest.com\/ca\/#\/schema\/logo\/image\/\"}},{\"@type\":\"Person\",\"@id\":\"https:\/\/resest.com\/ca\/#\/schema\/person\/f66d2b5dae2cd0a989ab720dd211d2a9\",\"name\":\"Resest\",\"image\":{\"@type\":\"ImageObject\",\"inLanguage\":\"ca-ES\",\"@id\":\"https:\/\/resest.com\/ca\/#\/schema\/person\/image\/\",\"url\":\"https:\/\/secure.gravatar.com\/avatar\/a5d542eca874617a8a62a45c724821a615f770cf5bde5e61a93a7a2562faba7a?s=96&d=mm&r=g\",\"contentUrl\":\"https:\/\/secure.gravatar.com\/avatar\/a5d542eca874617a8a62a45c724821a615f770cf5bde5e61a93a7a2562faba7a?s=96&d=mm&r=g\",\"caption\":\"Resest\"},\"url\":\"https:\/\/resest.com\/ca\/author\/resest\/\"}]}<\/script>\n<!-- \/ Yoast SEO plugin. -->","yoast_head_json":{"title":"Promoci\u00f3 d'estiu Resid\u00e8ncia d'Estudiants\u00a0l'Estaci\u00f3 - Resest","description":"Coneix les tarifes estiu Resid\u00e8ncia d\u2019Estudiants l\u2019Estaci\u00f3 que ofereixen als visitants de Barcelona, Sabadell y rodalies. Ubicaci\u00f3 e instal\u00b7lacions ideals.","robots":{"index":"index","follow":"follow","max-snippet":"max-snippet:-1","max-image-preview":"max-image-preview:large","max-video-preview":"max-video-preview:-1"},"canonical":"https:\/\/resest.com\/ca\/blog\/promocio-destiu-residencia-destudiants-lestacio\/","og_locale":"ca_ES","og_type":"article","og_title":"Promoci\u00f3 d'estiu Resid\u00e8ncia d'Estudiants\u00a0l'Estaci\u00f3 - Resest","og_description":"Coneix les tarifes estiu Resid\u00e8ncia d\u2019Estudiants l\u2019Estaci\u00f3 que ofereixen als visitants de Barcelona, Sabadell y rodalies. Ubicaci\u00f3 e instal\u00b7lacions ideals.","og_url":"https:\/\/resest.com\/ca\/blog\/promocio-destiu-residencia-destudiants-lestacio\/","og_site_name":"Resid\u00e8ncia d&#039;Estudiants l&#039;Estaci\u00f3 de Sabadell | Resest","article_published_time":"2016-06-14T11:00:17+00:00","article_modified_time":"2016-06-15T08:55:33+00:00","og_image":[{"url":"https:\/\/resest.com\/wp-content\/uploads\/2016\/05\/Terrassa-3.jpg","type":"","width":"","height":""}],"author":"Resest","twitter_misc":{"Written by":"Resest","Est. reading time":"2 minutes"},"schema":{"@context":"https:\/\/schema.org","@graph":[{"@type":"Article","@id":"https:\/\/resest.com\/ca\/blog\/promocio-destiu-residencia-destudiants-lestacio\/#article","isPartOf":{"@id":"https:\/\/resest.com\/ca\/blog\/promocio-destiu-residencia-destudiants-lestacio\/"},"author":{"name":"Resest","@id":"https:\/\/resest.com\/ca\/#\/schema\/person\/f66d2b5dae2cd0a989ab720dd211d2a9"},"headline":"Promoci\u00f3 d&#8217;estiu Resid\u00e8ncia d&#8217;Estudiants l&#8217;Estaci\u00f3","datePublished":"2016-06-14T11:00:17+00:00","dateModified":"2016-06-15T08:55:33+00:00","mainEntityOfPage":{"@id":"https:\/\/resest.com\/ca\/blog\/promocio-destiu-residencia-destudiants-lestacio\/"},"wordCount":385,"commentCount":0,"publisher":{"@id":"https:\/\/resest.com\/ca\/#organization"},"image":{"@id":"https:\/\/resest.com\/ca\/blog\/promocio-destiu-residencia-destudiants-lestacio\/#primaryimage"},"thumbnailUrl":"https:\/\/resest.com\/wp-content\/uploads\/2016\/05\/Terrassa-3.jpg","articleSection":["Blog"],"inLanguage":"ca-ES","potentialAction":[{"@type":"CommentAction","name":"Comment","target":["https:\/\/resest.com\/ca\/blog\/promocio-destiu-residencia-destudiants-lestacio\/#respond"]}]},{"@type":"WebPage","@id":"https:\/\/resest.com\/ca\/blog\/promocio-destiu-residencia-destudiants-lestacio\/","url":"https:\/\/resest.com\/ca\/blog\/promocio-destiu-residencia-destudiants-lestacio\/","name":"Promoci\u00f3 d'estiu Resid\u00e8ncia d'Estudiants\u00a0l'Estaci\u00f3 - Resest","isPartOf":{"@id":"https:\/\/resest.com\/ca\/#website"},"primaryImageOfPage":{"@id":"https:\/\/resest.com\/ca\/blog\/promocio-destiu-residencia-destudiants-lestacio\/#primaryimage"},"image":{"@id":"https:\/\/resest.com\/ca\/blog\/promocio-destiu-residencia-destudiants-lestacio\/#primaryimage"},"thumbnailUrl":"https:\/\/resest.com\/wp-content\/uploads\/2016\/05\/Terrassa-3.jpg","datePublished":"2016-06-14T11:00:17+00:00","dateModified":"2016-06-15T08:55:33+00:00","description":"Coneix les tarifes estiu Resid\u00e8ncia d\u2019Estudiants l\u2019Estaci\u00f3 que ofereixen als visitants de Barcelona, Sabadell y rodalies. Ubicaci\u00f3 e instal\u00b7lacions ideals.","breadcrumb":{"@id":"https:\/\/resest.com\/ca\/blog\/promocio-destiu-residencia-destudiants-lestacio\/#breadcrumb"},"inLanguage":"ca-ES","potentialAction":[{"@type":"ReadAction","target":["https:\/\/resest.com\/ca\/blog\/promocio-destiu-residencia-destudiants-lestacio\/"]}]},{"@type":"ImageObject","inLanguage":"ca-ES","@id":"https:\/\/resest.com\/ca\/blog\/promocio-destiu-residencia-destudiants-lestacio\/#primaryimage","url":"https:\/\/resest.com\/wp-content\/uploads\/2016\/05\/Terrassa-3.jpg","contentUrl":"https:\/\/resest.com\/wp-content\/uploads\/2016\/05\/Terrassa-3.jpg"},{"@type":"BreadcrumbList","@id":"https:\/\/resest.com\/ca\/blog\/promocio-destiu-residencia-destudiants-lestacio\/#breadcrumb","itemListElement":[{"@type":"ListItem","position":1,"name":"Inici","item":"https:\/\/resest.com\/ca\/"},{"@type":"ListItem","position":2,"name":"Promoci\u00f3 d&#8217;estiu Resid\u00e8ncia d&#8217;Estudiants l&#8217;Estaci\u00f3"}]},{"@type":"WebSite","@id":"https:\/\/resest.com\/ca\/#website","url":"https:\/\/resest.com\/ca\/","name":"Resid\u00e8ncia d&#039;Estudiants l&#039;Estaci\u00f3 de Sabadell | Resest","description":"Prop de l\u2019Universitat Aut\u00f2noma de Barcelona (UAB)","publisher":{"@id":"https:\/\/resest.com\/ca\/#organization"},"potentialAction":[{"@type":"SearchAction","target":{"@type":"EntryPoint","urlTemplate":"https:\/\/resest.com\/ca\/?s={search_term_string}"},"query-input":{"@type":"PropertyValueSpecification","valueRequired":true,"valueName":"search_term_string"}}],"inLanguage":"ca-ES"},{"@type":"Organization","@id":"https:\/\/resest.com\/ca\/#organization","name":"Resid\u00e8ncia d&#039;Estudiants l&#039;Estaci\u00f3 de Sabadell | Resest","url":"https:\/\/resest.com\/ca\/","logo":{"@type":"ImageObject","inLanguage":"ca-ES","@id":"https:\/\/resest.com\/ca\/#\/schema\/logo\/image\/","url":"https:\/\/resest.com\/wp-content\/uploads\/2024\/03\/Facana-1.jpg","contentUrl":"https:\/\/resest.com\/wp-content\/uploads\/2024\/03\/Facana-1.jpg","width":1200,"height":1009,"caption":"Resid\u00e8ncia d&#039;Estudiants l&#039;Estaci\u00f3 de Sabadell | Resest"},"image":{"@id":"https:\/\/resest.com\/ca\/#\/schema\/logo\/image\/"}},{"@type":"Person","@id":"https:\/\/resest.com\/ca\/#\/schema\/person\/f66d2b5dae2cd0a989ab720dd211d2a9","name":"Resest","image":{"@type":"ImageObject","inLanguage":"ca-ES","@id":"https:\/\/resest.com\/ca\/#\/schema\/person\/image\/","url":"https:\/\/secure.gravatar.com\/avatar\/a5d542eca874617a8a62a45c724821a615f770cf5bde5e61a93a7a2562faba7a?s=96&d=mm&r=g","contentUrl":"https:\/\/secure.gravatar.com\/avatar\/a5d542eca874617a8a62a45c724821a615f770cf5bde5e61a93a7a2562faba7a?s=96&d=mm&r=g","caption":"Resest"},"url":"https:\/\/resest.com\/ca\/author\/resest\/"}]}},"_links":{"self":[{"href":"https:\/\/resest.com\/ca\/wp-json\/wp\/v2\/posts\/4506","targetHints":{"allow":["GET"]}}],"collection":[{"href":"https:\/\/resest.com\/ca\/wp-json\/wp\/v2\/posts"}],"about":[{"href":"https:\/\/resest.com\/ca\/wp-json\/wp\/v2\/types\/post"}],"author":[{"embeddable":true,"href":"https:\/\/resest.com\/ca\/wp-json\/wp\/v2\/users\/3"}],"replies":[{"embeddable":true,"href":"https:\/\/resest.com\/ca\/wp-json\/wp\/v2\/comments?post=4506"}],"version-history":[{"count":0,"href":"https:\/\/resest.com\/ca\/wp-json\/wp\/v2\/posts\/4506\/revisions"}],"wp:attachment":[{"href":"https:\/\/resest.com\/ca\/wp-json\/wp\/v2\/media?parent=4506"}],"wp:term":[{"taxonomy":"category","embeddable":true,"href":"https:\/\/resest.com\/ca\/wp-json\/wp\/v2\/categories?post=4506"},{"taxonomy":"post_tag","embeddable":true,"href":"https:\/\/resest.com\/ca\/wp-json\/wp\/v2\/tags?post=4506"}],"curies":[{"name":"wp","href":"https:\/\/api.w.org\/{rel}","templated":true}]}}