{"id":4161,"date":"2016-03-11T18:16:56","date_gmt":"2016-03-11T17:16:56","guid":{"rendered":"http:\/\/resest.com\/?p=4161"},"modified":"2016-03-21T18:00:44","modified_gmt":"2016-03-21T17:00:44","slug":"inscripcions-obertes-residencia-resest-a-sabadell","status":"publish","type":"post","link":"https:\/\/resest.com\/ca\/blog\/inscripcions-obertes-residencia-resest-a-sabadell\/","title":{"rendered":"Inscripcions Obertes curs 2016\/2017"},"content":{"rendered":"<p style=\"text-align: center;\">Ja estan obertes les inscripcions pel <strong><a href=\"http:\/\/lorientacio.blogspot.com.es\/2016\/01\/estudis-universitaris-catalunya-curs.html\" target=\"_blank\">proper curs universitari 2016\/2017<\/a><\/strong>, si est\u00e0s interessat\/da en allotjar-te a la nostra <strong>Resid\u00e8ncia Resest\u00a0a Sabadell<\/strong>, al curs vinent, contacta&#8217;ns a <strong><a href=\"mailto:info@resest.com\">info@resest.com<\/a><\/strong>,\u00a0al tel\u00e8fon <strong>93.726.13.48<\/strong> o b\u00e9 omple el formulari de <a href=\"https:\/\/resest.com\/sollicitud-de-placa\/\" target=\"_blank\"><strong>Sol\u00b7licitud de Pla\u00e7a<\/strong><\/a>, i ens posarem en contacte amb tu per facilitar-te tota la informaci\u00f3 que necessitis. Tamb\u00e9 pots <strong>fer-nos una visita<\/strong> per veure les <a href=\"https:\/\/resest.com\/installacions\/\" target=\"_blank\">nostres instal\u00b7lacions<\/a>.<\/p>\n<p style=\"text-align: center;\">T&#8217;esperem!<\/p>\n<p><a href=\"https:\/\/resest.com\/wp-content\/uploads\/2016\/03\/RENDERS-VISTA2-obra.jpg\" rel=\"attachment wp-att-4162\"><img loading=\"lazy\" decoding=\"async\" class=\"aligncenter wp-image-4162\" title=\"Resid\u00e8ncia Resest a Sabadell\" src=\"https:\/\/resest.com\/wp-content\/uploads\/2016\/03\/RENDERS-VISTA2-obra.jpg\" alt=\"Resid\u00e8ncia Resest a Sabadell\" width=\"409\" height=\"344\" srcset=\"https:\/\/resest.com\/wp-content\/uploads\/2016\/03\/RENDERS-VISTA2-obra.jpg 3456w, https:\/\/resest.com\/wp-content\/uploads\/2016\/03\/RENDERS-VISTA2-obra-300x252.jpg 300w, https:\/\/resest.com\/wp-content\/uploads\/2016\/03\/RENDERS-VISTA2-obra-768x646.jpg 768w, https:\/\/resest.com\/wp-content\/uploads\/2016\/03\/RENDERS-VISTA2-obra-1024x861.jpg 1024w\" sizes=\"auto, (max-width: 409px) 100vw, 409px\" \/><\/a> <a href=\"https:\/\/resest.com\/wp-content\/uploads\/2016\/03\/Recepcio.jpg\" rel=\"attachment wp-att-4166\"><img loading=\"lazy\" decoding=\"async\" class=\"aligncenter wp-image-4166\" title=\"Resid\u00e8ncia Resest a Sabadell\" src=\"https:\/\/resest.com\/wp-content\/uploads\/2016\/03\/Recepcio.jpg\" alt=\"Resid\u00e8ncia Resest a Sabadell\" width=\"417\" height=\"486\" srcset=\"https:\/\/resest.com\/wp-content\/uploads\/2016\/03\/Recepcio.jpg 1029w, https:\/\/resest.com\/wp-content\/uploads\/2016\/03\/Recepcio-257x300.jpg 257w, https:\/\/resest.com\/wp-content\/uploads\/2016\/03\/Recepcio-768x896.jpg 768w, https:\/\/resest.com\/wp-content\/uploads\/2016\/03\/Recepcio-878x1024.jpg 878w\" sizes=\"auto, (max-width: 417px) 100vw, 417px\" \/><\/a><\/p>\n<p>&nbsp;<\/p>\n<p>&nbsp;<\/p>\n<p>&nbsp;<\/p>\n","protected":false},"excerpt":{"rendered":"<p>Ja estan obertes les inscripcions pel proper curs universitari 2016\/2017, si est\u00e0s interessat\/da en allotjar-te a la nostra Resid\u00e8ncia Resest\u00a0a Sabadell, al curs vinent, contacta&#8217;ns a info@resest.com,\u00a0al tel\u00e8fon 93.726.13.48 o b\u00e9 omple el formulari de Sol\u00b7licitud de Pla\u00e7a, i ens posarem en contacte amb tu per facilitar-te tota la informaci\u00f3 que necessitis. Tamb\u00e9 pots fer-nos&hellip;<\/p>\n","protected":false},"author":3,"featured_media":0,"comment_status":"open","ping_status":"open","sticky":false,"template":"","format":"standard","meta":{"footnotes":""},"categories":[6],"tags":[],"class_list":["post-4161","post","type-post","status-publish","format-standard","hentry","category-blog","entry","no-media"],"yoast_head":"<!-- This site is optimized with the Yoast SEO plugin v26.4 - https:\/\/yoast.com\/wordpress\/plugins\/seo\/ -->\n<title>Inscripcions Obertes curs 2016\/2017\u00a0- Resid\u00e8ncia Resest\u00a0a Sabadell<\/title>\n<meta name=\"description\" content=\"Comencen les inscripcions a la\u00a0Resid\u00e8ncia Resest a Sabadell. Perfecte per estudiants de UB, UAB i rodalies. No ho dubtis i visita\u2019ns!\" \/>\n<meta name=\"robots\" content=\"index, follow, max-snippet:-1, max-image-preview:large, max-video-preview:-1\" \/>\n<link rel=\"canonical\" href=\"https:\/\/resest.com\/ca\/blog\/inscripcions-obertes-residencia-resest-a-sabadell\/\" \/>\n<meta property=\"og:locale\" content=\"ca_ES\" \/>\n<meta property=\"og:type\" content=\"article\" \/>\n<meta property=\"og:title\" content=\"Inscripcions Obertes curs 2016\/2017\u00a0- Resid\u00e8ncia Resest\u00a0a Sabadell\" \/>\n<meta property=\"og:description\" content=\"Comencen les inscripcions a la\u00a0Resid\u00e8ncia Resest a Sabadell. Perfecte per estudiants de UB, UAB i rodalies. No ho dubtis i visita\u2019ns!\" \/>\n<meta property=\"og:url\" content=\"https:\/\/resest.com\/ca\/blog\/inscripcions-obertes-residencia-resest-a-sabadell\/\" \/>\n<meta property=\"og:site_name\" content=\"Resid\u00e8ncia d&#039;Estudiants l&#039;Estaci\u00f3 de Sabadell | Resest\" \/>\n<meta property=\"article:published_time\" content=\"2016-03-11T17:16:56+00:00\" \/>\n<meta property=\"article:modified_time\" content=\"2016-03-21T17:00:44+00:00\" \/>\n<meta property=\"og:image\" content=\"https:\/\/resest.com\/wp-content\/uploads\/2016\/03\/RENDERS-VISTA2-obra.jpg\" \/>\n<meta name=\"author\" content=\"Resest\" \/>\n<meta name=\"twitter:label1\" content=\"Written by\" \/>\n\t<meta name=\"twitter:data1\" content=\"Resest\" \/>\n<script type=\"application\/ld+json\" class=\"yoast-schema-graph\">{\"@context\":\"https:\/\/schema.org\",\"@graph\":[{\"@type\":\"Article\",\"@id\":\"https:\/\/resest.com\/ca\/blog\/inscripcions-obertes-residencia-resest-a-sabadell\/#article\",\"isPartOf\":{\"@id\":\"https:\/\/resest.com\/ca\/blog\/inscripcions-obertes-residencia-resest-a-sabadell\/\"},\"author\":{\"name\":\"Resest\",\"@id\":\"https:\/\/resest.com\/ca\/#\/schema\/person\/f66d2b5dae2cd0a989ab720dd211d2a9\"},\"headline\":\"Inscripcions Obertes curs 2016\/2017\",\"datePublished\":\"2016-03-11T17:16:56+00:00\",\"dateModified\":\"2016-03-21T17:00:44+00:00\",\"mainEntityOfPage\":{\"@id\":\"https:\/\/resest.com\/ca\/blog\/inscripcions-obertes-residencia-resest-a-sabadell\/\"},\"wordCount\":80,\"commentCount\":0,\"publisher\":{\"@id\":\"https:\/\/resest.com\/ca\/#organization\"},\"image\":{\"@id\":\"https:\/\/resest.com\/ca\/blog\/inscripcions-obertes-residencia-resest-a-sabadell\/#primaryimage\"},\"thumbnailUrl\":\"https:\/\/resest.com\/wp-content\/uploads\/2016\/03\/RENDERS-VISTA2-obra.jpg\",\"articleSection\":[\"Blog\"],\"inLanguage\":\"ca-ES\",\"potentialAction\":[{\"@type\":\"CommentAction\",\"name\":\"Comment\",\"target\":[\"https:\/\/resest.com\/ca\/blog\/inscripcions-obertes-residencia-resest-a-sabadell\/#respond\"]}]},{\"@type\":\"WebPage\",\"@id\":\"https:\/\/resest.com\/ca\/blog\/inscripcions-obertes-residencia-resest-a-sabadell\/\",\"url\":\"https:\/\/resest.com\/ca\/blog\/inscripcions-obertes-residencia-resest-a-sabadell\/\",\"name\":\"Inscripcions Obertes curs 2016\/2017\u00a0- Resid\u00e8ncia Resest\u00a0a Sabadell\",\"isPartOf\":{\"@id\":\"https:\/\/resest.com\/ca\/#website\"},\"primaryImageOfPage\":{\"@id\":\"https:\/\/resest.com\/ca\/blog\/inscripcions-obertes-residencia-resest-a-sabadell\/#primaryimage\"},\"image\":{\"@id\":\"https:\/\/resest.com\/ca\/blog\/inscripcions-obertes-residencia-resest-a-sabadell\/#primaryimage\"},\"thumbnailUrl\":\"https:\/\/resest.com\/wp-content\/uploads\/2016\/03\/RENDERS-VISTA2-obra.jpg\",\"datePublished\":\"2016-03-11T17:16:56+00:00\",\"dateModified\":\"2016-03-21T17:00:44+00:00\",\"description\":\"Comencen les inscripcions a la\u00a0Resid\u00e8ncia Resest a Sabadell. Perfecte per estudiants de UB, UAB i rodalies. No ho dubtis i visita\u2019ns!\",\"breadcrumb\":{\"@id\":\"https:\/\/resest.com\/ca\/blog\/inscripcions-obertes-residencia-resest-a-sabadell\/#breadcrumb\"},\"inLanguage\":\"ca-ES\",\"potentialAction\":[{\"@type\":\"ReadAction\",\"target\":[\"https:\/\/resest.com\/ca\/blog\/inscripcions-obertes-residencia-resest-a-sabadell\/\"]}]},{\"@type\":\"ImageObject\",\"inLanguage\":\"ca-ES\",\"@id\":\"https:\/\/resest.com\/ca\/blog\/inscripcions-obertes-residencia-resest-a-sabadell\/#primaryimage\",\"url\":\"https:\/\/resest.com\/wp-content\/uploads\/2016\/03\/RENDERS-VISTA2-obra.jpg\",\"contentUrl\":\"https:\/\/resest.com\/wp-content\/uploads\/2016\/03\/RENDERS-VISTA2-obra.jpg\"},{\"@type\":\"BreadcrumbList\",\"@id\":\"https:\/\/resest.com\/ca\/blog\/inscripcions-obertes-residencia-resest-a-sabadell\/#breadcrumb\",\"itemListElement\":[{\"@type\":\"ListItem\",\"position\":1,\"name\":\"Inici\",\"item\":\"https:\/\/resest.com\/ca\/\"},{\"@type\":\"ListItem\",\"position\":2,\"name\":\"Inscripcions Obertes curs 2016\/2017\"}]},{\"@type\":\"WebSite\",\"@id\":\"https:\/\/resest.com\/ca\/#website\",\"url\":\"https:\/\/resest.com\/ca\/\",\"name\":\"Resid\u00e8ncia d&#039;Estudiants l&#039;Estaci\u00f3 de Sabadell | Resest\",\"description\":\"Prop de l\u2019Universitat Aut\u00f2noma de Barcelona (UAB)\",\"publisher\":{\"@id\":\"https:\/\/resest.com\/ca\/#organization\"},\"potentialAction\":[{\"@type\":\"SearchAction\",\"target\":{\"@type\":\"EntryPoint\",\"urlTemplate\":\"https:\/\/resest.com\/ca\/?s={search_term_string}\"},\"query-input\":{\"@type\":\"PropertyValueSpecification\",\"valueRequired\":true,\"valueName\":\"search_term_string\"}}],\"inLanguage\":\"ca-ES\"},{\"@type\":\"Organization\",\"@id\":\"https:\/\/resest.com\/ca\/#organization\",\"name\":\"Resid\u00e8ncia d&#039;Estudiants l&#039;Estaci\u00f3 de Sabadell | Resest\",\"url\":\"https:\/\/resest.com\/ca\/\",\"logo\":{\"@type\":\"ImageObject\",\"inLanguage\":\"ca-ES\",\"@id\":\"https:\/\/resest.com\/ca\/#\/schema\/logo\/image\/\",\"url\":\"https:\/\/resest.com\/wp-content\/uploads\/2024\/03\/Facana-1.jpg\",\"contentUrl\":\"https:\/\/resest.com\/wp-content\/uploads\/2024\/03\/Facana-1.jpg\",\"width\":1200,\"height\":1009,\"caption\":\"Resid\u00e8ncia d&#039;Estudiants l&#039;Estaci\u00f3 de Sabadell | Resest\"},\"image\":{\"@id\":\"https:\/\/resest.com\/ca\/#\/schema\/logo\/image\/\"}},{\"@type\":\"Person\",\"@id\":\"https:\/\/resest.com\/ca\/#\/schema\/person\/f66d2b5dae2cd0a989ab720dd211d2a9\",\"name\":\"Resest\",\"image\":{\"@type\":\"ImageObject\",\"inLanguage\":\"ca-ES\",\"@id\":\"https:\/\/resest.com\/ca\/#\/schema\/person\/image\/\",\"url\":\"https:\/\/secure.gravatar.com\/avatar\/a5d542eca874617a8a62a45c724821a615f770cf5bde5e61a93a7a2562faba7a?s=96&d=mm&r=g\",\"contentUrl\":\"https:\/\/secure.gravatar.com\/avatar\/a5d542eca874617a8a62a45c724821a615f770cf5bde5e61a93a7a2562faba7a?s=96&d=mm&r=g\",\"caption\":\"Resest\"},\"url\":\"https:\/\/resest.com\/ca\/author\/resest\/\"}]}<\/script>\n<!-- \/ Yoast SEO plugin. -->","yoast_head_json":{"title":"Inscripcions Obertes curs 2016\/2017\u00a0- Resid\u00e8ncia Resest\u00a0a Sabadell","description":"Comencen les inscripcions a la\u00a0Resid\u00e8ncia Resest a Sabadell. Perfecte per estudiants de UB, UAB i rodalies. No ho dubtis i visita\u2019ns!","robots":{"index":"index","follow":"follow","max-snippet":"max-snippet:-1","max-image-preview":"max-image-preview:large","max-video-preview":"max-video-preview:-1"},"canonical":"https:\/\/resest.com\/ca\/blog\/inscripcions-obertes-residencia-resest-a-sabadell\/","og_locale":"ca_ES","og_type":"article","og_title":"Inscripcions Obertes curs 2016\/2017\u00a0- Resid\u00e8ncia Resest\u00a0a Sabadell","og_description":"Comencen les inscripcions a la\u00a0Resid\u00e8ncia Resest a Sabadell. Perfecte per estudiants de UB, UAB i rodalies. No ho dubtis i visita\u2019ns!","og_url":"https:\/\/resest.com\/ca\/blog\/inscripcions-obertes-residencia-resest-a-sabadell\/","og_site_name":"Resid\u00e8ncia d&#039;Estudiants l&#039;Estaci\u00f3 de Sabadell | Resest","article_published_time":"2016-03-11T17:16:56+00:00","article_modified_time":"2016-03-21T17:00:44+00:00","og_image":[{"url":"https:\/\/resest.com\/wp-content\/uploads\/2016\/03\/RENDERS-VISTA2-obra.jpg","type":"","width":"","height":""}],"author":"Resest","twitter_misc":{"Written by":"Resest"},"schema":{"@context":"https:\/\/schema.org","@graph":[{"@type":"Article","@id":"https:\/\/resest.com\/ca\/blog\/inscripcions-obertes-residencia-resest-a-sabadell\/#article","isPartOf":{"@id":"https:\/\/resest.com\/ca\/blog\/inscripcions-obertes-residencia-resest-a-sabadell\/"},"author":{"name":"Resest","@id":"https:\/\/resest.com\/ca\/#\/schema\/person\/f66d2b5dae2cd0a989ab720dd211d2a9"},"headline":"Inscripcions Obertes curs 2016\/2017","datePublished":"2016-03-11T17:16:56+00:00","dateModified":"2016-03-21T17:00:44+00:00","mainEntityOfPage":{"@id":"https:\/\/resest.com\/ca\/blog\/inscripcions-obertes-residencia-resest-a-sabadell\/"},"wordCount":80,"commentCount":0,"publisher":{"@id":"https:\/\/resest.com\/ca\/#organization"},"image":{"@id":"https:\/\/resest.com\/ca\/blog\/inscripcions-obertes-residencia-resest-a-sabadell\/#primaryimage"},"thumbnailUrl":"https:\/\/resest.com\/wp-content\/uploads\/2016\/03\/RENDERS-VISTA2-obra.jpg","articleSection":["Blog"],"inLanguage":"ca-ES","potentialAction":[{"@type":"CommentAction","name":"Comment","target":["https:\/\/resest.com\/ca\/blog\/inscripcions-obertes-residencia-resest-a-sabadell\/#respond"]}]},{"@type":"WebPage","@id":"https:\/\/resest.com\/ca\/blog\/inscripcions-obertes-residencia-resest-a-sabadell\/","url":"https:\/\/resest.com\/ca\/blog\/inscripcions-obertes-residencia-resest-a-sabadell\/","name":"Inscripcions Obertes curs 2016\/2017\u00a0- Resid\u00e8ncia Resest\u00a0a Sabadell","isPartOf":{"@id":"https:\/\/resest.com\/ca\/#website"},"primaryImageOfPage":{"@id":"https:\/\/resest.com\/ca\/blog\/inscripcions-obertes-residencia-resest-a-sabadell\/#primaryimage"},"image":{"@id":"https:\/\/resest.com\/ca\/blog\/inscripcions-obertes-residencia-resest-a-sabadell\/#primaryimage"},"thumbnailUrl":"https:\/\/resest.com\/wp-content\/uploads\/2016\/03\/RENDERS-VISTA2-obra.jpg","datePublished":"2016-03-11T17:16:56+00:00","dateModified":"2016-03-21T17:00:44+00:00","description":"Comencen les inscripcions a la\u00a0Resid\u00e8ncia Resest a Sabadell. Perfecte per estudiants de UB, UAB i rodalies. No ho dubtis i visita\u2019ns!","breadcrumb":{"@id":"https:\/\/resest.com\/ca\/blog\/inscripcions-obertes-residencia-resest-a-sabadell\/#breadcrumb"},"inLanguage":"ca-ES","potentialAction":[{"@type":"ReadAction","target":["https:\/\/resest.com\/ca\/blog\/inscripcions-obertes-residencia-resest-a-sabadell\/"]}]},{"@type":"ImageObject","inLanguage":"ca-ES","@id":"https:\/\/resest.com\/ca\/blog\/inscripcions-obertes-residencia-resest-a-sabadell\/#primaryimage","url":"https:\/\/resest.com\/wp-content\/uploads\/2016\/03\/RENDERS-VISTA2-obra.jpg","contentUrl":"https:\/\/resest.com\/wp-content\/uploads\/2016\/03\/RENDERS-VISTA2-obra.jpg"},{"@type":"BreadcrumbList","@id":"https:\/\/resest.com\/ca\/blog\/inscripcions-obertes-residencia-resest-a-sabadell\/#breadcrumb","itemListElement":[{"@type":"ListItem","position":1,"name":"Inici","item":"https:\/\/resest.com\/ca\/"},{"@type":"ListItem","position":2,"name":"Inscripcions Obertes curs 2016\/2017"}]},{"@type":"WebSite","@id":"https:\/\/resest.com\/ca\/#website","url":"https:\/\/resest.com\/ca\/","name":"Resid\u00e8ncia d&#039;Estudiants l&#039;Estaci\u00f3 de Sabadell | Resest","description":"Prop de l\u2019Universitat Aut\u00f2noma de Barcelona (UAB)","publisher":{"@id":"https:\/\/resest.com\/ca\/#organization"},"potentialAction":[{"@type":"SearchAction","target":{"@type":"EntryPoint","urlTemplate":"https:\/\/resest.com\/ca\/?s={search_term_string}"},"query-input":{"@type":"PropertyValueSpecification","valueRequired":true,"valueName":"search_term_string"}}],"inLanguage":"ca-ES"},{"@type":"Organization","@id":"https:\/\/resest.com\/ca\/#organization","name":"Resid\u00e8ncia d&#039;Estudiants l&#039;Estaci\u00f3 de Sabadell | Resest","url":"https:\/\/resest.com\/ca\/","logo":{"@type":"ImageObject","inLanguage":"ca-ES","@id":"https:\/\/resest.com\/ca\/#\/schema\/logo\/image\/","url":"https:\/\/resest.com\/wp-content\/uploads\/2024\/03\/Facana-1.jpg","contentUrl":"https:\/\/resest.com\/wp-content\/uploads\/2024\/03\/Facana-1.jpg","width":1200,"height":1009,"caption":"Resid\u00e8ncia d&#039;Estudiants l&#039;Estaci\u00f3 de Sabadell | Resest"},"image":{"@id":"https:\/\/resest.com\/ca\/#\/schema\/logo\/image\/"}},{"@type":"Person","@id":"https:\/\/resest.com\/ca\/#\/schema\/person\/f66d2b5dae2cd0a989ab720dd211d2a9","name":"Resest","image":{"@type":"ImageObject","inLanguage":"ca-ES","@id":"https:\/\/resest.com\/ca\/#\/schema\/person\/image\/","url":"https:\/\/secure.gravatar.com\/avatar\/a5d542eca874617a8a62a45c724821a615f770cf5bde5e61a93a7a2562faba7a?s=96&d=mm&r=g","contentUrl":"https:\/\/secure.gravatar.com\/avatar\/a5d542eca874617a8a62a45c724821a615f770cf5bde5e61a93a7a2562faba7a?s=96&d=mm&r=g","caption":"Resest"},"url":"https:\/\/resest.com\/ca\/author\/resest\/"}]}},"_links":{"self":[{"href":"https:\/\/resest.com\/ca\/wp-json\/wp\/v2\/posts\/4161","targetHints":{"allow":["GET"]}}],"collection":[{"href":"https:\/\/resest.com\/ca\/wp-json\/wp\/v2\/posts"}],"about":[{"href":"https:\/\/resest.com\/ca\/wp-json\/wp\/v2\/types\/post"}],"author":[{"embeddable":true,"href":"https:\/\/resest.com\/ca\/wp-json\/wp\/v2\/users\/3"}],"replies":[{"embeddable":true,"href":"https:\/\/resest.com\/ca\/wp-json\/wp\/v2\/comments?post=4161"}],"version-history":[{"count":0,"href":"https:\/\/resest.com\/ca\/wp-json\/wp\/v2\/posts\/4161\/revisions"}],"wp:attachment":[{"href":"https:\/\/resest.com\/ca\/wp-json\/wp\/v2\/media?parent=4161"}],"wp:term":[{"taxonomy":"category","embeddable":true,"href":"https:\/\/resest.com\/ca\/wp-json\/wp\/v2\/categories?post=4161"},{"taxonomy":"post_tag","embeddable":true,"href":"https:\/\/resest.com\/ca\/wp-json\/wp\/v2\/tags?post=4161"}],"curies":[{"name":"wp","href":"https:\/\/api.w.org\/{rel}","templated":true}]}}