{"id":4146,"date":"2016-03-01T17:52:28","date_gmt":"2016-03-01T16:52:28","guid":{"rendered":"http:\/\/resest.com\/?p=4146"},"modified":"2016-03-21T17:51:15","modified_gmt":"2016-03-21T16:51:15","slug":"residencia-estudiants-resest-presenta-salo-de-ensenyament-2016","status":"publish","type":"post","link":"https:\/\/resest.com\/ca\/blog\/residencia-estudiants-resest-presenta-salo-de-ensenyament-2016\/","title":{"rendered":"Sal\u00f3 de l&#8217;Ensenyament 2016"},"content":{"rendered":"<p>Visita el <strong><a href=\"http:\/\/ensenyament.gencat.cat\/ca\/saloensenyament\/\" target=\"_blank\">Sal\u00f3 de l&#8217;Ensenyament<\/a><\/strong> al Recinte Firal de Montju\u00efc del 9 al 13 de mar\u00e7!<\/p>\n<p><a href=\"https:\/\/resest.com\/ubicacio\/\" target=\"_blank\"><img loading=\"lazy\" decoding=\"async\" class=\"alignnone\" title=\"Sal\u00f3 de l'Ensenyament\" src=\"http:\/\/www.uab.cat\/Imatge\/469\/135\/Salo3,0.jpg\" alt=\"Sal\u00f3 de l'Ensenyament\" width=\"470\" height=\"313\" \/><\/a><\/p>\n<p>Hi podr\u00e0s trobar una \u00e0mplia informaci\u00f3 de tota la <strong>oferta d&#8217;estudis actuals a Catalunya<\/strong>, i hi\u00a0participen expositors d\u2019estudis universitaris, d&#8217;altres estudis superiors, d\u2019estudis complementaris, de formaci\u00f3 professional i d&#8217;idiomes, de centres de batxillerat i de serveis per a l&#8217;educaci\u00f3.\u00a0Des de la <strong>residencia d&#8217;estudiants <a href=\"https:\/\/resest.com\/\" target=\"_blank\">Resest<\/a><\/strong> us\u00a0recomanem que hi feu una visita.<\/p>\n<p>Horaris:<\/p>\n<p>-De dimecres a divendres: de 9 a 19h<\/p>\n<p>-Dissabte: de 10 a 20h<\/p>\n<p>-Diumenge de 10 a 14h<\/p>\n<p>En la seg\u00fcent imatge s&#8217;hi detallen les activitats previstes, totes amb\u00a0<a href=\"http:\/\/ow.ly\/YSgBg\" target=\"_blank\">inscripci\u00f3 pr\u00e8via<\/a>.<\/p>\n<p><a href=\"https:\/\/resest.com\/wp-content\/uploads\/2016\/03\/edu1.jpg\" rel=\"attachment wp-att-4147\"><img loading=\"lazy\" decoding=\"async\" class=\"aligncenter wp-image-4147\" title=\"Sal\u00f3 de l'Ensenyament\" src=\"https:\/\/resest.com\/wp-content\/uploads\/2016\/03\/edu1.jpg\" alt=\"Sal\u00f3 de l'Ensenyament\" width=\"560\" height=\"559\" srcset=\"https:\/\/resest.com\/wp-content\/uploads\/2016\/03\/edu1.jpg 480w, https:\/\/resest.com\/wp-content\/uploads\/2016\/03\/edu1-150x150.jpg 150w, https:\/\/resest.com\/wp-content\/uploads\/2016\/03\/edu1-300x300.jpg 300w\" sizes=\"auto, (max-width: 560px) 100vw, 560px\" \/><\/a><\/p>\n<p>Per comprar l&#8217;entrada anticipada ho podeu fer en aquest <a href=\"http:\/\/www.ensenyament.com\/ca\/compra-entrades\" target=\"_blank\">enlla\u00e7<\/a>.<\/p>\n<p>&nbsp;<\/p>\n<p>&nbsp;<\/p>\n<p>&nbsp;<\/p>\n","protected":false},"excerpt":{"rendered":"<p>Visita el Sal\u00f3 de l&#8217;Ensenyament al Recinte Firal de Montju\u00efc del 9 al 13 de mar\u00e7! Hi podr\u00e0s trobar una \u00e0mplia informaci\u00f3 de tota la oferta d&#8217;estudis actuals a Catalunya, i hi\u00a0participen expositors d\u2019estudis universitaris, d&#8217;altres estudis superiors, d\u2019estudis complementaris, de formaci\u00f3 professional i d&#8217;idiomes, de centres de batxillerat i de serveis per a l&#8217;educaci\u00f3.\u00a0Des&hellip;<\/p>\n","protected":false},"author":3,"featured_media":0,"comment_status":"open","ping_status":"open","sticky":false,"template":"","format":"standard","meta":{"footnotes":""},"categories":[6],"tags":[],"class_list":["post-4146","post","type-post","status-publish","format-standard","hentry","category-blog","entry","no-media"],"yoast_head":"<!-- This site is optimized with the Yoast SEO plugin v26.4 - https:\/\/yoast.com\/wordpress\/plugins\/seo\/ -->\n<title>Sal\u00f3 de l&#039;Ensenyament 2016 -\u00a0Residencia d&#039;estudiants Resest<\/title>\n<meta name=\"description\" content=\"Des de la\u00a0residencia d&#039;estudiants Resest us aconsellem que no us perdeu el pr\u00f2xim\u00a0Sal\u00f3 de l&#039;Ensenyament 2016. Aqu\u00ed els horaris i la informaci\u00f3.\" \/>\n<meta name=\"robots\" content=\"index, follow, max-snippet:-1, max-image-preview:large, max-video-preview:-1\" \/>\n<link rel=\"canonical\" href=\"https:\/\/resest.com\/ca\/blog\/residencia-estudiants-resest-presenta-salo-de-ensenyament-2016\/\" \/>\n<meta property=\"og:locale\" content=\"ca_ES\" \/>\n<meta property=\"og:type\" content=\"article\" \/>\n<meta property=\"og:title\" content=\"Sal\u00f3 de l&#039;Ensenyament 2016 -\u00a0Residencia d&#039;estudiants Resest\" \/>\n<meta property=\"og:description\" content=\"Des de la\u00a0residencia d&#039;estudiants Resest us aconsellem que no us perdeu el pr\u00f2xim\u00a0Sal\u00f3 de l&#039;Ensenyament 2016. Aqu\u00ed els horaris i la informaci\u00f3.\" \/>\n<meta property=\"og:url\" content=\"https:\/\/resest.com\/ca\/blog\/residencia-estudiants-resest-presenta-salo-de-ensenyament-2016\/\" \/>\n<meta property=\"og:site_name\" content=\"Resid\u00e8ncia d&#039;Estudiants l&#039;Estaci\u00f3 de Sabadell | Resest\" \/>\n<meta property=\"article:published_time\" content=\"2016-03-01T16:52:28+00:00\" \/>\n<meta property=\"article:modified_time\" content=\"2016-03-21T16:51:15+00:00\" \/>\n<meta property=\"og:image\" content=\"http:\/\/www.uab.cat\/Imatge\/469\/135\/Salo3,0.jpg\" \/>\n<meta name=\"author\" content=\"Resest\" \/>\n<meta name=\"twitter:label1\" content=\"Written by\" \/>\n\t<meta name=\"twitter:data1\" content=\"Resest\" \/>\n\t<meta name=\"twitter:label2\" content=\"Est. reading time\" \/>\n\t<meta name=\"twitter:data2\" content=\"1 minute\" \/>\n<script type=\"application\/ld+json\" class=\"yoast-schema-graph\">{\"@context\":\"https:\/\/schema.org\",\"@graph\":[{\"@type\":\"Article\",\"@id\":\"https:\/\/resest.com\/ca\/blog\/residencia-estudiants-resest-presenta-salo-de-ensenyament-2016\/#article\",\"isPartOf\":{\"@id\":\"https:\/\/resest.com\/ca\/blog\/residencia-estudiants-resest-presenta-salo-de-ensenyament-2016\/\"},\"author\":{\"name\":\"Resest\",\"@id\":\"https:\/\/resest.com\/ca\/#\/schema\/person\/f66d2b5dae2cd0a989ab720dd211d2a9\"},\"headline\":\"Sal\u00f3 de l&#8217;Ensenyament 2016\",\"datePublished\":\"2016-03-01T16:52:28+00:00\",\"dateModified\":\"2016-03-21T16:51:15+00:00\",\"mainEntityOfPage\":{\"@id\":\"https:\/\/resest.com\/ca\/blog\/residencia-estudiants-resest-presenta-salo-de-ensenyament-2016\/\"},\"wordCount\":127,\"commentCount\":0,\"publisher\":{\"@id\":\"https:\/\/resest.com\/ca\/#organization\"},\"image\":{\"@id\":\"https:\/\/resest.com\/ca\/blog\/residencia-estudiants-resest-presenta-salo-de-ensenyament-2016\/#primaryimage\"},\"thumbnailUrl\":\"http:\/\/www.uab.cat\/Imatge\/469\/135\/Salo3,0.jpg\",\"articleSection\":[\"Blog\"],\"inLanguage\":\"ca-ES\",\"potentialAction\":[{\"@type\":\"CommentAction\",\"name\":\"Comment\",\"target\":[\"https:\/\/resest.com\/ca\/blog\/residencia-estudiants-resest-presenta-salo-de-ensenyament-2016\/#respond\"]}]},{\"@type\":\"WebPage\",\"@id\":\"https:\/\/resest.com\/ca\/blog\/residencia-estudiants-resest-presenta-salo-de-ensenyament-2016\/\",\"url\":\"https:\/\/resest.com\/ca\/blog\/residencia-estudiants-resest-presenta-salo-de-ensenyament-2016\/\",\"name\":\"Sal\u00f3 de l'Ensenyament 2016 -\u00a0Residencia d'estudiants Resest\",\"isPartOf\":{\"@id\":\"https:\/\/resest.com\/ca\/#website\"},\"primaryImageOfPage\":{\"@id\":\"https:\/\/resest.com\/ca\/blog\/residencia-estudiants-resest-presenta-salo-de-ensenyament-2016\/#primaryimage\"},\"image\":{\"@id\":\"https:\/\/resest.com\/ca\/blog\/residencia-estudiants-resest-presenta-salo-de-ensenyament-2016\/#primaryimage\"},\"thumbnailUrl\":\"http:\/\/www.uab.cat\/Imatge\/469\/135\/Salo3,0.jpg\",\"datePublished\":\"2016-03-01T16:52:28+00:00\",\"dateModified\":\"2016-03-21T16:51:15+00:00\",\"description\":\"Des de la\u00a0residencia d'estudiants Resest us aconsellem que no us perdeu el pr\u00f2xim\u00a0Sal\u00f3 de l'Ensenyament 2016. Aqu\u00ed els horaris i la informaci\u00f3.\",\"breadcrumb\":{\"@id\":\"https:\/\/resest.com\/ca\/blog\/residencia-estudiants-resest-presenta-salo-de-ensenyament-2016\/#breadcrumb\"},\"inLanguage\":\"ca-ES\",\"potentialAction\":[{\"@type\":\"ReadAction\",\"target\":[\"https:\/\/resest.com\/ca\/blog\/residencia-estudiants-resest-presenta-salo-de-ensenyament-2016\/\"]}]},{\"@type\":\"ImageObject\",\"inLanguage\":\"ca-ES\",\"@id\":\"https:\/\/resest.com\/ca\/blog\/residencia-estudiants-resest-presenta-salo-de-ensenyament-2016\/#primaryimage\",\"url\":\"http:\/\/www.uab.cat\/Imatge\/469\/135\/Salo3,0.jpg\",\"contentUrl\":\"http:\/\/www.uab.cat\/Imatge\/469\/135\/Salo3,0.jpg\"},{\"@type\":\"BreadcrumbList\",\"@id\":\"https:\/\/resest.com\/ca\/blog\/residencia-estudiants-resest-presenta-salo-de-ensenyament-2016\/#breadcrumb\",\"itemListElement\":[{\"@type\":\"ListItem\",\"position\":1,\"name\":\"Inici\",\"item\":\"https:\/\/resest.com\/ca\/\"},{\"@type\":\"ListItem\",\"position\":2,\"name\":\"Sal\u00f3 de l&#8217;Ensenyament 2016\"}]},{\"@type\":\"WebSite\",\"@id\":\"https:\/\/resest.com\/ca\/#website\",\"url\":\"https:\/\/resest.com\/ca\/\",\"name\":\"Resid\u00e8ncia d&#039;Estudiants l&#039;Estaci\u00f3 de Sabadell | Resest\",\"description\":\"Prop de l\u2019Universitat Aut\u00f2noma de Barcelona (UAB)\",\"publisher\":{\"@id\":\"https:\/\/resest.com\/ca\/#organization\"},\"potentialAction\":[{\"@type\":\"SearchAction\",\"target\":{\"@type\":\"EntryPoint\",\"urlTemplate\":\"https:\/\/resest.com\/ca\/?s={search_term_string}\"},\"query-input\":{\"@type\":\"PropertyValueSpecification\",\"valueRequired\":true,\"valueName\":\"search_term_string\"}}],\"inLanguage\":\"ca-ES\"},{\"@type\":\"Organization\",\"@id\":\"https:\/\/resest.com\/ca\/#organization\",\"name\":\"Resid\u00e8ncia d&#039;Estudiants l&#039;Estaci\u00f3 de Sabadell | Resest\",\"url\":\"https:\/\/resest.com\/ca\/\",\"logo\":{\"@type\":\"ImageObject\",\"inLanguage\":\"ca-ES\",\"@id\":\"https:\/\/resest.com\/ca\/#\/schema\/logo\/image\/\",\"url\":\"https:\/\/resest.com\/wp-content\/uploads\/2024\/03\/Facana-1.jpg\",\"contentUrl\":\"https:\/\/resest.com\/wp-content\/uploads\/2024\/03\/Facana-1.jpg\",\"width\":1200,\"height\":1009,\"caption\":\"Resid\u00e8ncia d&#039;Estudiants l&#039;Estaci\u00f3 de Sabadell | Resest\"},\"image\":{\"@id\":\"https:\/\/resest.com\/ca\/#\/schema\/logo\/image\/\"}},{\"@type\":\"Person\",\"@id\":\"https:\/\/resest.com\/ca\/#\/schema\/person\/f66d2b5dae2cd0a989ab720dd211d2a9\",\"name\":\"Resest\",\"image\":{\"@type\":\"ImageObject\",\"inLanguage\":\"ca-ES\",\"@id\":\"https:\/\/resest.com\/ca\/#\/schema\/person\/image\/\",\"url\":\"https:\/\/secure.gravatar.com\/avatar\/a5d542eca874617a8a62a45c724821a615f770cf5bde5e61a93a7a2562faba7a?s=96&d=mm&r=g\",\"contentUrl\":\"https:\/\/secure.gravatar.com\/avatar\/a5d542eca874617a8a62a45c724821a615f770cf5bde5e61a93a7a2562faba7a?s=96&d=mm&r=g\",\"caption\":\"Resest\"},\"url\":\"https:\/\/resest.com\/ca\/author\/resest\/\"}]}<\/script>\n<!-- \/ Yoast SEO plugin. -->","yoast_head_json":{"title":"Sal\u00f3 de l'Ensenyament 2016 -\u00a0Residencia d'estudiants Resest","description":"Des de la\u00a0residencia d'estudiants Resest us aconsellem que no us perdeu el pr\u00f2xim\u00a0Sal\u00f3 de l'Ensenyament 2016. Aqu\u00ed els horaris i la informaci\u00f3.","robots":{"index":"index","follow":"follow","max-snippet":"max-snippet:-1","max-image-preview":"max-image-preview:large","max-video-preview":"max-video-preview:-1"},"canonical":"https:\/\/resest.com\/ca\/blog\/residencia-estudiants-resest-presenta-salo-de-ensenyament-2016\/","og_locale":"ca_ES","og_type":"article","og_title":"Sal\u00f3 de l'Ensenyament 2016 -\u00a0Residencia d'estudiants Resest","og_description":"Des de la\u00a0residencia d'estudiants Resest us aconsellem que no us perdeu el pr\u00f2xim\u00a0Sal\u00f3 de l'Ensenyament 2016. Aqu\u00ed els horaris i la informaci\u00f3.","og_url":"https:\/\/resest.com\/ca\/blog\/residencia-estudiants-resest-presenta-salo-de-ensenyament-2016\/","og_site_name":"Resid\u00e8ncia d&#039;Estudiants l&#039;Estaci\u00f3 de Sabadell | Resest","article_published_time":"2016-03-01T16:52:28+00:00","article_modified_time":"2016-03-21T16:51:15+00:00","og_image":[{"url":"http:\/\/www.uab.cat\/Imatge\/469\/135\/Salo3,0.jpg","type":"","width":"","height":""}],"author":"Resest","twitter_misc":{"Written by":"Resest","Est. reading time":"1 minute"},"schema":{"@context":"https:\/\/schema.org","@graph":[{"@type":"Article","@id":"https:\/\/resest.com\/ca\/blog\/residencia-estudiants-resest-presenta-salo-de-ensenyament-2016\/#article","isPartOf":{"@id":"https:\/\/resest.com\/ca\/blog\/residencia-estudiants-resest-presenta-salo-de-ensenyament-2016\/"},"author":{"name":"Resest","@id":"https:\/\/resest.com\/ca\/#\/schema\/person\/f66d2b5dae2cd0a989ab720dd211d2a9"},"headline":"Sal\u00f3 de l&#8217;Ensenyament 2016","datePublished":"2016-03-01T16:52:28+00:00","dateModified":"2016-03-21T16:51:15+00:00","mainEntityOfPage":{"@id":"https:\/\/resest.com\/ca\/blog\/residencia-estudiants-resest-presenta-salo-de-ensenyament-2016\/"},"wordCount":127,"commentCount":0,"publisher":{"@id":"https:\/\/resest.com\/ca\/#organization"},"image":{"@id":"https:\/\/resest.com\/ca\/blog\/residencia-estudiants-resest-presenta-salo-de-ensenyament-2016\/#primaryimage"},"thumbnailUrl":"http:\/\/www.uab.cat\/Imatge\/469\/135\/Salo3,0.jpg","articleSection":["Blog"],"inLanguage":"ca-ES","potentialAction":[{"@type":"CommentAction","name":"Comment","target":["https:\/\/resest.com\/ca\/blog\/residencia-estudiants-resest-presenta-salo-de-ensenyament-2016\/#respond"]}]},{"@type":"WebPage","@id":"https:\/\/resest.com\/ca\/blog\/residencia-estudiants-resest-presenta-salo-de-ensenyament-2016\/","url":"https:\/\/resest.com\/ca\/blog\/residencia-estudiants-resest-presenta-salo-de-ensenyament-2016\/","name":"Sal\u00f3 de l'Ensenyament 2016 -\u00a0Residencia d'estudiants Resest","isPartOf":{"@id":"https:\/\/resest.com\/ca\/#website"},"primaryImageOfPage":{"@id":"https:\/\/resest.com\/ca\/blog\/residencia-estudiants-resest-presenta-salo-de-ensenyament-2016\/#primaryimage"},"image":{"@id":"https:\/\/resest.com\/ca\/blog\/residencia-estudiants-resest-presenta-salo-de-ensenyament-2016\/#primaryimage"},"thumbnailUrl":"http:\/\/www.uab.cat\/Imatge\/469\/135\/Salo3,0.jpg","datePublished":"2016-03-01T16:52:28+00:00","dateModified":"2016-03-21T16:51:15+00:00","description":"Des de la\u00a0residencia d'estudiants Resest us aconsellem que no us perdeu el pr\u00f2xim\u00a0Sal\u00f3 de l'Ensenyament 2016. Aqu\u00ed els horaris i la informaci\u00f3.","breadcrumb":{"@id":"https:\/\/resest.com\/ca\/blog\/residencia-estudiants-resest-presenta-salo-de-ensenyament-2016\/#breadcrumb"},"inLanguage":"ca-ES","potentialAction":[{"@type":"ReadAction","target":["https:\/\/resest.com\/ca\/blog\/residencia-estudiants-resest-presenta-salo-de-ensenyament-2016\/"]}]},{"@type":"ImageObject","inLanguage":"ca-ES","@id":"https:\/\/resest.com\/ca\/blog\/residencia-estudiants-resest-presenta-salo-de-ensenyament-2016\/#primaryimage","url":"http:\/\/www.uab.cat\/Imatge\/469\/135\/Salo3,0.jpg","contentUrl":"http:\/\/www.uab.cat\/Imatge\/469\/135\/Salo3,0.jpg"},{"@type":"BreadcrumbList","@id":"https:\/\/resest.com\/ca\/blog\/residencia-estudiants-resest-presenta-salo-de-ensenyament-2016\/#breadcrumb","itemListElement":[{"@type":"ListItem","position":1,"name":"Inici","item":"https:\/\/resest.com\/ca\/"},{"@type":"ListItem","position":2,"name":"Sal\u00f3 de l&#8217;Ensenyament 2016"}]},{"@type":"WebSite","@id":"https:\/\/resest.com\/ca\/#website","url":"https:\/\/resest.com\/ca\/","name":"Resid\u00e8ncia d&#039;Estudiants l&#039;Estaci\u00f3 de Sabadell | Resest","description":"Prop de l\u2019Universitat Aut\u00f2noma de Barcelona (UAB)","publisher":{"@id":"https:\/\/resest.com\/ca\/#organization"},"potentialAction":[{"@type":"SearchAction","target":{"@type":"EntryPoint","urlTemplate":"https:\/\/resest.com\/ca\/?s={search_term_string}"},"query-input":{"@type":"PropertyValueSpecification","valueRequired":true,"valueName":"search_term_string"}}],"inLanguage":"ca-ES"},{"@type":"Organization","@id":"https:\/\/resest.com\/ca\/#organization","name":"Resid\u00e8ncia d&#039;Estudiants l&#039;Estaci\u00f3 de Sabadell | Resest","url":"https:\/\/resest.com\/ca\/","logo":{"@type":"ImageObject","inLanguage":"ca-ES","@id":"https:\/\/resest.com\/ca\/#\/schema\/logo\/image\/","url":"https:\/\/resest.com\/wp-content\/uploads\/2024\/03\/Facana-1.jpg","contentUrl":"https:\/\/resest.com\/wp-content\/uploads\/2024\/03\/Facana-1.jpg","width":1200,"height":1009,"caption":"Resid\u00e8ncia d&#039;Estudiants l&#039;Estaci\u00f3 de Sabadell | Resest"},"image":{"@id":"https:\/\/resest.com\/ca\/#\/schema\/logo\/image\/"}},{"@type":"Person","@id":"https:\/\/resest.com\/ca\/#\/schema\/person\/f66d2b5dae2cd0a989ab720dd211d2a9","name":"Resest","image":{"@type":"ImageObject","inLanguage":"ca-ES","@id":"https:\/\/resest.com\/ca\/#\/schema\/person\/image\/","url":"https:\/\/secure.gravatar.com\/avatar\/a5d542eca874617a8a62a45c724821a615f770cf5bde5e61a93a7a2562faba7a?s=96&d=mm&r=g","contentUrl":"https:\/\/secure.gravatar.com\/avatar\/a5d542eca874617a8a62a45c724821a615f770cf5bde5e61a93a7a2562faba7a?s=96&d=mm&r=g","caption":"Resest"},"url":"https:\/\/resest.com\/ca\/author\/resest\/"}]}},"_links":{"self":[{"href":"https:\/\/resest.com\/ca\/wp-json\/wp\/v2\/posts\/4146","targetHints":{"allow":["GET"]}}],"collection":[{"href":"https:\/\/resest.com\/ca\/wp-json\/wp\/v2\/posts"}],"about":[{"href":"https:\/\/resest.com\/ca\/wp-json\/wp\/v2\/types\/post"}],"author":[{"embeddable":true,"href":"https:\/\/resest.com\/ca\/wp-json\/wp\/v2\/users\/3"}],"replies":[{"embeddable":true,"href":"https:\/\/resest.com\/ca\/wp-json\/wp\/v2\/comments?post=4146"}],"version-history":[{"count":0,"href":"https:\/\/resest.com\/ca\/wp-json\/wp\/v2\/posts\/4146\/revisions"}],"wp:attachment":[{"href":"https:\/\/resest.com\/ca\/wp-json\/wp\/v2\/media?parent=4146"}],"wp:term":[{"taxonomy":"category","embeddable":true,"href":"https:\/\/resest.com\/ca\/wp-json\/wp\/v2\/categories?post=4146"},{"taxonomy":"post_tag","embeddable":true,"href":"https:\/\/resest.com\/ca\/wp-json\/wp\/v2\/tags?post=4146"}],"curies":[{"name":"wp","href":"https:\/\/api.w.org\/{rel}","templated":true}]}}