{"id":4114,"date":"2016-02-12T18:57:49","date_gmt":"2016-02-12T17:57:49","guid":{"rendered":"http:\/\/resest.com\/?p=4114"},"modified":"2016-02-25T14:23:48","modified_gmt":"2016-02-25T13:23:48","slug":"santa-eulalia-llum-bcn-2016","status":"publish","type":"post","link":"https:\/\/resest.com\/ca\/blog\/santa-eulalia-llum-bcn-2016\/","title":{"rendered":"Santa Eul\u00e0lia i Llum BCN 2016"},"content":{"rendered":"<div>Aquest cap de setmana a Barcelona se celebren les <strong><a href=\"http:\/\/lameva.barcelona.cat\/santaeulalia\/\" target=\"_blank\">Festes de Santa Eula\u0300lia<\/a><\/strong>, copatrona de la ciutat. De l&#8217;11 al 14 de febrer la ciutat s&#8217;omple de celebracions tradicionals, i tamb\u00e9 se celebra el festival <a href=\"http:\/\/lameva.barcelona.cat\/santaeulalia\/llumbcn\" target=\"_blank\">LlumBCN<\/a>.<\/div>\n<div><\/div>\n<div>A continuaci\u00f3 teniu un resum de les activitats per aquests dies de les Festes de Santa Eul\u00e0lia:<\/div>\n<div><img loading=\"lazy\" decoding=\"async\" class=\"aligncenter wp-image-4120\" title=\"Festes de Santa Eula\u0300lia\" src=\"https:\/\/resest.com\/wp-content\/uploads\/2016\/02\/activitat954.jpg\" alt=\"Festes de Santa Eula\u0300lia\" width=\"419\" height=\"247\" srcset=\"https:\/\/resest.com\/wp-content\/uploads\/2016\/02\/activitat954.jpg 848w, https:\/\/resest.com\/wp-content\/uploads\/2016\/02\/activitat954-300x177.jpg 300w, https:\/\/resest.com\/wp-content\/uploads\/2016\/02\/activitat954-768x453.jpg 768w\" sizes=\"auto, (max-width: 419px) 100vw, 419px\" \/><\/div>\n<div><\/div>\n<div><strong>Dijous 11<\/strong>\u00a0<em>Protocols de l&#8217;\u00c0liga<\/em> a\u00a0Pla\u00e7a Sant Jaume a les 20h, on tamb\u00e9 hi haur\u00e0 l&#8217;espectagle inaugural.<\/div>\n<div><\/div>\n<div><strong>Divendres 12 <\/strong><em>balladeta de la Laia<\/em> (Cercavila) al Palau de la Virreina a les 8:45h<\/div>\n<div>A les 12h Sardanes a la pla\u00e7a Sant Jaume<\/div>\n<div>A les 18:30h passejada i ball de les Laies a la pla\u00e7a Sant Josep Oriol .<\/div>\n<div>A les 21h s&#8217;inicia a la pla\u00e7a del Pedr\u00f3 la <em>Ruta Eulalienca<\/em> un itinerari nocturn per la llegenda de Santa Eul\u00e0lia (pr\u00e8via inscripci\u00f3)<\/div>\n<div><\/div>\n<div><strong>Dissabte 13<\/strong> a les 16h\u00a0IX ballada i cercavila dels Gegantons a la pla\u00e7a Comercial.<\/div>\n<div>A les 18:30 Correfocs a la pla\u00e7a Sant Jaume.<\/div>\n<div><\/div>\n<div><strong>Diumenge 14<\/strong> Diada castellera amb les colles de <strong><a href=\"https:\/\/resest.com\/ubicacio\/\" target=\"_blank\">Barcelona<\/a><\/strong> i els capgrossos de Matar\u00f3 a les 12:30h.<\/div>\n<div>A les 17h al Palau de la Vierreina, seguici de la imatgeria de Matar\u00f3, ciutat convidada a les Festes de Sta. Eul\u00e0lia.<\/div>\n<div>A les 20h <em>correfocs a la pla\u00e7a Nova<\/em>.<\/div>\n<div><\/div>\n<div>Si voleu consultar informaci\u00f3 sobre el <strong>Festival LLUM BARCELONA<\/strong>, (itineraris, mappings, espectacles&#8230;) ho podeu fer en aquesta\u00a0<strong><a href=\"http:\/\/lameva.barcelona.cat\/santaeulalia\/llumbcn\" target=\"_blank\">web<\/a><\/strong><\/div>\n<div><\/div>\n<div><strong><a href=\"https:\/\/resest.com\/wp-content\/uploads\/2016\/02\/descarga.jpg\" rel=\"attachment wp-att-4116\"><img loading=\"lazy\" decoding=\"async\" class=\"aligncenter wp-image-4116\" title=\"Festival LLUM BARCELONA\" src=\"https:\/\/resest.com\/wp-content\/uploads\/2016\/02\/descarga.jpg\" alt=\"Festival LLUM BARCELONA\" width=\"326\" height=\"326\" srcset=\"https:\/\/resest.com\/wp-content\/uploads\/2016\/02\/descarga.jpg 225w, https:\/\/resest.com\/wp-content\/uploads\/2016\/02\/descarga-150x150.jpg 150w\" sizes=\"auto, (max-width: 326px) 100vw, 326px\" \/><\/a> <a href=\"https:\/\/resest.com\/wp-content\/uploads\/2016\/02\/activitat954.jpg\" rel=\"attachment wp-att-4120\"><br \/>\n<\/a><\/strong>.<\/div>\n<div><\/div>\n<div><\/div>\n<div><\/div>\n<div><\/div>\n<div><\/div>\n<div><\/div>\n<div><\/div>\n<div><\/div>\n<div><\/div>\n","protected":false},"excerpt":{"rendered":"<p>Aquest cap de setmana a Barcelona se celebren les Festes de Santa Eula\u0300lia, copatrona de la ciutat. De l&#8217;11 al 14 de febrer la ciutat s&#8217;omple de celebracions tradicionals, i tamb\u00e9 se celebra el festival LlumBCN. A continuaci\u00f3 teniu un resum de les activitats per aquests dies de les Festes de Santa Eul\u00e0lia: Dijous 11\u00a0Protocols&hellip;<\/p>\n","protected":false},"author":3,"featured_media":0,"comment_status":"open","ping_status":"open","sticky":false,"template":"","format":"standard","meta":{"footnotes":""},"categories":[6],"tags":[],"class_list":["post-4114","post","type-post","status-publish","format-standard","hentry","category-blog","entry","no-media"],"yoast_head":"<!-- This site is optimized with the Yoast SEO plugin v26.4 - https:\/\/yoast.com\/wordpress\/plugins\/seo\/ -->\n<title>Santa Eul\u00e0lia i Llum BCN 2016 - Resid\u00e8ncia d&#039;Estudiants l&#039;Estaci\u00f3 de Sabadell | Resest<\/title>\n<meta name=\"description\" content=\"Celebraci\u00f3 de Santa Eul\u00e0lia i\u00a0Llum BCN 2016 a la ciutat de Barcelona. Resest, residencia d&#039;estudiants de la zona convida a gaudir d&#039;aquets esdeveniments.\" \/>\n<meta name=\"robots\" content=\"index, follow, max-snippet:-1, max-image-preview:large, max-video-preview:-1\" \/>\n<link rel=\"canonical\" href=\"https:\/\/resest.com\/ca\/blog\/santa-eulalia-llum-bcn-2016\/\" \/>\n<meta property=\"og:locale\" content=\"ca_ES\" \/>\n<meta property=\"og:type\" content=\"article\" \/>\n<meta property=\"og:title\" content=\"Santa Eul\u00e0lia i Llum BCN 2016 - Resid\u00e8ncia d&#039;Estudiants l&#039;Estaci\u00f3 de Sabadell | Resest\" \/>\n<meta property=\"og:description\" content=\"Celebraci\u00f3 de Santa Eul\u00e0lia i\u00a0Llum BCN 2016 a la ciutat de Barcelona. Resest, residencia d&#039;estudiants de la zona convida a gaudir d&#039;aquets esdeveniments.\" \/>\n<meta property=\"og:url\" content=\"https:\/\/resest.com\/ca\/blog\/santa-eulalia-llum-bcn-2016\/\" \/>\n<meta property=\"og:site_name\" content=\"Resid\u00e8ncia d&#039;Estudiants l&#039;Estaci\u00f3 de Sabadell | Resest\" \/>\n<meta property=\"article:published_time\" content=\"2016-02-12T17:57:49+00:00\" \/>\n<meta property=\"article:modified_time\" content=\"2016-02-25T13:23:48+00:00\" \/>\n<meta property=\"og:image\" content=\"https:\/\/resest.com\/wp-content\/uploads\/2016\/02\/activitat954.jpg\" \/>\n<meta name=\"author\" content=\"Resest\" \/>\n<meta name=\"twitter:label1\" content=\"Written by\" \/>\n\t<meta name=\"twitter:data1\" content=\"Resest\" \/>\n\t<meta name=\"twitter:label2\" content=\"Est. reading time\" \/>\n\t<meta name=\"twitter:data2\" content=\"1 minute\" \/>\n<script type=\"application\/ld+json\" class=\"yoast-schema-graph\">{\"@context\":\"https:\/\/schema.org\",\"@graph\":[{\"@type\":\"Article\",\"@id\":\"https:\/\/resest.com\/ca\/blog\/santa-eulalia-llum-bcn-2016\/#article\",\"isPartOf\":{\"@id\":\"https:\/\/resest.com\/ca\/blog\/santa-eulalia-llum-bcn-2016\/\"},\"author\":{\"name\":\"Resest\",\"@id\":\"https:\/\/resest.com\/ca\/#\/schema\/person\/f66d2b5dae2cd0a989ab720dd211d2a9\"},\"headline\":\"Santa Eul\u00e0lia i Llum BCN 2016\",\"datePublished\":\"2016-02-12T17:57:49+00:00\",\"dateModified\":\"2016-02-25T13:23:48+00:00\",\"mainEntityOfPage\":{\"@id\":\"https:\/\/resest.com\/ca\/blog\/santa-eulalia-llum-bcn-2016\/\"},\"wordCount\":238,\"commentCount\":0,\"publisher\":{\"@id\":\"https:\/\/resest.com\/ca\/#organization\"},\"image\":{\"@id\":\"https:\/\/resest.com\/ca\/blog\/santa-eulalia-llum-bcn-2016\/#primaryimage\"},\"thumbnailUrl\":\"https:\/\/resest.com\/wp-content\/uploads\/2016\/02\/activitat954.jpg\",\"articleSection\":[\"Blog\"],\"inLanguage\":\"ca-ES\",\"potentialAction\":[{\"@type\":\"CommentAction\",\"name\":\"Comment\",\"target\":[\"https:\/\/resest.com\/ca\/blog\/santa-eulalia-llum-bcn-2016\/#respond\"]}]},{\"@type\":\"WebPage\",\"@id\":\"https:\/\/resest.com\/ca\/blog\/santa-eulalia-llum-bcn-2016\/\",\"url\":\"https:\/\/resest.com\/ca\/blog\/santa-eulalia-llum-bcn-2016\/\",\"name\":\"Santa Eul\u00e0lia i Llum BCN 2016 - Resid\u00e8ncia d&#039;Estudiants l&#039;Estaci\u00f3 de Sabadell | Resest\",\"isPartOf\":{\"@id\":\"https:\/\/resest.com\/ca\/#website\"},\"primaryImageOfPage\":{\"@id\":\"https:\/\/resest.com\/ca\/blog\/santa-eulalia-llum-bcn-2016\/#primaryimage\"},\"image\":{\"@id\":\"https:\/\/resest.com\/ca\/blog\/santa-eulalia-llum-bcn-2016\/#primaryimage\"},\"thumbnailUrl\":\"https:\/\/resest.com\/wp-content\/uploads\/2016\/02\/activitat954.jpg\",\"datePublished\":\"2016-02-12T17:57:49+00:00\",\"dateModified\":\"2016-02-25T13:23:48+00:00\",\"description\":\"Celebraci\u00f3 de Santa Eul\u00e0lia i\u00a0Llum BCN 2016 a la ciutat de Barcelona. Resest, residencia d'estudiants de la zona convida a gaudir d'aquets esdeveniments.\",\"breadcrumb\":{\"@id\":\"https:\/\/resest.com\/ca\/blog\/santa-eulalia-llum-bcn-2016\/#breadcrumb\"},\"inLanguage\":\"ca-ES\",\"potentialAction\":[{\"@type\":\"ReadAction\",\"target\":[\"https:\/\/resest.com\/ca\/blog\/santa-eulalia-llum-bcn-2016\/\"]}]},{\"@type\":\"ImageObject\",\"inLanguage\":\"ca-ES\",\"@id\":\"https:\/\/resest.com\/ca\/blog\/santa-eulalia-llum-bcn-2016\/#primaryimage\",\"url\":\"https:\/\/resest.com\/wp-content\/uploads\/2016\/02\/activitat954.jpg\",\"contentUrl\":\"https:\/\/resest.com\/wp-content\/uploads\/2016\/02\/activitat954.jpg\"},{\"@type\":\"BreadcrumbList\",\"@id\":\"https:\/\/resest.com\/ca\/blog\/santa-eulalia-llum-bcn-2016\/#breadcrumb\",\"itemListElement\":[{\"@type\":\"ListItem\",\"position\":1,\"name\":\"Inici\",\"item\":\"https:\/\/resest.com\/ca\/\"},{\"@type\":\"ListItem\",\"position\":2,\"name\":\"Santa Eul\u00e0lia i Llum BCN 2016\"}]},{\"@type\":\"WebSite\",\"@id\":\"https:\/\/resest.com\/ca\/#website\",\"url\":\"https:\/\/resest.com\/ca\/\",\"name\":\"Resid\u00e8ncia d&#039;Estudiants l&#039;Estaci\u00f3 de Sabadell | Resest\",\"description\":\"Prop de l\u2019Universitat Aut\u00f2noma de Barcelona (UAB)\",\"publisher\":{\"@id\":\"https:\/\/resest.com\/ca\/#organization\"},\"potentialAction\":[{\"@type\":\"SearchAction\",\"target\":{\"@type\":\"EntryPoint\",\"urlTemplate\":\"https:\/\/resest.com\/ca\/?s={search_term_string}\"},\"query-input\":{\"@type\":\"PropertyValueSpecification\",\"valueRequired\":true,\"valueName\":\"search_term_string\"}}],\"inLanguage\":\"ca-ES\"},{\"@type\":\"Organization\",\"@id\":\"https:\/\/resest.com\/ca\/#organization\",\"name\":\"Resid\u00e8ncia d&#039;Estudiants l&#039;Estaci\u00f3 de Sabadell | Resest\",\"url\":\"https:\/\/resest.com\/ca\/\",\"logo\":{\"@type\":\"ImageObject\",\"inLanguage\":\"ca-ES\",\"@id\":\"https:\/\/resest.com\/ca\/#\/schema\/logo\/image\/\",\"url\":\"https:\/\/resest.com\/wp-content\/uploads\/2024\/03\/Facana-1.jpg\",\"contentUrl\":\"https:\/\/resest.com\/wp-content\/uploads\/2024\/03\/Facana-1.jpg\",\"width\":1200,\"height\":1009,\"caption\":\"Resid\u00e8ncia d&#039;Estudiants l&#039;Estaci\u00f3 de Sabadell | Resest\"},\"image\":{\"@id\":\"https:\/\/resest.com\/ca\/#\/schema\/logo\/image\/\"}},{\"@type\":\"Person\",\"@id\":\"https:\/\/resest.com\/ca\/#\/schema\/person\/f66d2b5dae2cd0a989ab720dd211d2a9\",\"name\":\"Resest\",\"image\":{\"@type\":\"ImageObject\",\"inLanguage\":\"ca-ES\",\"@id\":\"https:\/\/resest.com\/ca\/#\/schema\/person\/image\/\",\"url\":\"https:\/\/secure.gravatar.com\/avatar\/a5d542eca874617a8a62a45c724821a615f770cf5bde5e61a93a7a2562faba7a?s=96&d=mm&r=g\",\"contentUrl\":\"https:\/\/secure.gravatar.com\/avatar\/a5d542eca874617a8a62a45c724821a615f770cf5bde5e61a93a7a2562faba7a?s=96&d=mm&r=g\",\"caption\":\"Resest\"},\"url\":\"https:\/\/resest.com\/ca\/author\/resest\/\"}]}<\/script>\n<!-- \/ Yoast SEO plugin. -->","yoast_head_json":{"title":"Santa Eul\u00e0lia i Llum BCN 2016 - Resid\u00e8ncia d&#039;Estudiants l&#039;Estaci\u00f3 de Sabadell | Resest","description":"Celebraci\u00f3 de Santa Eul\u00e0lia i\u00a0Llum BCN 2016 a la ciutat de Barcelona. Resest, residencia d'estudiants de la zona convida a gaudir d'aquets esdeveniments.","robots":{"index":"index","follow":"follow","max-snippet":"max-snippet:-1","max-image-preview":"max-image-preview:large","max-video-preview":"max-video-preview:-1"},"canonical":"https:\/\/resest.com\/ca\/blog\/santa-eulalia-llum-bcn-2016\/","og_locale":"ca_ES","og_type":"article","og_title":"Santa Eul\u00e0lia i Llum BCN 2016 - Resid\u00e8ncia d&#039;Estudiants l&#039;Estaci\u00f3 de Sabadell | Resest","og_description":"Celebraci\u00f3 de Santa Eul\u00e0lia i\u00a0Llum BCN 2016 a la ciutat de Barcelona. Resest, residencia d'estudiants de la zona convida a gaudir d'aquets esdeveniments.","og_url":"https:\/\/resest.com\/ca\/blog\/santa-eulalia-llum-bcn-2016\/","og_site_name":"Resid\u00e8ncia d&#039;Estudiants l&#039;Estaci\u00f3 de Sabadell | Resest","article_published_time":"2016-02-12T17:57:49+00:00","article_modified_time":"2016-02-25T13:23:48+00:00","og_image":[{"url":"https:\/\/resest.com\/wp-content\/uploads\/2016\/02\/activitat954.jpg","type":"","width":"","height":""}],"author":"Resest","twitter_misc":{"Written by":"Resest","Est. reading time":"1 minute"},"schema":{"@context":"https:\/\/schema.org","@graph":[{"@type":"Article","@id":"https:\/\/resest.com\/ca\/blog\/santa-eulalia-llum-bcn-2016\/#article","isPartOf":{"@id":"https:\/\/resest.com\/ca\/blog\/santa-eulalia-llum-bcn-2016\/"},"author":{"name":"Resest","@id":"https:\/\/resest.com\/ca\/#\/schema\/person\/f66d2b5dae2cd0a989ab720dd211d2a9"},"headline":"Santa Eul\u00e0lia i Llum BCN 2016","datePublished":"2016-02-12T17:57:49+00:00","dateModified":"2016-02-25T13:23:48+00:00","mainEntityOfPage":{"@id":"https:\/\/resest.com\/ca\/blog\/santa-eulalia-llum-bcn-2016\/"},"wordCount":238,"commentCount":0,"publisher":{"@id":"https:\/\/resest.com\/ca\/#organization"},"image":{"@id":"https:\/\/resest.com\/ca\/blog\/santa-eulalia-llum-bcn-2016\/#primaryimage"},"thumbnailUrl":"https:\/\/resest.com\/wp-content\/uploads\/2016\/02\/activitat954.jpg","articleSection":["Blog"],"inLanguage":"ca-ES","potentialAction":[{"@type":"CommentAction","name":"Comment","target":["https:\/\/resest.com\/ca\/blog\/santa-eulalia-llum-bcn-2016\/#respond"]}]},{"@type":"WebPage","@id":"https:\/\/resest.com\/ca\/blog\/santa-eulalia-llum-bcn-2016\/","url":"https:\/\/resest.com\/ca\/blog\/santa-eulalia-llum-bcn-2016\/","name":"Santa Eul\u00e0lia i Llum BCN 2016 - Resid\u00e8ncia d&#039;Estudiants l&#039;Estaci\u00f3 de Sabadell | Resest","isPartOf":{"@id":"https:\/\/resest.com\/ca\/#website"},"primaryImageOfPage":{"@id":"https:\/\/resest.com\/ca\/blog\/santa-eulalia-llum-bcn-2016\/#primaryimage"},"image":{"@id":"https:\/\/resest.com\/ca\/blog\/santa-eulalia-llum-bcn-2016\/#primaryimage"},"thumbnailUrl":"https:\/\/resest.com\/wp-content\/uploads\/2016\/02\/activitat954.jpg","datePublished":"2016-02-12T17:57:49+00:00","dateModified":"2016-02-25T13:23:48+00:00","description":"Celebraci\u00f3 de Santa Eul\u00e0lia i\u00a0Llum BCN 2016 a la ciutat de Barcelona. Resest, residencia d'estudiants de la zona convida a gaudir d'aquets esdeveniments.","breadcrumb":{"@id":"https:\/\/resest.com\/ca\/blog\/santa-eulalia-llum-bcn-2016\/#breadcrumb"},"inLanguage":"ca-ES","potentialAction":[{"@type":"ReadAction","target":["https:\/\/resest.com\/ca\/blog\/santa-eulalia-llum-bcn-2016\/"]}]},{"@type":"ImageObject","inLanguage":"ca-ES","@id":"https:\/\/resest.com\/ca\/blog\/santa-eulalia-llum-bcn-2016\/#primaryimage","url":"https:\/\/resest.com\/wp-content\/uploads\/2016\/02\/activitat954.jpg","contentUrl":"https:\/\/resest.com\/wp-content\/uploads\/2016\/02\/activitat954.jpg"},{"@type":"BreadcrumbList","@id":"https:\/\/resest.com\/ca\/blog\/santa-eulalia-llum-bcn-2016\/#breadcrumb","itemListElement":[{"@type":"ListItem","position":1,"name":"Inici","item":"https:\/\/resest.com\/ca\/"},{"@type":"ListItem","position":2,"name":"Santa Eul\u00e0lia i Llum BCN 2016"}]},{"@type":"WebSite","@id":"https:\/\/resest.com\/ca\/#website","url":"https:\/\/resest.com\/ca\/","name":"Resid\u00e8ncia d&#039;Estudiants l&#039;Estaci\u00f3 de Sabadell | Resest","description":"Prop de l\u2019Universitat Aut\u00f2noma de Barcelona (UAB)","publisher":{"@id":"https:\/\/resest.com\/ca\/#organization"},"potentialAction":[{"@type":"SearchAction","target":{"@type":"EntryPoint","urlTemplate":"https:\/\/resest.com\/ca\/?s={search_term_string}"},"query-input":{"@type":"PropertyValueSpecification","valueRequired":true,"valueName":"search_term_string"}}],"inLanguage":"ca-ES"},{"@type":"Organization","@id":"https:\/\/resest.com\/ca\/#organization","name":"Resid\u00e8ncia d&#039;Estudiants l&#039;Estaci\u00f3 de Sabadell | Resest","url":"https:\/\/resest.com\/ca\/","logo":{"@type":"ImageObject","inLanguage":"ca-ES","@id":"https:\/\/resest.com\/ca\/#\/schema\/logo\/image\/","url":"https:\/\/resest.com\/wp-content\/uploads\/2024\/03\/Facana-1.jpg","contentUrl":"https:\/\/resest.com\/wp-content\/uploads\/2024\/03\/Facana-1.jpg","width":1200,"height":1009,"caption":"Resid\u00e8ncia d&#039;Estudiants l&#039;Estaci\u00f3 de Sabadell | Resest"},"image":{"@id":"https:\/\/resest.com\/ca\/#\/schema\/logo\/image\/"}},{"@type":"Person","@id":"https:\/\/resest.com\/ca\/#\/schema\/person\/f66d2b5dae2cd0a989ab720dd211d2a9","name":"Resest","image":{"@type":"ImageObject","inLanguage":"ca-ES","@id":"https:\/\/resest.com\/ca\/#\/schema\/person\/image\/","url":"https:\/\/secure.gravatar.com\/avatar\/a5d542eca874617a8a62a45c724821a615f770cf5bde5e61a93a7a2562faba7a?s=96&d=mm&r=g","contentUrl":"https:\/\/secure.gravatar.com\/avatar\/a5d542eca874617a8a62a45c724821a615f770cf5bde5e61a93a7a2562faba7a?s=96&d=mm&r=g","caption":"Resest"},"url":"https:\/\/resest.com\/ca\/author\/resest\/"}]}},"_links":{"self":[{"href":"https:\/\/resest.com\/ca\/wp-json\/wp\/v2\/posts\/4114","targetHints":{"allow":["GET"]}}],"collection":[{"href":"https:\/\/resest.com\/ca\/wp-json\/wp\/v2\/posts"}],"about":[{"href":"https:\/\/resest.com\/ca\/wp-json\/wp\/v2\/types\/post"}],"author":[{"embeddable":true,"href":"https:\/\/resest.com\/ca\/wp-json\/wp\/v2\/users\/3"}],"replies":[{"embeddable":true,"href":"https:\/\/resest.com\/ca\/wp-json\/wp\/v2\/comments?post=4114"}],"version-history":[{"count":0,"href":"https:\/\/resest.com\/ca\/wp-json\/wp\/v2\/posts\/4114\/revisions"}],"wp:attachment":[{"href":"https:\/\/resest.com\/ca\/wp-json\/wp\/v2\/media?parent=4114"}],"wp:term":[{"taxonomy":"category","embeddable":true,"href":"https:\/\/resest.com\/ca\/wp-json\/wp\/v2\/categories?post=4114"},{"taxonomy":"post_tag","embeddable":true,"href":"https:\/\/resest.com\/ca\/wp-json\/wp\/v2\/tags?post=4114"}],"curies":[{"name":"wp","href":"https:\/\/api.w.org\/{rel}","templated":true}]}}