{"id":4045,"date":"2016-01-29T18:53:07","date_gmt":"2016-01-29T17:53:07","guid":{"rendered":"http:\/\/resest.com\/?p=4045"},"modified":"2016-02-09T18:58:53","modified_gmt":"2016-02-09T17:58:53","slug":"la-residencia-estrena-nova-zona-destudi","status":"publish","type":"post","link":"https:\/\/resest.com\/ca\/blog\/la-residencia-estrena-nova-zona-destudi\/","title":{"rendered":"La Resid\u00e8ncia estrena nova zona d&#8217;estudi!"},"content":{"rendered":"<p style=\"text-align: center;\">La nostra <a href=\"https:\/\/resest.com\/\" target=\"_blank\">Resid\u00e8ncia d&#8217;estudiants<\/a> estrena una <strong>nova zona d&#8217;estudi<\/strong>, perqu\u00e8 tots els residents en puguin gaudir i puguin estudiar amb les millors condicions.<\/p>\n<p style=\"text-align: center;\"><a href=\"https:\/\/resest.com\/installacions\/\" target=\"_blank\" rel=\"attachment wp-att-4046\"><img loading=\"lazy\" decoding=\"async\" class=\"aligncenter wp-image-4046 size-full\" title=\"zona d'estudi\" src=\"https:\/\/resest.com\/wp-content\/uploads\/2016\/01\/IMG_20160127_161131.jpg\" alt=\"zona d'estudi\" width=\"3264\" height=\"2448\" srcset=\"https:\/\/resest.com\/wp-content\/uploads\/2016\/01\/IMG_20160127_161131.jpg 3264w, https:\/\/resest.com\/wp-content\/uploads\/2016\/01\/IMG_20160127_161131-300x225.jpg 300w, https:\/\/resest.com\/wp-content\/uploads\/2016\/01\/IMG_20160127_161131-768x576.jpg 768w, https:\/\/resest.com\/wp-content\/uploads\/2016\/01\/IMG_20160127_161131-1024x768.jpg 1024w\" sizes=\"auto, (max-width: 3264px) 100vw, 3264px\" \/><\/a> <a href=\"https:\/\/resest.com\/la-residencia\/\" target=\"_blank\" rel=\"attachment wp-att-4050\"><img loading=\"lazy\" decoding=\"async\" class=\"aligncenter wp-image-4050 size-full\" title=\"zona d'estudi resid\u00e8ncia\" src=\"https:\/\/resest.com\/wp-content\/uploads\/2016\/01\/IMG_20160127_161148.jpg\" alt=\"zona d'estudi resid\u00e8ncia\" width=\"3264\" height=\"2448\" srcset=\"https:\/\/resest.com\/wp-content\/uploads\/2016\/01\/IMG_20160127_161148.jpg 3264w, https:\/\/resest.com\/wp-content\/uploads\/2016\/01\/IMG_20160127_161148-300x225.jpg 300w, https:\/\/resest.com\/wp-content\/uploads\/2016\/01\/IMG_20160127_161148-768x576.jpg 768w, https:\/\/resest.com\/wp-content\/uploads\/2016\/01\/IMG_20160127_161148-1024x768.jpg 1024w\" sizes=\"auto, (max-width: 3264px) 100vw, 3264px\" \/><\/a><\/p>\n<p style=\"text-align: center;\">Qu\u00e8 us sembla?<\/p>\n<p style=\"text-align: center;\">\n","protected":false},"excerpt":{"rendered":"<p>La nostra Resid\u00e8ncia d&#8217;estudiants estrena una nova zona d&#8217;estudi, perqu\u00e8 tots els residents en puguin gaudir i puguin estudiar amb les millors condicions. Qu\u00e8 us sembla?<\/p>\n","protected":false},"author":3,"featured_media":0,"comment_status":"open","ping_status":"open","sticky":false,"template":"","format":"standard","meta":{"footnotes":""},"categories":[6],"tags":[],"class_list":["post-4045","post","type-post","status-publish","format-standard","hentry","category-blog","entry","no-media"],"yoast_head":"<!-- This site is optimized with the Yoast SEO plugin v26.4 - https:\/\/yoast.com\/wordpress\/plugins\/seo\/ -->\n<title>La Resid\u00e8ncia estrena nova zona d&#039;estudi! - Resid\u00e8ncia d&#039;Estudiants l&#039;Estaci\u00f3 de Sabadell | Resest<\/title>\n<meta name=\"description\" content=\"Vine a veure les instal\u00b7lacions de Resest, allotjament per estudiants a Barcelona i Sabadell. Tot completament equipat com aquesta nova zona d&#039;estudi.\" \/>\n<meta name=\"robots\" content=\"index, follow, max-snippet:-1, max-image-preview:large, max-video-preview:-1\" \/>\n<link rel=\"canonical\" href=\"https:\/\/resest.com\/ca\/blog\/la-residencia-estrena-nova-zona-destudi\/\" \/>\n<meta property=\"og:locale\" content=\"ca_ES\" \/>\n<meta property=\"og:type\" content=\"article\" \/>\n<meta property=\"og:title\" content=\"La Resid\u00e8ncia estrena nova zona d&#039;estudi! - Resid\u00e8ncia d&#039;Estudiants l&#039;Estaci\u00f3 de Sabadell | Resest\" \/>\n<meta property=\"og:description\" content=\"Vine a veure les instal\u00b7lacions de Resest, allotjament per estudiants a Barcelona i Sabadell. Tot completament equipat com aquesta nova zona d&#039;estudi.\" \/>\n<meta property=\"og:url\" content=\"https:\/\/resest.com\/ca\/blog\/la-residencia-estrena-nova-zona-destudi\/\" \/>\n<meta property=\"og:site_name\" content=\"Resid\u00e8ncia d&#039;Estudiants l&#039;Estaci\u00f3 de Sabadell | Resest\" \/>\n<meta property=\"article:published_time\" content=\"2016-01-29T17:53:07+00:00\" \/>\n<meta property=\"article:modified_time\" content=\"2016-02-09T17:58:53+00:00\" \/>\n<meta property=\"og:image\" content=\"https:\/\/resest.com\/wp-content\/uploads\/2016\/01\/IMG_20160127_161131.jpg\" \/>\n<meta name=\"author\" content=\"Resest\" \/>\n<meta name=\"twitter:label1\" content=\"Written by\" \/>\n\t<meta name=\"twitter:data1\" content=\"Resest\" \/>\n<script type=\"application\/ld+json\" class=\"yoast-schema-graph\">{\"@context\":\"https:\/\/schema.org\",\"@graph\":[{\"@type\":\"Article\",\"@id\":\"https:\/\/resest.com\/ca\/blog\/la-residencia-estrena-nova-zona-destudi\/#article\",\"isPartOf\":{\"@id\":\"https:\/\/resest.com\/ca\/blog\/la-residencia-estrena-nova-zona-destudi\/\"},\"author\":{\"name\":\"Resest\",\"@id\":\"https:\/\/resest.com\/ca\/#\/schema\/person\/f66d2b5dae2cd0a989ab720dd211d2a9\"},\"headline\":\"La Resid\u00e8ncia estrena nova zona d&#8217;estudi!\",\"datePublished\":\"2016-01-29T17:53:07+00:00\",\"dateModified\":\"2016-02-09T17:58:53+00:00\",\"mainEntityOfPage\":{\"@id\":\"https:\/\/resest.com\/ca\/blog\/la-residencia-estrena-nova-zona-destudi\/\"},\"wordCount\":37,\"commentCount\":0,\"publisher\":{\"@id\":\"https:\/\/resest.com\/ca\/#organization\"},\"image\":{\"@id\":\"https:\/\/resest.com\/ca\/blog\/la-residencia-estrena-nova-zona-destudi\/#primaryimage\"},\"thumbnailUrl\":\"https:\/\/resest.com\/wp-content\/uploads\/2016\/01\/IMG_20160127_161131.jpg\",\"articleSection\":[\"Blog\"],\"inLanguage\":\"ca-ES\",\"potentialAction\":[{\"@type\":\"CommentAction\",\"name\":\"Comment\",\"target\":[\"https:\/\/resest.com\/ca\/blog\/la-residencia-estrena-nova-zona-destudi\/#respond\"]}]},{\"@type\":\"WebPage\",\"@id\":\"https:\/\/resest.com\/ca\/blog\/la-residencia-estrena-nova-zona-destudi\/\",\"url\":\"https:\/\/resest.com\/ca\/blog\/la-residencia-estrena-nova-zona-destudi\/\",\"name\":\"La Resid\u00e8ncia estrena nova zona d'estudi! - Resid\u00e8ncia d&#039;Estudiants l&#039;Estaci\u00f3 de Sabadell | Resest\",\"isPartOf\":{\"@id\":\"https:\/\/resest.com\/ca\/#website\"},\"primaryImageOfPage\":{\"@id\":\"https:\/\/resest.com\/ca\/blog\/la-residencia-estrena-nova-zona-destudi\/#primaryimage\"},\"image\":{\"@id\":\"https:\/\/resest.com\/ca\/blog\/la-residencia-estrena-nova-zona-destudi\/#primaryimage\"},\"thumbnailUrl\":\"https:\/\/resest.com\/wp-content\/uploads\/2016\/01\/IMG_20160127_161131.jpg\",\"datePublished\":\"2016-01-29T17:53:07+00:00\",\"dateModified\":\"2016-02-09T17:58:53+00:00\",\"description\":\"Vine a veure les instal\u00b7lacions de Resest, allotjament per estudiants a Barcelona i Sabadell. Tot completament equipat com aquesta nova zona d'estudi.\",\"breadcrumb\":{\"@id\":\"https:\/\/resest.com\/ca\/blog\/la-residencia-estrena-nova-zona-destudi\/#breadcrumb\"},\"inLanguage\":\"ca-ES\",\"potentialAction\":[{\"@type\":\"ReadAction\",\"target\":[\"https:\/\/resest.com\/ca\/blog\/la-residencia-estrena-nova-zona-destudi\/\"]}]},{\"@type\":\"ImageObject\",\"inLanguage\":\"ca-ES\",\"@id\":\"https:\/\/resest.com\/ca\/blog\/la-residencia-estrena-nova-zona-destudi\/#primaryimage\",\"url\":\"https:\/\/resest.com\/wp-content\/uploads\/2016\/01\/IMG_20160127_161131.jpg\",\"contentUrl\":\"https:\/\/resest.com\/wp-content\/uploads\/2016\/01\/IMG_20160127_161131.jpg\"},{\"@type\":\"BreadcrumbList\",\"@id\":\"https:\/\/resest.com\/ca\/blog\/la-residencia-estrena-nova-zona-destudi\/#breadcrumb\",\"itemListElement\":[{\"@type\":\"ListItem\",\"position\":1,\"name\":\"Inici\",\"item\":\"https:\/\/resest.com\/ca\/\"},{\"@type\":\"ListItem\",\"position\":2,\"name\":\"La Resid\u00e8ncia estrena nova zona d&#8217;estudi!\"}]},{\"@type\":\"WebSite\",\"@id\":\"https:\/\/resest.com\/ca\/#website\",\"url\":\"https:\/\/resest.com\/ca\/\",\"name\":\"Resid\u00e8ncia d&#039;Estudiants l&#039;Estaci\u00f3 de Sabadell | Resest\",\"description\":\"Prop de l\u2019Universitat Aut\u00f2noma de Barcelona (UAB)\",\"publisher\":{\"@id\":\"https:\/\/resest.com\/ca\/#organization\"},\"potentialAction\":[{\"@type\":\"SearchAction\",\"target\":{\"@type\":\"EntryPoint\",\"urlTemplate\":\"https:\/\/resest.com\/ca\/?s={search_term_string}\"},\"query-input\":{\"@type\":\"PropertyValueSpecification\",\"valueRequired\":true,\"valueName\":\"search_term_string\"}}],\"inLanguage\":\"ca-ES\"},{\"@type\":\"Organization\",\"@id\":\"https:\/\/resest.com\/ca\/#organization\",\"name\":\"Resid\u00e8ncia d&#039;Estudiants l&#039;Estaci\u00f3 de Sabadell | Resest\",\"url\":\"https:\/\/resest.com\/ca\/\",\"logo\":{\"@type\":\"ImageObject\",\"inLanguage\":\"ca-ES\",\"@id\":\"https:\/\/resest.com\/ca\/#\/schema\/logo\/image\/\",\"url\":\"https:\/\/resest.com\/wp-content\/uploads\/2024\/03\/Facana-1.jpg\",\"contentUrl\":\"https:\/\/resest.com\/wp-content\/uploads\/2024\/03\/Facana-1.jpg\",\"width\":1200,\"height\":1009,\"caption\":\"Resid\u00e8ncia d&#039;Estudiants l&#039;Estaci\u00f3 de Sabadell | Resest\"},\"image\":{\"@id\":\"https:\/\/resest.com\/ca\/#\/schema\/logo\/image\/\"}},{\"@type\":\"Person\",\"@id\":\"https:\/\/resest.com\/ca\/#\/schema\/person\/f66d2b5dae2cd0a989ab720dd211d2a9\",\"name\":\"Resest\",\"image\":{\"@type\":\"ImageObject\",\"inLanguage\":\"ca-ES\",\"@id\":\"https:\/\/resest.com\/ca\/#\/schema\/person\/image\/\",\"url\":\"https:\/\/secure.gravatar.com\/avatar\/a5d542eca874617a8a62a45c724821a615f770cf5bde5e61a93a7a2562faba7a?s=96&d=mm&r=g\",\"contentUrl\":\"https:\/\/secure.gravatar.com\/avatar\/a5d542eca874617a8a62a45c724821a615f770cf5bde5e61a93a7a2562faba7a?s=96&d=mm&r=g\",\"caption\":\"Resest\"},\"url\":\"https:\/\/resest.com\/ca\/author\/resest\/\"}]}<\/script>\n<!-- \/ Yoast SEO plugin. -->","yoast_head_json":{"title":"La Resid\u00e8ncia estrena nova zona d'estudi! - Resid\u00e8ncia d&#039;Estudiants l&#039;Estaci\u00f3 de Sabadell | Resest","description":"Vine a veure les instal\u00b7lacions de Resest, allotjament per estudiants a Barcelona i Sabadell. Tot completament equipat com aquesta nova zona d'estudi.","robots":{"index":"index","follow":"follow","max-snippet":"max-snippet:-1","max-image-preview":"max-image-preview:large","max-video-preview":"max-video-preview:-1"},"canonical":"https:\/\/resest.com\/ca\/blog\/la-residencia-estrena-nova-zona-destudi\/","og_locale":"ca_ES","og_type":"article","og_title":"La Resid\u00e8ncia estrena nova zona d'estudi! - Resid\u00e8ncia d&#039;Estudiants l&#039;Estaci\u00f3 de Sabadell | Resest","og_description":"Vine a veure les instal\u00b7lacions de Resest, allotjament per estudiants a Barcelona i Sabadell. Tot completament equipat com aquesta nova zona d'estudi.","og_url":"https:\/\/resest.com\/ca\/blog\/la-residencia-estrena-nova-zona-destudi\/","og_site_name":"Resid\u00e8ncia d&#039;Estudiants l&#039;Estaci\u00f3 de Sabadell | Resest","article_published_time":"2016-01-29T17:53:07+00:00","article_modified_time":"2016-02-09T17:58:53+00:00","og_image":[{"url":"https:\/\/resest.com\/wp-content\/uploads\/2016\/01\/IMG_20160127_161131.jpg","type":"","width":"","height":""}],"author":"Resest","twitter_misc":{"Written by":"Resest"},"schema":{"@context":"https:\/\/schema.org","@graph":[{"@type":"Article","@id":"https:\/\/resest.com\/ca\/blog\/la-residencia-estrena-nova-zona-destudi\/#article","isPartOf":{"@id":"https:\/\/resest.com\/ca\/blog\/la-residencia-estrena-nova-zona-destudi\/"},"author":{"name":"Resest","@id":"https:\/\/resest.com\/ca\/#\/schema\/person\/f66d2b5dae2cd0a989ab720dd211d2a9"},"headline":"La Resid\u00e8ncia estrena nova zona d&#8217;estudi!","datePublished":"2016-01-29T17:53:07+00:00","dateModified":"2016-02-09T17:58:53+00:00","mainEntityOfPage":{"@id":"https:\/\/resest.com\/ca\/blog\/la-residencia-estrena-nova-zona-destudi\/"},"wordCount":37,"commentCount":0,"publisher":{"@id":"https:\/\/resest.com\/ca\/#organization"},"image":{"@id":"https:\/\/resest.com\/ca\/blog\/la-residencia-estrena-nova-zona-destudi\/#primaryimage"},"thumbnailUrl":"https:\/\/resest.com\/wp-content\/uploads\/2016\/01\/IMG_20160127_161131.jpg","articleSection":["Blog"],"inLanguage":"ca-ES","potentialAction":[{"@type":"CommentAction","name":"Comment","target":["https:\/\/resest.com\/ca\/blog\/la-residencia-estrena-nova-zona-destudi\/#respond"]}]},{"@type":"WebPage","@id":"https:\/\/resest.com\/ca\/blog\/la-residencia-estrena-nova-zona-destudi\/","url":"https:\/\/resest.com\/ca\/blog\/la-residencia-estrena-nova-zona-destudi\/","name":"La Resid\u00e8ncia estrena nova zona d'estudi! - Resid\u00e8ncia d&#039;Estudiants l&#039;Estaci\u00f3 de Sabadell | Resest","isPartOf":{"@id":"https:\/\/resest.com\/ca\/#website"},"primaryImageOfPage":{"@id":"https:\/\/resest.com\/ca\/blog\/la-residencia-estrena-nova-zona-destudi\/#primaryimage"},"image":{"@id":"https:\/\/resest.com\/ca\/blog\/la-residencia-estrena-nova-zona-destudi\/#primaryimage"},"thumbnailUrl":"https:\/\/resest.com\/wp-content\/uploads\/2016\/01\/IMG_20160127_161131.jpg","datePublished":"2016-01-29T17:53:07+00:00","dateModified":"2016-02-09T17:58:53+00:00","description":"Vine a veure les instal\u00b7lacions de Resest, allotjament per estudiants a Barcelona i Sabadell. Tot completament equipat com aquesta nova zona d'estudi.","breadcrumb":{"@id":"https:\/\/resest.com\/ca\/blog\/la-residencia-estrena-nova-zona-destudi\/#breadcrumb"},"inLanguage":"ca-ES","potentialAction":[{"@type":"ReadAction","target":["https:\/\/resest.com\/ca\/blog\/la-residencia-estrena-nova-zona-destudi\/"]}]},{"@type":"ImageObject","inLanguage":"ca-ES","@id":"https:\/\/resest.com\/ca\/blog\/la-residencia-estrena-nova-zona-destudi\/#primaryimage","url":"https:\/\/resest.com\/wp-content\/uploads\/2016\/01\/IMG_20160127_161131.jpg","contentUrl":"https:\/\/resest.com\/wp-content\/uploads\/2016\/01\/IMG_20160127_161131.jpg"},{"@type":"BreadcrumbList","@id":"https:\/\/resest.com\/ca\/blog\/la-residencia-estrena-nova-zona-destudi\/#breadcrumb","itemListElement":[{"@type":"ListItem","position":1,"name":"Inici","item":"https:\/\/resest.com\/ca\/"},{"@type":"ListItem","position":2,"name":"La Resid\u00e8ncia estrena nova zona d&#8217;estudi!"}]},{"@type":"WebSite","@id":"https:\/\/resest.com\/ca\/#website","url":"https:\/\/resest.com\/ca\/","name":"Resid\u00e8ncia d&#039;Estudiants l&#039;Estaci\u00f3 de Sabadell | Resest","description":"Prop de l\u2019Universitat Aut\u00f2noma de Barcelona (UAB)","publisher":{"@id":"https:\/\/resest.com\/ca\/#organization"},"potentialAction":[{"@type":"SearchAction","target":{"@type":"EntryPoint","urlTemplate":"https:\/\/resest.com\/ca\/?s={search_term_string}"},"query-input":{"@type":"PropertyValueSpecification","valueRequired":true,"valueName":"search_term_string"}}],"inLanguage":"ca-ES"},{"@type":"Organization","@id":"https:\/\/resest.com\/ca\/#organization","name":"Resid\u00e8ncia d&#039;Estudiants l&#039;Estaci\u00f3 de Sabadell | Resest","url":"https:\/\/resest.com\/ca\/","logo":{"@type":"ImageObject","inLanguage":"ca-ES","@id":"https:\/\/resest.com\/ca\/#\/schema\/logo\/image\/","url":"https:\/\/resest.com\/wp-content\/uploads\/2024\/03\/Facana-1.jpg","contentUrl":"https:\/\/resest.com\/wp-content\/uploads\/2024\/03\/Facana-1.jpg","width":1200,"height":1009,"caption":"Resid\u00e8ncia d&#039;Estudiants l&#039;Estaci\u00f3 de Sabadell | Resest"},"image":{"@id":"https:\/\/resest.com\/ca\/#\/schema\/logo\/image\/"}},{"@type":"Person","@id":"https:\/\/resest.com\/ca\/#\/schema\/person\/f66d2b5dae2cd0a989ab720dd211d2a9","name":"Resest","image":{"@type":"ImageObject","inLanguage":"ca-ES","@id":"https:\/\/resest.com\/ca\/#\/schema\/person\/image\/","url":"https:\/\/secure.gravatar.com\/avatar\/a5d542eca874617a8a62a45c724821a615f770cf5bde5e61a93a7a2562faba7a?s=96&d=mm&r=g","contentUrl":"https:\/\/secure.gravatar.com\/avatar\/a5d542eca874617a8a62a45c724821a615f770cf5bde5e61a93a7a2562faba7a?s=96&d=mm&r=g","caption":"Resest"},"url":"https:\/\/resest.com\/ca\/author\/resest\/"}]}},"_links":{"self":[{"href":"https:\/\/resest.com\/ca\/wp-json\/wp\/v2\/posts\/4045","targetHints":{"allow":["GET"]}}],"collection":[{"href":"https:\/\/resest.com\/ca\/wp-json\/wp\/v2\/posts"}],"about":[{"href":"https:\/\/resest.com\/ca\/wp-json\/wp\/v2\/types\/post"}],"author":[{"embeddable":true,"href":"https:\/\/resest.com\/ca\/wp-json\/wp\/v2\/users\/3"}],"replies":[{"embeddable":true,"href":"https:\/\/resest.com\/ca\/wp-json\/wp\/v2\/comments?post=4045"}],"version-history":[{"count":0,"href":"https:\/\/resest.com\/ca\/wp-json\/wp\/v2\/posts\/4045\/revisions"}],"wp:attachment":[{"href":"https:\/\/resest.com\/ca\/wp-json\/wp\/v2\/media?parent=4045"}],"wp:term":[{"taxonomy":"category","embeddable":true,"href":"https:\/\/resest.com\/ca\/wp-json\/wp\/v2\/categories?post=4045"},{"taxonomy":"post_tag","embeddable":true,"href":"https:\/\/resest.com\/ca\/wp-json\/wp\/v2\/tags?post=4045"}],"curies":[{"name":"wp","href":"https:\/\/api.w.org\/{rel}","templated":true}]}}