{"id":3636,"date":"2015-06-04T10:24:24","date_gmt":"2015-06-04T09:24:24","guid":{"rendered":"http:\/\/resest.com\/?p=3636"},"modified":"2016-02-09T18:58:57","modified_gmt":"2016-02-09T17:58:57","slug":"embassat-2015","status":"publish","type":"post","link":"https:\/\/resest.com\/ca\/blog\/embassat-2015\/","title":{"rendered":"Embassa&#8217;t 2015"},"content":{"rendered":"<p style=\"text-align: center;\">El festival independent del Vall\u00e8s ja torna a ser aqu\u00ed!<\/p>\n<p style=\"text-align: center;\">Els dies 11, 12 i 13 de juny podreu gaudir\u00a0de la setena\u00a0edici\u00f3 d&#8217;aquest exit\u00f3s festival musical amb m\u00fasics d&#8217;aqu\u00ed i d&#8217;all\u00e0!<\/p>\n<p style=\"text-align: center;\"><a href=\"https:\/\/resest.com\/wp-content\/uploads\/2015\/06\/embassat4.jpg\"><img loading=\"lazy\" decoding=\"async\" class=\"aligncenter  wp-image-3637\" src=\"https:\/\/resest.com\/wp-content\/uploads\/2015\/06\/embassat4.jpg\" alt=\"Embassa't 2015\" width=\"543\" height=\"543\" srcset=\"https:\/\/resest.com\/wp-content\/uploads\/2015\/06\/embassat4.jpg 1754w, https:\/\/resest.com\/wp-content\/uploads\/2015\/06\/embassat4-150x150.jpg 150w, https:\/\/resest.com\/wp-content\/uploads\/2015\/06\/embassat4-300x300.jpg 300w, https:\/\/resest.com\/wp-content\/uploads\/2015\/06\/embassat4-1024x1024.jpg 1024w\" sizes=\"auto, (max-width: 543px) 100vw, 543px\" \/><\/a><\/p>\n<p style=\"text-align: center;\">M\u00e9s informaci\u00f3: <strong><a href=\"http:\/\/www.embassat.com\/\" target=\"_blank\">embassat.com<\/a><\/strong><\/p>\n","protected":false},"excerpt":{"rendered":"<p>El festival independent del Vall\u00e8s ja torna a ser aqu\u00ed! Els dies 11, 12 i 13 de juny podreu gaudir\u00a0de la setena\u00a0edici\u00f3 d&#8217;aquest exit\u00f3s festival musical amb m\u00fasics d&#8217;aqu\u00ed i d&#8217;all\u00e0! M\u00e9s informaci\u00f3: embassat.com<\/p>\n","protected":false},"author":3,"featured_media":0,"comment_status":"open","ping_status":"open","sticky":false,"template":"","format":"standard","meta":{"footnotes":""},"categories":[6],"tags":[],"class_list":["post-3636","post","type-post","status-publish","format-standard","hentry","category-blog","entry","no-media"],"yoast_head":"<!-- This site is optimized with the Yoast SEO plugin v26.4 - https:\/\/yoast.com\/wordpress\/plugins\/seo\/ -->\n<title>Embassa&#039;t 2015 - Resid\u00e8ncia d&#039;estudiants<\/title>\n<meta name=\"description\" content=\"Viu el nou festival Embassa&#039;t 2015, el festival independent del Vall\u00e8s. Segueix les ofertes d&#039;oci que aquesta resid\u00e8ncia d&#039;estudiants Resest et proposa.\" \/>\n<meta name=\"robots\" content=\"index, follow, max-snippet:-1, max-image-preview:large, max-video-preview:-1\" \/>\n<link rel=\"canonical\" href=\"https:\/\/resest.com\/ca\/blog\/embassat-2015\/\" \/>\n<meta property=\"og:locale\" content=\"ca_ES\" \/>\n<meta property=\"og:type\" content=\"article\" \/>\n<meta property=\"og:title\" content=\"Embassa&#039;t 2015 - Resid\u00e8ncia d&#039;estudiants\" \/>\n<meta property=\"og:description\" content=\"Viu el nou festival Embassa&#039;t 2015, el festival independent del Vall\u00e8s. Segueix les ofertes d&#039;oci que aquesta resid\u00e8ncia d&#039;estudiants Resest et proposa.\" \/>\n<meta property=\"og:url\" content=\"https:\/\/resest.com\/ca\/blog\/embassat-2015\/\" \/>\n<meta property=\"og:site_name\" content=\"Resid\u00e8ncia d&#039;Estudiants l&#039;Estaci\u00f3 de Sabadell | Resest\" \/>\n<meta property=\"article:published_time\" content=\"2015-06-04T09:24:24+00:00\" \/>\n<meta property=\"article:modified_time\" content=\"2016-02-09T17:58:57+00:00\" \/>\n<meta property=\"og:image\" content=\"https:\/\/resest.com\/wp-content\/uploads\/2015\/06\/embassat4.jpg\" \/>\n<meta name=\"author\" content=\"Resest\" \/>\n<meta name=\"twitter:label1\" content=\"Written by\" \/>\n\t<meta name=\"twitter:data1\" content=\"Resest\" \/>\n<script type=\"application\/ld+json\" class=\"yoast-schema-graph\">{\"@context\":\"https:\/\/schema.org\",\"@graph\":[{\"@type\":\"Article\",\"@id\":\"https:\/\/resest.com\/ca\/blog\/embassat-2015\/#article\",\"isPartOf\":{\"@id\":\"https:\/\/resest.com\/ca\/blog\/embassat-2015\/\"},\"author\":{\"name\":\"Resest\",\"@id\":\"https:\/\/resest.com\/ca\/#\/schema\/person\/f66d2b5dae2cd0a989ab720dd211d2a9\"},\"headline\":\"Embassa&#8217;t 2015\",\"datePublished\":\"2015-06-04T09:24:24+00:00\",\"dateModified\":\"2016-02-09T17:58:57+00:00\",\"mainEntityOfPage\":{\"@id\":\"https:\/\/resest.com\/ca\/blog\/embassat-2015\/\"},\"wordCount\":43,\"commentCount\":0,\"publisher\":{\"@id\":\"https:\/\/resest.com\/ca\/#organization\"},\"image\":{\"@id\":\"https:\/\/resest.com\/ca\/blog\/embassat-2015\/#primaryimage\"},\"thumbnailUrl\":\"https:\/\/resest.com\/wp-content\/uploads\/2015\/06\/embassat4.jpg\",\"articleSection\":[\"Blog\"],\"inLanguage\":\"ca-ES\",\"potentialAction\":[{\"@type\":\"CommentAction\",\"name\":\"Comment\",\"target\":[\"https:\/\/resest.com\/ca\/blog\/embassat-2015\/#respond\"]}]},{\"@type\":\"WebPage\",\"@id\":\"https:\/\/resest.com\/ca\/blog\/embassat-2015\/\",\"url\":\"https:\/\/resest.com\/ca\/blog\/embassat-2015\/\",\"name\":\"Embassa't 2015 - Resid\u00e8ncia d'estudiants\",\"isPartOf\":{\"@id\":\"https:\/\/resest.com\/ca\/#website\"},\"primaryImageOfPage\":{\"@id\":\"https:\/\/resest.com\/ca\/blog\/embassat-2015\/#primaryimage\"},\"image\":{\"@id\":\"https:\/\/resest.com\/ca\/blog\/embassat-2015\/#primaryimage\"},\"thumbnailUrl\":\"https:\/\/resest.com\/wp-content\/uploads\/2015\/06\/embassat4.jpg\",\"datePublished\":\"2015-06-04T09:24:24+00:00\",\"dateModified\":\"2016-02-09T17:58:57+00:00\",\"description\":\"Viu el nou festival Embassa't 2015, el festival independent del Vall\u00e8s. Segueix les ofertes d'oci que aquesta resid\u00e8ncia d'estudiants Resest et proposa.\",\"breadcrumb\":{\"@id\":\"https:\/\/resest.com\/ca\/blog\/embassat-2015\/#breadcrumb\"},\"inLanguage\":\"ca-ES\",\"potentialAction\":[{\"@type\":\"ReadAction\",\"target\":[\"https:\/\/resest.com\/ca\/blog\/embassat-2015\/\"]}]},{\"@type\":\"ImageObject\",\"inLanguage\":\"ca-ES\",\"@id\":\"https:\/\/resest.com\/ca\/blog\/embassat-2015\/#primaryimage\",\"url\":\"https:\/\/resest.com\/wp-content\/uploads\/2015\/06\/embassat4.jpg\",\"contentUrl\":\"https:\/\/resest.com\/wp-content\/uploads\/2015\/06\/embassat4.jpg\"},{\"@type\":\"BreadcrumbList\",\"@id\":\"https:\/\/resest.com\/ca\/blog\/embassat-2015\/#breadcrumb\",\"itemListElement\":[{\"@type\":\"ListItem\",\"position\":1,\"name\":\"Inici\",\"item\":\"https:\/\/resest.com\/ca\/\"},{\"@type\":\"ListItem\",\"position\":2,\"name\":\"Embassa&#8217;t 2015\"}]},{\"@type\":\"WebSite\",\"@id\":\"https:\/\/resest.com\/ca\/#website\",\"url\":\"https:\/\/resest.com\/ca\/\",\"name\":\"Resid\u00e8ncia d&#039;Estudiants l&#039;Estaci\u00f3 de Sabadell | Resest\",\"description\":\"Prop de l\u2019Universitat Aut\u00f2noma de Barcelona (UAB)\",\"publisher\":{\"@id\":\"https:\/\/resest.com\/ca\/#organization\"},\"potentialAction\":[{\"@type\":\"SearchAction\",\"target\":{\"@type\":\"EntryPoint\",\"urlTemplate\":\"https:\/\/resest.com\/ca\/?s={search_term_string}\"},\"query-input\":{\"@type\":\"PropertyValueSpecification\",\"valueRequired\":true,\"valueName\":\"search_term_string\"}}],\"inLanguage\":\"ca-ES\"},{\"@type\":\"Organization\",\"@id\":\"https:\/\/resest.com\/ca\/#organization\",\"name\":\"Resid\u00e8ncia d&#039;Estudiants l&#039;Estaci\u00f3 de Sabadell | Resest\",\"url\":\"https:\/\/resest.com\/ca\/\",\"logo\":{\"@type\":\"ImageObject\",\"inLanguage\":\"ca-ES\",\"@id\":\"https:\/\/resest.com\/ca\/#\/schema\/logo\/image\/\",\"url\":\"https:\/\/resest.com\/wp-content\/uploads\/2024\/03\/Facana-1.jpg\",\"contentUrl\":\"https:\/\/resest.com\/wp-content\/uploads\/2024\/03\/Facana-1.jpg\",\"width\":1200,\"height\":1009,\"caption\":\"Resid\u00e8ncia d&#039;Estudiants l&#039;Estaci\u00f3 de Sabadell | Resest\"},\"image\":{\"@id\":\"https:\/\/resest.com\/ca\/#\/schema\/logo\/image\/\"}},{\"@type\":\"Person\",\"@id\":\"https:\/\/resest.com\/ca\/#\/schema\/person\/f66d2b5dae2cd0a989ab720dd211d2a9\",\"name\":\"Resest\",\"image\":{\"@type\":\"ImageObject\",\"inLanguage\":\"ca-ES\",\"@id\":\"https:\/\/resest.com\/ca\/#\/schema\/person\/image\/\",\"url\":\"https:\/\/secure.gravatar.com\/avatar\/a5d542eca874617a8a62a45c724821a615f770cf5bde5e61a93a7a2562faba7a?s=96&d=mm&r=g\",\"contentUrl\":\"https:\/\/secure.gravatar.com\/avatar\/a5d542eca874617a8a62a45c724821a615f770cf5bde5e61a93a7a2562faba7a?s=96&d=mm&r=g\",\"caption\":\"Resest\"},\"url\":\"https:\/\/resest.com\/ca\/author\/resest\/\"}]}<\/script>\n<!-- \/ Yoast SEO plugin. -->","yoast_head_json":{"title":"Embassa't 2015 - Resid\u00e8ncia d'estudiants","description":"Viu el nou festival Embassa't 2015, el festival independent del Vall\u00e8s. Segueix les ofertes d'oci que aquesta resid\u00e8ncia d'estudiants Resest et proposa.","robots":{"index":"index","follow":"follow","max-snippet":"max-snippet:-1","max-image-preview":"max-image-preview:large","max-video-preview":"max-video-preview:-1"},"canonical":"https:\/\/resest.com\/ca\/blog\/embassat-2015\/","og_locale":"ca_ES","og_type":"article","og_title":"Embassa't 2015 - Resid\u00e8ncia d'estudiants","og_description":"Viu el nou festival Embassa't 2015, el festival independent del Vall\u00e8s. Segueix les ofertes d'oci que aquesta resid\u00e8ncia d'estudiants Resest et proposa.","og_url":"https:\/\/resest.com\/ca\/blog\/embassat-2015\/","og_site_name":"Resid\u00e8ncia d&#039;Estudiants l&#039;Estaci\u00f3 de Sabadell | Resest","article_published_time":"2015-06-04T09:24:24+00:00","article_modified_time":"2016-02-09T17:58:57+00:00","og_image":[{"url":"https:\/\/resest.com\/wp-content\/uploads\/2015\/06\/embassat4.jpg","type":"","width":"","height":""}],"author":"Resest","twitter_misc":{"Written by":"Resest"},"schema":{"@context":"https:\/\/schema.org","@graph":[{"@type":"Article","@id":"https:\/\/resest.com\/ca\/blog\/embassat-2015\/#article","isPartOf":{"@id":"https:\/\/resest.com\/ca\/blog\/embassat-2015\/"},"author":{"name":"Resest","@id":"https:\/\/resest.com\/ca\/#\/schema\/person\/f66d2b5dae2cd0a989ab720dd211d2a9"},"headline":"Embassa&#8217;t 2015","datePublished":"2015-06-04T09:24:24+00:00","dateModified":"2016-02-09T17:58:57+00:00","mainEntityOfPage":{"@id":"https:\/\/resest.com\/ca\/blog\/embassat-2015\/"},"wordCount":43,"commentCount":0,"publisher":{"@id":"https:\/\/resest.com\/ca\/#organization"},"image":{"@id":"https:\/\/resest.com\/ca\/blog\/embassat-2015\/#primaryimage"},"thumbnailUrl":"https:\/\/resest.com\/wp-content\/uploads\/2015\/06\/embassat4.jpg","articleSection":["Blog"],"inLanguage":"ca-ES","potentialAction":[{"@type":"CommentAction","name":"Comment","target":["https:\/\/resest.com\/ca\/blog\/embassat-2015\/#respond"]}]},{"@type":"WebPage","@id":"https:\/\/resest.com\/ca\/blog\/embassat-2015\/","url":"https:\/\/resest.com\/ca\/blog\/embassat-2015\/","name":"Embassa't 2015 - Resid\u00e8ncia d'estudiants","isPartOf":{"@id":"https:\/\/resest.com\/ca\/#website"},"primaryImageOfPage":{"@id":"https:\/\/resest.com\/ca\/blog\/embassat-2015\/#primaryimage"},"image":{"@id":"https:\/\/resest.com\/ca\/blog\/embassat-2015\/#primaryimage"},"thumbnailUrl":"https:\/\/resest.com\/wp-content\/uploads\/2015\/06\/embassat4.jpg","datePublished":"2015-06-04T09:24:24+00:00","dateModified":"2016-02-09T17:58:57+00:00","description":"Viu el nou festival Embassa't 2015, el festival independent del Vall\u00e8s. Segueix les ofertes d'oci que aquesta resid\u00e8ncia d'estudiants Resest et proposa.","breadcrumb":{"@id":"https:\/\/resest.com\/ca\/blog\/embassat-2015\/#breadcrumb"},"inLanguage":"ca-ES","potentialAction":[{"@type":"ReadAction","target":["https:\/\/resest.com\/ca\/blog\/embassat-2015\/"]}]},{"@type":"ImageObject","inLanguage":"ca-ES","@id":"https:\/\/resest.com\/ca\/blog\/embassat-2015\/#primaryimage","url":"https:\/\/resest.com\/wp-content\/uploads\/2015\/06\/embassat4.jpg","contentUrl":"https:\/\/resest.com\/wp-content\/uploads\/2015\/06\/embassat4.jpg"},{"@type":"BreadcrumbList","@id":"https:\/\/resest.com\/ca\/blog\/embassat-2015\/#breadcrumb","itemListElement":[{"@type":"ListItem","position":1,"name":"Inici","item":"https:\/\/resest.com\/ca\/"},{"@type":"ListItem","position":2,"name":"Embassa&#8217;t 2015"}]},{"@type":"WebSite","@id":"https:\/\/resest.com\/ca\/#website","url":"https:\/\/resest.com\/ca\/","name":"Resid\u00e8ncia d&#039;Estudiants l&#039;Estaci\u00f3 de Sabadell | Resest","description":"Prop de l\u2019Universitat Aut\u00f2noma de Barcelona (UAB)","publisher":{"@id":"https:\/\/resest.com\/ca\/#organization"},"potentialAction":[{"@type":"SearchAction","target":{"@type":"EntryPoint","urlTemplate":"https:\/\/resest.com\/ca\/?s={search_term_string}"},"query-input":{"@type":"PropertyValueSpecification","valueRequired":true,"valueName":"search_term_string"}}],"inLanguage":"ca-ES"},{"@type":"Organization","@id":"https:\/\/resest.com\/ca\/#organization","name":"Resid\u00e8ncia d&#039;Estudiants l&#039;Estaci\u00f3 de Sabadell | Resest","url":"https:\/\/resest.com\/ca\/","logo":{"@type":"ImageObject","inLanguage":"ca-ES","@id":"https:\/\/resest.com\/ca\/#\/schema\/logo\/image\/","url":"https:\/\/resest.com\/wp-content\/uploads\/2024\/03\/Facana-1.jpg","contentUrl":"https:\/\/resest.com\/wp-content\/uploads\/2024\/03\/Facana-1.jpg","width":1200,"height":1009,"caption":"Resid\u00e8ncia d&#039;Estudiants l&#039;Estaci\u00f3 de Sabadell | Resest"},"image":{"@id":"https:\/\/resest.com\/ca\/#\/schema\/logo\/image\/"}},{"@type":"Person","@id":"https:\/\/resest.com\/ca\/#\/schema\/person\/f66d2b5dae2cd0a989ab720dd211d2a9","name":"Resest","image":{"@type":"ImageObject","inLanguage":"ca-ES","@id":"https:\/\/resest.com\/ca\/#\/schema\/person\/image\/","url":"https:\/\/secure.gravatar.com\/avatar\/a5d542eca874617a8a62a45c724821a615f770cf5bde5e61a93a7a2562faba7a?s=96&d=mm&r=g","contentUrl":"https:\/\/secure.gravatar.com\/avatar\/a5d542eca874617a8a62a45c724821a615f770cf5bde5e61a93a7a2562faba7a?s=96&d=mm&r=g","caption":"Resest"},"url":"https:\/\/resest.com\/ca\/author\/resest\/"}]}},"_links":{"self":[{"href":"https:\/\/resest.com\/ca\/wp-json\/wp\/v2\/posts\/3636","targetHints":{"allow":["GET"]}}],"collection":[{"href":"https:\/\/resest.com\/ca\/wp-json\/wp\/v2\/posts"}],"about":[{"href":"https:\/\/resest.com\/ca\/wp-json\/wp\/v2\/types\/post"}],"author":[{"embeddable":true,"href":"https:\/\/resest.com\/ca\/wp-json\/wp\/v2\/users\/3"}],"replies":[{"embeddable":true,"href":"https:\/\/resest.com\/ca\/wp-json\/wp\/v2\/comments?post=3636"}],"version-history":[{"count":0,"href":"https:\/\/resest.com\/ca\/wp-json\/wp\/v2\/posts\/3636\/revisions"}],"wp:attachment":[{"href":"https:\/\/resest.com\/ca\/wp-json\/wp\/v2\/media?parent=3636"}],"wp:term":[{"taxonomy":"category","embeddable":true,"href":"https:\/\/resest.com\/ca\/wp-json\/wp\/v2\/categories?post=3636"},{"taxonomy":"post_tag","embeddable":true,"href":"https:\/\/resest.com\/ca\/wp-json\/wp\/v2\/tags?post=3636"}],"curies":[{"name":"wp","href":"https:\/\/api.w.org\/{rel}","templated":true}]}}