{"id":3458,"date":"2015-05-12T17:46:26","date_gmt":"2015-05-12T16:46:26","guid":{"rendered":"http:\/\/resest.com\/?p=3458"},"modified":"2016-02-09T18:58:58","modified_gmt":"2016-02-09T17:58:58","slug":"medievalia-2015","status":"publish","type":"post","link":"https:\/\/resest.com\/ca\/blog\/medievalia-2015\/","title":{"rendered":"Mediev\u00e0lia 2015"},"content":{"rendered":"<p style=\"text-align: center;\">Ja queden pocs dies perqu\u00e8 el centre de Sabadell es traslladi a l&#8217;edat mitjana&#8230;! 15, 16 i 17 de maig!<\/p>\n<p style=\"text-align: center;\"><a href=\"https:\/\/resest.com\/wp-content\/uploads\/2015\/05\/MEDIEV\u00c0LIA.jpg\"><img loading=\"lazy\" decoding=\"async\" class=\"aligncenter wp-image-3454\" title=\"Mediev\u00e0lia 2015\" src=\"https:\/\/resest.com\/wp-content\/uploads\/2015\/05\/MEDIEV\u00c0LIA.jpg\" alt=\"MEDIEV\u00c0LIA\" width=\"371\" height=\"371\" srcset=\"https:\/\/resest.com\/wp-content\/uploads\/2015\/05\/MEDIEV\u00c0LIA.jpg 960w, https:\/\/resest.com\/wp-content\/uploads\/2015\/05\/MEDIEV\u00c0LIA-150x150.jpg 150w, https:\/\/resest.com\/wp-content\/uploads\/2015\/05\/MEDIEV\u00c0LIA-300x300.jpg 300w\" sizes=\"auto, (max-width: 371px) 100vw, 371px\" \/><\/a><\/p>\n<p style=\"text-align: center;\">Trobareu la informaci\u00f3 original i tota la programaci\u00f3 de la fira\u00a0a la p\u00e0gina de <strong><a href=\"https:\/\/www.facebook.com\/medievaliasabadell\" target=\"_blank\">Facebook de Mediev\u00e0lia Sabadell\u00a0<\/a><\/strong><\/p>\n<p style=\"text-align: center;\">No us ho perdeu!<\/p>\n","protected":false},"excerpt":{"rendered":"<p>Ja queden pocs dies perqu\u00e8 el centre de Sabadell es traslladi a l&#8217;edat mitjana&#8230;! 15, 16 i 17 de maig! Trobareu la informaci\u00f3 original i tota la programaci\u00f3 de la fira\u00a0a la p\u00e0gina de Facebook de Mediev\u00e0lia Sabadell\u00a0 No us ho perdeu!<\/p>\n","protected":false},"author":3,"featured_media":0,"comment_status":"open","ping_status":"open","sticky":false,"template":"","format":"standard","meta":{"footnotes":""},"categories":[6],"tags":[],"class_list":["post-3458","post","type-post","status-publish","format-standard","hentry","category-blog","entry","no-media"],"yoast_head":"<!-- This site is optimized with the Yoast SEO plugin v26.4 - https:\/\/yoast.com\/wordpress\/plugins\/seo\/ -->\n<title>Mediev\u00e0lia 2015 - Resid\u00e8ncia Estudiants a Bellaterra<\/title>\n<meta name=\"description\" content=\"La Resid\u00e8ncia Estudiants a Bellaterra proposa per al 15, 16 i 17 de maig a Sabadell la fira Mediev\u00e0lia 2015 al centre de la ciutat.\" \/>\n<meta name=\"robots\" content=\"index, follow, max-snippet:-1, max-image-preview:large, max-video-preview:-1\" \/>\n<link rel=\"canonical\" href=\"https:\/\/resest.com\/ca\/blog\/medievalia-2015\/\" \/>\n<meta property=\"og:locale\" content=\"ca_ES\" \/>\n<meta property=\"og:type\" content=\"article\" \/>\n<meta property=\"og:title\" content=\"Mediev\u00e0lia 2015 - Resid\u00e8ncia Estudiants a Bellaterra\" \/>\n<meta property=\"og:description\" content=\"La Resid\u00e8ncia Estudiants a Bellaterra proposa per al 15, 16 i 17 de maig a Sabadell la fira Mediev\u00e0lia 2015 al centre de la ciutat.\" \/>\n<meta property=\"og:url\" content=\"https:\/\/resest.com\/ca\/blog\/medievalia-2015\/\" \/>\n<meta property=\"og:site_name\" content=\"Resid\u00e8ncia d&#039;Estudiants l&#039;Estaci\u00f3 de Sabadell | Resest\" \/>\n<meta property=\"article:published_time\" content=\"2015-05-12T16:46:26+00:00\" \/>\n<meta property=\"article:modified_time\" content=\"2016-02-09T17:58:58+00:00\" \/>\n<meta name=\"author\" content=\"Resest\" \/>\n<meta name=\"twitter:label1\" content=\"Written by\" \/>\n\t<meta name=\"twitter:data1\" content=\"Resest\" \/>\n<script type=\"application\/ld+json\" class=\"yoast-schema-graph\">{\"@context\":\"https:\/\/schema.org\",\"@graph\":[{\"@type\":\"Article\",\"@id\":\"https:\/\/resest.com\/ca\/blog\/medievalia-2015\/#article\",\"isPartOf\":{\"@id\":\"https:\/\/resest.com\/ca\/blog\/medievalia-2015\/\"},\"author\":{\"name\":\"Resest\",\"@id\":\"https:\/\/resest.com\/ca\/#\/schema\/person\/f66d2b5dae2cd0a989ab720dd211d2a9\"},\"headline\":\"Mediev\u00e0lia 2015\",\"datePublished\":\"2015-05-12T16:46:26+00:00\",\"dateModified\":\"2016-02-09T17:58:58+00:00\",\"mainEntityOfPage\":{\"@id\":\"https:\/\/resest.com\/ca\/blog\/medievalia-2015\/\"},\"wordCount\":45,\"commentCount\":0,\"publisher\":{\"@id\":\"https:\/\/resest.com\/ca\/#organization\"},\"articleSection\":[\"Blog\"],\"inLanguage\":\"ca-ES\",\"potentialAction\":[{\"@type\":\"CommentAction\",\"name\":\"Comment\",\"target\":[\"https:\/\/resest.com\/ca\/blog\/medievalia-2015\/#respond\"]}]},{\"@type\":\"WebPage\",\"@id\":\"https:\/\/resest.com\/ca\/blog\/medievalia-2015\/\",\"url\":\"https:\/\/resest.com\/ca\/blog\/medievalia-2015\/\",\"name\":\"Mediev\u00e0lia 2015 - Resid\u00e8ncia Estudiants a Bellaterra\",\"isPartOf\":{\"@id\":\"https:\/\/resest.com\/ca\/#website\"},\"datePublished\":\"2015-05-12T16:46:26+00:00\",\"dateModified\":\"2016-02-09T17:58:58+00:00\",\"description\":\"La Resid\u00e8ncia Estudiants a Bellaterra proposa per al 15, 16 i 17 de maig a Sabadell la fira Mediev\u00e0lia 2015 al centre de la ciutat.\",\"breadcrumb\":{\"@id\":\"https:\/\/resest.com\/ca\/blog\/medievalia-2015\/#breadcrumb\"},\"inLanguage\":\"ca-ES\",\"potentialAction\":[{\"@type\":\"ReadAction\",\"target\":[\"https:\/\/resest.com\/ca\/blog\/medievalia-2015\/\"]}]},{\"@type\":\"BreadcrumbList\",\"@id\":\"https:\/\/resest.com\/ca\/blog\/medievalia-2015\/#breadcrumb\",\"itemListElement\":[{\"@type\":\"ListItem\",\"position\":1,\"name\":\"Inici\",\"item\":\"https:\/\/resest.com\/ca\/\"},{\"@type\":\"ListItem\",\"position\":2,\"name\":\"Mediev\u00e0lia 2015\"}]},{\"@type\":\"WebSite\",\"@id\":\"https:\/\/resest.com\/ca\/#website\",\"url\":\"https:\/\/resest.com\/ca\/\",\"name\":\"Resid\u00e8ncia d&#039;Estudiants l&#039;Estaci\u00f3 de Sabadell | Resest\",\"description\":\"Prop de l\u2019Universitat Aut\u00f2noma de Barcelona (UAB)\",\"publisher\":{\"@id\":\"https:\/\/resest.com\/ca\/#organization\"},\"potentialAction\":[{\"@type\":\"SearchAction\",\"target\":{\"@type\":\"EntryPoint\",\"urlTemplate\":\"https:\/\/resest.com\/ca\/?s={search_term_string}\"},\"query-input\":{\"@type\":\"PropertyValueSpecification\",\"valueRequired\":true,\"valueName\":\"search_term_string\"}}],\"inLanguage\":\"ca-ES\"},{\"@type\":\"Organization\",\"@id\":\"https:\/\/resest.com\/ca\/#organization\",\"name\":\"Resid\u00e8ncia d&#039;Estudiants l&#039;Estaci\u00f3 de Sabadell | Resest\",\"url\":\"https:\/\/resest.com\/ca\/\",\"logo\":{\"@type\":\"ImageObject\",\"inLanguage\":\"ca-ES\",\"@id\":\"https:\/\/resest.com\/ca\/#\/schema\/logo\/image\/\",\"url\":\"https:\/\/resest.com\/wp-content\/uploads\/2024\/03\/Facana-1.jpg\",\"contentUrl\":\"https:\/\/resest.com\/wp-content\/uploads\/2024\/03\/Facana-1.jpg\",\"width\":1200,\"height\":1009,\"caption\":\"Resid\u00e8ncia d&#039;Estudiants l&#039;Estaci\u00f3 de Sabadell | Resest\"},\"image\":{\"@id\":\"https:\/\/resest.com\/ca\/#\/schema\/logo\/image\/\"}},{\"@type\":\"Person\",\"@id\":\"https:\/\/resest.com\/ca\/#\/schema\/person\/f66d2b5dae2cd0a989ab720dd211d2a9\",\"name\":\"Resest\",\"image\":{\"@type\":\"ImageObject\",\"inLanguage\":\"ca-ES\",\"@id\":\"https:\/\/resest.com\/ca\/#\/schema\/person\/image\/\",\"url\":\"https:\/\/secure.gravatar.com\/avatar\/a5d542eca874617a8a62a45c724821a615f770cf5bde5e61a93a7a2562faba7a?s=96&d=mm&r=g\",\"contentUrl\":\"https:\/\/secure.gravatar.com\/avatar\/a5d542eca874617a8a62a45c724821a615f770cf5bde5e61a93a7a2562faba7a?s=96&d=mm&r=g\",\"caption\":\"Resest\"},\"url\":\"https:\/\/resest.com\/ca\/author\/resest\/\"}]}<\/script>\n<!-- \/ Yoast SEO plugin. -->","yoast_head_json":{"title":"Mediev\u00e0lia 2015 - Resid\u00e8ncia Estudiants a Bellaterra","description":"La Resid\u00e8ncia Estudiants a Bellaterra proposa per al 15, 16 i 17 de maig a Sabadell la fira Mediev\u00e0lia 2015 al centre de la ciutat.","robots":{"index":"index","follow":"follow","max-snippet":"max-snippet:-1","max-image-preview":"max-image-preview:large","max-video-preview":"max-video-preview:-1"},"canonical":"https:\/\/resest.com\/ca\/blog\/medievalia-2015\/","og_locale":"ca_ES","og_type":"article","og_title":"Mediev\u00e0lia 2015 - Resid\u00e8ncia Estudiants a Bellaterra","og_description":"La Resid\u00e8ncia Estudiants a Bellaterra proposa per al 15, 16 i 17 de maig a Sabadell la fira Mediev\u00e0lia 2015 al centre de la ciutat.","og_url":"https:\/\/resest.com\/ca\/blog\/medievalia-2015\/","og_site_name":"Resid\u00e8ncia d&#039;Estudiants l&#039;Estaci\u00f3 de Sabadell | Resest","article_published_time":"2015-05-12T16:46:26+00:00","article_modified_time":"2016-02-09T17:58:58+00:00","author":"Resest","twitter_misc":{"Written by":"Resest"},"schema":{"@context":"https:\/\/schema.org","@graph":[{"@type":"Article","@id":"https:\/\/resest.com\/ca\/blog\/medievalia-2015\/#article","isPartOf":{"@id":"https:\/\/resest.com\/ca\/blog\/medievalia-2015\/"},"author":{"name":"Resest","@id":"https:\/\/resest.com\/ca\/#\/schema\/person\/f66d2b5dae2cd0a989ab720dd211d2a9"},"headline":"Mediev\u00e0lia 2015","datePublished":"2015-05-12T16:46:26+00:00","dateModified":"2016-02-09T17:58:58+00:00","mainEntityOfPage":{"@id":"https:\/\/resest.com\/ca\/blog\/medievalia-2015\/"},"wordCount":45,"commentCount":0,"publisher":{"@id":"https:\/\/resest.com\/ca\/#organization"},"articleSection":["Blog"],"inLanguage":"ca-ES","potentialAction":[{"@type":"CommentAction","name":"Comment","target":["https:\/\/resest.com\/ca\/blog\/medievalia-2015\/#respond"]}]},{"@type":"WebPage","@id":"https:\/\/resest.com\/ca\/blog\/medievalia-2015\/","url":"https:\/\/resest.com\/ca\/blog\/medievalia-2015\/","name":"Mediev\u00e0lia 2015 - Resid\u00e8ncia Estudiants a Bellaterra","isPartOf":{"@id":"https:\/\/resest.com\/ca\/#website"},"datePublished":"2015-05-12T16:46:26+00:00","dateModified":"2016-02-09T17:58:58+00:00","description":"La Resid\u00e8ncia Estudiants a Bellaterra proposa per al 15, 16 i 17 de maig a Sabadell la fira Mediev\u00e0lia 2015 al centre de la ciutat.","breadcrumb":{"@id":"https:\/\/resest.com\/ca\/blog\/medievalia-2015\/#breadcrumb"},"inLanguage":"ca-ES","potentialAction":[{"@type":"ReadAction","target":["https:\/\/resest.com\/ca\/blog\/medievalia-2015\/"]}]},{"@type":"BreadcrumbList","@id":"https:\/\/resest.com\/ca\/blog\/medievalia-2015\/#breadcrumb","itemListElement":[{"@type":"ListItem","position":1,"name":"Inici","item":"https:\/\/resest.com\/ca\/"},{"@type":"ListItem","position":2,"name":"Mediev\u00e0lia 2015"}]},{"@type":"WebSite","@id":"https:\/\/resest.com\/ca\/#website","url":"https:\/\/resest.com\/ca\/","name":"Resid\u00e8ncia d&#039;Estudiants l&#039;Estaci\u00f3 de Sabadell | Resest","description":"Prop de l\u2019Universitat Aut\u00f2noma de Barcelona (UAB)","publisher":{"@id":"https:\/\/resest.com\/ca\/#organization"},"potentialAction":[{"@type":"SearchAction","target":{"@type":"EntryPoint","urlTemplate":"https:\/\/resest.com\/ca\/?s={search_term_string}"},"query-input":{"@type":"PropertyValueSpecification","valueRequired":true,"valueName":"search_term_string"}}],"inLanguage":"ca-ES"},{"@type":"Organization","@id":"https:\/\/resest.com\/ca\/#organization","name":"Resid\u00e8ncia d&#039;Estudiants l&#039;Estaci\u00f3 de Sabadell | Resest","url":"https:\/\/resest.com\/ca\/","logo":{"@type":"ImageObject","inLanguage":"ca-ES","@id":"https:\/\/resest.com\/ca\/#\/schema\/logo\/image\/","url":"https:\/\/resest.com\/wp-content\/uploads\/2024\/03\/Facana-1.jpg","contentUrl":"https:\/\/resest.com\/wp-content\/uploads\/2024\/03\/Facana-1.jpg","width":1200,"height":1009,"caption":"Resid\u00e8ncia d&#039;Estudiants l&#039;Estaci\u00f3 de Sabadell | Resest"},"image":{"@id":"https:\/\/resest.com\/ca\/#\/schema\/logo\/image\/"}},{"@type":"Person","@id":"https:\/\/resest.com\/ca\/#\/schema\/person\/f66d2b5dae2cd0a989ab720dd211d2a9","name":"Resest","image":{"@type":"ImageObject","inLanguage":"ca-ES","@id":"https:\/\/resest.com\/ca\/#\/schema\/person\/image\/","url":"https:\/\/secure.gravatar.com\/avatar\/a5d542eca874617a8a62a45c724821a615f770cf5bde5e61a93a7a2562faba7a?s=96&d=mm&r=g","contentUrl":"https:\/\/secure.gravatar.com\/avatar\/a5d542eca874617a8a62a45c724821a615f770cf5bde5e61a93a7a2562faba7a?s=96&d=mm&r=g","caption":"Resest"},"url":"https:\/\/resest.com\/ca\/author\/resest\/"}]}},"_links":{"self":[{"href":"https:\/\/resest.com\/ca\/wp-json\/wp\/v2\/posts\/3458","targetHints":{"allow":["GET"]}}],"collection":[{"href":"https:\/\/resest.com\/ca\/wp-json\/wp\/v2\/posts"}],"about":[{"href":"https:\/\/resest.com\/ca\/wp-json\/wp\/v2\/types\/post"}],"author":[{"embeddable":true,"href":"https:\/\/resest.com\/ca\/wp-json\/wp\/v2\/users\/3"}],"replies":[{"embeddable":true,"href":"https:\/\/resest.com\/ca\/wp-json\/wp\/v2\/comments?post=3458"}],"version-history":[{"count":0,"href":"https:\/\/resest.com\/ca\/wp-json\/wp\/v2\/posts\/3458\/revisions"}],"wp:attachment":[{"href":"https:\/\/resest.com\/ca\/wp-json\/wp\/v2\/media?parent=3458"}],"wp:term":[{"taxonomy":"category","embeddable":true,"href":"https:\/\/resest.com\/ca\/wp-json\/wp\/v2\/categories?post=3458"},{"taxonomy":"post_tag","embeddable":true,"href":"https:\/\/resest.com\/ca\/wp-json\/wp\/v2\/tags?post=3458"}],"curies":[{"name":"wp","href":"https:\/\/api.w.org\/{rel}","templated":true}]}}