{"id":3381,"date":"2015-03-18T17:59:21","date_gmt":"2015-03-18T16:59:21","guid":{"rendered":"http:\/\/resest.com\/?p=3381"},"modified":"2016-02-09T18:59:49","modified_gmt":"2016-02-09T17:59:49","slug":"salo-de-lensenyament-2015-2","status":"publish","type":"post","link":"https:\/\/resest.com\/ca\/blog\/salo-de-lensenyament-2015-2\/","title":{"rendered":"Sal\u00f3 de l&#8217;Ensenyament 2015"},"content":{"rendered":"<p style=\"text-align: center;\">Des d&#8217;avui fins el 22 de mar\u00e7 visita\u00a0el Sal\u00f3 de l\u2019Ensenyament de Barcelona, on hi trobar\u00e0s totes les propostes d&#8217;estudis de\u00a0batxillerat, carreres universit\u00e0ries, estudis superiors, complementaris, de formaci\u00f3 professional, art i idiomes.<\/p>\n<p style=\"text-align: center;\"><a href=\"https:\/\/resest.com\/wp-content\/uploads\/2015\/03\/0221.jpg\"><img loading=\"lazy\" decoding=\"async\" class=\"aligncenter wp-image-3382 size-large\" title=\"Sal\u00f3 Ensenyament\" src=\"https:\/\/resest.com\/wp-content\/uploads\/2015\/03\/0221-1024x683.jpg\" alt=\"Sal\u00f3 Ensenyament\" width=\"660\" height=\"440\" srcset=\"https:\/\/resest.com\/wp-content\/uploads\/2015\/03\/0221-1024x683.jpg 1024w, https:\/\/resest.com\/wp-content\/uploads\/2015\/03\/0221-300x200.jpg 300w, https:\/\/resest.com\/wp-content\/uploads\/2015\/03\/0221.jpg 1600w\" sizes=\"auto, (max-width: 660px) 100vw, 660px\" \/><\/a><\/p>\n<p style=\"text-align: center;\">Horaris de 10 a 19h (diumenge de 10 a 14h) al\u00a0recinte de Montju\u00efc, Pabell\u00f3 2\u00a0i Pla\u00e7a Universitat.<\/p>\n<p style=\"text-align: center;\">M\u00e9s informaci\u00f3 a <a href=\"http:\/\/www.ensenyament.com\/\" target=\"_blank\">ensenyament.com<\/a><\/p>\n","protected":false},"excerpt":{"rendered":"<p>Des d&#8217;avui fins el 22 de mar\u00e7 visita\u00a0el Sal\u00f3 de l\u2019Ensenyament de Barcelona, on hi trobar\u00e0s totes les propostes d&#8217;estudis de\u00a0batxillerat, carreres universit\u00e0ries, estudis superiors, complementaris, de formaci\u00f3 professional, art i idiomes. Horaris de 10 a 19h (diumenge de 10 a 14h) al\u00a0recinte de Montju\u00efc, Pabell\u00f3 2\u00a0i Pla\u00e7a Universitat. M\u00e9s informaci\u00f3 a ensenyament.com<\/p>\n","protected":false},"author":3,"featured_media":0,"comment_status":"open","ping_status":"open","sticky":false,"template":"","format":"standard","meta":{"footnotes":""},"categories":[6],"tags":[],"class_list":["post-3381","post","type-post","status-publish","format-standard","hentry","category-blog","entry","no-media"],"yoast_head":"<!-- This site is optimized with the Yoast SEO plugin v26.4 - https:\/\/yoast.com\/wordpress\/plugins\/seo\/ -->\n<title>Sal\u00f3 de l&#039;Ensenyament 2015 - Resid\u00e8ncia Estudiantil a Barcelona<\/title>\n<meta name=\"description\" content=\"La Resid\u00e8ncia Estudiantil a Barcelona, UAB i Sabadell recorda la propera cita amb el Sal\u00f3 de l&#039;Ensenyament 2015 per informar-te sobre futures formacions.\" \/>\n<meta name=\"robots\" content=\"index, follow, max-snippet:-1, max-image-preview:large, max-video-preview:-1\" \/>\n<link rel=\"canonical\" href=\"https:\/\/resest.com\/ca\/blog\/salo-de-lensenyament-2015-2\/\" \/>\n<meta property=\"og:locale\" content=\"ca_ES\" \/>\n<meta property=\"og:type\" content=\"article\" \/>\n<meta property=\"og:title\" content=\"Sal\u00f3 de l&#039;Ensenyament 2015 - Resid\u00e8ncia Estudiantil a Barcelona\" \/>\n<meta property=\"og:description\" content=\"La Resid\u00e8ncia Estudiantil a Barcelona, UAB i Sabadell recorda la propera cita amb el Sal\u00f3 de l&#039;Ensenyament 2015 per informar-te sobre futures formacions.\" \/>\n<meta property=\"og:url\" content=\"https:\/\/resest.com\/ca\/blog\/salo-de-lensenyament-2015-2\/\" \/>\n<meta property=\"og:site_name\" content=\"Resid\u00e8ncia d&#039;Estudiants l&#039;Estaci\u00f3 de Sabadell | Resest\" \/>\n<meta property=\"article:published_time\" content=\"2015-03-18T16:59:21+00:00\" \/>\n<meta property=\"article:modified_time\" content=\"2016-02-09T17:59:49+00:00\" \/>\n<meta property=\"og:image\" content=\"https:\/\/resest.com\/wp-content\/uploads\/2015\/03\/0221-1024x683.jpg\" \/>\n<meta name=\"author\" content=\"Resest\" \/>\n<meta name=\"twitter:label1\" content=\"Written by\" \/>\n\t<meta name=\"twitter:data1\" content=\"Resest\" \/>\n<script type=\"application\/ld+json\" class=\"yoast-schema-graph\">{\"@context\":\"https:\/\/schema.org\",\"@graph\":[{\"@type\":\"Article\",\"@id\":\"https:\/\/resest.com\/ca\/blog\/salo-de-lensenyament-2015-2\/#article\",\"isPartOf\":{\"@id\":\"https:\/\/resest.com\/ca\/blog\/salo-de-lensenyament-2015-2\/\"},\"author\":{\"name\":\"Resest\",\"@id\":\"https:\/\/resest.com\/ca\/#\/schema\/person\/f66d2b5dae2cd0a989ab720dd211d2a9\"},\"headline\":\"Sal\u00f3 de l&#8217;Ensenyament 2015\",\"datePublished\":\"2015-03-18T16:59:21+00:00\",\"dateModified\":\"2016-02-09T17:59:49+00:00\",\"mainEntityOfPage\":{\"@id\":\"https:\/\/resest.com\/ca\/blog\/salo-de-lensenyament-2015-2\/\"},\"wordCount\":66,\"commentCount\":0,\"publisher\":{\"@id\":\"https:\/\/resest.com\/ca\/#organization\"},\"image\":{\"@id\":\"https:\/\/resest.com\/ca\/blog\/salo-de-lensenyament-2015-2\/#primaryimage\"},\"thumbnailUrl\":\"https:\/\/resest.com\/wp-content\/uploads\/2015\/03\/0221-1024x683.jpg\",\"articleSection\":[\"Blog\"],\"inLanguage\":\"ca-ES\",\"potentialAction\":[{\"@type\":\"CommentAction\",\"name\":\"Comment\",\"target\":[\"https:\/\/resest.com\/ca\/blog\/salo-de-lensenyament-2015-2\/#respond\"]}]},{\"@type\":\"WebPage\",\"@id\":\"https:\/\/resest.com\/ca\/blog\/salo-de-lensenyament-2015-2\/\",\"url\":\"https:\/\/resest.com\/ca\/blog\/salo-de-lensenyament-2015-2\/\",\"name\":\"Sal\u00f3 de l'Ensenyament 2015 - Resid\u00e8ncia Estudiantil a Barcelona\",\"isPartOf\":{\"@id\":\"https:\/\/resest.com\/ca\/#website\"},\"primaryImageOfPage\":{\"@id\":\"https:\/\/resest.com\/ca\/blog\/salo-de-lensenyament-2015-2\/#primaryimage\"},\"image\":{\"@id\":\"https:\/\/resest.com\/ca\/blog\/salo-de-lensenyament-2015-2\/#primaryimage\"},\"thumbnailUrl\":\"https:\/\/resest.com\/wp-content\/uploads\/2015\/03\/0221-1024x683.jpg\",\"datePublished\":\"2015-03-18T16:59:21+00:00\",\"dateModified\":\"2016-02-09T17:59:49+00:00\",\"description\":\"La Resid\u00e8ncia Estudiantil a Barcelona, UAB i Sabadell recorda la propera cita amb el Sal\u00f3 de l'Ensenyament 2015 per informar-te sobre futures formacions.\",\"breadcrumb\":{\"@id\":\"https:\/\/resest.com\/ca\/blog\/salo-de-lensenyament-2015-2\/#breadcrumb\"},\"inLanguage\":\"ca-ES\",\"potentialAction\":[{\"@type\":\"ReadAction\",\"target\":[\"https:\/\/resest.com\/ca\/blog\/salo-de-lensenyament-2015-2\/\"]}]},{\"@type\":\"ImageObject\",\"inLanguage\":\"ca-ES\",\"@id\":\"https:\/\/resest.com\/ca\/blog\/salo-de-lensenyament-2015-2\/#primaryimage\",\"url\":\"https:\/\/resest.com\/wp-content\/uploads\/2015\/03\/0221-1024x683.jpg\",\"contentUrl\":\"https:\/\/resest.com\/wp-content\/uploads\/2015\/03\/0221-1024x683.jpg\"},{\"@type\":\"BreadcrumbList\",\"@id\":\"https:\/\/resest.com\/ca\/blog\/salo-de-lensenyament-2015-2\/#breadcrumb\",\"itemListElement\":[{\"@type\":\"ListItem\",\"position\":1,\"name\":\"Inici\",\"item\":\"https:\/\/resest.com\/ca\/\"},{\"@type\":\"ListItem\",\"position\":2,\"name\":\"Sal\u00f3 de l&#8217;Ensenyament 2015\"}]},{\"@type\":\"WebSite\",\"@id\":\"https:\/\/resest.com\/ca\/#website\",\"url\":\"https:\/\/resest.com\/ca\/\",\"name\":\"Resid\u00e8ncia d&#039;Estudiants l&#039;Estaci\u00f3 de Sabadell | Resest\",\"description\":\"Prop de l\u2019Universitat Aut\u00f2noma de Barcelona (UAB)\",\"publisher\":{\"@id\":\"https:\/\/resest.com\/ca\/#organization\"},\"potentialAction\":[{\"@type\":\"SearchAction\",\"target\":{\"@type\":\"EntryPoint\",\"urlTemplate\":\"https:\/\/resest.com\/ca\/?s={search_term_string}\"},\"query-input\":{\"@type\":\"PropertyValueSpecification\",\"valueRequired\":true,\"valueName\":\"search_term_string\"}}],\"inLanguage\":\"ca-ES\"},{\"@type\":\"Organization\",\"@id\":\"https:\/\/resest.com\/ca\/#organization\",\"name\":\"Resid\u00e8ncia d&#039;Estudiants l&#039;Estaci\u00f3 de Sabadell | Resest\",\"url\":\"https:\/\/resest.com\/ca\/\",\"logo\":{\"@type\":\"ImageObject\",\"inLanguage\":\"ca-ES\",\"@id\":\"https:\/\/resest.com\/ca\/#\/schema\/logo\/image\/\",\"url\":\"https:\/\/resest.com\/wp-content\/uploads\/2024\/03\/Facana-1.jpg\",\"contentUrl\":\"https:\/\/resest.com\/wp-content\/uploads\/2024\/03\/Facana-1.jpg\",\"width\":1200,\"height\":1009,\"caption\":\"Resid\u00e8ncia d&#039;Estudiants l&#039;Estaci\u00f3 de Sabadell | Resest\"},\"image\":{\"@id\":\"https:\/\/resest.com\/ca\/#\/schema\/logo\/image\/\"}},{\"@type\":\"Person\",\"@id\":\"https:\/\/resest.com\/ca\/#\/schema\/person\/f66d2b5dae2cd0a989ab720dd211d2a9\",\"name\":\"Resest\",\"image\":{\"@type\":\"ImageObject\",\"inLanguage\":\"ca-ES\",\"@id\":\"https:\/\/resest.com\/ca\/#\/schema\/person\/image\/\",\"url\":\"https:\/\/secure.gravatar.com\/avatar\/a5d542eca874617a8a62a45c724821a615f770cf5bde5e61a93a7a2562faba7a?s=96&d=mm&r=g\",\"contentUrl\":\"https:\/\/secure.gravatar.com\/avatar\/a5d542eca874617a8a62a45c724821a615f770cf5bde5e61a93a7a2562faba7a?s=96&d=mm&r=g\",\"caption\":\"Resest\"},\"url\":\"https:\/\/resest.com\/ca\/author\/resest\/\"}]}<\/script>\n<!-- \/ Yoast SEO plugin. -->","yoast_head_json":{"title":"Sal\u00f3 de l'Ensenyament 2015 - Resid\u00e8ncia Estudiantil a Barcelona","description":"La Resid\u00e8ncia Estudiantil a Barcelona, UAB i Sabadell recorda la propera cita amb el Sal\u00f3 de l'Ensenyament 2015 per informar-te sobre futures formacions.","robots":{"index":"index","follow":"follow","max-snippet":"max-snippet:-1","max-image-preview":"max-image-preview:large","max-video-preview":"max-video-preview:-1"},"canonical":"https:\/\/resest.com\/ca\/blog\/salo-de-lensenyament-2015-2\/","og_locale":"ca_ES","og_type":"article","og_title":"Sal\u00f3 de l'Ensenyament 2015 - Resid\u00e8ncia Estudiantil a Barcelona","og_description":"La Resid\u00e8ncia Estudiantil a Barcelona, UAB i Sabadell recorda la propera cita amb el Sal\u00f3 de l'Ensenyament 2015 per informar-te sobre futures formacions.","og_url":"https:\/\/resest.com\/ca\/blog\/salo-de-lensenyament-2015-2\/","og_site_name":"Resid\u00e8ncia d&#039;Estudiants l&#039;Estaci\u00f3 de Sabadell | Resest","article_published_time":"2015-03-18T16:59:21+00:00","article_modified_time":"2016-02-09T17:59:49+00:00","og_image":[{"url":"https:\/\/resest.com\/wp-content\/uploads\/2015\/03\/0221-1024x683.jpg","type":"","width":"","height":""}],"author":"Resest","twitter_misc":{"Written by":"Resest"},"schema":{"@context":"https:\/\/schema.org","@graph":[{"@type":"Article","@id":"https:\/\/resest.com\/ca\/blog\/salo-de-lensenyament-2015-2\/#article","isPartOf":{"@id":"https:\/\/resest.com\/ca\/blog\/salo-de-lensenyament-2015-2\/"},"author":{"name":"Resest","@id":"https:\/\/resest.com\/ca\/#\/schema\/person\/f66d2b5dae2cd0a989ab720dd211d2a9"},"headline":"Sal\u00f3 de l&#8217;Ensenyament 2015","datePublished":"2015-03-18T16:59:21+00:00","dateModified":"2016-02-09T17:59:49+00:00","mainEntityOfPage":{"@id":"https:\/\/resest.com\/ca\/blog\/salo-de-lensenyament-2015-2\/"},"wordCount":66,"commentCount":0,"publisher":{"@id":"https:\/\/resest.com\/ca\/#organization"},"image":{"@id":"https:\/\/resest.com\/ca\/blog\/salo-de-lensenyament-2015-2\/#primaryimage"},"thumbnailUrl":"https:\/\/resest.com\/wp-content\/uploads\/2015\/03\/0221-1024x683.jpg","articleSection":["Blog"],"inLanguage":"ca-ES","potentialAction":[{"@type":"CommentAction","name":"Comment","target":["https:\/\/resest.com\/ca\/blog\/salo-de-lensenyament-2015-2\/#respond"]}]},{"@type":"WebPage","@id":"https:\/\/resest.com\/ca\/blog\/salo-de-lensenyament-2015-2\/","url":"https:\/\/resest.com\/ca\/blog\/salo-de-lensenyament-2015-2\/","name":"Sal\u00f3 de l'Ensenyament 2015 - Resid\u00e8ncia Estudiantil a Barcelona","isPartOf":{"@id":"https:\/\/resest.com\/ca\/#website"},"primaryImageOfPage":{"@id":"https:\/\/resest.com\/ca\/blog\/salo-de-lensenyament-2015-2\/#primaryimage"},"image":{"@id":"https:\/\/resest.com\/ca\/blog\/salo-de-lensenyament-2015-2\/#primaryimage"},"thumbnailUrl":"https:\/\/resest.com\/wp-content\/uploads\/2015\/03\/0221-1024x683.jpg","datePublished":"2015-03-18T16:59:21+00:00","dateModified":"2016-02-09T17:59:49+00:00","description":"La Resid\u00e8ncia Estudiantil a Barcelona, UAB i Sabadell recorda la propera cita amb el Sal\u00f3 de l'Ensenyament 2015 per informar-te sobre futures formacions.","breadcrumb":{"@id":"https:\/\/resest.com\/ca\/blog\/salo-de-lensenyament-2015-2\/#breadcrumb"},"inLanguage":"ca-ES","potentialAction":[{"@type":"ReadAction","target":["https:\/\/resest.com\/ca\/blog\/salo-de-lensenyament-2015-2\/"]}]},{"@type":"ImageObject","inLanguage":"ca-ES","@id":"https:\/\/resest.com\/ca\/blog\/salo-de-lensenyament-2015-2\/#primaryimage","url":"https:\/\/resest.com\/wp-content\/uploads\/2015\/03\/0221-1024x683.jpg","contentUrl":"https:\/\/resest.com\/wp-content\/uploads\/2015\/03\/0221-1024x683.jpg"},{"@type":"BreadcrumbList","@id":"https:\/\/resest.com\/ca\/blog\/salo-de-lensenyament-2015-2\/#breadcrumb","itemListElement":[{"@type":"ListItem","position":1,"name":"Inici","item":"https:\/\/resest.com\/ca\/"},{"@type":"ListItem","position":2,"name":"Sal\u00f3 de l&#8217;Ensenyament 2015"}]},{"@type":"WebSite","@id":"https:\/\/resest.com\/ca\/#website","url":"https:\/\/resest.com\/ca\/","name":"Resid\u00e8ncia d&#039;Estudiants l&#039;Estaci\u00f3 de Sabadell | Resest","description":"Prop de l\u2019Universitat Aut\u00f2noma de Barcelona (UAB)","publisher":{"@id":"https:\/\/resest.com\/ca\/#organization"},"potentialAction":[{"@type":"SearchAction","target":{"@type":"EntryPoint","urlTemplate":"https:\/\/resest.com\/ca\/?s={search_term_string}"},"query-input":{"@type":"PropertyValueSpecification","valueRequired":true,"valueName":"search_term_string"}}],"inLanguage":"ca-ES"},{"@type":"Organization","@id":"https:\/\/resest.com\/ca\/#organization","name":"Resid\u00e8ncia d&#039;Estudiants l&#039;Estaci\u00f3 de Sabadell | Resest","url":"https:\/\/resest.com\/ca\/","logo":{"@type":"ImageObject","inLanguage":"ca-ES","@id":"https:\/\/resest.com\/ca\/#\/schema\/logo\/image\/","url":"https:\/\/resest.com\/wp-content\/uploads\/2024\/03\/Facana-1.jpg","contentUrl":"https:\/\/resest.com\/wp-content\/uploads\/2024\/03\/Facana-1.jpg","width":1200,"height":1009,"caption":"Resid\u00e8ncia d&#039;Estudiants l&#039;Estaci\u00f3 de Sabadell | Resest"},"image":{"@id":"https:\/\/resest.com\/ca\/#\/schema\/logo\/image\/"}},{"@type":"Person","@id":"https:\/\/resest.com\/ca\/#\/schema\/person\/f66d2b5dae2cd0a989ab720dd211d2a9","name":"Resest","image":{"@type":"ImageObject","inLanguage":"ca-ES","@id":"https:\/\/resest.com\/ca\/#\/schema\/person\/image\/","url":"https:\/\/secure.gravatar.com\/avatar\/a5d542eca874617a8a62a45c724821a615f770cf5bde5e61a93a7a2562faba7a?s=96&d=mm&r=g","contentUrl":"https:\/\/secure.gravatar.com\/avatar\/a5d542eca874617a8a62a45c724821a615f770cf5bde5e61a93a7a2562faba7a?s=96&d=mm&r=g","caption":"Resest"},"url":"https:\/\/resest.com\/ca\/author\/resest\/"}]}},"_links":{"self":[{"href":"https:\/\/resest.com\/ca\/wp-json\/wp\/v2\/posts\/3381","targetHints":{"allow":["GET"]}}],"collection":[{"href":"https:\/\/resest.com\/ca\/wp-json\/wp\/v2\/posts"}],"about":[{"href":"https:\/\/resest.com\/ca\/wp-json\/wp\/v2\/types\/post"}],"author":[{"embeddable":true,"href":"https:\/\/resest.com\/ca\/wp-json\/wp\/v2\/users\/3"}],"replies":[{"embeddable":true,"href":"https:\/\/resest.com\/ca\/wp-json\/wp\/v2\/comments?post=3381"}],"version-history":[{"count":0,"href":"https:\/\/resest.com\/ca\/wp-json\/wp\/v2\/posts\/3381\/revisions"}],"wp:attachment":[{"href":"https:\/\/resest.com\/ca\/wp-json\/wp\/v2\/media?parent=3381"}],"wp:term":[{"taxonomy":"category","embeddable":true,"href":"https:\/\/resest.com\/ca\/wp-json\/wp\/v2\/categories?post=3381"},{"taxonomy":"post_tag","embeddable":true,"href":"https:\/\/resest.com\/ca\/wp-json\/wp\/v2\/tags?post=3381"}],"curies":[{"name":"wp","href":"https:\/\/api.w.org\/{rel}","templated":true}]}}