{"id":3333,"date":"2015-03-03T11:33:20","date_gmt":"2015-03-03T10:33:20","guid":{"rendered":"http:\/\/resest.com\/?p=3333"},"modified":"2016-02-09T18:59:50","modified_gmt":"2016-02-09T17:59:50","slug":"portes-obertes-a-la-residencia-destudiants-lestacio-de-sabadell","status":"publish","type":"post","link":"https:\/\/resest.com\/ca\/blog\/portes-obertes-a-la-residencia-destudiants-lestacio-de-sabadell\/","title":{"rendered":"Portes Obertes a la Resid\u00e8ncia d\u2019Estudiants l\u2019Estaci\u00f3 de Sabadell"},"content":{"rendered":"<p style=\"text-align: center;\">El proper diumenge 15 de mar\u00e7 de 10 a 13 del mat\u00ed les portes de la <strong><a href=\"https:\/\/resest.com\/installacions\/\" target=\"_blank\">Resid\u00e8ncia d&#8217;Estudiants l&#8217;Estaci\u00f3<\/a><\/strong>\u00a0estaran obertes per tots aquells qui vulguin visitar les nostres instal\u00b7lacions.<\/p>\n<p style=\"text-align: center;\"><a href=\"https:\/\/resest.com\/wp-content\/uploads\/2015\/03\/01.jpg\"><img loading=\"lazy\" decoding=\"async\" class=\"aligncenter size-full wp-image-3346\" src=\"https:\/\/resest.com\/wp-content\/uploads\/2015\/03\/01.jpg\" alt=\"01\" width=\"400\" height=\"354\" srcset=\"https:\/\/resest.com\/wp-content\/uploads\/2015\/03\/01.jpg 400w, https:\/\/resest.com\/wp-content\/uploads\/2015\/03\/01-300x266.jpg 300w\" sizes=\"auto, (max-width: 400px) 100vw, 400px\" \/><\/a><\/p>\n<p style=\"text-align: center;\"><strong>Tel\u00e8fon de contacte 616.989.342<\/strong><\/p>\n","protected":false},"excerpt":{"rendered":"<p>El proper diumenge 15 de mar\u00e7 de 10 a 13 del mat\u00ed les portes de la Resid\u00e8ncia d&#8217;Estudiants l&#8217;Estaci\u00f3\u00a0estaran obertes per tots aquells qui vulguin visitar les nostres instal\u00b7lacions. Tel\u00e8fon de contacte 616.989.342<\/p>\n","protected":false},"author":3,"featured_media":0,"comment_status":"open","ping_status":"open","sticky":false,"template":"","format":"standard","meta":{"footnotes":""},"categories":[6],"tags":[],"class_list":["post-3333","post","type-post","status-publish","format-standard","hentry","category-blog","entry","no-media"],"yoast_head":"<!-- This site is optimized with the Yoast SEO plugin v26.4 - https:\/\/yoast.com\/wordpress\/plugins\/seo\/ -->\n<title>Portes Obertes: Resid\u00e8ncia d&#039;Estudiants l&#039;Estaci\u00f3 Sabadell<\/title>\n<meta name=\"description\" content=\"Visita la jornada de portes obertes de la resid\u00e8ncia d&#039;estudiants l&#039;Estaci\u00f3 de Sabadell i informa&#039;t de les seves instal\u00b7lacions i serveis immillorables.\" \/>\n<meta name=\"robots\" content=\"index, follow, max-snippet:-1, max-image-preview:large, max-video-preview:-1\" \/>\n<link rel=\"canonical\" href=\"https:\/\/resest.com\/ca\/blog\/portes-obertes-a-la-residencia-destudiants-lestacio-de-sabadell\/\" \/>\n<meta property=\"og:locale\" content=\"ca_ES\" \/>\n<meta property=\"og:type\" content=\"article\" \/>\n<meta property=\"og:title\" content=\"Portes Obertes: Resid\u00e8ncia d&#039;Estudiants l&#039;Estaci\u00f3 Sabadell\" \/>\n<meta property=\"og:description\" content=\"Visita la jornada de portes obertes de la resid\u00e8ncia d&#039;estudiants l&#039;Estaci\u00f3 de Sabadell i informa&#039;t de les seves instal\u00b7lacions i serveis immillorables.\" \/>\n<meta property=\"og:url\" content=\"https:\/\/resest.com\/ca\/blog\/portes-obertes-a-la-residencia-destudiants-lestacio-de-sabadell\/\" \/>\n<meta property=\"og:site_name\" content=\"Resid\u00e8ncia d&#039;Estudiants l&#039;Estaci\u00f3 de Sabadell | Resest\" \/>\n<meta property=\"article:published_time\" content=\"2015-03-03T10:33:20+00:00\" \/>\n<meta property=\"article:modified_time\" content=\"2016-02-09T17:59:50+00:00\" \/>\n<meta property=\"og:image\" content=\"https:\/\/resest.com\/wp-content\/uploads\/2015\/03\/01.jpg\" \/>\n<meta name=\"author\" content=\"Resest\" \/>\n<meta name=\"twitter:label1\" content=\"Written by\" \/>\n\t<meta name=\"twitter:data1\" content=\"Resest\" \/>\n<script type=\"application\/ld+json\" class=\"yoast-schema-graph\">{\"@context\":\"https:\/\/schema.org\",\"@graph\":[{\"@type\":\"Article\",\"@id\":\"https:\/\/resest.com\/ca\/blog\/portes-obertes-a-la-residencia-destudiants-lestacio-de-sabadell\/#article\",\"isPartOf\":{\"@id\":\"https:\/\/resest.com\/ca\/blog\/portes-obertes-a-la-residencia-destudiants-lestacio-de-sabadell\/\"},\"author\":{\"name\":\"Resest\",\"@id\":\"https:\/\/resest.com\/ca\/#\/schema\/person\/f66d2b5dae2cd0a989ab720dd211d2a9\"},\"headline\":\"Portes Obertes a la Resid\u00e8ncia d\u2019Estudiants l\u2019Estaci\u00f3 de Sabadell\",\"datePublished\":\"2015-03-03T10:33:20+00:00\",\"dateModified\":\"2016-02-09T17:59:50+00:00\",\"mainEntityOfPage\":{\"@id\":\"https:\/\/resest.com\/ca\/blog\/portes-obertes-a-la-residencia-destudiants-lestacio-de-sabadell\/\"},\"wordCount\":47,\"commentCount\":0,\"publisher\":{\"@id\":\"https:\/\/resest.com\/ca\/#organization\"},\"image\":{\"@id\":\"https:\/\/resest.com\/ca\/blog\/portes-obertes-a-la-residencia-destudiants-lestacio-de-sabadell\/#primaryimage\"},\"thumbnailUrl\":\"https:\/\/resest.com\/wp-content\/uploads\/2015\/03\/01.jpg\",\"articleSection\":[\"Blog\"],\"inLanguage\":\"ca-ES\",\"potentialAction\":[{\"@type\":\"CommentAction\",\"name\":\"Comment\",\"target\":[\"https:\/\/resest.com\/ca\/blog\/portes-obertes-a-la-residencia-destudiants-lestacio-de-sabadell\/#respond\"]}]},{\"@type\":\"WebPage\",\"@id\":\"https:\/\/resest.com\/ca\/blog\/portes-obertes-a-la-residencia-destudiants-lestacio-de-sabadell\/\",\"url\":\"https:\/\/resest.com\/ca\/blog\/portes-obertes-a-la-residencia-destudiants-lestacio-de-sabadell\/\",\"name\":\"Portes Obertes: Resid\u00e8ncia d'Estudiants l'Estaci\u00f3 Sabadell\",\"isPartOf\":{\"@id\":\"https:\/\/resest.com\/ca\/#website\"},\"primaryImageOfPage\":{\"@id\":\"https:\/\/resest.com\/ca\/blog\/portes-obertes-a-la-residencia-destudiants-lestacio-de-sabadell\/#primaryimage\"},\"image\":{\"@id\":\"https:\/\/resest.com\/ca\/blog\/portes-obertes-a-la-residencia-destudiants-lestacio-de-sabadell\/#primaryimage\"},\"thumbnailUrl\":\"https:\/\/resest.com\/wp-content\/uploads\/2015\/03\/01.jpg\",\"datePublished\":\"2015-03-03T10:33:20+00:00\",\"dateModified\":\"2016-02-09T17:59:50+00:00\",\"description\":\"Visita la jornada de portes obertes de la resid\u00e8ncia d'estudiants l'Estaci\u00f3 de Sabadell i informa't de les seves instal\u00b7lacions i serveis immillorables.\",\"breadcrumb\":{\"@id\":\"https:\/\/resest.com\/ca\/blog\/portes-obertes-a-la-residencia-destudiants-lestacio-de-sabadell\/#breadcrumb\"},\"inLanguage\":\"ca-ES\",\"potentialAction\":[{\"@type\":\"ReadAction\",\"target\":[\"https:\/\/resest.com\/ca\/blog\/portes-obertes-a-la-residencia-destudiants-lestacio-de-sabadell\/\"]}]},{\"@type\":\"ImageObject\",\"inLanguage\":\"ca-ES\",\"@id\":\"https:\/\/resest.com\/ca\/blog\/portes-obertes-a-la-residencia-destudiants-lestacio-de-sabadell\/#primaryimage\",\"url\":\"https:\/\/resest.com\/wp-content\/uploads\/2015\/03\/01.jpg\",\"contentUrl\":\"https:\/\/resest.com\/wp-content\/uploads\/2015\/03\/01.jpg\"},{\"@type\":\"BreadcrumbList\",\"@id\":\"https:\/\/resest.com\/ca\/blog\/portes-obertes-a-la-residencia-destudiants-lestacio-de-sabadell\/#breadcrumb\",\"itemListElement\":[{\"@type\":\"ListItem\",\"position\":1,\"name\":\"Inici\",\"item\":\"https:\/\/resest.com\/ca\/\"},{\"@type\":\"ListItem\",\"position\":2,\"name\":\"Portes Obertes a la Resid\u00e8ncia d\u2019Estudiants l\u2019Estaci\u00f3 de Sabadell\"}]},{\"@type\":\"WebSite\",\"@id\":\"https:\/\/resest.com\/ca\/#website\",\"url\":\"https:\/\/resest.com\/ca\/\",\"name\":\"Resid\u00e8ncia d&#039;Estudiants l&#039;Estaci\u00f3 de Sabadell | Resest\",\"description\":\"Prop de l\u2019Universitat Aut\u00f2noma de Barcelona (UAB)\",\"publisher\":{\"@id\":\"https:\/\/resest.com\/ca\/#organization\"},\"potentialAction\":[{\"@type\":\"SearchAction\",\"target\":{\"@type\":\"EntryPoint\",\"urlTemplate\":\"https:\/\/resest.com\/ca\/?s={search_term_string}\"},\"query-input\":{\"@type\":\"PropertyValueSpecification\",\"valueRequired\":true,\"valueName\":\"search_term_string\"}}],\"inLanguage\":\"ca-ES\"},{\"@type\":\"Organization\",\"@id\":\"https:\/\/resest.com\/ca\/#organization\",\"name\":\"Resid\u00e8ncia d&#039;Estudiants l&#039;Estaci\u00f3 de Sabadell | Resest\",\"url\":\"https:\/\/resest.com\/ca\/\",\"logo\":{\"@type\":\"ImageObject\",\"inLanguage\":\"ca-ES\",\"@id\":\"https:\/\/resest.com\/ca\/#\/schema\/logo\/image\/\",\"url\":\"https:\/\/resest.com\/wp-content\/uploads\/2024\/03\/Facana-1.jpg\",\"contentUrl\":\"https:\/\/resest.com\/wp-content\/uploads\/2024\/03\/Facana-1.jpg\",\"width\":1200,\"height\":1009,\"caption\":\"Resid\u00e8ncia d&#039;Estudiants l&#039;Estaci\u00f3 de Sabadell | Resest\"},\"image\":{\"@id\":\"https:\/\/resest.com\/ca\/#\/schema\/logo\/image\/\"}},{\"@type\":\"Person\",\"@id\":\"https:\/\/resest.com\/ca\/#\/schema\/person\/f66d2b5dae2cd0a989ab720dd211d2a9\",\"name\":\"Resest\",\"image\":{\"@type\":\"ImageObject\",\"inLanguage\":\"ca-ES\",\"@id\":\"https:\/\/resest.com\/ca\/#\/schema\/person\/image\/\",\"url\":\"https:\/\/secure.gravatar.com\/avatar\/a5d542eca874617a8a62a45c724821a615f770cf5bde5e61a93a7a2562faba7a?s=96&d=mm&r=g\",\"contentUrl\":\"https:\/\/secure.gravatar.com\/avatar\/a5d542eca874617a8a62a45c724821a615f770cf5bde5e61a93a7a2562faba7a?s=96&d=mm&r=g\",\"caption\":\"Resest\"},\"url\":\"https:\/\/resest.com\/ca\/author\/resest\/\"}]}<\/script>\n<!-- \/ Yoast SEO plugin. -->","yoast_head_json":{"title":"Portes Obertes: Resid\u00e8ncia d'Estudiants l'Estaci\u00f3 Sabadell","description":"Visita la jornada de portes obertes de la resid\u00e8ncia d'estudiants l'Estaci\u00f3 de Sabadell i informa't de les seves instal\u00b7lacions i serveis immillorables.","robots":{"index":"index","follow":"follow","max-snippet":"max-snippet:-1","max-image-preview":"max-image-preview:large","max-video-preview":"max-video-preview:-1"},"canonical":"https:\/\/resest.com\/ca\/blog\/portes-obertes-a-la-residencia-destudiants-lestacio-de-sabadell\/","og_locale":"ca_ES","og_type":"article","og_title":"Portes Obertes: Resid\u00e8ncia d'Estudiants l'Estaci\u00f3 Sabadell","og_description":"Visita la jornada de portes obertes de la resid\u00e8ncia d'estudiants l'Estaci\u00f3 de Sabadell i informa't de les seves instal\u00b7lacions i serveis immillorables.","og_url":"https:\/\/resest.com\/ca\/blog\/portes-obertes-a-la-residencia-destudiants-lestacio-de-sabadell\/","og_site_name":"Resid\u00e8ncia d&#039;Estudiants l&#039;Estaci\u00f3 de Sabadell | Resest","article_published_time":"2015-03-03T10:33:20+00:00","article_modified_time":"2016-02-09T17:59:50+00:00","og_image":[{"url":"https:\/\/resest.com\/wp-content\/uploads\/2015\/03\/01.jpg","type":"","width":"","height":""}],"author":"Resest","twitter_misc":{"Written by":"Resest"},"schema":{"@context":"https:\/\/schema.org","@graph":[{"@type":"Article","@id":"https:\/\/resest.com\/ca\/blog\/portes-obertes-a-la-residencia-destudiants-lestacio-de-sabadell\/#article","isPartOf":{"@id":"https:\/\/resest.com\/ca\/blog\/portes-obertes-a-la-residencia-destudiants-lestacio-de-sabadell\/"},"author":{"name":"Resest","@id":"https:\/\/resest.com\/ca\/#\/schema\/person\/f66d2b5dae2cd0a989ab720dd211d2a9"},"headline":"Portes Obertes a la Resid\u00e8ncia d\u2019Estudiants l\u2019Estaci\u00f3 de Sabadell","datePublished":"2015-03-03T10:33:20+00:00","dateModified":"2016-02-09T17:59:50+00:00","mainEntityOfPage":{"@id":"https:\/\/resest.com\/ca\/blog\/portes-obertes-a-la-residencia-destudiants-lestacio-de-sabadell\/"},"wordCount":47,"commentCount":0,"publisher":{"@id":"https:\/\/resest.com\/ca\/#organization"},"image":{"@id":"https:\/\/resest.com\/ca\/blog\/portes-obertes-a-la-residencia-destudiants-lestacio-de-sabadell\/#primaryimage"},"thumbnailUrl":"https:\/\/resest.com\/wp-content\/uploads\/2015\/03\/01.jpg","articleSection":["Blog"],"inLanguage":"ca-ES","potentialAction":[{"@type":"CommentAction","name":"Comment","target":["https:\/\/resest.com\/ca\/blog\/portes-obertes-a-la-residencia-destudiants-lestacio-de-sabadell\/#respond"]}]},{"@type":"WebPage","@id":"https:\/\/resest.com\/ca\/blog\/portes-obertes-a-la-residencia-destudiants-lestacio-de-sabadell\/","url":"https:\/\/resest.com\/ca\/blog\/portes-obertes-a-la-residencia-destudiants-lestacio-de-sabadell\/","name":"Portes Obertes: Resid\u00e8ncia d'Estudiants l'Estaci\u00f3 Sabadell","isPartOf":{"@id":"https:\/\/resest.com\/ca\/#website"},"primaryImageOfPage":{"@id":"https:\/\/resest.com\/ca\/blog\/portes-obertes-a-la-residencia-destudiants-lestacio-de-sabadell\/#primaryimage"},"image":{"@id":"https:\/\/resest.com\/ca\/blog\/portes-obertes-a-la-residencia-destudiants-lestacio-de-sabadell\/#primaryimage"},"thumbnailUrl":"https:\/\/resest.com\/wp-content\/uploads\/2015\/03\/01.jpg","datePublished":"2015-03-03T10:33:20+00:00","dateModified":"2016-02-09T17:59:50+00:00","description":"Visita la jornada de portes obertes de la resid\u00e8ncia d'estudiants l'Estaci\u00f3 de Sabadell i informa't de les seves instal\u00b7lacions i serveis immillorables.","breadcrumb":{"@id":"https:\/\/resest.com\/ca\/blog\/portes-obertes-a-la-residencia-destudiants-lestacio-de-sabadell\/#breadcrumb"},"inLanguage":"ca-ES","potentialAction":[{"@type":"ReadAction","target":["https:\/\/resest.com\/ca\/blog\/portes-obertes-a-la-residencia-destudiants-lestacio-de-sabadell\/"]}]},{"@type":"ImageObject","inLanguage":"ca-ES","@id":"https:\/\/resest.com\/ca\/blog\/portes-obertes-a-la-residencia-destudiants-lestacio-de-sabadell\/#primaryimage","url":"https:\/\/resest.com\/wp-content\/uploads\/2015\/03\/01.jpg","contentUrl":"https:\/\/resest.com\/wp-content\/uploads\/2015\/03\/01.jpg"},{"@type":"BreadcrumbList","@id":"https:\/\/resest.com\/ca\/blog\/portes-obertes-a-la-residencia-destudiants-lestacio-de-sabadell\/#breadcrumb","itemListElement":[{"@type":"ListItem","position":1,"name":"Inici","item":"https:\/\/resest.com\/ca\/"},{"@type":"ListItem","position":2,"name":"Portes Obertes a la Resid\u00e8ncia d\u2019Estudiants l\u2019Estaci\u00f3 de Sabadell"}]},{"@type":"WebSite","@id":"https:\/\/resest.com\/ca\/#website","url":"https:\/\/resest.com\/ca\/","name":"Resid\u00e8ncia d&#039;Estudiants l&#039;Estaci\u00f3 de Sabadell | Resest","description":"Prop de l\u2019Universitat Aut\u00f2noma de Barcelona (UAB)","publisher":{"@id":"https:\/\/resest.com\/ca\/#organization"},"potentialAction":[{"@type":"SearchAction","target":{"@type":"EntryPoint","urlTemplate":"https:\/\/resest.com\/ca\/?s={search_term_string}"},"query-input":{"@type":"PropertyValueSpecification","valueRequired":true,"valueName":"search_term_string"}}],"inLanguage":"ca-ES"},{"@type":"Organization","@id":"https:\/\/resest.com\/ca\/#organization","name":"Resid\u00e8ncia d&#039;Estudiants l&#039;Estaci\u00f3 de Sabadell | Resest","url":"https:\/\/resest.com\/ca\/","logo":{"@type":"ImageObject","inLanguage":"ca-ES","@id":"https:\/\/resest.com\/ca\/#\/schema\/logo\/image\/","url":"https:\/\/resest.com\/wp-content\/uploads\/2024\/03\/Facana-1.jpg","contentUrl":"https:\/\/resest.com\/wp-content\/uploads\/2024\/03\/Facana-1.jpg","width":1200,"height":1009,"caption":"Resid\u00e8ncia d&#039;Estudiants l&#039;Estaci\u00f3 de Sabadell | Resest"},"image":{"@id":"https:\/\/resest.com\/ca\/#\/schema\/logo\/image\/"}},{"@type":"Person","@id":"https:\/\/resest.com\/ca\/#\/schema\/person\/f66d2b5dae2cd0a989ab720dd211d2a9","name":"Resest","image":{"@type":"ImageObject","inLanguage":"ca-ES","@id":"https:\/\/resest.com\/ca\/#\/schema\/person\/image\/","url":"https:\/\/secure.gravatar.com\/avatar\/a5d542eca874617a8a62a45c724821a615f770cf5bde5e61a93a7a2562faba7a?s=96&d=mm&r=g","contentUrl":"https:\/\/secure.gravatar.com\/avatar\/a5d542eca874617a8a62a45c724821a615f770cf5bde5e61a93a7a2562faba7a?s=96&d=mm&r=g","caption":"Resest"},"url":"https:\/\/resest.com\/ca\/author\/resest\/"}]}},"_links":{"self":[{"href":"https:\/\/resest.com\/ca\/wp-json\/wp\/v2\/posts\/3333","targetHints":{"allow":["GET"]}}],"collection":[{"href":"https:\/\/resest.com\/ca\/wp-json\/wp\/v2\/posts"}],"about":[{"href":"https:\/\/resest.com\/ca\/wp-json\/wp\/v2\/types\/post"}],"author":[{"embeddable":true,"href":"https:\/\/resest.com\/ca\/wp-json\/wp\/v2\/users\/3"}],"replies":[{"embeddable":true,"href":"https:\/\/resest.com\/ca\/wp-json\/wp\/v2\/comments?post=3333"}],"version-history":[{"count":0,"href":"https:\/\/resest.com\/ca\/wp-json\/wp\/v2\/posts\/3333\/revisions"}],"wp:attachment":[{"href":"https:\/\/resest.com\/ca\/wp-json\/wp\/v2\/media?parent=3333"}],"wp:term":[{"taxonomy":"category","embeddable":true,"href":"https:\/\/resest.com\/ca\/wp-json\/wp\/v2\/categories?post=3333"},{"taxonomy":"post_tag","embeddable":true,"href":"https:\/\/resest.com\/ca\/wp-json\/wp\/v2\/tags?post=3333"}],"curies":[{"name":"wp","href":"https:\/\/api.w.org\/{rel}","templated":true}]}}