{"id":3237,"date":"2015-02-06T12:49:45","date_gmt":"2015-02-06T11:49:45","guid":{"rendered":"http:\/\/resest.com\/?p=3237"},"modified":"2016-02-09T18:59:51","modified_gmt":"2016-02-09T17:59:51","slug":"inscripcions-curs-2015-2016-obertes-partir-del-16-de-febrer","status":"publish","type":"post","link":"https:\/\/resest.com\/ca\/blog\/inscripcions-curs-2015-2016-obertes-partir-del-16-de-febrer\/","title":{"rendered":"Inscripcions curs 2015-2016 obertes a partir del 16 de febrer"},"content":{"rendered":"<p style=\"text-align: center;\">A partir del proper dilluns 16 de febrer, s&#8217;obre el per\u00edode d&#8217;inscripcions pel proper curs 2015-2016. Per reservar pla\u00e7a podeu contactar per e-mail a <strong><a href=\"mailto:info@resest.com\">info@resest.com<\/a>,<\/strong>\u00a0 per tel\u00e8fon al <strong>93.726.13.48<\/strong> o mitjan\u00e7ant la nostra <a href=\"https:\/\/resest.com\/sollicitud-de-placa\/\" target=\"_blank\"><strong>p\u00e0gina web<\/strong><\/a>.<\/p>\n<p><img loading=\"lazy\" decoding=\"async\" class=\" size-medium wp-image-74 aligncenter\" src=\"https:\/\/resest.com\/wp-content\/uploads\/2015\/01\/02-300x266.jpeg\" alt=\"02\" width=\"300\" height=\"266\" srcset=\"https:\/\/resest.com\/wp-content\/uploads\/2015\/01\/02-300x266.jpeg 300w, https:\/\/resest.com\/wp-content\/uploads\/2015\/01\/02.jpeg 400w\" sizes=\"auto, (max-width: 300px) 100vw, 300px\" \/><\/p>\n","protected":false},"excerpt":{"rendered":"<p>A partir del proper dilluns 16 de febrer, s&#8217;obre el per\u00edode d&#8217;inscripcions pel proper curs 2015-2016. Per reservar pla\u00e7a podeu contactar per e-mail a info@resest.com,\u00a0 per tel\u00e8fon al 93.726.13.48 o mitjan\u00e7ant la nostra p\u00e0gina web.<\/p>\n","protected":false},"author":3,"featured_media":0,"comment_status":"open","ping_status":"open","sticky":false,"template":"","format":"standard","meta":{"footnotes":""},"categories":[6],"tags":[],"class_list":["post-3237","post","type-post","status-publish","format-standard","hentry","category-blog","entry","no-media"],"yoast_head":"<!-- This site is optimized with the Yoast SEO plugin v26.4 - https:\/\/yoast.com\/wordpress\/plugins\/seo\/ -->\n<title>Curs 2015-2016 - Resid\u00e8ncia Estudiantil a Barcelona<\/title>\n<meta name=\"description\" content=\"Comen\u00e7a el curs i la Resid\u00e8ncia Estudiantil a Barcelona, Sabadell i Bellaterra ja t\u00e9 el seu per\u00edode d&#039;inscripcions obert a partir del 16 de Febrer.\" \/>\n<meta name=\"robots\" content=\"index, follow, max-snippet:-1, max-image-preview:large, max-video-preview:-1\" \/>\n<link rel=\"canonical\" href=\"https:\/\/resest.com\/ca\/blog\/inscripcions-curs-2015-2016-obertes-partir-del-16-de-febrer\/\" \/>\n<meta property=\"og:locale\" content=\"ca_ES\" \/>\n<meta property=\"og:type\" content=\"article\" \/>\n<meta property=\"og:title\" content=\"Curs 2015-2016 - Resid\u00e8ncia Estudiantil a Barcelona\" \/>\n<meta property=\"og:description\" content=\"Comen\u00e7a el curs i la Resid\u00e8ncia Estudiantil a Barcelona, Sabadell i Bellaterra ja t\u00e9 el seu per\u00edode d&#039;inscripcions obert a partir del 16 de Febrer.\" \/>\n<meta property=\"og:url\" content=\"https:\/\/resest.com\/ca\/blog\/inscripcions-curs-2015-2016-obertes-partir-del-16-de-febrer\/\" \/>\n<meta property=\"og:site_name\" content=\"Resid\u00e8ncia d&#039;Estudiants l&#039;Estaci\u00f3 de Sabadell | Resest\" \/>\n<meta property=\"article:published_time\" content=\"2015-02-06T11:49:45+00:00\" \/>\n<meta property=\"article:modified_time\" content=\"2016-02-09T17:59:51+00:00\" \/>\n<meta property=\"og:image\" content=\"https:\/\/resest.com\/wp-content\/uploads\/2015\/01\/02-300x266.jpeg\" \/>\n<meta name=\"author\" content=\"Resest\" \/>\n<meta name=\"twitter:label1\" content=\"Written by\" \/>\n\t<meta name=\"twitter:data1\" content=\"Resest\" \/>\n<script type=\"application\/ld+json\" class=\"yoast-schema-graph\">{\"@context\":\"https:\/\/schema.org\",\"@graph\":[{\"@type\":\"Article\",\"@id\":\"https:\/\/resest.com\/ca\/blog\/inscripcions-curs-2015-2016-obertes-partir-del-16-de-febrer\/#article\",\"isPartOf\":{\"@id\":\"https:\/\/resest.com\/ca\/blog\/inscripcions-curs-2015-2016-obertes-partir-del-16-de-febrer\/\"},\"author\":{\"name\":\"Resest\",\"@id\":\"https:\/\/resest.com\/ca\/#\/schema\/person\/f66d2b5dae2cd0a989ab720dd211d2a9\"},\"headline\":\"Inscripcions curs 2015-2016 obertes a partir del 16 de febrer\",\"datePublished\":\"2015-02-06T11:49:45+00:00\",\"dateModified\":\"2016-02-09T17:59:51+00:00\",\"mainEntityOfPage\":{\"@id\":\"https:\/\/resest.com\/ca\/blog\/inscripcions-curs-2015-2016-obertes-partir-del-16-de-febrer\/\"},\"wordCount\":51,\"commentCount\":0,\"publisher\":{\"@id\":\"https:\/\/resest.com\/ca\/#organization\"},\"image\":{\"@id\":\"https:\/\/resest.com\/ca\/blog\/inscripcions-curs-2015-2016-obertes-partir-del-16-de-febrer\/#primaryimage\"},\"thumbnailUrl\":\"https:\/\/resest.com\/wp-content\/uploads\/2015\/01\/02-300x266.jpeg\",\"articleSection\":[\"Blog\"],\"inLanguage\":\"ca-ES\",\"potentialAction\":[{\"@type\":\"CommentAction\",\"name\":\"Comment\",\"target\":[\"https:\/\/resest.com\/ca\/blog\/inscripcions-curs-2015-2016-obertes-partir-del-16-de-febrer\/#respond\"]}]},{\"@type\":\"WebPage\",\"@id\":\"https:\/\/resest.com\/ca\/blog\/inscripcions-curs-2015-2016-obertes-partir-del-16-de-febrer\/\",\"url\":\"https:\/\/resest.com\/ca\/blog\/inscripcions-curs-2015-2016-obertes-partir-del-16-de-febrer\/\",\"name\":\"Curs 2015-2016 - Resid\u00e8ncia Estudiantil a Barcelona\",\"isPartOf\":{\"@id\":\"https:\/\/resest.com\/ca\/#website\"},\"primaryImageOfPage\":{\"@id\":\"https:\/\/resest.com\/ca\/blog\/inscripcions-curs-2015-2016-obertes-partir-del-16-de-febrer\/#primaryimage\"},\"image\":{\"@id\":\"https:\/\/resest.com\/ca\/blog\/inscripcions-curs-2015-2016-obertes-partir-del-16-de-febrer\/#primaryimage\"},\"thumbnailUrl\":\"https:\/\/resest.com\/wp-content\/uploads\/2015\/01\/02-300x266.jpeg\",\"datePublished\":\"2015-02-06T11:49:45+00:00\",\"dateModified\":\"2016-02-09T17:59:51+00:00\",\"description\":\"Comen\u00e7a el curs i la Resid\u00e8ncia Estudiantil a Barcelona, Sabadell i Bellaterra ja t\u00e9 el seu per\u00edode d'inscripcions obert a partir del 16 de Febrer.\",\"breadcrumb\":{\"@id\":\"https:\/\/resest.com\/ca\/blog\/inscripcions-curs-2015-2016-obertes-partir-del-16-de-febrer\/#breadcrumb\"},\"inLanguage\":\"ca-ES\",\"potentialAction\":[{\"@type\":\"ReadAction\",\"target\":[\"https:\/\/resest.com\/ca\/blog\/inscripcions-curs-2015-2016-obertes-partir-del-16-de-febrer\/\"]}]},{\"@type\":\"ImageObject\",\"inLanguage\":\"ca-ES\",\"@id\":\"https:\/\/resest.com\/ca\/blog\/inscripcions-curs-2015-2016-obertes-partir-del-16-de-febrer\/#primaryimage\",\"url\":\"https:\/\/resest.com\/wp-content\/uploads\/2015\/01\/02-300x266.jpeg\",\"contentUrl\":\"https:\/\/resest.com\/wp-content\/uploads\/2015\/01\/02-300x266.jpeg\"},{\"@type\":\"BreadcrumbList\",\"@id\":\"https:\/\/resest.com\/ca\/blog\/inscripcions-curs-2015-2016-obertes-partir-del-16-de-febrer\/#breadcrumb\",\"itemListElement\":[{\"@type\":\"ListItem\",\"position\":1,\"name\":\"Inici\",\"item\":\"https:\/\/resest.com\/ca\/\"},{\"@type\":\"ListItem\",\"position\":2,\"name\":\"Inscripcions curs 2015-2016 obertes a partir del 16 de febrer\"}]},{\"@type\":\"WebSite\",\"@id\":\"https:\/\/resest.com\/ca\/#website\",\"url\":\"https:\/\/resest.com\/ca\/\",\"name\":\"Resid\u00e8ncia d&#039;Estudiants l&#039;Estaci\u00f3 de Sabadell | Resest\",\"description\":\"Prop de l\u2019Universitat Aut\u00f2noma de Barcelona (UAB)\",\"publisher\":{\"@id\":\"https:\/\/resest.com\/ca\/#organization\"},\"potentialAction\":[{\"@type\":\"SearchAction\",\"target\":{\"@type\":\"EntryPoint\",\"urlTemplate\":\"https:\/\/resest.com\/ca\/?s={search_term_string}\"},\"query-input\":{\"@type\":\"PropertyValueSpecification\",\"valueRequired\":true,\"valueName\":\"search_term_string\"}}],\"inLanguage\":\"ca-ES\"},{\"@type\":\"Organization\",\"@id\":\"https:\/\/resest.com\/ca\/#organization\",\"name\":\"Resid\u00e8ncia d&#039;Estudiants l&#039;Estaci\u00f3 de Sabadell | Resest\",\"url\":\"https:\/\/resest.com\/ca\/\",\"logo\":{\"@type\":\"ImageObject\",\"inLanguage\":\"ca-ES\",\"@id\":\"https:\/\/resest.com\/ca\/#\/schema\/logo\/image\/\",\"url\":\"https:\/\/resest.com\/wp-content\/uploads\/2024\/03\/Facana-1.jpg\",\"contentUrl\":\"https:\/\/resest.com\/wp-content\/uploads\/2024\/03\/Facana-1.jpg\",\"width\":1200,\"height\":1009,\"caption\":\"Resid\u00e8ncia d&#039;Estudiants l&#039;Estaci\u00f3 de Sabadell | Resest\"},\"image\":{\"@id\":\"https:\/\/resest.com\/ca\/#\/schema\/logo\/image\/\"}},{\"@type\":\"Person\",\"@id\":\"https:\/\/resest.com\/ca\/#\/schema\/person\/f66d2b5dae2cd0a989ab720dd211d2a9\",\"name\":\"Resest\",\"image\":{\"@type\":\"ImageObject\",\"inLanguage\":\"ca-ES\",\"@id\":\"https:\/\/resest.com\/ca\/#\/schema\/person\/image\/\",\"url\":\"https:\/\/secure.gravatar.com\/avatar\/a5d542eca874617a8a62a45c724821a615f770cf5bde5e61a93a7a2562faba7a?s=96&d=mm&r=g\",\"contentUrl\":\"https:\/\/secure.gravatar.com\/avatar\/a5d542eca874617a8a62a45c724821a615f770cf5bde5e61a93a7a2562faba7a?s=96&d=mm&r=g\",\"caption\":\"Resest\"},\"url\":\"https:\/\/resest.com\/ca\/author\/resest\/\"}]}<\/script>\n<!-- \/ Yoast SEO plugin. -->","yoast_head_json":{"title":"Curs 2015-2016 - Resid\u00e8ncia Estudiantil a Barcelona","description":"Comen\u00e7a el curs i la Resid\u00e8ncia Estudiantil a Barcelona, Sabadell i Bellaterra ja t\u00e9 el seu per\u00edode d'inscripcions obert a partir del 16 de Febrer.","robots":{"index":"index","follow":"follow","max-snippet":"max-snippet:-1","max-image-preview":"max-image-preview:large","max-video-preview":"max-video-preview:-1"},"canonical":"https:\/\/resest.com\/ca\/blog\/inscripcions-curs-2015-2016-obertes-partir-del-16-de-febrer\/","og_locale":"ca_ES","og_type":"article","og_title":"Curs 2015-2016 - Resid\u00e8ncia Estudiantil a Barcelona","og_description":"Comen\u00e7a el curs i la Resid\u00e8ncia Estudiantil a Barcelona, Sabadell i Bellaterra ja t\u00e9 el seu per\u00edode d'inscripcions obert a partir del 16 de Febrer.","og_url":"https:\/\/resest.com\/ca\/blog\/inscripcions-curs-2015-2016-obertes-partir-del-16-de-febrer\/","og_site_name":"Resid\u00e8ncia d&#039;Estudiants l&#039;Estaci\u00f3 de Sabadell | Resest","article_published_time":"2015-02-06T11:49:45+00:00","article_modified_time":"2016-02-09T17:59:51+00:00","og_image":[{"url":"https:\/\/resest.com\/wp-content\/uploads\/2015\/01\/02-300x266.jpeg","type":"","width":"","height":""}],"author":"Resest","twitter_misc":{"Written by":"Resest"},"schema":{"@context":"https:\/\/schema.org","@graph":[{"@type":"Article","@id":"https:\/\/resest.com\/ca\/blog\/inscripcions-curs-2015-2016-obertes-partir-del-16-de-febrer\/#article","isPartOf":{"@id":"https:\/\/resest.com\/ca\/blog\/inscripcions-curs-2015-2016-obertes-partir-del-16-de-febrer\/"},"author":{"name":"Resest","@id":"https:\/\/resest.com\/ca\/#\/schema\/person\/f66d2b5dae2cd0a989ab720dd211d2a9"},"headline":"Inscripcions curs 2015-2016 obertes a partir del 16 de febrer","datePublished":"2015-02-06T11:49:45+00:00","dateModified":"2016-02-09T17:59:51+00:00","mainEntityOfPage":{"@id":"https:\/\/resest.com\/ca\/blog\/inscripcions-curs-2015-2016-obertes-partir-del-16-de-febrer\/"},"wordCount":51,"commentCount":0,"publisher":{"@id":"https:\/\/resest.com\/ca\/#organization"},"image":{"@id":"https:\/\/resest.com\/ca\/blog\/inscripcions-curs-2015-2016-obertes-partir-del-16-de-febrer\/#primaryimage"},"thumbnailUrl":"https:\/\/resest.com\/wp-content\/uploads\/2015\/01\/02-300x266.jpeg","articleSection":["Blog"],"inLanguage":"ca-ES","potentialAction":[{"@type":"CommentAction","name":"Comment","target":["https:\/\/resest.com\/ca\/blog\/inscripcions-curs-2015-2016-obertes-partir-del-16-de-febrer\/#respond"]}]},{"@type":"WebPage","@id":"https:\/\/resest.com\/ca\/blog\/inscripcions-curs-2015-2016-obertes-partir-del-16-de-febrer\/","url":"https:\/\/resest.com\/ca\/blog\/inscripcions-curs-2015-2016-obertes-partir-del-16-de-febrer\/","name":"Curs 2015-2016 - Resid\u00e8ncia Estudiantil a Barcelona","isPartOf":{"@id":"https:\/\/resest.com\/ca\/#website"},"primaryImageOfPage":{"@id":"https:\/\/resest.com\/ca\/blog\/inscripcions-curs-2015-2016-obertes-partir-del-16-de-febrer\/#primaryimage"},"image":{"@id":"https:\/\/resest.com\/ca\/blog\/inscripcions-curs-2015-2016-obertes-partir-del-16-de-febrer\/#primaryimage"},"thumbnailUrl":"https:\/\/resest.com\/wp-content\/uploads\/2015\/01\/02-300x266.jpeg","datePublished":"2015-02-06T11:49:45+00:00","dateModified":"2016-02-09T17:59:51+00:00","description":"Comen\u00e7a el curs i la Resid\u00e8ncia Estudiantil a Barcelona, Sabadell i Bellaterra ja t\u00e9 el seu per\u00edode d'inscripcions obert a partir del 16 de Febrer.","breadcrumb":{"@id":"https:\/\/resest.com\/ca\/blog\/inscripcions-curs-2015-2016-obertes-partir-del-16-de-febrer\/#breadcrumb"},"inLanguage":"ca-ES","potentialAction":[{"@type":"ReadAction","target":["https:\/\/resest.com\/ca\/blog\/inscripcions-curs-2015-2016-obertes-partir-del-16-de-febrer\/"]}]},{"@type":"ImageObject","inLanguage":"ca-ES","@id":"https:\/\/resest.com\/ca\/blog\/inscripcions-curs-2015-2016-obertes-partir-del-16-de-febrer\/#primaryimage","url":"https:\/\/resest.com\/wp-content\/uploads\/2015\/01\/02-300x266.jpeg","contentUrl":"https:\/\/resest.com\/wp-content\/uploads\/2015\/01\/02-300x266.jpeg"},{"@type":"BreadcrumbList","@id":"https:\/\/resest.com\/ca\/blog\/inscripcions-curs-2015-2016-obertes-partir-del-16-de-febrer\/#breadcrumb","itemListElement":[{"@type":"ListItem","position":1,"name":"Inici","item":"https:\/\/resest.com\/ca\/"},{"@type":"ListItem","position":2,"name":"Inscripcions curs 2015-2016 obertes a partir del 16 de febrer"}]},{"@type":"WebSite","@id":"https:\/\/resest.com\/ca\/#website","url":"https:\/\/resest.com\/ca\/","name":"Resid\u00e8ncia d&#039;Estudiants l&#039;Estaci\u00f3 de Sabadell | Resest","description":"Prop de l\u2019Universitat Aut\u00f2noma de Barcelona (UAB)","publisher":{"@id":"https:\/\/resest.com\/ca\/#organization"},"potentialAction":[{"@type":"SearchAction","target":{"@type":"EntryPoint","urlTemplate":"https:\/\/resest.com\/ca\/?s={search_term_string}"},"query-input":{"@type":"PropertyValueSpecification","valueRequired":true,"valueName":"search_term_string"}}],"inLanguage":"ca-ES"},{"@type":"Organization","@id":"https:\/\/resest.com\/ca\/#organization","name":"Resid\u00e8ncia d&#039;Estudiants l&#039;Estaci\u00f3 de Sabadell | Resest","url":"https:\/\/resest.com\/ca\/","logo":{"@type":"ImageObject","inLanguage":"ca-ES","@id":"https:\/\/resest.com\/ca\/#\/schema\/logo\/image\/","url":"https:\/\/resest.com\/wp-content\/uploads\/2024\/03\/Facana-1.jpg","contentUrl":"https:\/\/resest.com\/wp-content\/uploads\/2024\/03\/Facana-1.jpg","width":1200,"height":1009,"caption":"Resid\u00e8ncia d&#039;Estudiants l&#039;Estaci\u00f3 de Sabadell | Resest"},"image":{"@id":"https:\/\/resest.com\/ca\/#\/schema\/logo\/image\/"}},{"@type":"Person","@id":"https:\/\/resest.com\/ca\/#\/schema\/person\/f66d2b5dae2cd0a989ab720dd211d2a9","name":"Resest","image":{"@type":"ImageObject","inLanguage":"ca-ES","@id":"https:\/\/resest.com\/ca\/#\/schema\/person\/image\/","url":"https:\/\/secure.gravatar.com\/avatar\/a5d542eca874617a8a62a45c724821a615f770cf5bde5e61a93a7a2562faba7a?s=96&d=mm&r=g","contentUrl":"https:\/\/secure.gravatar.com\/avatar\/a5d542eca874617a8a62a45c724821a615f770cf5bde5e61a93a7a2562faba7a?s=96&d=mm&r=g","caption":"Resest"},"url":"https:\/\/resest.com\/ca\/author\/resest\/"}]}},"_links":{"self":[{"href":"https:\/\/resest.com\/ca\/wp-json\/wp\/v2\/posts\/3237","targetHints":{"allow":["GET"]}}],"collection":[{"href":"https:\/\/resest.com\/ca\/wp-json\/wp\/v2\/posts"}],"about":[{"href":"https:\/\/resest.com\/ca\/wp-json\/wp\/v2\/types\/post"}],"author":[{"embeddable":true,"href":"https:\/\/resest.com\/ca\/wp-json\/wp\/v2\/users\/3"}],"replies":[{"embeddable":true,"href":"https:\/\/resest.com\/ca\/wp-json\/wp\/v2\/comments?post=3237"}],"version-history":[{"count":0,"href":"https:\/\/resest.com\/ca\/wp-json\/wp\/v2\/posts\/3237\/revisions"}],"wp:attachment":[{"href":"https:\/\/resest.com\/ca\/wp-json\/wp\/v2\/media?parent=3237"}],"wp:term":[{"taxonomy":"category","embeddable":true,"href":"https:\/\/resest.com\/ca\/wp-json\/wp\/v2\/categories?post=3237"},{"taxonomy":"post_tag","embeddable":true,"href":"https:\/\/resest.com\/ca\/wp-json\/wp\/v2\/tags?post=3237"}],"curies":[{"name":"wp","href":"https:\/\/api.w.org\/{rel}","templated":true}]}}