{"id":1972,"date":"2014-11-14T11:34:46","date_gmt":"2014-11-14T10:34:46","guid":{"rendered":"http:\/\/www.resest.com\/?p=1972"},"modified":"2018-08-21T09:26:20","modified_gmt":"2018-08-21T08:26:20","slug":"15-i-16-de-novembre-inauguracio-del-nou-passeig","status":"publish","type":"post","link":"https:\/\/resest.com\/ca\/blog\/15-i-16-de-novembre-inauguracio-del-nou-passeig\/","title":{"rendered":"15 i 16 de novembre: Inauguraci\u00f3 del nou Passeig de la Pla\u00e7a Major."},"content":{"rendered":"<p style=\"text-align: justify;\">El proper 15 i 16 de noviembre tindr\u00e0 lloc la inauguraci\u00f3 del nou <strong><a href=\"http:\/\/passeig-sabadell.visita3d.com\/index_es.html\" target=\"_blank\" rel=\"noopener\">Passeig de la Pla\u00e7a Major<\/a><\/strong>, fins ara en obres en motiu de la construcci\u00f3n del t\u00fanel dels ferrocarrils de la Generalitat de Catalunya pel perllongament de la l\u00ednia Barcelona-Vall\u00e8s.<\/p>\n<p style=\"text-align: justify;\">En motiu de la inauguraci\u00f3, durant el cap de setmana hi haur\u00e0 varies actuacions de diferents tipus de ball, com ara breakdance, ball urb\u00e0, ball de bastons, zumba i country entre d&#8217;altres.<\/p>\n<p style=\"text-align: justify;\">Tamb\u00e9 es podr\u00e0 veure una ballada de gegants, diables i varies exbicions, d&#8217;aikido, karate, zumba, hip-hop i tai-txi.<\/p>\n<p style=\"text-align: justify;\"><img loading=\"lazy\" decoding=\"async\" class=\"alignleft\" title=\"Passeig\" src=\"http:\/\/www.resest.com\/wp-content\/uploads\/Passeig.jpg\" alt=\"\" width=\"610\" height=\"430\" \/><\/p>\n<p style=\"text-align: justify;\">Per a m\u00e9s informaci\u00f3: <strong><a href=\"http:\/\/www.sabadell.cat\/ca\/\" target=\"_blank\" rel=\"noopener\">Ajuntament de Sabadell<\/a><\/strong><\/p>\n","protected":false},"excerpt":{"rendered":"<p>El proper 15 i 16 de noviembre tindr\u00e0 lloc la inauguraci\u00f3 del nou Passeig de la Pla\u00e7a Major, fins ara en obres en motiu de la construcci\u00f3n del t\u00fanel dels ferrocarrils de la Generalitat de Catalunya pel perllongament de la l\u00ednia Barcelona-Vall\u00e8s. En motiu de la inauguraci\u00f3, durant el cap de setmana hi haur\u00e0 varies&hellip;<\/p>\n","protected":false},"author":3,"featured_media":0,"comment_status":"closed","ping_status":"open","sticky":false,"template":"","format":"standard","meta":{"footnotes":""},"categories":[6],"tags":[],"class_list":["post-1972","post","type-post","status-publish","format-standard","hentry","category-blog","entry","no-media"],"yoast_head":"<!-- This site is optimized with the Yoast SEO plugin v26.4 - https:\/\/yoast.com\/wordpress\/plugins\/seo\/ -->\n<title>15 i 16 de novembre: Inauguraci\u00f3 del nou Passeig de la Pla\u00e7a Major.<\/title>\n<meta name=\"description\" content=\"Recentment va tenir lloc la inauguraci\u00f3 del Passeig de la Pla\u00e7a Major a Sabadell amb activitats que els estudiants de la resid\u00e8ncia van poder gaudir.\" \/>\n<meta name=\"robots\" content=\"index, follow, max-snippet:-1, max-image-preview:large, max-video-preview:-1\" \/>\n<link rel=\"canonical\" href=\"https:\/\/resest.com\/ca\/blog\/15-i-16-de-novembre-inauguracio-del-nou-passeig\/\" \/>\n<meta property=\"og:locale\" content=\"ca_ES\" \/>\n<meta property=\"og:type\" content=\"article\" \/>\n<meta property=\"og:title\" content=\"15 i 16 de novembre: Inauguraci\u00f3 del nou Passeig de la Pla\u00e7a Major.\" \/>\n<meta property=\"og:description\" content=\"Recentment va tenir lloc la inauguraci\u00f3 del Passeig de la Pla\u00e7a Major a Sabadell amb activitats que els estudiants de la resid\u00e8ncia van poder gaudir.\" \/>\n<meta property=\"og:url\" content=\"https:\/\/resest.com\/ca\/blog\/15-i-16-de-novembre-inauguracio-del-nou-passeig\/\" \/>\n<meta property=\"og:site_name\" content=\"Resid\u00e8ncia d&#039;Estudiants l&#039;Estaci\u00f3 de Sabadell | Resest\" \/>\n<meta property=\"article:published_time\" content=\"2014-11-14T10:34:46+00:00\" \/>\n<meta property=\"article:modified_time\" content=\"2018-08-21T08:26:20+00:00\" \/>\n<meta property=\"og:image\" content=\"http:\/\/www.resest.com\/wp-content\/uploads\/Passeig.jpg\" \/>\n<meta name=\"author\" content=\"Resest\" \/>\n<meta name=\"twitter:label1\" content=\"Written by\" \/>\n\t<meta name=\"twitter:data1\" content=\"Resest\" \/>\n\t<meta name=\"twitter:label2\" content=\"Est. reading time\" \/>\n\t<meta name=\"twitter:data2\" content=\"1 minute\" \/>\n<script type=\"application\/ld+json\" class=\"yoast-schema-graph\">{\"@context\":\"https:\/\/schema.org\",\"@graph\":[{\"@type\":\"Article\",\"@id\":\"https:\/\/resest.com\/ca\/blog\/15-i-16-de-novembre-inauguracio-del-nou-passeig\/#article\",\"isPartOf\":{\"@id\":\"https:\/\/resest.com\/ca\/blog\/15-i-16-de-novembre-inauguracio-del-nou-passeig\/\"},\"author\":{\"name\":\"Resest\",\"@id\":\"https:\/\/resest.com\/ca\/#\/schema\/person\/f66d2b5dae2cd0a989ab720dd211d2a9\"},\"headline\":\"15 i 16 de novembre: Inauguraci\u00f3 del nou Passeig de la Pla\u00e7a Major.\",\"datePublished\":\"2014-11-14T10:34:46+00:00\",\"dateModified\":\"2018-08-21T08:26:20+00:00\",\"mainEntityOfPage\":{\"@id\":\"https:\/\/resest.com\/ca\/blog\/15-i-16-de-novembre-inauguracio-del-nou-passeig\/\"},\"wordCount\":117,\"publisher\":{\"@id\":\"https:\/\/resest.com\/ca\/#organization\"},\"image\":{\"@id\":\"https:\/\/resest.com\/ca\/blog\/15-i-16-de-novembre-inauguracio-del-nou-passeig\/#primaryimage\"},\"thumbnailUrl\":\"http:\/\/www.resest.com\/wp-content\/uploads\/Passeig.jpg\",\"articleSection\":[\"Blog\"],\"inLanguage\":\"ca-ES\"},{\"@type\":\"WebPage\",\"@id\":\"https:\/\/resest.com\/ca\/blog\/15-i-16-de-novembre-inauguracio-del-nou-passeig\/\",\"url\":\"https:\/\/resest.com\/ca\/blog\/15-i-16-de-novembre-inauguracio-del-nou-passeig\/\",\"name\":\"15 i 16 de novembre: Inauguraci\u00f3 del nou Passeig de la Pla\u00e7a Major.\",\"isPartOf\":{\"@id\":\"https:\/\/resest.com\/ca\/#website\"},\"primaryImageOfPage\":{\"@id\":\"https:\/\/resest.com\/ca\/blog\/15-i-16-de-novembre-inauguracio-del-nou-passeig\/#primaryimage\"},\"image\":{\"@id\":\"https:\/\/resest.com\/ca\/blog\/15-i-16-de-novembre-inauguracio-del-nou-passeig\/#primaryimage\"},\"thumbnailUrl\":\"http:\/\/www.resest.com\/wp-content\/uploads\/Passeig.jpg\",\"datePublished\":\"2014-11-14T10:34:46+00:00\",\"dateModified\":\"2018-08-21T08:26:20+00:00\",\"description\":\"Recentment va tenir lloc la inauguraci\u00f3 del Passeig de la Pla\u00e7a Major a Sabadell amb activitats que els estudiants de la resid\u00e8ncia van poder gaudir.\",\"breadcrumb\":{\"@id\":\"https:\/\/resest.com\/ca\/blog\/15-i-16-de-novembre-inauguracio-del-nou-passeig\/#breadcrumb\"},\"inLanguage\":\"ca-ES\",\"potentialAction\":[{\"@type\":\"ReadAction\",\"target\":[\"https:\/\/resest.com\/ca\/blog\/15-i-16-de-novembre-inauguracio-del-nou-passeig\/\"]}]},{\"@type\":\"ImageObject\",\"inLanguage\":\"ca-ES\",\"@id\":\"https:\/\/resest.com\/ca\/blog\/15-i-16-de-novembre-inauguracio-del-nou-passeig\/#primaryimage\",\"url\":\"http:\/\/www.resest.com\/wp-content\/uploads\/Passeig.jpg\",\"contentUrl\":\"http:\/\/www.resest.com\/wp-content\/uploads\/Passeig.jpg\"},{\"@type\":\"BreadcrumbList\",\"@id\":\"https:\/\/resest.com\/ca\/blog\/15-i-16-de-novembre-inauguracio-del-nou-passeig\/#breadcrumb\",\"itemListElement\":[{\"@type\":\"ListItem\",\"position\":1,\"name\":\"Inici\",\"item\":\"https:\/\/resest.com\/ca\/\"},{\"@type\":\"ListItem\",\"position\":2,\"name\":\"15 i 16 de novembre: Inauguraci\u00f3 del nou Passeig de la Pla\u00e7a Major.\"}]},{\"@type\":\"WebSite\",\"@id\":\"https:\/\/resest.com\/ca\/#website\",\"url\":\"https:\/\/resest.com\/ca\/\",\"name\":\"Resid\u00e8ncia d&#039;Estudiants l&#039;Estaci\u00f3 de Sabadell | Resest\",\"description\":\"Prop de l\u2019Universitat Aut\u00f2noma de Barcelona (UAB)\",\"publisher\":{\"@id\":\"https:\/\/resest.com\/ca\/#organization\"},\"potentialAction\":[{\"@type\":\"SearchAction\",\"target\":{\"@type\":\"EntryPoint\",\"urlTemplate\":\"https:\/\/resest.com\/ca\/?s={search_term_string}\"},\"query-input\":{\"@type\":\"PropertyValueSpecification\",\"valueRequired\":true,\"valueName\":\"search_term_string\"}}],\"inLanguage\":\"ca-ES\"},{\"@type\":\"Organization\",\"@id\":\"https:\/\/resest.com\/ca\/#organization\",\"name\":\"Resid\u00e8ncia d&#039;Estudiants l&#039;Estaci\u00f3 de Sabadell | Resest\",\"url\":\"https:\/\/resest.com\/ca\/\",\"logo\":{\"@type\":\"ImageObject\",\"inLanguage\":\"ca-ES\",\"@id\":\"https:\/\/resest.com\/ca\/#\/schema\/logo\/image\/\",\"url\":\"https:\/\/resest.com\/wp-content\/uploads\/2024\/03\/Facana-1.jpg\",\"contentUrl\":\"https:\/\/resest.com\/wp-content\/uploads\/2024\/03\/Facana-1.jpg\",\"width\":1200,\"height\":1009,\"caption\":\"Resid\u00e8ncia d&#039;Estudiants l&#039;Estaci\u00f3 de Sabadell | Resest\"},\"image\":{\"@id\":\"https:\/\/resest.com\/ca\/#\/schema\/logo\/image\/\"}},{\"@type\":\"Person\",\"@id\":\"https:\/\/resest.com\/ca\/#\/schema\/person\/f66d2b5dae2cd0a989ab720dd211d2a9\",\"name\":\"Resest\",\"image\":{\"@type\":\"ImageObject\",\"inLanguage\":\"ca-ES\",\"@id\":\"https:\/\/resest.com\/ca\/#\/schema\/person\/image\/\",\"url\":\"https:\/\/secure.gravatar.com\/avatar\/a5d542eca874617a8a62a45c724821a615f770cf5bde5e61a93a7a2562faba7a?s=96&d=mm&r=g\",\"contentUrl\":\"https:\/\/secure.gravatar.com\/avatar\/a5d542eca874617a8a62a45c724821a615f770cf5bde5e61a93a7a2562faba7a?s=96&d=mm&r=g\",\"caption\":\"Resest\"},\"url\":\"https:\/\/resest.com\/ca\/author\/resest\/\"}]}<\/script>\n<!-- \/ Yoast SEO plugin. -->","yoast_head_json":{"title":"15 i 16 de novembre: Inauguraci\u00f3 del nou Passeig de la Pla\u00e7a Major.","description":"Recentment va tenir lloc la inauguraci\u00f3 del Passeig de la Pla\u00e7a Major a Sabadell amb activitats que els estudiants de la resid\u00e8ncia van poder gaudir.","robots":{"index":"index","follow":"follow","max-snippet":"max-snippet:-1","max-image-preview":"max-image-preview:large","max-video-preview":"max-video-preview:-1"},"canonical":"https:\/\/resest.com\/ca\/blog\/15-i-16-de-novembre-inauguracio-del-nou-passeig\/","og_locale":"ca_ES","og_type":"article","og_title":"15 i 16 de novembre: Inauguraci\u00f3 del nou Passeig de la Pla\u00e7a Major.","og_description":"Recentment va tenir lloc la inauguraci\u00f3 del Passeig de la Pla\u00e7a Major a Sabadell amb activitats que els estudiants de la resid\u00e8ncia van poder gaudir.","og_url":"https:\/\/resest.com\/ca\/blog\/15-i-16-de-novembre-inauguracio-del-nou-passeig\/","og_site_name":"Resid\u00e8ncia d&#039;Estudiants l&#039;Estaci\u00f3 de Sabadell | Resest","article_published_time":"2014-11-14T10:34:46+00:00","article_modified_time":"2018-08-21T08:26:20+00:00","og_image":[{"url":"http:\/\/www.resest.com\/wp-content\/uploads\/Passeig.jpg","type":"","width":"","height":""}],"author":"Resest","twitter_misc":{"Written by":"Resest","Est. reading time":"1 minute"},"schema":{"@context":"https:\/\/schema.org","@graph":[{"@type":"Article","@id":"https:\/\/resest.com\/ca\/blog\/15-i-16-de-novembre-inauguracio-del-nou-passeig\/#article","isPartOf":{"@id":"https:\/\/resest.com\/ca\/blog\/15-i-16-de-novembre-inauguracio-del-nou-passeig\/"},"author":{"name":"Resest","@id":"https:\/\/resest.com\/ca\/#\/schema\/person\/f66d2b5dae2cd0a989ab720dd211d2a9"},"headline":"15 i 16 de novembre: Inauguraci\u00f3 del nou Passeig de la Pla\u00e7a Major.","datePublished":"2014-11-14T10:34:46+00:00","dateModified":"2018-08-21T08:26:20+00:00","mainEntityOfPage":{"@id":"https:\/\/resest.com\/ca\/blog\/15-i-16-de-novembre-inauguracio-del-nou-passeig\/"},"wordCount":117,"publisher":{"@id":"https:\/\/resest.com\/ca\/#organization"},"image":{"@id":"https:\/\/resest.com\/ca\/blog\/15-i-16-de-novembre-inauguracio-del-nou-passeig\/#primaryimage"},"thumbnailUrl":"http:\/\/www.resest.com\/wp-content\/uploads\/Passeig.jpg","articleSection":["Blog"],"inLanguage":"ca-ES"},{"@type":"WebPage","@id":"https:\/\/resest.com\/ca\/blog\/15-i-16-de-novembre-inauguracio-del-nou-passeig\/","url":"https:\/\/resest.com\/ca\/blog\/15-i-16-de-novembre-inauguracio-del-nou-passeig\/","name":"15 i 16 de novembre: Inauguraci\u00f3 del nou Passeig de la Pla\u00e7a Major.","isPartOf":{"@id":"https:\/\/resest.com\/ca\/#website"},"primaryImageOfPage":{"@id":"https:\/\/resest.com\/ca\/blog\/15-i-16-de-novembre-inauguracio-del-nou-passeig\/#primaryimage"},"image":{"@id":"https:\/\/resest.com\/ca\/blog\/15-i-16-de-novembre-inauguracio-del-nou-passeig\/#primaryimage"},"thumbnailUrl":"http:\/\/www.resest.com\/wp-content\/uploads\/Passeig.jpg","datePublished":"2014-11-14T10:34:46+00:00","dateModified":"2018-08-21T08:26:20+00:00","description":"Recentment va tenir lloc la inauguraci\u00f3 del Passeig de la Pla\u00e7a Major a Sabadell amb activitats que els estudiants de la resid\u00e8ncia van poder gaudir.","breadcrumb":{"@id":"https:\/\/resest.com\/ca\/blog\/15-i-16-de-novembre-inauguracio-del-nou-passeig\/#breadcrumb"},"inLanguage":"ca-ES","potentialAction":[{"@type":"ReadAction","target":["https:\/\/resest.com\/ca\/blog\/15-i-16-de-novembre-inauguracio-del-nou-passeig\/"]}]},{"@type":"ImageObject","inLanguage":"ca-ES","@id":"https:\/\/resest.com\/ca\/blog\/15-i-16-de-novembre-inauguracio-del-nou-passeig\/#primaryimage","url":"http:\/\/www.resest.com\/wp-content\/uploads\/Passeig.jpg","contentUrl":"http:\/\/www.resest.com\/wp-content\/uploads\/Passeig.jpg"},{"@type":"BreadcrumbList","@id":"https:\/\/resest.com\/ca\/blog\/15-i-16-de-novembre-inauguracio-del-nou-passeig\/#breadcrumb","itemListElement":[{"@type":"ListItem","position":1,"name":"Inici","item":"https:\/\/resest.com\/ca\/"},{"@type":"ListItem","position":2,"name":"15 i 16 de novembre: Inauguraci\u00f3 del nou Passeig de la Pla\u00e7a Major."}]},{"@type":"WebSite","@id":"https:\/\/resest.com\/ca\/#website","url":"https:\/\/resest.com\/ca\/","name":"Resid\u00e8ncia d&#039;Estudiants l&#039;Estaci\u00f3 de Sabadell | Resest","description":"Prop de l\u2019Universitat Aut\u00f2noma de Barcelona (UAB)","publisher":{"@id":"https:\/\/resest.com\/ca\/#organization"},"potentialAction":[{"@type":"SearchAction","target":{"@type":"EntryPoint","urlTemplate":"https:\/\/resest.com\/ca\/?s={search_term_string}"},"query-input":{"@type":"PropertyValueSpecification","valueRequired":true,"valueName":"search_term_string"}}],"inLanguage":"ca-ES"},{"@type":"Organization","@id":"https:\/\/resest.com\/ca\/#organization","name":"Resid\u00e8ncia d&#039;Estudiants l&#039;Estaci\u00f3 de Sabadell | Resest","url":"https:\/\/resest.com\/ca\/","logo":{"@type":"ImageObject","inLanguage":"ca-ES","@id":"https:\/\/resest.com\/ca\/#\/schema\/logo\/image\/","url":"https:\/\/resest.com\/wp-content\/uploads\/2024\/03\/Facana-1.jpg","contentUrl":"https:\/\/resest.com\/wp-content\/uploads\/2024\/03\/Facana-1.jpg","width":1200,"height":1009,"caption":"Resid\u00e8ncia d&#039;Estudiants l&#039;Estaci\u00f3 de Sabadell | Resest"},"image":{"@id":"https:\/\/resest.com\/ca\/#\/schema\/logo\/image\/"}},{"@type":"Person","@id":"https:\/\/resest.com\/ca\/#\/schema\/person\/f66d2b5dae2cd0a989ab720dd211d2a9","name":"Resest","image":{"@type":"ImageObject","inLanguage":"ca-ES","@id":"https:\/\/resest.com\/ca\/#\/schema\/person\/image\/","url":"https:\/\/secure.gravatar.com\/avatar\/a5d542eca874617a8a62a45c724821a615f770cf5bde5e61a93a7a2562faba7a?s=96&d=mm&r=g","contentUrl":"https:\/\/secure.gravatar.com\/avatar\/a5d542eca874617a8a62a45c724821a615f770cf5bde5e61a93a7a2562faba7a?s=96&d=mm&r=g","caption":"Resest"},"url":"https:\/\/resest.com\/ca\/author\/resest\/"}]}},"_links":{"self":[{"href":"https:\/\/resest.com\/ca\/wp-json\/wp\/v2\/posts\/1972","targetHints":{"allow":["GET"]}}],"collection":[{"href":"https:\/\/resest.com\/ca\/wp-json\/wp\/v2\/posts"}],"about":[{"href":"https:\/\/resest.com\/ca\/wp-json\/wp\/v2\/types\/post"}],"author":[{"embeddable":true,"href":"https:\/\/resest.com\/ca\/wp-json\/wp\/v2\/users\/3"}],"replies":[{"embeddable":true,"href":"https:\/\/resest.com\/ca\/wp-json\/wp\/v2\/comments?post=1972"}],"version-history":[{"count":0,"href":"https:\/\/resest.com\/ca\/wp-json\/wp\/v2\/posts\/1972\/revisions"}],"wp:attachment":[{"href":"https:\/\/resest.com\/ca\/wp-json\/wp\/v2\/media?parent=1972"}],"wp:term":[{"taxonomy":"category","embeddable":true,"href":"https:\/\/resest.com\/ca\/wp-json\/wp\/v2\/categories?post=1972"},{"taxonomy":"post_tag","embeddable":true,"href":"https:\/\/resest.com\/ca\/wp-json\/wp\/v2\/tags?post=1972"}],"curies":[{"name":"wp","href":"https:\/\/api.w.org\/{rel}","templated":true}]}}