{"id":1944,"date":"2014-11-04T10:04:13","date_gmt":"2014-11-04T09:04:13","guid":{"rendered":"http:\/\/www.resest.com\/?p=1944"},"modified":"2018-08-21T09:28:01","modified_gmt":"2018-08-21T08:28:01","slug":"el-halloween-va-arribar-a-la-residencia","status":"publish","type":"post","link":"https:\/\/resest.com\/ca\/blog\/el-halloween-va-arribar-a-la-residencia\/","title":{"rendered":"El Halloween va arribar a la Resid\u00e8ncia!"},"content":{"rendered":"<p style=\"text-align: justify;\">La setmana passada la <strong><a href=\"https:\/\/resest.com\/\" target=\"_blank\" rel=\"noopener\">Resid\u00e8ncia<\/a><\/strong> es va vestir per <strong><a href=\"http:\/\/es.wikipedia.org\/wiki\/Halloween\" target=\"_blank\" rel=\"noopener\">Halloween<\/a><\/strong>, per\u00f2 no es va oblidar pas de la <strong><a href=\"http:\/\/ca.wikipedia.org\/wiki\/Castanyada\" target=\"_blank\" rel=\"noopener\">Castanyada<\/a><\/strong>. Els residents v\u00e0ren fer <strong><a href=\"http:\/\/canalcocina.es\/video-receta\/panellets?gclid=CNnW_cTJ4MECFQKWtAodgQwAJg\" target=\"_blank\" rel=\"noopener\">panellets<\/a><\/strong>, la molts d&#8217;ells per primer cop, i aix\u00ed es va produir una fusi\u00f3 de tradicions cada vegada m\u00e9s habitual.<\/p>\n<p style=\"text-align: center;\"><a href=\"https:\/\/www.facebook.com\/ResidenciaResest\"><img loading=\"lazy\" decoding=\"async\" class=\"aligncenter wp-image-1958\" title=\"Fent panellets\" src=\"http:\/\/www.resest.com\/wp-content\/uploads\/fent-panellets-620x596.jpg\" alt=\"\" width=\"372\" height=\"358\" \/><\/a><\/p>\n<p style=\"text-align: center;\"><a href=\"https:\/\/www.facebook.com\/ResidenciaResest\"><img loading=\"lazy\" decoding=\"async\" class=\"aligncenter wp-image-1952\" title=\"Panellets!\" src=\"http:\/\/www.resest.com\/wp-content\/uploads\/DSC_17541-620x348.jpg\" alt=\"\" width=\"372\" height=\"209\" \/><\/a><\/p>\n<p style=\"text-align: center;\"><a href=\"https:\/\/www.facebook.com\/ResidenciaResest\"><img loading=\"lazy\" decoding=\"async\" class=\"aligncenter wp-image-1953\" title=\"Halloween a la Resid\u00e8ncia\" src=\"http:\/\/www.resest.com\/wp-content\/uploads\/DSC_1784-620x348.jpg\" alt=\"\" width=\"372\" height=\"209\" \/><\/a><\/p>\n<p style=\"text-align: center;\"><a href=\"https:\/\/www.facebook.com\/ResidenciaResest\"><img loading=\"lazy\" decoding=\"async\" class=\"aligncenter wp-image-1955\" title=\"Halloween a la Resid\u00e8ncia\" src=\"http:\/\/www.resest.com\/wp-content\/uploads\/DSC_1785-620x348.jpg\" alt=\"\" width=\"372\" height=\"209\" \/><\/a><\/p>\n<p style=\"text-align: center;\"><a href=\"https:\/\/www.facebook.com\/ResidenciaResest\"><img loading=\"lazy\" decoding=\"async\" class=\"aligncenter wp-image-1954\" title=\"Halloween a la Resid\u00e8ncia\" src=\"http:\/\/www.resest.com\/wp-content\/uploads\/DSC_1772-620x348.jpg\" alt=\"\" width=\"372\" height=\"209\" \/><\/a><\/p>\n","protected":false},"excerpt":{"rendered":"<p>La setmana passada la Resid\u00e8ncia es va vestir per Halloween, per\u00f2 no es va oblidar pas de la Castanyada. Els residents v\u00e0ren fer panellets, la molts d&#8217;ells per primer cop, i aix\u00ed es va produir una fusi\u00f3 de tradicions cada vegada m\u00e9s habitual.<\/p>\n","protected":false},"author":3,"featured_media":0,"comment_status":"closed","ping_status":"open","sticky":false,"template":"","format":"standard","meta":{"footnotes":""},"categories":[6],"tags":[],"class_list":["post-1944","post","type-post","status-publish","format-standard","hentry","category-blog","entry","no-media"],"yoast_head":"<!-- This site is optimized with the Yoast SEO plugin v26.4 - https:\/\/yoast.com\/wordpress\/plugins\/seo\/ -->\n<title>Halloween ha arribat a la Resid\u00e8ncia!<\/title>\n<meta name=\"description\" content=\"En la Resid\u00e8ncia estudiantil Resest es va celebrar la fusi\u00f3 de les tradicions de Halloween i la &quot;Castanyada&quot;. Els nostres residents van fer &quot;panellets&quot;.\" \/>\n<meta name=\"robots\" content=\"index, follow, max-snippet:-1, max-image-preview:large, max-video-preview:-1\" \/>\n<link rel=\"canonical\" href=\"https:\/\/resest.com\/ca\/blog\/el-halloween-va-arribar-a-la-residencia\/\" \/>\n<meta property=\"og:locale\" content=\"ca_ES\" \/>\n<meta property=\"og:type\" content=\"article\" \/>\n<meta property=\"og:title\" content=\"Halloween ha arribat a la Resid\u00e8ncia!\" \/>\n<meta property=\"og:description\" content=\"En la Resid\u00e8ncia estudiantil Resest es va celebrar la fusi\u00f3 de les tradicions de Halloween i la &quot;Castanyada&quot;. Els nostres residents van fer &quot;panellets&quot;.\" \/>\n<meta property=\"og:url\" content=\"https:\/\/resest.com\/ca\/blog\/el-halloween-va-arribar-a-la-residencia\/\" \/>\n<meta property=\"og:site_name\" content=\"Resid\u00e8ncia d&#039;Estudiants l&#039;Estaci\u00f3 de Sabadell | Resest\" \/>\n<meta property=\"article:published_time\" content=\"2014-11-04T09:04:13+00:00\" \/>\n<meta property=\"article:modified_time\" content=\"2018-08-21T08:28:01+00:00\" \/>\n<meta property=\"og:image\" content=\"http:\/\/www.resest.com\/wp-content\/uploads\/fent-panellets-620x596.jpg\" \/>\n<meta name=\"author\" content=\"Resest\" \/>\n<meta name=\"twitter:label1\" content=\"Written by\" \/>\n\t<meta name=\"twitter:data1\" content=\"Resest\" \/>\n<script type=\"application\/ld+json\" class=\"yoast-schema-graph\">{\"@context\":\"https:\/\/schema.org\",\"@graph\":[{\"@type\":\"Article\",\"@id\":\"https:\/\/resest.com\/ca\/blog\/el-halloween-va-arribar-a-la-residencia\/#article\",\"isPartOf\":{\"@id\":\"https:\/\/resest.com\/ca\/blog\/el-halloween-va-arribar-a-la-residencia\/\"},\"author\":{\"name\":\"Resest\",\"@id\":\"https:\/\/resest.com\/ca\/#\/schema\/person\/f66d2b5dae2cd0a989ab720dd211d2a9\"},\"headline\":\"El Halloween va arribar a la Resid\u00e8ncia!\",\"datePublished\":\"2014-11-04T09:04:13+00:00\",\"dateModified\":\"2018-08-21T08:28:01+00:00\",\"mainEntityOfPage\":{\"@id\":\"https:\/\/resest.com\/ca\/blog\/el-halloween-va-arribar-a-la-residencia\/\"},\"wordCount\":55,\"publisher\":{\"@id\":\"https:\/\/resest.com\/ca\/#organization\"},\"image\":{\"@id\":\"https:\/\/resest.com\/ca\/blog\/el-halloween-va-arribar-a-la-residencia\/#primaryimage\"},\"thumbnailUrl\":\"http:\/\/www.resest.com\/wp-content\/uploads\/fent-panellets-620x596.jpg\",\"articleSection\":[\"Blog\"],\"inLanguage\":\"ca-ES\"},{\"@type\":\"WebPage\",\"@id\":\"https:\/\/resest.com\/ca\/blog\/el-halloween-va-arribar-a-la-residencia\/\",\"url\":\"https:\/\/resest.com\/ca\/blog\/el-halloween-va-arribar-a-la-residencia\/\",\"name\":\"Halloween ha arribat a la Resid\u00e8ncia!\",\"isPartOf\":{\"@id\":\"https:\/\/resest.com\/ca\/#website\"},\"primaryImageOfPage\":{\"@id\":\"https:\/\/resest.com\/ca\/blog\/el-halloween-va-arribar-a-la-residencia\/#primaryimage\"},\"image\":{\"@id\":\"https:\/\/resest.com\/ca\/blog\/el-halloween-va-arribar-a-la-residencia\/#primaryimage\"},\"thumbnailUrl\":\"http:\/\/www.resest.com\/wp-content\/uploads\/fent-panellets-620x596.jpg\",\"datePublished\":\"2014-11-04T09:04:13+00:00\",\"dateModified\":\"2018-08-21T08:28:01+00:00\",\"description\":\"En la Resid\u00e8ncia estudiantil Resest es va celebrar la fusi\u00f3 de les tradicions de Halloween i la \\\"Castanyada\\\". Els nostres residents van fer \\\"panellets\\\".\",\"breadcrumb\":{\"@id\":\"https:\/\/resest.com\/ca\/blog\/el-halloween-va-arribar-a-la-residencia\/#breadcrumb\"},\"inLanguage\":\"ca-ES\",\"potentialAction\":[{\"@type\":\"ReadAction\",\"target\":[\"https:\/\/resest.com\/ca\/blog\/el-halloween-va-arribar-a-la-residencia\/\"]}]},{\"@type\":\"ImageObject\",\"inLanguage\":\"ca-ES\",\"@id\":\"https:\/\/resest.com\/ca\/blog\/el-halloween-va-arribar-a-la-residencia\/#primaryimage\",\"url\":\"http:\/\/www.resest.com\/wp-content\/uploads\/fent-panellets-620x596.jpg\",\"contentUrl\":\"http:\/\/www.resest.com\/wp-content\/uploads\/fent-panellets-620x596.jpg\"},{\"@type\":\"BreadcrumbList\",\"@id\":\"https:\/\/resest.com\/ca\/blog\/el-halloween-va-arribar-a-la-residencia\/#breadcrumb\",\"itemListElement\":[{\"@type\":\"ListItem\",\"position\":1,\"name\":\"Inici\",\"item\":\"https:\/\/resest.com\/ca\/\"},{\"@type\":\"ListItem\",\"position\":2,\"name\":\"El Halloween va arribar a la Resid\u00e8ncia!\"}]},{\"@type\":\"WebSite\",\"@id\":\"https:\/\/resest.com\/ca\/#website\",\"url\":\"https:\/\/resest.com\/ca\/\",\"name\":\"Resid\u00e8ncia d&#039;Estudiants l&#039;Estaci\u00f3 de Sabadell | Resest\",\"description\":\"Prop de l\u2019Universitat Aut\u00f2noma de Barcelona (UAB)\",\"publisher\":{\"@id\":\"https:\/\/resest.com\/ca\/#organization\"},\"potentialAction\":[{\"@type\":\"SearchAction\",\"target\":{\"@type\":\"EntryPoint\",\"urlTemplate\":\"https:\/\/resest.com\/ca\/?s={search_term_string}\"},\"query-input\":{\"@type\":\"PropertyValueSpecification\",\"valueRequired\":true,\"valueName\":\"search_term_string\"}}],\"inLanguage\":\"ca-ES\"},{\"@type\":\"Organization\",\"@id\":\"https:\/\/resest.com\/ca\/#organization\",\"name\":\"Resid\u00e8ncia d&#039;Estudiants l&#039;Estaci\u00f3 de Sabadell | Resest\",\"url\":\"https:\/\/resest.com\/ca\/\",\"logo\":{\"@type\":\"ImageObject\",\"inLanguage\":\"ca-ES\",\"@id\":\"https:\/\/resest.com\/ca\/#\/schema\/logo\/image\/\",\"url\":\"https:\/\/resest.com\/wp-content\/uploads\/2024\/03\/Facana-1.jpg\",\"contentUrl\":\"https:\/\/resest.com\/wp-content\/uploads\/2024\/03\/Facana-1.jpg\",\"width\":1200,\"height\":1009,\"caption\":\"Resid\u00e8ncia d&#039;Estudiants l&#039;Estaci\u00f3 de Sabadell | Resest\"},\"image\":{\"@id\":\"https:\/\/resest.com\/ca\/#\/schema\/logo\/image\/\"}},{\"@type\":\"Person\",\"@id\":\"https:\/\/resest.com\/ca\/#\/schema\/person\/f66d2b5dae2cd0a989ab720dd211d2a9\",\"name\":\"Resest\",\"image\":{\"@type\":\"ImageObject\",\"inLanguage\":\"ca-ES\",\"@id\":\"https:\/\/resest.com\/ca\/#\/schema\/person\/image\/\",\"url\":\"https:\/\/secure.gravatar.com\/avatar\/a5d542eca874617a8a62a45c724821a615f770cf5bde5e61a93a7a2562faba7a?s=96&d=mm&r=g\",\"contentUrl\":\"https:\/\/secure.gravatar.com\/avatar\/a5d542eca874617a8a62a45c724821a615f770cf5bde5e61a93a7a2562faba7a?s=96&d=mm&r=g\",\"caption\":\"Resest\"},\"url\":\"https:\/\/resest.com\/ca\/author\/resest\/\"}]}<\/script>\n<!-- \/ Yoast SEO plugin. -->","yoast_head_json":{"title":"Halloween ha arribat a la Resid\u00e8ncia!","description":"En la Resid\u00e8ncia estudiantil Resest es va celebrar la fusi\u00f3 de les tradicions de Halloween i la \"Castanyada\". Els nostres residents van fer \"panellets\".","robots":{"index":"index","follow":"follow","max-snippet":"max-snippet:-1","max-image-preview":"max-image-preview:large","max-video-preview":"max-video-preview:-1"},"canonical":"https:\/\/resest.com\/ca\/blog\/el-halloween-va-arribar-a-la-residencia\/","og_locale":"ca_ES","og_type":"article","og_title":"Halloween ha arribat a la Resid\u00e8ncia!","og_description":"En la Resid\u00e8ncia estudiantil Resest es va celebrar la fusi\u00f3 de les tradicions de Halloween i la \"Castanyada\". Els nostres residents van fer \"panellets\".","og_url":"https:\/\/resest.com\/ca\/blog\/el-halloween-va-arribar-a-la-residencia\/","og_site_name":"Resid\u00e8ncia d&#039;Estudiants l&#039;Estaci\u00f3 de Sabadell | Resest","article_published_time":"2014-11-04T09:04:13+00:00","article_modified_time":"2018-08-21T08:28:01+00:00","og_image":[{"url":"http:\/\/www.resest.com\/wp-content\/uploads\/fent-panellets-620x596.jpg","type":"","width":"","height":""}],"author":"Resest","twitter_misc":{"Written by":"Resest"},"schema":{"@context":"https:\/\/schema.org","@graph":[{"@type":"Article","@id":"https:\/\/resest.com\/ca\/blog\/el-halloween-va-arribar-a-la-residencia\/#article","isPartOf":{"@id":"https:\/\/resest.com\/ca\/blog\/el-halloween-va-arribar-a-la-residencia\/"},"author":{"name":"Resest","@id":"https:\/\/resest.com\/ca\/#\/schema\/person\/f66d2b5dae2cd0a989ab720dd211d2a9"},"headline":"El Halloween va arribar a la Resid\u00e8ncia!","datePublished":"2014-11-04T09:04:13+00:00","dateModified":"2018-08-21T08:28:01+00:00","mainEntityOfPage":{"@id":"https:\/\/resest.com\/ca\/blog\/el-halloween-va-arribar-a-la-residencia\/"},"wordCount":55,"publisher":{"@id":"https:\/\/resest.com\/ca\/#organization"},"image":{"@id":"https:\/\/resest.com\/ca\/blog\/el-halloween-va-arribar-a-la-residencia\/#primaryimage"},"thumbnailUrl":"http:\/\/www.resest.com\/wp-content\/uploads\/fent-panellets-620x596.jpg","articleSection":["Blog"],"inLanguage":"ca-ES"},{"@type":"WebPage","@id":"https:\/\/resest.com\/ca\/blog\/el-halloween-va-arribar-a-la-residencia\/","url":"https:\/\/resest.com\/ca\/blog\/el-halloween-va-arribar-a-la-residencia\/","name":"Halloween ha arribat a la Resid\u00e8ncia!","isPartOf":{"@id":"https:\/\/resest.com\/ca\/#website"},"primaryImageOfPage":{"@id":"https:\/\/resest.com\/ca\/blog\/el-halloween-va-arribar-a-la-residencia\/#primaryimage"},"image":{"@id":"https:\/\/resest.com\/ca\/blog\/el-halloween-va-arribar-a-la-residencia\/#primaryimage"},"thumbnailUrl":"http:\/\/www.resest.com\/wp-content\/uploads\/fent-panellets-620x596.jpg","datePublished":"2014-11-04T09:04:13+00:00","dateModified":"2018-08-21T08:28:01+00:00","description":"En la Resid\u00e8ncia estudiantil Resest es va celebrar la fusi\u00f3 de les tradicions de Halloween i la \"Castanyada\". Els nostres residents van fer \"panellets\".","breadcrumb":{"@id":"https:\/\/resest.com\/ca\/blog\/el-halloween-va-arribar-a-la-residencia\/#breadcrumb"},"inLanguage":"ca-ES","potentialAction":[{"@type":"ReadAction","target":["https:\/\/resest.com\/ca\/blog\/el-halloween-va-arribar-a-la-residencia\/"]}]},{"@type":"ImageObject","inLanguage":"ca-ES","@id":"https:\/\/resest.com\/ca\/blog\/el-halloween-va-arribar-a-la-residencia\/#primaryimage","url":"http:\/\/www.resest.com\/wp-content\/uploads\/fent-panellets-620x596.jpg","contentUrl":"http:\/\/www.resest.com\/wp-content\/uploads\/fent-panellets-620x596.jpg"},{"@type":"BreadcrumbList","@id":"https:\/\/resest.com\/ca\/blog\/el-halloween-va-arribar-a-la-residencia\/#breadcrumb","itemListElement":[{"@type":"ListItem","position":1,"name":"Inici","item":"https:\/\/resest.com\/ca\/"},{"@type":"ListItem","position":2,"name":"El Halloween va arribar a la Resid\u00e8ncia!"}]},{"@type":"WebSite","@id":"https:\/\/resest.com\/ca\/#website","url":"https:\/\/resest.com\/ca\/","name":"Resid\u00e8ncia d&#039;Estudiants l&#039;Estaci\u00f3 de Sabadell | Resest","description":"Prop de l\u2019Universitat Aut\u00f2noma de Barcelona (UAB)","publisher":{"@id":"https:\/\/resest.com\/ca\/#organization"},"potentialAction":[{"@type":"SearchAction","target":{"@type":"EntryPoint","urlTemplate":"https:\/\/resest.com\/ca\/?s={search_term_string}"},"query-input":{"@type":"PropertyValueSpecification","valueRequired":true,"valueName":"search_term_string"}}],"inLanguage":"ca-ES"},{"@type":"Organization","@id":"https:\/\/resest.com\/ca\/#organization","name":"Resid\u00e8ncia d&#039;Estudiants l&#039;Estaci\u00f3 de Sabadell | Resest","url":"https:\/\/resest.com\/ca\/","logo":{"@type":"ImageObject","inLanguage":"ca-ES","@id":"https:\/\/resest.com\/ca\/#\/schema\/logo\/image\/","url":"https:\/\/resest.com\/wp-content\/uploads\/2024\/03\/Facana-1.jpg","contentUrl":"https:\/\/resest.com\/wp-content\/uploads\/2024\/03\/Facana-1.jpg","width":1200,"height":1009,"caption":"Resid\u00e8ncia d&#039;Estudiants l&#039;Estaci\u00f3 de Sabadell | Resest"},"image":{"@id":"https:\/\/resest.com\/ca\/#\/schema\/logo\/image\/"}},{"@type":"Person","@id":"https:\/\/resest.com\/ca\/#\/schema\/person\/f66d2b5dae2cd0a989ab720dd211d2a9","name":"Resest","image":{"@type":"ImageObject","inLanguage":"ca-ES","@id":"https:\/\/resest.com\/ca\/#\/schema\/person\/image\/","url":"https:\/\/secure.gravatar.com\/avatar\/a5d542eca874617a8a62a45c724821a615f770cf5bde5e61a93a7a2562faba7a?s=96&d=mm&r=g","contentUrl":"https:\/\/secure.gravatar.com\/avatar\/a5d542eca874617a8a62a45c724821a615f770cf5bde5e61a93a7a2562faba7a?s=96&d=mm&r=g","caption":"Resest"},"url":"https:\/\/resest.com\/ca\/author\/resest\/"}]}},"_links":{"self":[{"href":"https:\/\/resest.com\/ca\/wp-json\/wp\/v2\/posts\/1944","targetHints":{"allow":["GET"]}}],"collection":[{"href":"https:\/\/resest.com\/ca\/wp-json\/wp\/v2\/posts"}],"about":[{"href":"https:\/\/resest.com\/ca\/wp-json\/wp\/v2\/types\/post"}],"author":[{"embeddable":true,"href":"https:\/\/resest.com\/ca\/wp-json\/wp\/v2\/users\/3"}],"replies":[{"embeddable":true,"href":"https:\/\/resest.com\/ca\/wp-json\/wp\/v2\/comments?post=1944"}],"version-history":[{"count":0,"href":"https:\/\/resest.com\/ca\/wp-json\/wp\/v2\/posts\/1944\/revisions"}],"wp:attachment":[{"href":"https:\/\/resest.com\/ca\/wp-json\/wp\/v2\/media?parent=1944"}],"wp:term":[{"taxonomy":"category","embeddable":true,"href":"https:\/\/resest.com\/ca\/wp-json\/wp\/v2\/categories?post=1944"},{"taxonomy":"post_tag","embeddable":true,"href":"https:\/\/resest.com\/ca\/wp-json\/wp\/v2\/tags?post=1944"}],"curies":[{"name":"wp","href":"https:\/\/api.w.org\/{rel}","templated":true}]}}