{"id":1917,"date":"2014-10-08T09:49:25","date_gmt":"2014-10-08T08:49:25","guid":{"rendered":"http:\/\/www.resest.com\/?p=1917"},"modified":"2018-08-21T09:30:32","modified_gmt":"2018-08-21T08:30:32","slug":"mercat-de-tapes-sabadell-2","status":"publish","type":"post","link":"https:\/\/resest.com\/ca\/blog\/mercat-de-tapes-sabadell-2\/","title":{"rendered":"Mercat de Tapes Sabadell"},"content":{"rendered":"<p style=\"text-align: justify;\">El\u00a0<strong><a href=\"http:\/\/www.mercatcentralsabadell.com\/index.php?page=blog&amp;2=70\" target=\"_blank\" rel=\"noopener\">Mercat Central de Sabadell <\/a><\/strong>organitza el dia <strong>11 d&#8217;octubre<\/strong>, de <strong>20 a 24 hores<\/strong>, un mercat de tapes en motiu del seu 10\u00e8 aniversari. Diverses de les parades de producte fresc oferiran tapes que els organitzadors de l\u2019acte qualifiquen \u201cd\u2019excepcionals i a preus populars\u201d.\u00a0La festa consistir\u00e0 amb les actuacions dels Castellers de Sabadell, els Gegants de Sabadell i els diables Les Forques de Can Deu, a m\u00e9s de ball country amb Javi Viu, swing amb Crazy Legs i zumba amb El Gimn\u00e0s.<\/p>\n<p>Prepara&#8217;t per una festa excepcional!<\/p>\n<p><img loading=\"lazy\" decoding=\"async\" title=\"mercat tapes\" src=\"http:\/\/www.resest.com\/wp-content\/uploads\/mercat-tapes-446x620.jpg\" alt=\"\" width=\"446\" height=\"620\" \/><\/p>\n<p>Font: <strong><a href=\"http:\/\/www.lavanguardia.com\/agenda\/actividades\/17922_el-mercat-de-tapes.html\" target=\"_blank\" rel=\"noopener\">La Vanguardia<\/a><\/strong><\/p>\n","protected":false},"excerpt":{"rendered":"<p>El\u00a0Mercat Central de Sabadell organitza el dia 11 d&#8217;octubre, de 20 a 24 hores, un mercat de tapes en motiu del seu 10\u00e8 aniversari. Diverses de les parades de producte fresc oferiran tapes que els organitzadors de l\u2019acte qualifiquen \u201cd\u2019excepcionals i a preus populars\u201d.\u00a0La festa consistir\u00e0 amb les actuacions dels Castellers de Sabadell, els Gegants&hellip;<\/p>\n","protected":false},"author":3,"featured_media":0,"comment_status":"closed","ping_status":"open","sticky":false,"template":"","format":"standard","meta":{"footnotes":""},"categories":[6],"tags":[],"class_list":["post-1917","post","type-post","status-publish","format-standard","hentry","category-blog","entry","no-media"],"yoast_head":"<!-- This site is optimized with the Yoast SEO plugin v26.4 - https:\/\/yoast.com\/wordpress\/plugins\/seo\/ -->\n<title>Mercat de Tapes Sabadell<\/title>\n<meta name=\"description\" content=\"Resest, resid\u00e8ncia d&#039;estudiants proposa l&#039;activitat d&#039;oci al Mercat de Tapes Sabadell, un mercat de tapes amb motiu del seu des\u00e8 aniversari.\" \/>\n<meta name=\"robots\" content=\"index, follow, max-snippet:-1, max-image-preview:large, max-video-preview:-1\" \/>\n<link rel=\"canonical\" href=\"https:\/\/resest.com\/ca\/blog\/mercat-de-tapes-sabadell-2\/\" \/>\n<meta property=\"og:locale\" content=\"ca_ES\" \/>\n<meta property=\"og:type\" content=\"article\" \/>\n<meta property=\"og:title\" content=\"Mercat de Tapes Sabadell\" \/>\n<meta property=\"og:description\" content=\"Resest, resid\u00e8ncia d&#039;estudiants proposa l&#039;activitat d&#039;oci al Mercat de Tapes Sabadell, un mercat de tapes amb motiu del seu des\u00e8 aniversari.\" \/>\n<meta property=\"og:url\" content=\"https:\/\/resest.com\/ca\/blog\/mercat-de-tapes-sabadell-2\/\" \/>\n<meta property=\"og:site_name\" content=\"Resid\u00e8ncia d&#039;Estudiants l&#039;Estaci\u00f3 de Sabadell | Resest\" \/>\n<meta property=\"article:published_time\" content=\"2014-10-08T08:49:25+00:00\" \/>\n<meta property=\"article:modified_time\" content=\"2018-08-21T08:30:32+00:00\" \/>\n<meta property=\"og:image\" content=\"http:\/\/www.resest.com\/wp-content\/uploads\/mercat-tapes-446x620.jpg\" \/>\n<meta name=\"author\" content=\"Resest\" \/>\n<meta name=\"twitter:label1\" content=\"Written by\" \/>\n\t<meta name=\"twitter:data1\" content=\"Resest\" \/>\n<script type=\"application\/ld+json\" class=\"yoast-schema-graph\">{\"@context\":\"https:\/\/schema.org\",\"@graph\":[{\"@type\":\"Article\",\"@id\":\"https:\/\/resest.com\/ca\/blog\/mercat-de-tapes-sabadell-2\/#article\",\"isPartOf\":{\"@id\":\"https:\/\/resest.com\/ca\/blog\/mercat-de-tapes-sabadell-2\/\"},\"author\":{\"name\":\"Resest\",\"@id\":\"https:\/\/resest.com\/ca\/#\/schema\/person\/f66d2b5dae2cd0a989ab720dd211d2a9\"},\"headline\":\"Mercat de Tapes Sabadell\",\"datePublished\":\"2014-10-08T08:49:25+00:00\",\"dateModified\":\"2018-08-21T08:30:32+00:00\",\"mainEntityOfPage\":{\"@id\":\"https:\/\/resest.com\/ca\/blog\/mercat-de-tapes-sabadell-2\/\"},\"wordCount\":98,\"publisher\":{\"@id\":\"https:\/\/resest.com\/ca\/#organization\"},\"image\":{\"@id\":\"https:\/\/resest.com\/ca\/blog\/mercat-de-tapes-sabadell-2\/#primaryimage\"},\"thumbnailUrl\":\"http:\/\/www.resest.com\/wp-content\/uploads\/mercat-tapes-446x620.jpg\",\"articleSection\":[\"Blog\"],\"inLanguage\":\"ca-ES\"},{\"@type\":\"WebPage\",\"@id\":\"https:\/\/resest.com\/ca\/blog\/mercat-de-tapes-sabadell-2\/\",\"url\":\"https:\/\/resest.com\/ca\/blog\/mercat-de-tapes-sabadell-2\/\",\"name\":\"Mercat de Tapes Sabadell\",\"isPartOf\":{\"@id\":\"https:\/\/resest.com\/ca\/#website\"},\"primaryImageOfPage\":{\"@id\":\"https:\/\/resest.com\/ca\/blog\/mercat-de-tapes-sabadell-2\/#primaryimage\"},\"image\":{\"@id\":\"https:\/\/resest.com\/ca\/blog\/mercat-de-tapes-sabadell-2\/#primaryimage\"},\"thumbnailUrl\":\"http:\/\/www.resest.com\/wp-content\/uploads\/mercat-tapes-446x620.jpg\",\"datePublished\":\"2014-10-08T08:49:25+00:00\",\"dateModified\":\"2018-08-21T08:30:32+00:00\",\"description\":\"Resest, resid\u00e8ncia d'estudiants proposa l'activitat d'oci al Mercat de Tapes Sabadell, un mercat de tapes amb motiu del seu des\u00e8 aniversari.\",\"breadcrumb\":{\"@id\":\"https:\/\/resest.com\/ca\/blog\/mercat-de-tapes-sabadell-2\/#breadcrumb\"},\"inLanguage\":\"ca-ES\",\"potentialAction\":[{\"@type\":\"ReadAction\",\"target\":[\"https:\/\/resest.com\/ca\/blog\/mercat-de-tapes-sabadell-2\/\"]}]},{\"@type\":\"ImageObject\",\"inLanguage\":\"ca-ES\",\"@id\":\"https:\/\/resest.com\/ca\/blog\/mercat-de-tapes-sabadell-2\/#primaryimage\",\"url\":\"http:\/\/www.resest.com\/wp-content\/uploads\/mercat-tapes-446x620.jpg\",\"contentUrl\":\"http:\/\/www.resest.com\/wp-content\/uploads\/mercat-tapes-446x620.jpg\"},{\"@type\":\"BreadcrumbList\",\"@id\":\"https:\/\/resest.com\/ca\/blog\/mercat-de-tapes-sabadell-2\/#breadcrumb\",\"itemListElement\":[{\"@type\":\"ListItem\",\"position\":1,\"name\":\"Inici\",\"item\":\"https:\/\/resest.com\/ca\/\"},{\"@type\":\"ListItem\",\"position\":2,\"name\":\"Mercat de Tapes Sabadell\"}]},{\"@type\":\"WebSite\",\"@id\":\"https:\/\/resest.com\/ca\/#website\",\"url\":\"https:\/\/resest.com\/ca\/\",\"name\":\"Resid\u00e8ncia d&#039;Estudiants l&#039;Estaci\u00f3 de Sabadell | Resest\",\"description\":\"Prop de l\u2019Universitat Aut\u00f2noma de Barcelona (UAB)\",\"publisher\":{\"@id\":\"https:\/\/resest.com\/ca\/#organization\"},\"potentialAction\":[{\"@type\":\"SearchAction\",\"target\":{\"@type\":\"EntryPoint\",\"urlTemplate\":\"https:\/\/resest.com\/ca\/?s={search_term_string}\"},\"query-input\":{\"@type\":\"PropertyValueSpecification\",\"valueRequired\":true,\"valueName\":\"search_term_string\"}}],\"inLanguage\":\"ca-ES\"},{\"@type\":\"Organization\",\"@id\":\"https:\/\/resest.com\/ca\/#organization\",\"name\":\"Resid\u00e8ncia d&#039;Estudiants l&#039;Estaci\u00f3 de Sabadell | Resest\",\"url\":\"https:\/\/resest.com\/ca\/\",\"logo\":{\"@type\":\"ImageObject\",\"inLanguage\":\"ca-ES\",\"@id\":\"https:\/\/resest.com\/ca\/#\/schema\/logo\/image\/\",\"url\":\"https:\/\/resest.com\/wp-content\/uploads\/2024\/03\/Facana-1.jpg\",\"contentUrl\":\"https:\/\/resest.com\/wp-content\/uploads\/2024\/03\/Facana-1.jpg\",\"width\":1200,\"height\":1009,\"caption\":\"Resid\u00e8ncia d&#039;Estudiants l&#039;Estaci\u00f3 de Sabadell | Resest\"},\"image\":{\"@id\":\"https:\/\/resest.com\/ca\/#\/schema\/logo\/image\/\"}},{\"@type\":\"Person\",\"@id\":\"https:\/\/resest.com\/ca\/#\/schema\/person\/f66d2b5dae2cd0a989ab720dd211d2a9\",\"name\":\"Resest\",\"image\":{\"@type\":\"ImageObject\",\"inLanguage\":\"ca-ES\",\"@id\":\"https:\/\/resest.com\/ca\/#\/schema\/person\/image\/\",\"url\":\"https:\/\/secure.gravatar.com\/avatar\/a5d542eca874617a8a62a45c724821a615f770cf5bde5e61a93a7a2562faba7a?s=96&d=mm&r=g\",\"contentUrl\":\"https:\/\/secure.gravatar.com\/avatar\/a5d542eca874617a8a62a45c724821a615f770cf5bde5e61a93a7a2562faba7a?s=96&d=mm&r=g\",\"caption\":\"Resest\"},\"url\":\"https:\/\/resest.com\/ca\/author\/resest\/\"}]}<\/script>\n<!-- \/ Yoast SEO plugin. -->","yoast_head_json":{"title":"Mercat de Tapes Sabadell","description":"Resest, resid\u00e8ncia d'estudiants proposa l'activitat d'oci al Mercat de Tapes Sabadell, un mercat de tapes amb motiu del seu des\u00e8 aniversari.","robots":{"index":"index","follow":"follow","max-snippet":"max-snippet:-1","max-image-preview":"max-image-preview:large","max-video-preview":"max-video-preview:-1"},"canonical":"https:\/\/resest.com\/ca\/blog\/mercat-de-tapes-sabadell-2\/","og_locale":"ca_ES","og_type":"article","og_title":"Mercat de Tapes Sabadell","og_description":"Resest, resid\u00e8ncia d'estudiants proposa l'activitat d'oci al Mercat de Tapes Sabadell, un mercat de tapes amb motiu del seu des\u00e8 aniversari.","og_url":"https:\/\/resest.com\/ca\/blog\/mercat-de-tapes-sabadell-2\/","og_site_name":"Resid\u00e8ncia d&#039;Estudiants l&#039;Estaci\u00f3 de Sabadell | Resest","article_published_time":"2014-10-08T08:49:25+00:00","article_modified_time":"2018-08-21T08:30:32+00:00","og_image":[{"url":"http:\/\/www.resest.com\/wp-content\/uploads\/mercat-tapes-446x620.jpg","type":"","width":"","height":""}],"author":"Resest","twitter_misc":{"Written by":"Resest"},"schema":{"@context":"https:\/\/schema.org","@graph":[{"@type":"Article","@id":"https:\/\/resest.com\/ca\/blog\/mercat-de-tapes-sabadell-2\/#article","isPartOf":{"@id":"https:\/\/resest.com\/ca\/blog\/mercat-de-tapes-sabadell-2\/"},"author":{"name":"Resest","@id":"https:\/\/resest.com\/ca\/#\/schema\/person\/f66d2b5dae2cd0a989ab720dd211d2a9"},"headline":"Mercat de Tapes Sabadell","datePublished":"2014-10-08T08:49:25+00:00","dateModified":"2018-08-21T08:30:32+00:00","mainEntityOfPage":{"@id":"https:\/\/resest.com\/ca\/blog\/mercat-de-tapes-sabadell-2\/"},"wordCount":98,"publisher":{"@id":"https:\/\/resest.com\/ca\/#organization"},"image":{"@id":"https:\/\/resest.com\/ca\/blog\/mercat-de-tapes-sabadell-2\/#primaryimage"},"thumbnailUrl":"http:\/\/www.resest.com\/wp-content\/uploads\/mercat-tapes-446x620.jpg","articleSection":["Blog"],"inLanguage":"ca-ES"},{"@type":"WebPage","@id":"https:\/\/resest.com\/ca\/blog\/mercat-de-tapes-sabadell-2\/","url":"https:\/\/resest.com\/ca\/blog\/mercat-de-tapes-sabadell-2\/","name":"Mercat de Tapes Sabadell","isPartOf":{"@id":"https:\/\/resest.com\/ca\/#website"},"primaryImageOfPage":{"@id":"https:\/\/resest.com\/ca\/blog\/mercat-de-tapes-sabadell-2\/#primaryimage"},"image":{"@id":"https:\/\/resest.com\/ca\/blog\/mercat-de-tapes-sabadell-2\/#primaryimage"},"thumbnailUrl":"http:\/\/www.resest.com\/wp-content\/uploads\/mercat-tapes-446x620.jpg","datePublished":"2014-10-08T08:49:25+00:00","dateModified":"2018-08-21T08:30:32+00:00","description":"Resest, resid\u00e8ncia d'estudiants proposa l'activitat d'oci al Mercat de Tapes Sabadell, un mercat de tapes amb motiu del seu des\u00e8 aniversari.","breadcrumb":{"@id":"https:\/\/resest.com\/ca\/blog\/mercat-de-tapes-sabadell-2\/#breadcrumb"},"inLanguage":"ca-ES","potentialAction":[{"@type":"ReadAction","target":["https:\/\/resest.com\/ca\/blog\/mercat-de-tapes-sabadell-2\/"]}]},{"@type":"ImageObject","inLanguage":"ca-ES","@id":"https:\/\/resest.com\/ca\/blog\/mercat-de-tapes-sabadell-2\/#primaryimage","url":"http:\/\/www.resest.com\/wp-content\/uploads\/mercat-tapes-446x620.jpg","contentUrl":"http:\/\/www.resest.com\/wp-content\/uploads\/mercat-tapes-446x620.jpg"},{"@type":"BreadcrumbList","@id":"https:\/\/resest.com\/ca\/blog\/mercat-de-tapes-sabadell-2\/#breadcrumb","itemListElement":[{"@type":"ListItem","position":1,"name":"Inici","item":"https:\/\/resest.com\/ca\/"},{"@type":"ListItem","position":2,"name":"Mercat de Tapes Sabadell"}]},{"@type":"WebSite","@id":"https:\/\/resest.com\/ca\/#website","url":"https:\/\/resest.com\/ca\/","name":"Resid\u00e8ncia d&#039;Estudiants l&#039;Estaci\u00f3 de Sabadell | Resest","description":"Prop de l\u2019Universitat Aut\u00f2noma de Barcelona (UAB)","publisher":{"@id":"https:\/\/resest.com\/ca\/#organization"},"potentialAction":[{"@type":"SearchAction","target":{"@type":"EntryPoint","urlTemplate":"https:\/\/resest.com\/ca\/?s={search_term_string}"},"query-input":{"@type":"PropertyValueSpecification","valueRequired":true,"valueName":"search_term_string"}}],"inLanguage":"ca-ES"},{"@type":"Organization","@id":"https:\/\/resest.com\/ca\/#organization","name":"Resid\u00e8ncia d&#039;Estudiants l&#039;Estaci\u00f3 de Sabadell | Resest","url":"https:\/\/resest.com\/ca\/","logo":{"@type":"ImageObject","inLanguage":"ca-ES","@id":"https:\/\/resest.com\/ca\/#\/schema\/logo\/image\/","url":"https:\/\/resest.com\/wp-content\/uploads\/2024\/03\/Facana-1.jpg","contentUrl":"https:\/\/resest.com\/wp-content\/uploads\/2024\/03\/Facana-1.jpg","width":1200,"height":1009,"caption":"Resid\u00e8ncia d&#039;Estudiants l&#039;Estaci\u00f3 de Sabadell | Resest"},"image":{"@id":"https:\/\/resest.com\/ca\/#\/schema\/logo\/image\/"}},{"@type":"Person","@id":"https:\/\/resest.com\/ca\/#\/schema\/person\/f66d2b5dae2cd0a989ab720dd211d2a9","name":"Resest","image":{"@type":"ImageObject","inLanguage":"ca-ES","@id":"https:\/\/resest.com\/ca\/#\/schema\/person\/image\/","url":"https:\/\/secure.gravatar.com\/avatar\/a5d542eca874617a8a62a45c724821a615f770cf5bde5e61a93a7a2562faba7a?s=96&d=mm&r=g","contentUrl":"https:\/\/secure.gravatar.com\/avatar\/a5d542eca874617a8a62a45c724821a615f770cf5bde5e61a93a7a2562faba7a?s=96&d=mm&r=g","caption":"Resest"},"url":"https:\/\/resest.com\/ca\/author\/resest\/"}]}},"_links":{"self":[{"href":"https:\/\/resest.com\/ca\/wp-json\/wp\/v2\/posts\/1917","targetHints":{"allow":["GET"]}}],"collection":[{"href":"https:\/\/resest.com\/ca\/wp-json\/wp\/v2\/posts"}],"about":[{"href":"https:\/\/resest.com\/ca\/wp-json\/wp\/v2\/types\/post"}],"author":[{"embeddable":true,"href":"https:\/\/resest.com\/ca\/wp-json\/wp\/v2\/users\/3"}],"replies":[{"embeddable":true,"href":"https:\/\/resest.com\/ca\/wp-json\/wp\/v2\/comments?post=1917"}],"version-history":[{"count":0,"href":"https:\/\/resest.com\/ca\/wp-json\/wp\/v2\/posts\/1917\/revisions"}],"wp:attachment":[{"href":"https:\/\/resest.com\/ca\/wp-json\/wp\/v2\/media?parent=1917"}],"wp:term":[{"taxonomy":"category","embeddable":true,"href":"https:\/\/resest.com\/ca\/wp-json\/wp\/v2\/categories?post=1917"},{"taxonomy":"post_tag","embeddable":true,"href":"https:\/\/resest.com\/ca\/wp-json\/wp\/v2\/tags?post=1917"}],"curies":[{"name":"wp","href":"https:\/\/api.w.org\/{rel}","templated":true}]}}