{"id":1897,"date":"2014-10-02T11:10:36","date_gmt":"2014-10-02T10:10:36","guid":{"rendered":"http:\/\/www.resest.com\/?p=1897"},"modified":"2018-08-21T09:32:16","modified_gmt":"2018-08-21T08:32:16","slug":"classe-oberta-de-swing-a-la-residencia","status":"publish","type":"post","link":"https:\/\/resest.com\/ca\/blog\/classe-oberta-de-swing-a-la-residencia\/","title":{"rendered":"Classe oberta de Swing a la Resid\u00e8ncia!"},"content":{"rendered":"<p>Aquest diumenge 5 d&#8217;octubre a\u00a0les 21h\u00a0tindr\u00e0 lloc una classe oberta de<a href=\"http:\/\/ca.wikipedia.org\/wiki\/Swing\" target=\"_blank\" rel=\"noopener\"> <strong>Swing<\/strong><\/a> que ens ofereix <strong><a href=\"http:\/\/www.elgimnas.cat\/\" target=\"_blank\" rel=\"noopener\">El Gimn\u00e0s<\/a> <\/strong>per als residents.<\/p>\n<p><a href=\"https:\/\/resest.com\" target=\"_blank\" rel=\"noopener\"><img loading=\"lazy\" decoding=\"async\" class=\"alignleft size-large wp-image-1898\" title=\"ClasseRESEST\" src=\"http:\/\/www.resest.com\/wp-content\/uploads\/ClasseRESEST-438x620.jpg\" alt=\"\" width=\"438\" height=\"620\" \/><\/a><\/p>\n","protected":false},"excerpt":{"rendered":"<p>Aquest diumenge 5 d&#8217;octubre a\u00a0les 21h\u00a0tindr\u00e0 lloc una classe oberta de Swing que ens ofereix El Gimn\u00e0s per als residents.<\/p>\n","protected":false},"author":3,"featured_media":0,"comment_status":"closed","ping_status":"open","sticky":false,"template":"","format":"standard","meta":{"footnotes":""},"categories":[6],"tags":[],"class_list":["post-1897","post","type-post","status-publish","format-standard","hentry","category-blog","entry","no-media"],"yoast_head":"<!-- This site is optimized with the Yoast SEO plugin v26.4 - https:\/\/yoast.com\/wordpress\/plugins\/seo\/ -->\n<title>Classe oberta de Swing en la Resid\u00e8ncia!<\/title>\n<meta name=\"description\" content=\"Recentment va tenir lloc una classe oberta de Swing que ens ofereix El Gimn\u00e0s per als residents de la nostra Resid\u00e8ncia Estudiantil.\" \/>\n<meta name=\"robots\" content=\"index, follow, max-snippet:-1, max-image-preview:large, max-video-preview:-1\" \/>\n<link rel=\"canonical\" href=\"https:\/\/resest.com\/ca\/blog\/classe-oberta-de-swing-a-la-residencia\/\" \/>\n<meta property=\"og:locale\" content=\"ca_ES\" \/>\n<meta property=\"og:type\" content=\"article\" \/>\n<meta property=\"og:title\" content=\"Classe oberta de Swing en la Resid\u00e8ncia!\" \/>\n<meta property=\"og:description\" content=\"Recentment va tenir lloc una classe oberta de Swing que ens ofereix El Gimn\u00e0s per als residents de la nostra Resid\u00e8ncia Estudiantil.\" \/>\n<meta property=\"og:url\" content=\"https:\/\/resest.com\/ca\/blog\/classe-oberta-de-swing-a-la-residencia\/\" \/>\n<meta property=\"og:site_name\" content=\"Resid\u00e8ncia d&#039;Estudiants l&#039;Estaci\u00f3 de Sabadell | Resest\" \/>\n<meta property=\"article:published_time\" content=\"2014-10-02T10:10:36+00:00\" \/>\n<meta property=\"article:modified_time\" content=\"2018-08-21T08:32:16+00:00\" \/>\n<meta property=\"og:image\" content=\"http:\/\/www.resest.com\/wp-content\/uploads\/ClasseRESEST-438x620.jpg\" \/>\n<meta name=\"author\" content=\"Resest\" \/>\n<meta name=\"twitter:label1\" content=\"Written by\" \/>\n\t<meta name=\"twitter:data1\" content=\"Resest\" \/>\n<script type=\"application\/ld+json\" class=\"yoast-schema-graph\">{\"@context\":\"https:\/\/schema.org\",\"@graph\":[{\"@type\":\"Article\",\"@id\":\"https:\/\/resest.com\/ca\/blog\/classe-oberta-de-swing-a-la-residencia\/#article\",\"isPartOf\":{\"@id\":\"https:\/\/resest.com\/ca\/blog\/classe-oberta-de-swing-a-la-residencia\/\"},\"author\":{\"name\":\"Resest\",\"@id\":\"https:\/\/resest.com\/ca\/#\/schema\/person\/f66d2b5dae2cd0a989ab720dd211d2a9\"},\"headline\":\"Classe oberta de Swing a la Resid\u00e8ncia!\",\"datePublished\":\"2014-10-02T10:10:36+00:00\",\"dateModified\":\"2018-08-21T08:32:16+00:00\",\"mainEntityOfPage\":{\"@id\":\"https:\/\/resest.com\/ca\/blog\/classe-oberta-de-swing-a-la-residencia\/\"},\"wordCount\":31,\"publisher\":{\"@id\":\"https:\/\/resest.com\/ca\/#organization\"},\"image\":{\"@id\":\"https:\/\/resest.com\/ca\/blog\/classe-oberta-de-swing-a-la-residencia\/#primaryimage\"},\"thumbnailUrl\":\"http:\/\/www.resest.com\/wp-content\/uploads\/ClasseRESEST-438x620.jpg\",\"articleSection\":[\"Blog\"],\"inLanguage\":\"ca-ES\"},{\"@type\":\"WebPage\",\"@id\":\"https:\/\/resest.com\/ca\/blog\/classe-oberta-de-swing-a-la-residencia\/\",\"url\":\"https:\/\/resest.com\/ca\/blog\/classe-oberta-de-swing-a-la-residencia\/\",\"name\":\"Classe oberta de Swing en la Resid\u00e8ncia!\",\"isPartOf\":{\"@id\":\"https:\/\/resest.com\/ca\/#website\"},\"primaryImageOfPage\":{\"@id\":\"https:\/\/resest.com\/ca\/blog\/classe-oberta-de-swing-a-la-residencia\/#primaryimage\"},\"image\":{\"@id\":\"https:\/\/resest.com\/ca\/blog\/classe-oberta-de-swing-a-la-residencia\/#primaryimage\"},\"thumbnailUrl\":\"http:\/\/www.resest.com\/wp-content\/uploads\/ClasseRESEST-438x620.jpg\",\"datePublished\":\"2014-10-02T10:10:36+00:00\",\"dateModified\":\"2018-08-21T08:32:16+00:00\",\"description\":\"Recentment va tenir lloc una classe oberta de Swing que ens ofereix El Gimn\u00e0s per als residents de la nostra Resid\u00e8ncia Estudiantil.\",\"breadcrumb\":{\"@id\":\"https:\/\/resest.com\/ca\/blog\/classe-oberta-de-swing-a-la-residencia\/#breadcrumb\"},\"inLanguage\":\"ca-ES\",\"potentialAction\":[{\"@type\":\"ReadAction\",\"target\":[\"https:\/\/resest.com\/ca\/blog\/classe-oberta-de-swing-a-la-residencia\/\"]}]},{\"@type\":\"ImageObject\",\"inLanguage\":\"ca-ES\",\"@id\":\"https:\/\/resest.com\/ca\/blog\/classe-oberta-de-swing-a-la-residencia\/#primaryimage\",\"url\":\"http:\/\/www.resest.com\/wp-content\/uploads\/ClasseRESEST-438x620.jpg\",\"contentUrl\":\"http:\/\/www.resest.com\/wp-content\/uploads\/ClasseRESEST-438x620.jpg\"},{\"@type\":\"BreadcrumbList\",\"@id\":\"https:\/\/resest.com\/ca\/blog\/classe-oberta-de-swing-a-la-residencia\/#breadcrumb\",\"itemListElement\":[{\"@type\":\"ListItem\",\"position\":1,\"name\":\"Inici\",\"item\":\"https:\/\/resest.com\/ca\/\"},{\"@type\":\"ListItem\",\"position\":2,\"name\":\"Classe oberta de Swing a la Resid\u00e8ncia!\"}]},{\"@type\":\"WebSite\",\"@id\":\"https:\/\/resest.com\/ca\/#website\",\"url\":\"https:\/\/resest.com\/ca\/\",\"name\":\"Resid\u00e8ncia d&#039;Estudiants l&#039;Estaci\u00f3 de Sabadell | Resest\",\"description\":\"Prop de l\u2019Universitat Aut\u00f2noma de Barcelona (UAB)\",\"publisher\":{\"@id\":\"https:\/\/resest.com\/ca\/#organization\"},\"potentialAction\":[{\"@type\":\"SearchAction\",\"target\":{\"@type\":\"EntryPoint\",\"urlTemplate\":\"https:\/\/resest.com\/ca\/?s={search_term_string}\"},\"query-input\":{\"@type\":\"PropertyValueSpecification\",\"valueRequired\":true,\"valueName\":\"search_term_string\"}}],\"inLanguage\":\"ca-ES\"},{\"@type\":\"Organization\",\"@id\":\"https:\/\/resest.com\/ca\/#organization\",\"name\":\"Resid\u00e8ncia d&#039;Estudiants l&#039;Estaci\u00f3 de Sabadell | Resest\",\"url\":\"https:\/\/resest.com\/ca\/\",\"logo\":{\"@type\":\"ImageObject\",\"inLanguage\":\"ca-ES\",\"@id\":\"https:\/\/resest.com\/ca\/#\/schema\/logo\/image\/\",\"url\":\"https:\/\/resest.com\/wp-content\/uploads\/2024\/03\/Facana-1.jpg\",\"contentUrl\":\"https:\/\/resest.com\/wp-content\/uploads\/2024\/03\/Facana-1.jpg\",\"width\":1200,\"height\":1009,\"caption\":\"Resid\u00e8ncia d&#039;Estudiants l&#039;Estaci\u00f3 de Sabadell | Resest\"},\"image\":{\"@id\":\"https:\/\/resest.com\/ca\/#\/schema\/logo\/image\/\"}},{\"@type\":\"Person\",\"@id\":\"https:\/\/resest.com\/ca\/#\/schema\/person\/f66d2b5dae2cd0a989ab720dd211d2a9\",\"name\":\"Resest\",\"image\":{\"@type\":\"ImageObject\",\"inLanguage\":\"ca-ES\",\"@id\":\"https:\/\/resest.com\/ca\/#\/schema\/person\/image\/\",\"url\":\"https:\/\/secure.gravatar.com\/avatar\/a5d542eca874617a8a62a45c724821a615f770cf5bde5e61a93a7a2562faba7a?s=96&d=mm&r=g\",\"contentUrl\":\"https:\/\/secure.gravatar.com\/avatar\/a5d542eca874617a8a62a45c724821a615f770cf5bde5e61a93a7a2562faba7a?s=96&d=mm&r=g\",\"caption\":\"Resest\"},\"url\":\"https:\/\/resest.com\/ca\/author\/resest\/\"}]}<\/script>\n<!-- \/ Yoast SEO plugin. -->","yoast_head_json":{"title":"Classe oberta de Swing en la Resid\u00e8ncia!","description":"Recentment va tenir lloc una classe oberta de Swing que ens ofereix El Gimn\u00e0s per als residents de la nostra Resid\u00e8ncia Estudiantil.","robots":{"index":"index","follow":"follow","max-snippet":"max-snippet:-1","max-image-preview":"max-image-preview:large","max-video-preview":"max-video-preview:-1"},"canonical":"https:\/\/resest.com\/ca\/blog\/classe-oberta-de-swing-a-la-residencia\/","og_locale":"ca_ES","og_type":"article","og_title":"Classe oberta de Swing en la Resid\u00e8ncia!","og_description":"Recentment va tenir lloc una classe oberta de Swing que ens ofereix El Gimn\u00e0s per als residents de la nostra Resid\u00e8ncia Estudiantil.","og_url":"https:\/\/resest.com\/ca\/blog\/classe-oberta-de-swing-a-la-residencia\/","og_site_name":"Resid\u00e8ncia d&#039;Estudiants l&#039;Estaci\u00f3 de Sabadell | Resest","article_published_time":"2014-10-02T10:10:36+00:00","article_modified_time":"2018-08-21T08:32:16+00:00","og_image":[{"url":"http:\/\/www.resest.com\/wp-content\/uploads\/ClasseRESEST-438x620.jpg","type":"","width":"","height":""}],"author":"Resest","twitter_misc":{"Written by":"Resest"},"schema":{"@context":"https:\/\/schema.org","@graph":[{"@type":"Article","@id":"https:\/\/resest.com\/ca\/blog\/classe-oberta-de-swing-a-la-residencia\/#article","isPartOf":{"@id":"https:\/\/resest.com\/ca\/blog\/classe-oberta-de-swing-a-la-residencia\/"},"author":{"name":"Resest","@id":"https:\/\/resest.com\/ca\/#\/schema\/person\/f66d2b5dae2cd0a989ab720dd211d2a9"},"headline":"Classe oberta de Swing a la Resid\u00e8ncia!","datePublished":"2014-10-02T10:10:36+00:00","dateModified":"2018-08-21T08:32:16+00:00","mainEntityOfPage":{"@id":"https:\/\/resest.com\/ca\/blog\/classe-oberta-de-swing-a-la-residencia\/"},"wordCount":31,"publisher":{"@id":"https:\/\/resest.com\/ca\/#organization"},"image":{"@id":"https:\/\/resest.com\/ca\/blog\/classe-oberta-de-swing-a-la-residencia\/#primaryimage"},"thumbnailUrl":"http:\/\/www.resest.com\/wp-content\/uploads\/ClasseRESEST-438x620.jpg","articleSection":["Blog"],"inLanguage":"ca-ES"},{"@type":"WebPage","@id":"https:\/\/resest.com\/ca\/blog\/classe-oberta-de-swing-a-la-residencia\/","url":"https:\/\/resest.com\/ca\/blog\/classe-oberta-de-swing-a-la-residencia\/","name":"Classe oberta de Swing en la Resid\u00e8ncia!","isPartOf":{"@id":"https:\/\/resest.com\/ca\/#website"},"primaryImageOfPage":{"@id":"https:\/\/resest.com\/ca\/blog\/classe-oberta-de-swing-a-la-residencia\/#primaryimage"},"image":{"@id":"https:\/\/resest.com\/ca\/blog\/classe-oberta-de-swing-a-la-residencia\/#primaryimage"},"thumbnailUrl":"http:\/\/www.resest.com\/wp-content\/uploads\/ClasseRESEST-438x620.jpg","datePublished":"2014-10-02T10:10:36+00:00","dateModified":"2018-08-21T08:32:16+00:00","description":"Recentment va tenir lloc una classe oberta de Swing que ens ofereix El Gimn\u00e0s per als residents de la nostra Resid\u00e8ncia Estudiantil.","breadcrumb":{"@id":"https:\/\/resest.com\/ca\/blog\/classe-oberta-de-swing-a-la-residencia\/#breadcrumb"},"inLanguage":"ca-ES","potentialAction":[{"@type":"ReadAction","target":["https:\/\/resest.com\/ca\/blog\/classe-oberta-de-swing-a-la-residencia\/"]}]},{"@type":"ImageObject","inLanguage":"ca-ES","@id":"https:\/\/resest.com\/ca\/blog\/classe-oberta-de-swing-a-la-residencia\/#primaryimage","url":"http:\/\/www.resest.com\/wp-content\/uploads\/ClasseRESEST-438x620.jpg","contentUrl":"http:\/\/www.resest.com\/wp-content\/uploads\/ClasseRESEST-438x620.jpg"},{"@type":"BreadcrumbList","@id":"https:\/\/resest.com\/ca\/blog\/classe-oberta-de-swing-a-la-residencia\/#breadcrumb","itemListElement":[{"@type":"ListItem","position":1,"name":"Inici","item":"https:\/\/resest.com\/ca\/"},{"@type":"ListItem","position":2,"name":"Classe oberta de Swing a la Resid\u00e8ncia!"}]},{"@type":"WebSite","@id":"https:\/\/resest.com\/ca\/#website","url":"https:\/\/resest.com\/ca\/","name":"Resid\u00e8ncia d&#039;Estudiants l&#039;Estaci\u00f3 de Sabadell | Resest","description":"Prop de l\u2019Universitat Aut\u00f2noma de Barcelona (UAB)","publisher":{"@id":"https:\/\/resest.com\/ca\/#organization"},"potentialAction":[{"@type":"SearchAction","target":{"@type":"EntryPoint","urlTemplate":"https:\/\/resest.com\/ca\/?s={search_term_string}"},"query-input":{"@type":"PropertyValueSpecification","valueRequired":true,"valueName":"search_term_string"}}],"inLanguage":"ca-ES"},{"@type":"Organization","@id":"https:\/\/resest.com\/ca\/#organization","name":"Resid\u00e8ncia d&#039;Estudiants l&#039;Estaci\u00f3 de Sabadell | Resest","url":"https:\/\/resest.com\/ca\/","logo":{"@type":"ImageObject","inLanguage":"ca-ES","@id":"https:\/\/resest.com\/ca\/#\/schema\/logo\/image\/","url":"https:\/\/resest.com\/wp-content\/uploads\/2024\/03\/Facana-1.jpg","contentUrl":"https:\/\/resest.com\/wp-content\/uploads\/2024\/03\/Facana-1.jpg","width":1200,"height":1009,"caption":"Resid\u00e8ncia d&#039;Estudiants l&#039;Estaci\u00f3 de Sabadell | Resest"},"image":{"@id":"https:\/\/resest.com\/ca\/#\/schema\/logo\/image\/"}},{"@type":"Person","@id":"https:\/\/resest.com\/ca\/#\/schema\/person\/f66d2b5dae2cd0a989ab720dd211d2a9","name":"Resest","image":{"@type":"ImageObject","inLanguage":"ca-ES","@id":"https:\/\/resest.com\/ca\/#\/schema\/person\/image\/","url":"https:\/\/secure.gravatar.com\/avatar\/a5d542eca874617a8a62a45c724821a615f770cf5bde5e61a93a7a2562faba7a?s=96&d=mm&r=g","contentUrl":"https:\/\/secure.gravatar.com\/avatar\/a5d542eca874617a8a62a45c724821a615f770cf5bde5e61a93a7a2562faba7a?s=96&d=mm&r=g","caption":"Resest"},"url":"https:\/\/resest.com\/ca\/author\/resest\/"}]}},"_links":{"self":[{"href":"https:\/\/resest.com\/ca\/wp-json\/wp\/v2\/posts\/1897","targetHints":{"allow":["GET"]}}],"collection":[{"href":"https:\/\/resest.com\/ca\/wp-json\/wp\/v2\/posts"}],"about":[{"href":"https:\/\/resest.com\/ca\/wp-json\/wp\/v2\/types\/post"}],"author":[{"embeddable":true,"href":"https:\/\/resest.com\/ca\/wp-json\/wp\/v2\/users\/3"}],"replies":[{"embeddable":true,"href":"https:\/\/resest.com\/ca\/wp-json\/wp\/v2\/comments?post=1897"}],"version-history":[{"count":0,"href":"https:\/\/resest.com\/ca\/wp-json\/wp\/v2\/posts\/1897\/revisions"}],"wp:attachment":[{"href":"https:\/\/resest.com\/ca\/wp-json\/wp\/v2\/media?parent=1897"}],"wp:term":[{"taxonomy":"category","embeddable":true,"href":"https:\/\/resest.com\/ca\/wp-json\/wp\/v2\/categories?post=1897"},{"taxonomy":"post_tag","embeddable":true,"href":"https:\/\/resest.com\/ca\/wp-json\/wp\/v2\/tags?post=1897"}],"curies":[{"name":"wp","href":"https:\/\/api.w.org\/{rel}","templated":true}]}}