{"id":1864,"date":"2014-09-12T16:51:04","date_gmt":"2014-09-12T15:51:04","guid":{"rendered":"http:\/\/www.resest.com\/?p=1864"},"modified":"2018-08-21T09:33:15","modified_gmt":"2018-08-21T08:33:15","slug":"classes-obertes-de-lindy-hop-2","status":"publish","type":"post","link":"https:\/\/resest.com\/ca\/blog\/classes-obertes-de-lindy-hop-2\/","title":{"rendered":"Classes obertes de Lindy Hop!"},"content":{"rendered":"<p style=\"text-align: justify;\">Propers esdeveniments per aquest cap de setmana de <strong><a href=\"http:\/\/ca.wikipedia.org\/wiki\/Lindy_Hop\" target=\"_blank\" rel=\"noopener\">lindy hop<\/a><\/strong>:<\/p>\n<p style=\"text-align: justify;\"><img loading=\"lazy\" decoding=\"async\" title=\"Lindy Hop\" src=\"http:\/\/www.resest.com\/wp-content\/uploads\/10414484_1518516221710172_2649214966032865375_n-620x229.jpg\" alt=\"\" width=\"620\" height=\"229\" \/><\/p>\n<p style=\"text-align: justify;\"><strong>Dissabte 13 de 19:00 a 20:30h a la Pla\u00e7a del Treball<\/strong><\/p>\n<p style=\"text-align: justify;\">Anima&#8217;t a provar la Classe oberta de lindy hop amb els professors d&#8217;El gimn\u00e0s a la Festa Major de Gr\u00e0cia! Despr\u00e9s es far\u00e0 una ballada social per a tots els ballarins de swing.<\/p>\n<p style=\"text-align: justify;\">M\u00e9s informaci\u00f3 a:\u00a0<a href=\"https:\/\/www.facebook.com\/events\/810533782311876\/?ref=3&amp;ref_newsfeed_story_type=regular\" target=\"_blank\" rel=\"noopener\">https:\/\/www.facebook.com\/<wbr \/>events\/810533782311876\/?ref=3&amp;<wbr \/>ref_newsfeed_story_type=<wbr \/>regular<\/a><\/p>\n<p style=\"text-align: justify;\"><strong>Diumenge 14 a les 19:30 a la Pla\u00e7a de l&#8217;\u00c0ngel, 4 (The Wild Geese)<\/strong><\/p>\n<p style=\"text-align: justify;\">S&#8217;inaugura la temporada de la millor manera, amb m\u00fasica en directe de la m\u00e0 de Sin Ensayo al The Wild Geese bar.<\/p>\n<p style=\"text-align: justify;\">M\u00e9s informaci\u00f3 a:\u00a0<a href=\"https:\/\/www.facebook.com\/events\/278820872314291\/\" target=\"_blank\" rel=\"noopener\">https:\/\/www.facebook.com\/events\/278820872314291\/<\/a><\/p>\n<p style=\"text-align: justify;\">Us hi esperem!<\/p>\n<div id=\"event_description\" data-referrer=\"event_description\"><\/div>\n","protected":false},"excerpt":{"rendered":"<p>Propers esdeveniments per aquest cap de setmana de lindy hop: Dissabte 13 de 19:00 a 20:30h a la Pla\u00e7a del Treball Anima&#8217;t a provar la Classe oberta de lindy hop amb els professors d&#8217;El gimn\u00e0s a la Festa Major de Gr\u00e0cia! Despr\u00e9s es far\u00e0 una ballada social per a tots els ballarins de swing. M\u00e9s&hellip;<\/p>\n","protected":false},"author":3,"featured_media":0,"comment_status":"closed","ping_status":"open","sticky":false,"template":"","format":"standard","meta":{"footnotes":""},"categories":[6],"tags":[],"class_list":["post-1864","post","type-post","status-publish","format-standard","hentry","category-blog","entry","no-media"],"yoast_head":"<!-- This site is optimized with the Yoast SEO plugin v26.4 - https:\/\/yoast.com\/wordpress\/plugins\/seo\/ -->\n<title>Classes obertes de Lindy Hop!<\/title>\n<meta name=\"description\" content=\"Resest, allotjament estudiantil et convida a provar la classe oberta de lindy hop amb els professors del Gimn\u00e0s a la Festa Major de Gr\u00e0cia.\" \/>\n<meta name=\"robots\" content=\"index, follow, max-snippet:-1, max-image-preview:large, max-video-preview:-1\" \/>\n<link rel=\"canonical\" href=\"https:\/\/resest.com\/ca\/blog\/classes-obertes-de-lindy-hop-2\/\" \/>\n<meta property=\"og:locale\" content=\"ca_ES\" \/>\n<meta property=\"og:type\" content=\"article\" \/>\n<meta property=\"og:title\" content=\"Classes obertes de Lindy Hop!\" \/>\n<meta property=\"og:description\" content=\"Resest, allotjament estudiantil et convida a provar la classe oberta de lindy hop amb els professors del Gimn\u00e0s a la Festa Major de Gr\u00e0cia.\" \/>\n<meta property=\"og:url\" content=\"https:\/\/resest.com\/ca\/blog\/classes-obertes-de-lindy-hop-2\/\" \/>\n<meta property=\"og:site_name\" content=\"Resid\u00e8ncia d&#039;Estudiants l&#039;Estaci\u00f3 de Sabadell | Resest\" \/>\n<meta property=\"article:published_time\" content=\"2014-09-12T15:51:04+00:00\" \/>\n<meta property=\"article:modified_time\" content=\"2018-08-21T08:33:15+00:00\" \/>\n<meta property=\"og:image\" content=\"http:\/\/www.resest.com\/wp-content\/uploads\/10414484_1518516221710172_2649214966032865375_n-620x229.jpg\" \/>\n<meta name=\"author\" content=\"Resest\" \/>\n<meta name=\"twitter:label1\" content=\"Written by\" \/>\n\t<meta name=\"twitter:data1\" content=\"Resest\" \/>\n\t<meta name=\"twitter:label2\" content=\"Est. reading time\" \/>\n\t<meta name=\"twitter:data2\" content=\"1 minute\" \/>\n<script type=\"application\/ld+json\" class=\"yoast-schema-graph\">{\"@context\":\"https:\/\/schema.org\",\"@graph\":[{\"@type\":\"Article\",\"@id\":\"https:\/\/resest.com\/ca\/blog\/classes-obertes-de-lindy-hop-2\/#article\",\"isPartOf\":{\"@id\":\"https:\/\/resest.com\/ca\/blog\/classes-obertes-de-lindy-hop-2\/\"},\"author\":{\"name\":\"Resest\",\"@id\":\"https:\/\/resest.com\/ca\/#\/schema\/person\/f66d2b5dae2cd0a989ab720dd211d2a9\"},\"headline\":\"Classes obertes de Lindy Hop!\",\"datePublished\":\"2014-09-12T15:51:04+00:00\",\"dateModified\":\"2018-08-21T08:33:15+00:00\",\"mainEntityOfPage\":{\"@id\":\"https:\/\/resest.com\/ca\/blog\/classes-obertes-de-lindy-hop-2\/\"},\"wordCount\":128,\"publisher\":{\"@id\":\"https:\/\/resest.com\/ca\/#organization\"},\"image\":{\"@id\":\"https:\/\/resest.com\/ca\/blog\/classes-obertes-de-lindy-hop-2\/#primaryimage\"},\"thumbnailUrl\":\"http:\/\/www.resest.com\/wp-content\/uploads\/10414484_1518516221710172_2649214966032865375_n-620x229.jpg\",\"articleSection\":[\"Blog\"],\"inLanguage\":\"ca-ES\"},{\"@type\":\"WebPage\",\"@id\":\"https:\/\/resest.com\/ca\/blog\/classes-obertes-de-lindy-hop-2\/\",\"url\":\"https:\/\/resest.com\/ca\/blog\/classes-obertes-de-lindy-hop-2\/\",\"name\":\"Classes obertes de Lindy Hop!\",\"isPartOf\":{\"@id\":\"https:\/\/resest.com\/ca\/#website\"},\"primaryImageOfPage\":{\"@id\":\"https:\/\/resest.com\/ca\/blog\/classes-obertes-de-lindy-hop-2\/#primaryimage\"},\"image\":{\"@id\":\"https:\/\/resest.com\/ca\/blog\/classes-obertes-de-lindy-hop-2\/#primaryimage\"},\"thumbnailUrl\":\"http:\/\/www.resest.com\/wp-content\/uploads\/10414484_1518516221710172_2649214966032865375_n-620x229.jpg\",\"datePublished\":\"2014-09-12T15:51:04+00:00\",\"dateModified\":\"2018-08-21T08:33:15+00:00\",\"description\":\"Resest, allotjament estudiantil et convida a provar la classe oberta de lindy hop amb els professors del Gimn\u00e0s a la Festa Major de Gr\u00e0cia.\",\"breadcrumb\":{\"@id\":\"https:\/\/resest.com\/ca\/blog\/classes-obertes-de-lindy-hop-2\/#breadcrumb\"},\"inLanguage\":\"ca-ES\",\"potentialAction\":[{\"@type\":\"ReadAction\",\"target\":[\"https:\/\/resest.com\/ca\/blog\/classes-obertes-de-lindy-hop-2\/\"]}]},{\"@type\":\"ImageObject\",\"inLanguage\":\"ca-ES\",\"@id\":\"https:\/\/resest.com\/ca\/blog\/classes-obertes-de-lindy-hop-2\/#primaryimage\",\"url\":\"http:\/\/www.resest.com\/wp-content\/uploads\/10414484_1518516221710172_2649214966032865375_n-620x229.jpg\",\"contentUrl\":\"http:\/\/www.resest.com\/wp-content\/uploads\/10414484_1518516221710172_2649214966032865375_n-620x229.jpg\"},{\"@type\":\"BreadcrumbList\",\"@id\":\"https:\/\/resest.com\/ca\/blog\/classes-obertes-de-lindy-hop-2\/#breadcrumb\",\"itemListElement\":[{\"@type\":\"ListItem\",\"position\":1,\"name\":\"Inici\",\"item\":\"https:\/\/resest.com\/ca\/\"},{\"@type\":\"ListItem\",\"position\":2,\"name\":\"Classes obertes de Lindy Hop!\"}]},{\"@type\":\"WebSite\",\"@id\":\"https:\/\/resest.com\/ca\/#website\",\"url\":\"https:\/\/resest.com\/ca\/\",\"name\":\"Resid\u00e8ncia d&#039;Estudiants l&#039;Estaci\u00f3 de Sabadell | Resest\",\"description\":\"Prop de l\u2019Universitat Aut\u00f2noma de Barcelona (UAB)\",\"publisher\":{\"@id\":\"https:\/\/resest.com\/ca\/#organization\"},\"potentialAction\":[{\"@type\":\"SearchAction\",\"target\":{\"@type\":\"EntryPoint\",\"urlTemplate\":\"https:\/\/resest.com\/ca\/?s={search_term_string}\"},\"query-input\":{\"@type\":\"PropertyValueSpecification\",\"valueRequired\":true,\"valueName\":\"search_term_string\"}}],\"inLanguage\":\"ca-ES\"},{\"@type\":\"Organization\",\"@id\":\"https:\/\/resest.com\/ca\/#organization\",\"name\":\"Resid\u00e8ncia d&#039;Estudiants l&#039;Estaci\u00f3 de Sabadell | Resest\",\"url\":\"https:\/\/resest.com\/ca\/\",\"logo\":{\"@type\":\"ImageObject\",\"inLanguage\":\"ca-ES\",\"@id\":\"https:\/\/resest.com\/ca\/#\/schema\/logo\/image\/\",\"url\":\"https:\/\/resest.com\/wp-content\/uploads\/2024\/03\/Facana-1.jpg\",\"contentUrl\":\"https:\/\/resest.com\/wp-content\/uploads\/2024\/03\/Facana-1.jpg\",\"width\":1200,\"height\":1009,\"caption\":\"Resid\u00e8ncia d&#039;Estudiants l&#039;Estaci\u00f3 de Sabadell | Resest\"},\"image\":{\"@id\":\"https:\/\/resest.com\/ca\/#\/schema\/logo\/image\/\"}},{\"@type\":\"Person\",\"@id\":\"https:\/\/resest.com\/ca\/#\/schema\/person\/f66d2b5dae2cd0a989ab720dd211d2a9\",\"name\":\"Resest\",\"image\":{\"@type\":\"ImageObject\",\"inLanguage\":\"ca-ES\",\"@id\":\"https:\/\/resest.com\/ca\/#\/schema\/person\/image\/\",\"url\":\"https:\/\/secure.gravatar.com\/avatar\/a5d542eca874617a8a62a45c724821a615f770cf5bde5e61a93a7a2562faba7a?s=96&d=mm&r=g\",\"contentUrl\":\"https:\/\/secure.gravatar.com\/avatar\/a5d542eca874617a8a62a45c724821a615f770cf5bde5e61a93a7a2562faba7a?s=96&d=mm&r=g\",\"caption\":\"Resest\"},\"url\":\"https:\/\/resest.com\/ca\/author\/resest\/\"}]}<\/script>\n<!-- \/ Yoast SEO plugin. -->","yoast_head_json":{"title":"Classes obertes de Lindy Hop!","description":"Resest, allotjament estudiantil et convida a provar la classe oberta de lindy hop amb els professors del Gimn\u00e0s a la Festa Major de Gr\u00e0cia.","robots":{"index":"index","follow":"follow","max-snippet":"max-snippet:-1","max-image-preview":"max-image-preview:large","max-video-preview":"max-video-preview:-1"},"canonical":"https:\/\/resest.com\/ca\/blog\/classes-obertes-de-lindy-hop-2\/","og_locale":"ca_ES","og_type":"article","og_title":"Classes obertes de Lindy Hop!","og_description":"Resest, allotjament estudiantil et convida a provar la classe oberta de lindy hop amb els professors del Gimn\u00e0s a la Festa Major de Gr\u00e0cia.","og_url":"https:\/\/resest.com\/ca\/blog\/classes-obertes-de-lindy-hop-2\/","og_site_name":"Resid\u00e8ncia d&#039;Estudiants l&#039;Estaci\u00f3 de Sabadell | Resest","article_published_time":"2014-09-12T15:51:04+00:00","article_modified_time":"2018-08-21T08:33:15+00:00","og_image":[{"url":"http:\/\/www.resest.com\/wp-content\/uploads\/10414484_1518516221710172_2649214966032865375_n-620x229.jpg","type":"","width":"","height":""}],"author":"Resest","twitter_misc":{"Written by":"Resest","Est. reading time":"1 minute"},"schema":{"@context":"https:\/\/schema.org","@graph":[{"@type":"Article","@id":"https:\/\/resest.com\/ca\/blog\/classes-obertes-de-lindy-hop-2\/#article","isPartOf":{"@id":"https:\/\/resest.com\/ca\/blog\/classes-obertes-de-lindy-hop-2\/"},"author":{"name":"Resest","@id":"https:\/\/resest.com\/ca\/#\/schema\/person\/f66d2b5dae2cd0a989ab720dd211d2a9"},"headline":"Classes obertes de Lindy Hop!","datePublished":"2014-09-12T15:51:04+00:00","dateModified":"2018-08-21T08:33:15+00:00","mainEntityOfPage":{"@id":"https:\/\/resest.com\/ca\/blog\/classes-obertes-de-lindy-hop-2\/"},"wordCount":128,"publisher":{"@id":"https:\/\/resest.com\/ca\/#organization"},"image":{"@id":"https:\/\/resest.com\/ca\/blog\/classes-obertes-de-lindy-hop-2\/#primaryimage"},"thumbnailUrl":"http:\/\/www.resest.com\/wp-content\/uploads\/10414484_1518516221710172_2649214966032865375_n-620x229.jpg","articleSection":["Blog"],"inLanguage":"ca-ES"},{"@type":"WebPage","@id":"https:\/\/resest.com\/ca\/blog\/classes-obertes-de-lindy-hop-2\/","url":"https:\/\/resest.com\/ca\/blog\/classes-obertes-de-lindy-hop-2\/","name":"Classes obertes de Lindy Hop!","isPartOf":{"@id":"https:\/\/resest.com\/ca\/#website"},"primaryImageOfPage":{"@id":"https:\/\/resest.com\/ca\/blog\/classes-obertes-de-lindy-hop-2\/#primaryimage"},"image":{"@id":"https:\/\/resest.com\/ca\/blog\/classes-obertes-de-lindy-hop-2\/#primaryimage"},"thumbnailUrl":"http:\/\/www.resest.com\/wp-content\/uploads\/10414484_1518516221710172_2649214966032865375_n-620x229.jpg","datePublished":"2014-09-12T15:51:04+00:00","dateModified":"2018-08-21T08:33:15+00:00","description":"Resest, allotjament estudiantil et convida a provar la classe oberta de lindy hop amb els professors del Gimn\u00e0s a la Festa Major de Gr\u00e0cia.","breadcrumb":{"@id":"https:\/\/resest.com\/ca\/blog\/classes-obertes-de-lindy-hop-2\/#breadcrumb"},"inLanguage":"ca-ES","potentialAction":[{"@type":"ReadAction","target":["https:\/\/resest.com\/ca\/blog\/classes-obertes-de-lindy-hop-2\/"]}]},{"@type":"ImageObject","inLanguage":"ca-ES","@id":"https:\/\/resest.com\/ca\/blog\/classes-obertes-de-lindy-hop-2\/#primaryimage","url":"http:\/\/www.resest.com\/wp-content\/uploads\/10414484_1518516221710172_2649214966032865375_n-620x229.jpg","contentUrl":"http:\/\/www.resest.com\/wp-content\/uploads\/10414484_1518516221710172_2649214966032865375_n-620x229.jpg"},{"@type":"BreadcrumbList","@id":"https:\/\/resest.com\/ca\/blog\/classes-obertes-de-lindy-hop-2\/#breadcrumb","itemListElement":[{"@type":"ListItem","position":1,"name":"Inici","item":"https:\/\/resest.com\/ca\/"},{"@type":"ListItem","position":2,"name":"Classes obertes de Lindy Hop!"}]},{"@type":"WebSite","@id":"https:\/\/resest.com\/ca\/#website","url":"https:\/\/resest.com\/ca\/","name":"Resid\u00e8ncia d&#039;Estudiants l&#039;Estaci\u00f3 de Sabadell | Resest","description":"Prop de l\u2019Universitat Aut\u00f2noma de Barcelona (UAB)","publisher":{"@id":"https:\/\/resest.com\/ca\/#organization"},"potentialAction":[{"@type":"SearchAction","target":{"@type":"EntryPoint","urlTemplate":"https:\/\/resest.com\/ca\/?s={search_term_string}"},"query-input":{"@type":"PropertyValueSpecification","valueRequired":true,"valueName":"search_term_string"}}],"inLanguage":"ca-ES"},{"@type":"Organization","@id":"https:\/\/resest.com\/ca\/#organization","name":"Resid\u00e8ncia d&#039;Estudiants l&#039;Estaci\u00f3 de Sabadell | Resest","url":"https:\/\/resest.com\/ca\/","logo":{"@type":"ImageObject","inLanguage":"ca-ES","@id":"https:\/\/resest.com\/ca\/#\/schema\/logo\/image\/","url":"https:\/\/resest.com\/wp-content\/uploads\/2024\/03\/Facana-1.jpg","contentUrl":"https:\/\/resest.com\/wp-content\/uploads\/2024\/03\/Facana-1.jpg","width":1200,"height":1009,"caption":"Resid\u00e8ncia d&#039;Estudiants l&#039;Estaci\u00f3 de Sabadell | Resest"},"image":{"@id":"https:\/\/resest.com\/ca\/#\/schema\/logo\/image\/"}},{"@type":"Person","@id":"https:\/\/resest.com\/ca\/#\/schema\/person\/f66d2b5dae2cd0a989ab720dd211d2a9","name":"Resest","image":{"@type":"ImageObject","inLanguage":"ca-ES","@id":"https:\/\/resest.com\/ca\/#\/schema\/person\/image\/","url":"https:\/\/secure.gravatar.com\/avatar\/a5d542eca874617a8a62a45c724821a615f770cf5bde5e61a93a7a2562faba7a?s=96&d=mm&r=g","contentUrl":"https:\/\/secure.gravatar.com\/avatar\/a5d542eca874617a8a62a45c724821a615f770cf5bde5e61a93a7a2562faba7a?s=96&d=mm&r=g","caption":"Resest"},"url":"https:\/\/resest.com\/ca\/author\/resest\/"}]}},"_links":{"self":[{"href":"https:\/\/resest.com\/ca\/wp-json\/wp\/v2\/posts\/1864","targetHints":{"allow":["GET"]}}],"collection":[{"href":"https:\/\/resest.com\/ca\/wp-json\/wp\/v2\/posts"}],"about":[{"href":"https:\/\/resest.com\/ca\/wp-json\/wp\/v2\/types\/post"}],"author":[{"embeddable":true,"href":"https:\/\/resest.com\/ca\/wp-json\/wp\/v2\/users\/3"}],"replies":[{"embeddable":true,"href":"https:\/\/resest.com\/ca\/wp-json\/wp\/v2\/comments?post=1864"}],"version-history":[{"count":0,"href":"https:\/\/resest.com\/ca\/wp-json\/wp\/v2\/posts\/1864\/revisions"}],"wp:attachment":[{"href":"https:\/\/resest.com\/ca\/wp-json\/wp\/v2\/media?parent=1864"}],"wp:term":[{"taxonomy":"category","embeddable":true,"href":"https:\/\/resest.com\/ca\/wp-json\/wp\/v2\/categories?post=1864"},{"taxonomy":"post_tag","embeddable":true,"href":"https:\/\/resest.com\/ca\/wp-json\/wp\/v2\/tags?post=1864"}],"curies":[{"name":"wp","href":"https:\/\/api.w.org\/{rel}","templated":true}]}}