{"id":1842,"date":"2014-09-03T10:58:15","date_gmt":"2014-09-03T09:58:15","guid":{"rendered":"http:\/\/www.resest.com\/?p=1842"},"modified":"2018-08-21T09:34:10","modified_gmt":"2018-08-21T08:34:10","slug":"la-festa-major-ja-es-aqui-2","status":"publish","type":"post","link":"https:\/\/resest.com\/ca\/blog\/la-festa-major-ja-es-aqui-2\/","title":{"rendered":"La Festa Major ja \u00e9s aqu\u00ed!"},"content":{"rendered":"<p>Us presentem les activitats m\u00e9s populars de la <strong><a href=\"http:\/\/ca.wikipedia.org\/wiki\/Festa_major\" target=\"_blank\" rel=\"noopener\">Festa Major del 2014<\/a>:<\/strong><\/p>\n<p>-Despertar de Festa Major. Pla\u00e7a Sant Roc. Divendres a partir de les 19 hores<\/p>\n<p>-Festa FlaixBac. Ronda Ponent. Divendres a les 23.30 hores<\/p>\n<p>-Iniciaci\u00f3 al submarinisme. Can Marcet. Dissabte<\/p>\n<p>-Festival solidari Qwellness. Q Wellness (carretera de Terrassa, 265). Dissabte a les 9.30 hores<\/p>\n<p>-Fideu\u00e0 popular. Parc de Catalunya. Dissabte a les 14 hores<\/p>\n<p>-Cercavila de Festa Major. Dissabte a les 18 hores<\/p>\n<p>-Se atormenta una vecina. Ronda Ponent.\u00a0Dissabte a les 23.30 hores<\/p>\n<p>-Cursa popular de Festa Major, 14 quilometres i Mitja Marat\u00f3. Pavell\u00f3 de Sol i Padr\u00eds. Diumenge a partir de les 9 hores<\/p>\n<p>-Jornada castellera. Pla\u00e7a Sant Roc. Diumenge a les 12 hores<\/p>\n<p>-Cercavila de Gegants. Diumenge a les 18.30 hores<\/p>\n<p>-Cercavila infernal. Diumenge a les 21 hores<\/p>\n<p>-Havaneres al Mercat Central. Diumenge a les 23 hores<\/p>\n<p>-Txarango. Ronda Ponent. Diumenge a les 24h<\/p>\n<p>-Bicicletada popular. Ronda Ponent. Dilluns a les 11 hores<\/p>\n<p>-Castell de Focs. Parc Catalunya. Dilluns a les 22h.<\/p>\n<p><img loading=\"lazy\" decoding=\"async\" class=\"alignleft size-large wp-image-1845\" title=\"bannerweb\" src=\"http:\/\/www.resest.com\/wp-content\/uploads\/bannerweb-e1409737552855-620x68.jpg\" alt=\"\" width=\"620\" height=\"68\" \/><\/p>\n<p>Fires de Festa Major:<\/p>\n<p>-Fira d\u2019artesania. Carrer de la Ind\u00fastria<\/p>\n<p>-Fira d\u2019atraccions. Avinguda de Francesc Maci\u00e0<\/p>\n<p>-Fira d\u2019art, moda i disseny. Museu d\u2019Art<\/p>\n<p>i moltes m\u00e9s&#8230;!<\/p>\n<p>Podeu consultar el programa a la web de l&#8217;<strong><a href=\"http:\/\/www.sabadell.cat\/ca\/festamajor\" target=\"_blank\" rel=\"noopener\">Ajuntament de Sabadell<\/a><\/strong><\/p>\n","protected":false},"excerpt":{"rendered":"<p>Us presentem les activitats m\u00e9s populars de la Festa Major del 2014: -Despertar de Festa Major. Pla\u00e7a Sant Roc. Divendres a partir de les 19 hores -Festa FlaixBac. Ronda Ponent. Divendres a les 23.30 hores -Iniciaci\u00f3 al submarinisme. Can Marcet. Dissabte -Festival solidari Qwellness. Q Wellness (carretera de Terrassa, 265). Dissabte a les 9.30 hores&hellip;<\/p>\n","protected":false},"author":3,"featured_media":0,"comment_status":"closed","ping_status":"open","sticky":false,"template":"","format":"standard","meta":{"footnotes":""},"categories":[6],"tags":[],"class_list":["post-1842","post","type-post","status-publish","format-standard","hentry","category-blog","entry","no-media"],"yoast_head":"<!-- This site is optimized with the Yoast SEO plugin v26.4 - https:\/\/yoast.com\/wordpress\/plugins\/seo\/ -->\n<title>La Festa Major ja \u00e9s aqu\u00ed!<\/title>\n<meta name=\"description\" content=\"Resest resid\u00e8ncia per a estudiants a Barcelona, Bellaterra i Sabadell us presentem les activitats m\u00e9s populars de la Festa Major del 2014.\" \/>\n<meta name=\"robots\" content=\"index, follow, max-snippet:-1, max-image-preview:large, max-video-preview:-1\" \/>\n<link rel=\"canonical\" href=\"https:\/\/resest.com\/ca\/blog\/la-festa-major-ja-es-aqui-2\/\" \/>\n<meta property=\"og:locale\" content=\"ca_ES\" \/>\n<meta property=\"og:type\" content=\"article\" \/>\n<meta property=\"og:title\" content=\"La Festa Major ja \u00e9s aqu\u00ed!\" \/>\n<meta property=\"og:description\" content=\"Resest resid\u00e8ncia per a estudiants a Barcelona, Bellaterra i Sabadell us presentem les activitats m\u00e9s populars de la Festa Major del 2014.\" \/>\n<meta property=\"og:url\" content=\"https:\/\/resest.com\/ca\/blog\/la-festa-major-ja-es-aqui-2\/\" \/>\n<meta property=\"og:site_name\" content=\"Resid\u00e8ncia d&#039;Estudiants l&#039;Estaci\u00f3 de Sabadell | Resest\" \/>\n<meta property=\"article:published_time\" content=\"2014-09-03T09:58:15+00:00\" \/>\n<meta property=\"article:modified_time\" content=\"2018-08-21T08:34:10+00:00\" \/>\n<meta property=\"og:image\" content=\"http:\/\/www.resest.com\/wp-content\/uploads\/bannerweb-e1409737552855-620x68.jpg\" \/>\n<meta name=\"author\" content=\"Resest\" \/>\n<meta name=\"twitter:label1\" content=\"Written by\" \/>\n\t<meta name=\"twitter:data1\" content=\"Resest\" \/>\n\t<meta name=\"twitter:label2\" content=\"Est. reading time\" \/>\n\t<meta name=\"twitter:data2\" content=\"1 minute\" \/>\n<script type=\"application\/ld+json\" class=\"yoast-schema-graph\">{\"@context\":\"https:\/\/schema.org\",\"@graph\":[{\"@type\":\"Article\",\"@id\":\"https:\/\/resest.com\/ca\/blog\/la-festa-major-ja-es-aqui-2\/#article\",\"isPartOf\":{\"@id\":\"https:\/\/resest.com\/ca\/blog\/la-festa-major-ja-es-aqui-2\/\"},\"author\":{\"name\":\"Resest\",\"@id\":\"https:\/\/resest.com\/ca\/#\/schema\/person\/f66d2b5dae2cd0a989ab720dd211d2a9\"},\"headline\":\"La Festa Major ja \u00e9s aqu\u00ed!\",\"datePublished\":\"2014-09-03T09:58:15+00:00\",\"dateModified\":\"2018-08-21T08:34:10+00:00\",\"mainEntityOfPage\":{\"@id\":\"https:\/\/resest.com\/ca\/blog\/la-festa-major-ja-es-aqui-2\/\"},\"wordCount\":205,\"publisher\":{\"@id\":\"https:\/\/resest.com\/ca\/#organization\"},\"image\":{\"@id\":\"https:\/\/resest.com\/ca\/blog\/la-festa-major-ja-es-aqui-2\/#primaryimage\"},\"thumbnailUrl\":\"http:\/\/www.resest.com\/wp-content\/uploads\/bannerweb-e1409737552855-620x68.jpg\",\"articleSection\":[\"Blog\"],\"inLanguage\":\"ca-ES\"},{\"@type\":\"WebPage\",\"@id\":\"https:\/\/resest.com\/ca\/blog\/la-festa-major-ja-es-aqui-2\/\",\"url\":\"https:\/\/resest.com\/ca\/blog\/la-festa-major-ja-es-aqui-2\/\",\"name\":\"La Festa Major ja \u00e9s aqu\u00ed!\",\"isPartOf\":{\"@id\":\"https:\/\/resest.com\/ca\/#website\"},\"primaryImageOfPage\":{\"@id\":\"https:\/\/resest.com\/ca\/blog\/la-festa-major-ja-es-aqui-2\/#primaryimage\"},\"image\":{\"@id\":\"https:\/\/resest.com\/ca\/blog\/la-festa-major-ja-es-aqui-2\/#primaryimage\"},\"thumbnailUrl\":\"http:\/\/www.resest.com\/wp-content\/uploads\/bannerweb-e1409737552855-620x68.jpg\",\"datePublished\":\"2014-09-03T09:58:15+00:00\",\"dateModified\":\"2018-08-21T08:34:10+00:00\",\"description\":\"Resest resid\u00e8ncia per a estudiants a Barcelona, Bellaterra i Sabadell us presentem les activitats m\u00e9s populars de la Festa Major del 2014.\",\"breadcrumb\":{\"@id\":\"https:\/\/resest.com\/ca\/blog\/la-festa-major-ja-es-aqui-2\/#breadcrumb\"},\"inLanguage\":\"ca-ES\",\"potentialAction\":[{\"@type\":\"ReadAction\",\"target\":[\"https:\/\/resest.com\/ca\/blog\/la-festa-major-ja-es-aqui-2\/\"]}]},{\"@type\":\"ImageObject\",\"inLanguage\":\"ca-ES\",\"@id\":\"https:\/\/resest.com\/ca\/blog\/la-festa-major-ja-es-aqui-2\/#primaryimage\",\"url\":\"http:\/\/www.resest.com\/wp-content\/uploads\/bannerweb-e1409737552855-620x68.jpg\",\"contentUrl\":\"http:\/\/www.resest.com\/wp-content\/uploads\/bannerweb-e1409737552855-620x68.jpg\"},{\"@type\":\"BreadcrumbList\",\"@id\":\"https:\/\/resest.com\/ca\/blog\/la-festa-major-ja-es-aqui-2\/#breadcrumb\",\"itemListElement\":[{\"@type\":\"ListItem\",\"position\":1,\"name\":\"Inici\",\"item\":\"https:\/\/resest.com\/ca\/\"},{\"@type\":\"ListItem\",\"position\":2,\"name\":\"La Festa Major ja \u00e9s aqu\u00ed!\"}]},{\"@type\":\"WebSite\",\"@id\":\"https:\/\/resest.com\/ca\/#website\",\"url\":\"https:\/\/resest.com\/ca\/\",\"name\":\"Resid\u00e8ncia d&#039;Estudiants l&#039;Estaci\u00f3 de Sabadell | Resest\",\"description\":\"Prop de l\u2019Universitat Aut\u00f2noma de Barcelona (UAB)\",\"publisher\":{\"@id\":\"https:\/\/resest.com\/ca\/#organization\"},\"potentialAction\":[{\"@type\":\"SearchAction\",\"target\":{\"@type\":\"EntryPoint\",\"urlTemplate\":\"https:\/\/resest.com\/ca\/?s={search_term_string}\"},\"query-input\":{\"@type\":\"PropertyValueSpecification\",\"valueRequired\":true,\"valueName\":\"search_term_string\"}}],\"inLanguage\":\"ca-ES\"},{\"@type\":\"Organization\",\"@id\":\"https:\/\/resest.com\/ca\/#organization\",\"name\":\"Resid\u00e8ncia d&#039;Estudiants l&#039;Estaci\u00f3 de Sabadell | Resest\",\"url\":\"https:\/\/resest.com\/ca\/\",\"logo\":{\"@type\":\"ImageObject\",\"inLanguage\":\"ca-ES\",\"@id\":\"https:\/\/resest.com\/ca\/#\/schema\/logo\/image\/\",\"url\":\"https:\/\/resest.com\/wp-content\/uploads\/2024\/03\/Facana-1.jpg\",\"contentUrl\":\"https:\/\/resest.com\/wp-content\/uploads\/2024\/03\/Facana-1.jpg\",\"width\":1200,\"height\":1009,\"caption\":\"Resid\u00e8ncia d&#039;Estudiants l&#039;Estaci\u00f3 de Sabadell | Resest\"},\"image\":{\"@id\":\"https:\/\/resest.com\/ca\/#\/schema\/logo\/image\/\"}},{\"@type\":\"Person\",\"@id\":\"https:\/\/resest.com\/ca\/#\/schema\/person\/f66d2b5dae2cd0a989ab720dd211d2a9\",\"name\":\"Resest\",\"image\":{\"@type\":\"ImageObject\",\"inLanguage\":\"ca-ES\",\"@id\":\"https:\/\/resest.com\/ca\/#\/schema\/person\/image\/\",\"url\":\"https:\/\/secure.gravatar.com\/avatar\/a5d542eca874617a8a62a45c724821a615f770cf5bde5e61a93a7a2562faba7a?s=96&d=mm&r=g\",\"contentUrl\":\"https:\/\/secure.gravatar.com\/avatar\/a5d542eca874617a8a62a45c724821a615f770cf5bde5e61a93a7a2562faba7a?s=96&d=mm&r=g\",\"caption\":\"Resest\"},\"url\":\"https:\/\/resest.com\/ca\/author\/resest\/\"}]}<\/script>\n<!-- \/ Yoast SEO plugin. -->","yoast_head_json":{"title":"La Festa Major ja \u00e9s aqu\u00ed!","description":"Resest resid\u00e8ncia per a estudiants a Barcelona, Bellaterra i Sabadell us presentem les activitats m\u00e9s populars de la Festa Major del 2014.","robots":{"index":"index","follow":"follow","max-snippet":"max-snippet:-1","max-image-preview":"max-image-preview:large","max-video-preview":"max-video-preview:-1"},"canonical":"https:\/\/resest.com\/ca\/blog\/la-festa-major-ja-es-aqui-2\/","og_locale":"ca_ES","og_type":"article","og_title":"La Festa Major ja \u00e9s aqu\u00ed!","og_description":"Resest resid\u00e8ncia per a estudiants a Barcelona, Bellaterra i Sabadell us presentem les activitats m\u00e9s populars de la Festa Major del 2014.","og_url":"https:\/\/resest.com\/ca\/blog\/la-festa-major-ja-es-aqui-2\/","og_site_name":"Resid\u00e8ncia d&#039;Estudiants l&#039;Estaci\u00f3 de Sabadell | Resest","article_published_time":"2014-09-03T09:58:15+00:00","article_modified_time":"2018-08-21T08:34:10+00:00","og_image":[{"url":"http:\/\/www.resest.com\/wp-content\/uploads\/bannerweb-e1409737552855-620x68.jpg","type":"","width":"","height":""}],"author":"Resest","twitter_misc":{"Written by":"Resest","Est. reading time":"1 minute"},"schema":{"@context":"https:\/\/schema.org","@graph":[{"@type":"Article","@id":"https:\/\/resest.com\/ca\/blog\/la-festa-major-ja-es-aqui-2\/#article","isPartOf":{"@id":"https:\/\/resest.com\/ca\/blog\/la-festa-major-ja-es-aqui-2\/"},"author":{"name":"Resest","@id":"https:\/\/resest.com\/ca\/#\/schema\/person\/f66d2b5dae2cd0a989ab720dd211d2a9"},"headline":"La Festa Major ja \u00e9s aqu\u00ed!","datePublished":"2014-09-03T09:58:15+00:00","dateModified":"2018-08-21T08:34:10+00:00","mainEntityOfPage":{"@id":"https:\/\/resest.com\/ca\/blog\/la-festa-major-ja-es-aqui-2\/"},"wordCount":205,"publisher":{"@id":"https:\/\/resest.com\/ca\/#organization"},"image":{"@id":"https:\/\/resest.com\/ca\/blog\/la-festa-major-ja-es-aqui-2\/#primaryimage"},"thumbnailUrl":"http:\/\/www.resest.com\/wp-content\/uploads\/bannerweb-e1409737552855-620x68.jpg","articleSection":["Blog"],"inLanguage":"ca-ES"},{"@type":"WebPage","@id":"https:\/\/resest.com\/ca\/blog\/la-festa-major-ja-es-aqui-2\/","url":"https:\/\/resest.com\/ca\/blog\/la-festa-major-ja-es-aqui-2\/","name":"La Festa Major ja \u00e9s aqu\u00ed!","isPartOf":{"@id":"https:\/\/resest.com\/ca\/#website"},"primaryImageOfPage":{"@id":"https:\/\/resest.com\/ca\/blog\/la-festa-major-ja-es-aqui-2\/#primaryimage"},"image":{"@id":"https:\/\/resest.com\/ca\/blog\/la-festa-major-ja-es-aqui-2\/#primaryimage"},"thumbnailUrl":"http:\/\/www.resest.com\/wp-content\/uploads\/bannerweb-e1409737552855-620x68.jpg","datePublished":"2014-09-03T09:58:15+00:00","dateModified":"2018-08-21T08:34:10+00:00","description":"Resest resid\u00e8ncia per a estudiants a Barcelona, Bellaterra i Sabadell us presentem les activitats m\u00e9s populars de la Festa Major del 2014.","breadcrumb":{"@id":"https:\/\/resest.com\/ca\/blog\/la-festa-major-ja-es-aqui-2\/#breadcrumb"},"inLanguage":"ca-ES","potentialAction":[{"@type":"ReadAction","target":["https:\/\/resest.com\/ca\/blog\/la-festa-major-ja-es-aqui-2\/"]}]},{"@type":"ImageObject","inLanguage":"ca-ES","@id":"https:\/\/resest.com\/ca\/blog\/la-festa-major-ja-es-aqui-2\/#primaryimage","url":"http:\/\/www.resest.com\/wp-content\/uploads\/bannerweb-e1409737552855-620x68.jpg","contentUrl":"http:\/\/www.resest.com\/wp-content\/uploads\/bannerweb-e1409737552855-620x68.jpg"},{"@type":"BreadcrumbList","@id":"https:\/\/resest.com\/ca\/blog\/la-festa-major-ja-es-aqui-2\/#breadcrumb","itemListElement":[{"@type":"ListItem","position":1,"name":"Inici","item":"https:\/\/resest.com\/ca\/"},{"@type":"ListItem","position":2,"name":"La Festa Major ja \u00e9s aqu\u00ed!"}]},{"@type":"WebSite","@id":"https:\/\/resest.com\/ca\/#website","url":"https:\/\/resest.com\/ca\/","name":"Resid\u00e8ncia d&#039;Estudiants l&#039;Estaci\u00f3 de Sabadell | Resest","description":"Prop de l\u2019Universitat Aut\u00f2noma de Barcelona (UAB)","publisher":{"@id":"https:\/\/resest.com\/ca\/#organization"},"potentialAction":[{"@type":"SearchAction","target":{"@type":"EntryPoint","urlTemplate":"https:\/\/resest.com\/ca\/?s={search_term_string}"},"query-input":{"@type":"PropertyValueSpecification","valueRequired":true,"valueName":"search_term_string"}}],"inLanguage":"ca-ES"},{"@type":"Organization","@id":"https:\/\/resest.com\/ca\/#organization","name":"Resid\u00e8ncia d&#039;Estudiants l&#039;Estaci\u00f3 de Sabadell | Resest","url":"https:\/\/resest.com\/ca\/","logo":{"@type":"ImageObject","inLanguage":"ca-ES","@id":"https:\/\/resest.com\/ca\/#\/schema\/logo\/image\/","url":"https:\/\/resest.com\/wp-content\/uploads\/2024\/03\/Facana-1.jpg","contentUrl":"https:\/\/resest.com\/wp-content\/uploads\/2024\/03\/Facana-1.jpg","width":1200,"height":1009,"caption":"Resid\u00e8ncia d&#039;Estudiants l&#039;Estaci\u00f3 de Sabadell | Resest"},"image":{"@id":"https:\/\/resest.com\/ca\/#\/schema\/logo\/image\/"}},{"@type":"Person","@id":"https:\/\/resest.com\/ca\/#\/schema\/person\/f66d2b5dae2cd0a989ab720dd211d2a9","name":"Resest","image":{"@type":"ImageObject","inLanguage":"ca-ES","@id":"https:\/\/resest.com\/ca\/#\/schema\/person\/image\/","url":"https:\/\/secure.gravatar.com\/avatar\/a5d542eca874617a8a62a45c724821a615f770cf5bde5e61a93a7a2562faba7a?s=96&d=mm&r=g","contentUrl":"https:\/\/secure.gravatar.com\/avatar\/a5d542eca874617a8a62a45c724821a615f770cf5bde5e61a93a7a2562faba7a?s=96&d=mm&r=g","caption":"Resest"},"url":"https:\/\/resest.com\/ca\/author\/resest\/"}]}},"_links":{"self":[{"href":"https:\/\/resest.com\/ca\/wp-json\/wp\/v2\/posts\/1842","targetHints":{"allow":["GET"]}}],"collection":[{"href":"https:\/\/resest.com\/ca\/wp-json\/wp\/v2\/posts"}],"about":[{"href":"https:\/\/resest.com\/ca\/wp-json\/wp\/v2\/types\/post"}],"author":[{"embeddable":true,"href":"https:\/\/resest.com\/ca\/wp-json\/wp\/v2\/users\/3"}],"replies":[{"embeddable":true,"href":"https:\/\/resest.com\/ca\/wp-json\/wp\/v2\/comments?post=1842"}],"version-history":[{"count":0,"href":"https:\/\/resest.com\/ca\/wp-json\/wp\/v2\/posts\/1842\/revisions"}],"wp:attachment":[{"href":"https:\/\/resest.com\/ca\/wp-json\/wp\/v2\/media?parent=1842"}],"wp:term":[{"taxonomy":"category","embeddable":true,"href":"https:\/\/resest.com\/ca\/wp-json\/wp\/v2\/categories?post=1842"},{"taxonomy":"post_tag","embeddable":true,"href":"https:\/\/resest.com\/ca\/wp-json\/wp\/v2\/tags?post=1842"}],"curies":[{"name":"wp","href":"https:\/\/api.w.org\/{rel}","templated":true}]}}