{"id":1726,"date":"2014-06-18T11:44:33","date_gmt":"2014-06-18T10:44:33","guid":{"rendered":"http:\/\/www.resest.com\/?p=1726"},"modified":"2018-08-21T09:38:21","modified_gmt":"2018-08-21T08:38:21","slug":"residencia-de-estudiantes-propone-30-nits-sabadell","status":"publish","type":"post","link":"https:\/\/resest.com\/ca\/blog\/residencia-de-estudiantes-propone-30-nits-sabadell\/","title":{"rendered":"30 nits Sabadell"},"content":{"rendered":"<p style=\"text-align: justify;\">30 nits Sabadell 2014<\/p>\n<p style=\"text-align: justify;\">Les cantants <strong>Mayte Mart\u00edn<\/strong> i <strong>S\u00edlvia P\u00e9rez Cruz<\/strong> i l&#8217;espectacle de <strong><a href=\"http:\/\/ca.wikipedia.org\/wiki\/Quim_Masferrer\" target=\"_blank\" rel=\"noopener\">Quim Masferrer<\/a><\/strong> s\u00f3n alguns dels punts forts que protagonitzaran la programaci\u00f3 del Festival <strong>&#8217;30 Nits&#8217;<\/strong>de Sabadell. L&#8217;esdeveniment ha programat un total de 50 activitats que tindran lloc entre el 26 de juny i el 31 de juliol, de les quals 25 s\u00f3n musicals i 14 obres de teatre i literatura.<\/p>\n<p style=\"text-align: justify;\">La inauguraci\u00f3 anir\u00e0 a c\u00e0rrec de la <strong><a href=\"http:\/\/ca.wikipedia.org\/wiki\/Big_Mama\" target=\"_blank\" rel=\"noopener\">Big Mama&amp;Original Jazz Orquestra Taller de M\u00fasics<\/a><\/strong>, que presentar\u00e0 l&#8217;espectacle `Bluesin&#8217;the jazz&#8217; a l&#8217;escenari de La Far\u00e0ndula. Entre els espectacles musicals destaquen l&#8217;actuaci\u00f3 de la cantautora <strong>Mayte Mart\u00edn<\/strong>, que presentar\u00e0 `Flamenco Cl\u00e1sico&#8217; a l&#8217;escenari del Museu d&#8217;Art, el 19 de juliol. <strong>Silvia P\u00e9rez Cruz<\/strong> actuar\u00e0 acompanyada de <strong>Raul Fern\u00e1ndez Mir\u00f3<\/strong> el 29 de juny per presentar `<strong>Granada&#8217;<\/strong>. Un any m\u00e9s el Festival comptar\u00e0 amb la participaci\u00f3 de <strong>l&#8217;Orquestra Simf\u00f2nica del Vall\u00e9s<\/strong>, que presentar\u00e0 la Jove Orquestra Simf\u00f2nica, i l&#8217;Associaci\u00f3 d&#8217;Amics de l&#8217;\u00d2pera de Sabadell que oferir\u00e0 el cl\u00e0ssic recital d&#8217;estiu.<\/p>\n<p style=\"text-align: justify;\">A m\u00e9s, el Festival <strong><a href=\"http:\/\/embassat.com\" target=\"_blank\" rel=\"noopener\">Embassa&#8217;t<\/a><\/strong>, que comen\u00e7a el mateix dia que &#8217;30 Nits&#8217;, s&#8217;incorpora al programa d&#8217;aquest Festival i portar\u00e0, entre altres, al Petit de Cal Eril, La iaia, Brigitte Laverne i An\u00edmic. El punt d&#8217;humor el posar\u00e0 <strong>Quim Masferrer <\/strong>amb el seu espectacle `Temps&#8217;, on el 4 de juliol preguntar\u00e0 al p\u00fablic \u00bfQu\u00e8 faries si et quedessin 90 minuts de vida?&#8221;. L&#8217;Alliance Fran\u00e7aise inclour\u00e0 el cicle `Els dilluns de cine en VOS&#8217; a trav\u00e9s del qual projectar\u00e0 diverses pel\u00b7l\u00edcules en franc\u00e8s.<\/p>\n<p style=\"text-align: justify;\">Per la seva part, <strong>Joventuts Musicals<\/strong>, sota el paraigua del <strong>Festival Internacional de M\u00fasica de Sabadell<\/strong>, proposa tamb\u00e9 un programa de set concerts que inclouen l&#8217;actuaci\u00f3 de <strong>La Coral de Belles Arts<\/strong>, l&#8217;Orquestra <strong>de Terrassa 48<\/strong> i la <strong>Big Band del CEME<\/strong> i <strong>l&#8217;Orquestra d&#8217;Acordions de Sabadell<\/strong>, entre altres.<\/p>\n<p style=\"text-align: justify;\">Font: <strong><a href=\"http:\/\/www.tresc.cat\/fitxa\/concerts\/43621\/30-Nits-de-Sabadell\" target=\"_blank\" rel=\"noopener\">tresc.cat<\/a><\/strong><\/p>\n","protected":false},"excerpt":{"rendered":"<p>30 nits Sabadell 2014 Les cantants Mayte Mart\u00edn i S\u00edlvia P\u00e9rez Cruz i l&#8217;espectacle de Quim Masferrer s\u00f3n alguns dels punts forts que protagonitzaran la programaci\u00f3 del Festival &#8217;30 Nits&#8217;de Sabadell. L&#8217;esdeveniment ha programat un total de 50 activitats que tindran lloc entre el 26 de juny i el 31 de juliol, de les quals&hellip;<\/p>\n","protected":false},"author":3,"featured_media":0,"comment_status":"closed","ping_status":"open","sticky":false,"template":"","format":"standard","meta":{"footnotes":""},"categories":[6],"tags":[],"class_list":["post-1726","post","type-post","status-publish","format-standard","hentry","category-blog","entry","no-media"],"yoast_head":"<!-- This site is optimized with the Yoast SEO plugin v26.4 - https:\/\/yoast.com\/wordpress\/plugins\/seo\/ -->\n<title>Resid\u00e8ncia d&#039;estudiants recomana 30 nits Sabadell<\/title>\n<meta name=\"description\" content=\"Des del blog de Resest, resid\u00e8ncia d&#039;estudiants a Barcelona, Bellaterra i Sabadell presenten les 30 nits Sabadell, un esdeveniment que no et pots perdre.\" \/>\n<meta name=\"robots\" content=\"index, follow, max-snippet:-1, max-image-preview:large, max-video-preview:-1\" \/>\n<link rel=\"canonical\" href=\"https:\/\/resest.com\/ca\/blog\/residencia-de-estudiantes-propone-30-nits-sabadell\/\" \/>\n<meta property=\"og:locale\" content=\"ca_ES\" \/>\n<meta property=\"og:type\" content=\"article\" \/>\n<meta property=\"og:title\" content=\"Resid\u00e8ncia d&#039;estudiants recomana 30 nits Sabadell\" \/>\n<meta property=\"og:description\" content=\"Des del blog de Resest, resid\u00e8ncia d&#039;estudiants a Barcelona, Bellaterra i Sabadell presenten les 30 nits Sabadell, un esdeveniment que no et pots perdre.\" \/>\n<meta property=\"og:url\" content=\"https:\/\/resest.com\/ca\/blog\/residencia-de-estudiantes-propone-30-nits-sabadell\/\" \/>\n<meta property=\"og:site_name\" content=\"Resid\u00e8ncia d&#039;Estudiants l&#039;Estaci\u00f3 de Sabadell | Resest\" \/>\n<meta property=\"article:published_time\" content=\"2014-06-18T10:44:33+00:00\" \/>\n<meta property=\"article:modified_time\" content=\"2018-08-21T08:38:21+00:00\" \/>\n<meta name=\"author\" content=\"Resest\" \/>\n<meta name=\"twitter:label1\" content=\"Written by\" \/>\n\t<meta name=\"twitter:data1\" content=\"Resest\" \/>\n\t<meta name=\"twitter:label2\" content=\"Est. reading time\" \/>\n\t<meta name=\"twitter:data2\" content=\"2 minutes\" \/>\n<script type=\"application\/ld+json\" class=\"yoast-schema-graph\">{\"@context\":\"https:\/\/schema.org\",\"@graph\":[{\"@type\":\"Article\",\"@id\":\"https:\/\/resest.com\/ca\/blog\/residencia-de-estudiantes-propone-30-nits-sabadell\/#article\",\"isPartOf\":{\"@id\":\"https:\/\/resest.com\/ca\/blog\/residencia-de-estudiantes-propone-30-nits-sabadell\/\"},\"author\":{\"name\":\"Resest\",\"@id\":\"https:\/\/resest.com\/ca\/#\/schema\/person\/f66d2b5dae2cd0a989ab720dd211d2a9\"},\"headline\":\"30 nits Sabadell\",\"datePublished\":\"2014-06-18T10:44:33+00:00\",\"dateModified\":\"2018-08-21T08:38:21+00:00\",\"mainEntityOfPage\":{\"@id\":\"https:\/\/resest.com\/ca\/blog\/residencia-de-estudiantes-propone-30-nits-sabadell\/\"},\"wordCount\":336,\"publisher\":{\"@id\":\"https:\/\/resest.com\/ca\/#organization\"},\"articleSection\":[\"Blog\"],\"inLanguage\":\"ca-ES\"},{\"@type\":\"WebPage\",\"@id\":\"https:\/\/resest.com\/ca\/blog\/residencia-de-estudiantes-propone-30-nits-sabadell\/\",\"url\":\"https:\/\/resest.com\/ca\/blog\/residencia-de-estudiantes-propone-30-nits-sabadell\/\",\"name\":\"Resid\u00e8ncia d'estudiants recomana 30 nits Sabadell\",\"isPartOf\":{\"@id\":\"https:\/\/resest.com\/ca\/#website\"},\"datePublished\":\"2014-06-18T10:44:33+00:00\",\"dateModified\":\"2018-08-21T08:38:21+00:00\",\"description\":\"Des del blog de Resest, resid\u00e8ncia d'estudiants a Barcelona, Bellaterra i Sabadell presenten les 30 nits Sabadell, un esdeveniment que no et pots perdre.\",\"breadcrumb\":{\"@id\":\"https:\/\/resest.com\/ca\/blog\/residencia-de-estudiantes-propone-30-nits-sabadell\/#breadcrumb\"},\"inLanguage\":\"ca-ES\",\"potentialAction\":[{\"@type\":\"ReadAction\",\"target\":[\"https:\/\/resest.com\/ca\/blog\/residencia-de-estudiantes-propone-30-nits-sabadell\/\"]}]},{\"@type\":\"BreadcrumbList\",\"@id\":\"https:\/\/resest.com\/ca\/blog\/residencia-de-estudiantes-propone-30-nits-sabadell\/#breadcrumb\",\"itemListElement\":[{\"@type\":\"ListItem\",\"position\":1,\"name\":\"Inici\",\"item\":\"https:\/\/resest.com\/ca\/\"},{\"@type\":\"ListItem\",\"position\":2,\"name\":\"30 nits Sabadell\"}]},{\"@type\":\"WebSite\",\"@id\":\"https:\/\/resest.com\/ca\/#website\",\"url\":\"https:\/\/resest.com\/ca\/\",\"name\":\"Resid\u00e8ncia d&#039;Estudiants l&#039;Estaci\u00f3 de Sabadell | Resest\",\"description\":\"Prop de l\u2019Universitat Aut\u00f2noma de Barcelona (UAB)\",\"publisher\":{\"@id\":\"https:\/\/resest.com\/ca\/#organization\"},\"potentialAction\":[{\"@type\":\"SearchAction\",\"target\":{\"@type\":\"EntryPoint\",\"urlTemplate\":\"https:\/\/resest.com\/ca\/?s={search_term_string}\"},\"query-input\":{\"@type\":\"PropertyValueSpecification\",\"valueRequired\":true,\"valueName\":\"search_term_string\"}}],\"inLanguage\":\"ca-ES\"},{\"@type\":\"Organization\",\"@id\":\"https:\/\/resest.com\/ca\/#organization\",\"name\":\"Resid\u00e8ncia d&#039;Estudiants l&#039;Estaci\u00f3 de Sabadell | Resest\",\"url\":\"https:\/\/resest.com\/ca\/\",\"logo\":{\"@type\":\"ImageObject\",\"inLanguage\":\"ca-ES\",\"@id\":\"https:\/\/resest.com\/ca\/#\/schema\/logo\/image\/\",\"url\":\"https:\/\/resest.com\/wp-content\/uploads\/2024\/03\/Facana-1.jpg\",\"contentUrl\":\"https:\/\/resest.com\/wp-content\/uploads\/2024\/03\/Facana-1.jpg\",\"width\":1200,\"height\":1009,\"caption\":\"Resid\u00e8ncia d&#039;Estudiants l&#039;Estaci\u00f3 de Sabadell | Resest\"},\"image\":{\"@id\":\"https:\/\/resest.com\/ca\/#\/schema\/logo\/image\/\"}},{\"@type\":\"Person\",\"@id\":\"https:\/\/resest.com\/ca\/#\/schema\/person\/f66d2b5dae2cd0a989ab720dd211d2a9\",\"name\":\"Resest\",\"image\":{\"@type\":\"ImageObject\",\"inLanguage\":\"ca-ES\",\"@id\":\"https:\/\/resest.com\/ca\/#\/schema\/person\/image\/\",\"url\":\"https:\/\/secure.gravatar.com\/avatar\/a5d542eca874617a8a62a45c724821a615f770cf5bde5e61a93a7a2562faba7a?s=96&d=mm&r=g\",\"contentUrl\":\"https:\/\/secure.gravatar.com\/avatar\/a5d542eca874617a8a62a45c724821a615f770cf5bde5e61a93a7a2562faba7a?s=96&d=mm&r=g\",\"caption\":\"Resest\"},\"url\":\"https:\/\/resest.com\/ca\/author\/resest\/\"}]}<\/script>\n<!-- \/ Yoast SEO plugin. -->","yoast_head_json":{"title":"Resid\u00e8ncia d'estudiants recomana 30 nits Sabadell","description":"Des del blog de Resest, resid\u00e8ncia d'estudiants a Barcelona, Bellaterra i Sabadell presenten les 30 nits Sabadell, un esdeveniment que no et pots perdre.","robots":{"index":"index","follow":"follow","max-snippet":"max-snippet:-1","max-image-preview":"max-image-preview:large","max-video-preview":"max-video-preview:-1"},"canonical":"https:\/\/resest.com\/ca\/blog\/residencia-de-estudiantes-propone-30-nits-sabadell\/","og_locale":"ca_ES","og_type":"article","og_title":"Resid\u00e8ncia d'estudiants recomana 30 nits Sabadell","og_description":"Des del blog de Resest, resid\u00e8ncia d'estudiants a Barcelona, Bellaterra i Sabadell presenten les 30 nits Sabadell, un esdeveniment que no et pots perdre.","og_url":"https:\/\/resest.com\/ca\/blog\/residencia-de-estudiantes-propone-30-nits-sabadell\/","og_site_name":"Resid\u00e8ncia d&#039;Estudiants l&#039;Estaci\u00f3 de Sabadell | Resest","article_published_time":"2014-06-18T10:44:33+00:00","article_modified_time":"2018-08-21T08:38:21+00:00","author":"Resest","twitter_misc":{"Written by":"Resest","Est. reading time":"2 minutes"},"schema":{"@context":"https:\/\/schema.org","@graph":[{"@type":"Article","@id":"https:\/\/resest.com\/ca\/blog\/residencia-de-estudiantes-propone-30-nits-sabadell\/#article","isPartOf":{"@id":"https:\/\/resest.com\/ca\/blog\/residencia-de-estudiantes-propone-30-nits-sabadell\/"},"author":{"name":"Resest","@id":"https:\/\/resest.com\/ca\/#\/schema\/person\/f66d2b5dae2cd0a989ab720dd211d2a9"},"headline":"30 nits Sabadell","datePublished":"2014-06-18T10:44:33+00:00","dateModified":"2018-08-21T08:38:21+00:00","mainEntityOfPage":{"@id":"https:\/\/resest.com\/ca\/blog\/residencia-de-estudiantes-propone-30-nits-sabadell\/"},"wordCount":336,"publisher":{"@id":"https:\/\/resest.com\/ca\/#organization"},"articleSection":["Blog"],"inLanguage":"ca-ES"},{"@type":"WebPage","@id":"https:\/\/resest.com\/ca\/blog\/residencia-de-estudiantes-propone-30-nits-sabadell\/","url":"https:\/\/resest.com\/ca\/blog\/residencia-de-estudiantes-propone-30-nits-sabadell\/","name":"Resid\u00e8ncia d'estudiants recomana 30 nits Sabadell","isPartOf":{"@id":"https:\/\/resest.com\/ca\/#website"},"datePublished":"2014-06-18T10:44:33+00:00","dateModified":"2018-08-21T08:38:21+00:00","description":"Des del blog de Resest, resid\u00e8ncia d'estudiants a Barcelona, Bellaterra i Sabadell presenten les 30 nits Sabadell, un esdeveniment que no et pots perdre.","breadcrumb":{"@id":"https:\/\/resest.com\/ca\/blog\/residencia-de-estudiantes-propone-30-nits-sabadell\/#breadcrumb"},"inLanguage":"ca-ES","potentialAction":[{"@type":"ReadAction","target":["https:\/\/resest.com\/ca\/blog\/residencia-de-estudiantes-propone-30-nits-sabadell\/"]}]},{"@type":"BreadcrumbList","@id":"https:\/\/resest.com\/ca\/blog\/residencia-de-estudiantes-propone-30-nits-sabadell\/#breadcrumb","itemListElement":[{"@type":"ListItem","position":1,"name":"Inici","item":"https:\/\/resest.com\/ca\/"},{"@type":"ListItem","position":2,"name":"30 nits Sabadell"}]},{"@type":"WebSite","@id":"https:\/\/resest.com\/ca\/#website","url":"https:\/\/resest.com\/ca\/","name":"Resid\u00e8ncia d&#039;Estudiants l&#039;Estaci\u00f3 de Sabadell | Resest","description":"Prop de l\u2019Universitat Aut\u00f2noma de Barcelona (UAB)","publisher":{"@id":"https:\/\/resest.com\/ca\/#organization"},"potentialAction":[{"@type":"SearchAction","target":{"@type":"EntryPoint","urlTemplate":"https:\/\/resest.com\/ca\/?s={search_term_string}"},"query-input":{"@type":"PropertyValueSpecification","valueRequired":true,"valueName":"search_term_string"}}],"inLanguage":"ca-ES"},{"@type":"Organization","@id":"https:\/\/resest.com\/ca\/#organization","name":"Resid\u00e8ncia d&#039;Estudiants l&#039;Estaci\u00f3 de Sabadell | Resest","url":"https:\/\/resest.com\/ca\/","logo":{"@type":"ImageObject","inLanguage":"ca-ES","@id":"https:\/\/resest.com\/ca\/#\/schema\/logo\/image\/","url":"https:\/\/resest.com\/wp-content\/uploads\/2024\/03\/Facana-1.jpg","contentUrl":"https:\/\/resest.com\/wp-content\/uploads\/2024\/03\/Facana-1.jpg","width":1200,"height":1009,"caption":"Resid\u00e8ncia d&#039;Estudiants l&#039;Estaci\u00f3 de Sabadell | Resest"},"image":{"@id":"https:\/\/resest.com\/ca\/#\/schema\/logo\/image\/"}},{"@type":"Person","@id":"https:\/\/resest.com\/ca\/#\/schema\/person\/f66d2b5dae2cd0a989ab720dd211d2a9","name":"Resest","image":{"@type":"ImageObject","inLanguage":"ca-ES","@id":"https:\/\/resest.com\/ca\/#\/schema\/person\/image\/","url":"https:\/\/secure.gravatar.com\/avatar\/a5d542eca874617a8a62a45c724821a615f770cf5bde5e61a93a7a2562faba7a?s=96&d=mm&r=g","contentUrl":"https:\/\/secure.gravatar.com\/avatar\/a5d542eca874617a8a62a45c724821a615f770cf5bde5e61a93a7a2562faba7a?s=96&d=mm&r=g","caption":"Resest"},"url":"https:\/\/resest.com\/ca\/author\/resest\/"}]}},"_links":{"self":[{"href":"https:\/\/resest.com\/ca\/wp-json\/wp\/v2\/posts\/1726","targetHints":{"allow":["GET"]}}],"collection":[{"href":"https:\/\/resest.com\/ca\/wp-json\/wp\/v2\/posts"}],"about":[{"href":"https:\/\/resest.com\/ca\/wp-json\/wp\/v2\/types\/post"}],"author":[{"embeddable":true,"href":"https:\/\/resest.com\/ca\/wp-json\/wp\/v2\/users\/3"}],"replies":[{"embeddable":true,"href":"https:\/\/resest.com\/ca\/wp-json\/wp\/v2\/comments?post=1726"}],"version-history":[{"count":0,"href":"https:\/\/resest.com\/ca\/wp-json\/wp\/v2\/posts\/1726\/revisions"}],"wp:attachment":[{"href":"https:\/\/resest.com\/ca\/wp-json\/wp\/v2\/media?parent=1726"}],"wp:term":[{"taxonomy":"category","embeddable":true,"href":"https:\/\/resest.com\/ca\/wp-json\/wp\/v2\/categories?post=1726"},{"taxonomy":"post_tag","embeddable":true,"href":"https:\/\/resest.com\/ca\/wp-json\/wp\/v2\/tags?post=1726"}],"curies":[{"name":"wp","href":"https:\/\/api.w.org\/{rel}","templated":true}]}}