{"id":1666,"date":"2014-06-05T12:10:15","date_gmt":"2014-06-05T11:10:15","guid":{"rendered":"http:\/\/www.resest.com\/?p=1666"},"modified":"2018-08-21T10:12:58","modified_gmt":"2018-08-21T09:12:58","slug":"residencia-estudiants-proposa-festa-major-de-la-creu-alta-2014","status":"publish","type":"post","link":"https:\/\/resest.com\/ca\/blog\/residencia-estudiants-proposa-festa-major-de-la-creu-alta-2014\/","title":{"rendered":"Festa major de la Creu Alta 2014 a Sabadell"},"content":{"rendered":"<p>Com cada any per aquestes dates, arriba la Festa Major de la Creu Alta, un barri de Sabadell dels que t\u00e9 m\u00e9s esperit de celebraci\u00f3.<\/p>\n<p style=\"text-align: justify;\">Des del 6 al 8 de juny, hi haur\u00e0 un seguit d&#8217;activitats de tot tipus, \u00a0per tots els gustos i per totes les edats, com ara:<\/p>\n<p style=\"text-align: justify;\">Preg\u00f3 de la Festa Major, correbari reivindicatiu, sopar de festa major, concerts, exhibicions de dansa, sardanes, swing, lindy hop&#8230;, bicicletada popular, correfocs infernal i cercavila entre d&#8217;altres.<\/p>\n<p style=\"text-align: justify;\">Com podeu veure la diversi\u00f3 est\u00e0 garantida! Aprofiteu que el curs s&#8217;acaba per fer un petit par\u00e8ntesi i passar-vos-ho d&#8217;all\u00f2 m\u00e9s b\u00e9!<\/p>\n<p style=\"text-align: justify;\">Per m\u00e9s informaci\u00f3 sobre les activitats de la Festa Major de la creu alta: <strong><a href=\"http:\/\/www.fmlacreualta.cat\/events\/list\" target=\"_blank\" rel=\"noopener\">fmlacreualta.cat<\/a><\/strong><\/p>\n<p><img loading=\"lazy\" decoding=\"async\" class=\"alignleft size-large wp-image-1667\" title=\"pl creu alta\" src=\"http:\/\/www.resest.com\/wp-content\/uploads\/pl-creu-alta-620x232.jpg\" alt=\"\" width=\"620\" height=\"232\" \/><\/p>\n<p><img loading=\"lazy\" decoding=\"async\" class=\"alignleft size-full wp-image-1675\" title=\"safe_image\" src=\"http:\/\/www.resest.com\/wp-content\/uploads\/safe_image.jpg\" alt=\"\" width=\"470\" height=\"245\" \/><\/p>\n","protected":false},"excerpt":{"rendered":"<p>Com cada any per aquestes dates, arriba la Festa Major de la Creu Alta, un barri de Sabadell dels que t\u00e9 m\u00e9s esperit de celebraci\u00f3. Des del 6 al 8 de juny, hi haur\u00e0 un seguit d&#8217;activitats de tot tipus, \u00a0per tots els gustos i per totes les edats, com ara: Preg\u00f3 de la Festa&hellip;<\/p>\n","protected":false},"author":3,"featured_media":0,"comment_status":"closed","ping_status":"open","sticky":false,"template":"","format":"standard","meta":{"footnotes":""},"categories":[6],"tags":[],"class_list":["post-1666","post","type-post","status-publish","format-standard","hentry","category-blog","entry","no-media"],"yoast_head":"<!-- This site is optimized with the Yoast SEO plugin v26.4 - https:\/\/yoast.com\/wordpress\/plugins\/seo\/ -->\n<title>La resid\u00e8ncia d&#039;estudiants a Sabadell amb Creu Alta.<\/title>\n<meta name=\"description\" content=\"Coneix les properes festes a la ciutat de Sabadell, concretament la Festa Major de la Creu Alta 2014. Activitats de tot tipus per a tothom.\" \/>\n<meta name=\"robots\" content=\"index, follow, max-snippet:-1, max-image-preview:large, max-video-preview:-1\" \/>\n<link rel=\"canonical\" href=\"https:\/\/resest.com\/ca\/blog\/residencia-estudiants-proposa-festa-major-de-la-creu-alta-2014\/\" \/>\n<meta property=\"og:locale\" content=\"ca_ES\" \/>\n<meta property=\"og:type\" content=\"article\" \/>\n<meta property=\"og:title\" content=\"La resid\u00e8ncia d&#039;estudiants a Sabadell amb Creu Alta.\" \/>\n<meta property=\"og:description\" content=\"Coneix les properes festes a la ciutat de Sabadell, concretament la Festa Major de la Creu Alta 2014. Activitats de tot tipus per a tothom.\" \/>\n<meta property=\"og:url\" content=\"https:\/\/resest.com\/ca\/blog\/residencia-estudiants-proposa-festa-major-de-la-creu-alta-2014\/\" \/>\n<meta property=\"og:site_name\" content=\"Resid\u00e8ncia d&#039;Estudiants l&#039;Estaci\u00f3 de Sabadell | Resest\" \/>\n<meta property=\"article:published_time\" content=\"2014-06-05T11:10:15+00:00\" \/>\n<meta property=\"article:modified_time\" content=\"2018-08-21T09:12:58+00:00\" \/>\n<meta property=\"og:image\" content=\"http:\/\/www.resest.com\/wp-content\/uploads\/pl-creu-alta-620x232.jpg\" \/>\n<meta name=\"author\" content=\"Resest\" \/>\n<meta name=\"twitter:label1\" content=\"Written by\" \/>\n\t<meta name=\"twitter:data1\" content=\"Resest\" \/>\n\t<meta name=\"twitter:label2\" content=\"Est. reading time\" \/>\n\t<meta name=\"twitter:data2\" content=\"1 minute\" \/>\n<script type=\"application\/ld+json\" class=\"yoast-schema-graph\">{\"@context\":\"https:\/\/schema.org\",\"@graph\":[{\"@type\":\"Article\",\"@id\":\"https:\/\/resest.com\/ca\/blog\/residencia-estudiants-proposa-festa-major-de-la-creu-alta-2014\/#article\",\"isPartOf\":{\"@id\":\"https:\/\/resest.com\/ca\/blog\/residencia-estudiants-proposa-festa-major-de-la-creu-alta-2014\/\"},\"author\":{\"name\":\"Resest\",\"@id\":\"https:\/\/resest.com\/ca\/#\/schema\/person\/f66d2b5dae2cd0a989ab720dd211d2a9\"},\"headline\":\"Festa major de la Creu Alta 2014 a Sabadell\",\"datePublished\":\"2014-06-05T11:10:15+00:00\",\"dateModified\":\"2018-08-21T09:12:58+00:00\",\"mainEntityOfPage\":{\"@id\":\"https:\/\/resest.com\/ca\/blog\/residencia-estudiants-proposa-festa-major-de-la-creu-alta-2014\/\"},\"wordCount\":130,\"publisher\":{\"@id\":\"https:\/\/resest.com\/ca\/#organization\"},\"image\":{\"@id\":\"https:\/\/resest.com\/ca\/blog\/residencia-estudiants-proposa-festa-major-de-la-creu-alta-2014\/#primaryimage\"},\"thumbnailUrl\":\"http:\/\/www.resest.com\/wp-content\/uploads\/pl-creu-alta-620x232.jpg\",\"articleSection\":[\"Blog\"],\"inLanguage\":\"ca-ES\"},{\"@type\":\"WebPage\",\"@id\":\"https:\/\/resest.com\/ca\/blog\/residencia-estudiants-proposa-festa-major-de-la-creu-alta-2014\/\",\"url\":\"https:\/\/resest.com\/ca\/blog\/residencia-estudiants-proposa-festa-major-de-la-creu-alta-2014\/\",\"name\":\"La resid\u00e8ncia d'estudiants a Sabadell amb Creu Alta.\",\"isPartOf\":{\"@id\":\"https:\/\/resest.com\/ca\/#website\"},\"primaryImageOfPage\":{\"@id\":\"https:\/\/resest.com\/ca\/blog\/residencia-estudiants-proposa-festa-major-de-la-creu-alta-2014\/#primaryimage\"},\"image\":{\"@id\":\"https:\/\/resest.com\/ca\/blog\/residencia-estudiants-proposa-festa-major-de-la-creu-alta-2014\/#primaryimage\"},\"thumbnailUrl\":\"http:\/\/www.resest.com\/wp-content\/uploads\/pl-creu-alta-620x232.jpg\",\"datePublished\":\"2014-06-05T11:10:15+00:00\",\"dateModified\":\"2018-08-21T09:12:58+00:00\",\"description\":\"Coneix les properes festes a la ciutat de Sabadell, concretament la Festa Major de la Creu Alta 2014. Activitats de tot tipus per a tothom.\",\"breadcrumb\":{\"@id\":\"https:\/\/resest.com\/ca\/blog\/residencia-estudiants-proposa-festa-major-de-la-creu-alta-2014\/#breadcrumb\"},\"inLanguage\":\"ca-ES\",\"potentialAction\":[{\"@type\":\"ReadAction\",\"target\":[\"https:\/\/resest.com\/ca\/blog\/residencia-estudiants-proposa-festa-major-de-la-creu-alta-2014\/\"]}]},{\"@type\":\"ImageObject\",\"inLanguage\":\"ca-ES\",\"@id\":\"https:\/\/resest.com\/ca\/blog\/residencia-estudiants-proposa-festa-major-de-la-creu-alta-2014\/#primaryimage\",\"url\":\"http:\/\/www.resest.com\/wp-content\/uploads\/pl-creu-alta-620x232.jpg\",\"contentUrl\":\"http:\/\/www.resest.com\/wp-content\/uploads\/pl-creu-alta-620x232.jpg\"},{\"@type\":\"BreadcrumbList\",\"@id\":\"https:\/\/resest.com\/ca\/blog\/residencia-estudiants-proposa-festa-major-de-la-creu-alta-2014\/#breadcrumb\",\"itemListElement\":[{\"@type\":\"ListItem\",\"position\":1,\"name\":\"Inici\",\"item\":\"https:\/\/resest.com\/ca\/\"},{\"@type\":\"ListItem\",\"position\":2,\"name\":\"Festa major de la Creu Alta 2014 a Sabadell\"}]},{\"@type\":\"WebSite\",\"@id\":\"https:\/\/resest.com\/ca\/#website\",\"url\":\"https:\/\/resest.com\/ca\/\",\"name\":\"Resid\u00e8ncia d&#039;Estudiants l&#039;Estaci\u00f3 de Sabadell | Resest\",\"description\":\"Prop de l\u2019Universitat Aut\u00f2noma de Barcelona (UAB)\",\"publisher\":{\"@id\":\"https:\/\/resest.com\/ca\/#organization\"},\"potentialAction\":[{\"@type\":\"SearchAction\",\"target\":{\"@type\":\"EntryPoint\",\"urlTemplate\":\"https:\/\/resest.com\/ca\/?s={search_term_string}\"},\"query-input\":{\"@type\":\"PropertyValueSpecification\",\"valueRequired\":true,\"valueName\":\"search_term_string\"}}],\"inLanguage\":\"ca-ES\"},{\"@type\":\"Organization\",\"@id\":\"https:\/\/resest.com\/ca\/#organization\",\"name\":\"Resid\u00e8ncia d&#039;Estudiants l&#039;Estaci\u00f3 de Sabadell | Resest\",\"url\":\"https:\/\/resest.com\/ca\/\",\"logo\":{\"@type\":\"ImageObject\",\"inLanguage\":\"ca-ES\",\"@id\":\"https:\/\/resest.com\/ca\/#\/schema\/logo\/image\/\",\"url\":\"https:\/\/resest.com\/wp-content\/uploads\/2024\/03\/Facana-1.jpg\",\"contentUrl\":\"https:\/\/resest.com\/wp-content\/uploads\/2024\/03\/Facana-1.jpg\",\"width\":1200,\"height\":1009,\"caption\":\"Resid\u00e8ncia d&#039;Estudiants l&#039;Estaci\u00f3 de Sabadell | Resest\"},\"image\":{\"@id\":\"https:\/\/resest.com\/ca\/#\/schema\/logo\/image\/\"}},{\"@type\":\"Person\",\"@id\":\"https:\/\/resest.com\/ca\/#\/schema\/person\/f66d2b5dae2cd0a989ab720dd211d2a9\",\"name\":\"Resest\",\"image\":{\"@type\":\"ImageObject\",\"inLanguage\":\"ca-ES\",\"@id\":\"https:\/\/resest.com\/ca\/#\/schema\/person\/image\/\",\"url\":\"https:\/\/secure.gravatar.com\/avatar\/a5d542eca874617a8a62a45c724821a615f770cf5bde5e61a93a7a2562faba7a?s=96&d=mm&r=g\",\"contentUrl\":\"https:\/\/secure.gravatar.com\/avatar\/a5d542eca874617a8a62a45c724821a615f770cf5bde5e61a93a7a2562faba7a?s=96&d=mm&r=g\",\"caption\":\"Resest\"},\"url\":\"https:\/\/resest.com\/ca\/author\/resest\/\"}]}<\/script>\n<!-- \/ Yoast SEO plugin. -->","yoast_head_json":{"title":"La resid\u00e8ncia d'estudiants a Sabadell amb Creu Alta.","description":"Coneix les properes festes a la ciutat de Sabadell, concretament la Festa Major de la Creu Alta 2014. Activitats de tot tipus per a tothom.","robots":{"index":"index","follow":"follow","max-snippet":"max-snippet:-1","max-image-preview":"max-image-preview:large","max-video-preview":"max-video-preview:-1"},"canonical":"https:\/\/resest.com\/ca\/blog\/residencia-estudiants-proposa-festa-major-de-la-creu-alta-2014\/","og_locale":"ca_ES","og_type":"article","og_title":"La resid\u00e8ncia d'estudiants a Sabadell amb Creu Alta.","og_description":"Coneix les properes festes a la ciutat de Sabadell, concretament la Festa Major de la Creu Alta 2014. Activitats de tot tipus per a tothom.","og_url":"https:\/\/resest.com\/ca\/blog\/residencia-estudiants-proposa-festa-major-de-la-creu-alta-2014\/","og_site_name":"Resid\u00e8ncia d&#039;Estudiants l&#039;Estaci\u00f3 de Sabadell | Resest","article_published_time":"2014-06-05T11:10:15+00:00","article_modified_time":"2018-08-21T09:12:58+00:00","og_image":[{"url":"http:\/\/www.resest.com\/wp-content\/uploads\/pl-creu-alta-620x232.jpg","type":"","width":"","height":""}],"author":"Resest","twitter_misc":{"Written by":"Resest","Est. reading time":"1 minute"},"schema":{"@context":"https:\/\/schema.org","@graph":[{"@type":"Article","@id":"https:\/\/resest.com\/ca\/blog\/residencia-estudiants-proposa-festa-major-de-la-creu-alta-2014\/#article","isPartOf":{"@id":"https:\/\/resest.com\/ca\/blog\/residencia-estudiants-proposa-festa-major-de-la-creu-alta-2014\/"},"author":{"name":"Resest","@id":"https:\/\/resest.com\/ca\/#\/schema\/person\/f66d2b5dae2cd0a989ab720dd211d2a9"},"headline":"Festa major de la Creu Alta 2014 a Sabadell","datePublished":"2014-06-05T11:10:15+00:00","dateModified":"2018-08-21T09:12:58+00:00","mainEntityOfPage":{"@id":"https:\/\/resest.com\/ca\/blog\/residencia-estudiants-proposa-festa-major-de-la-creu-alta-2014\/"},"wordCount":130,"publisher":{"@id":"https:\/\/resest.com\/ca\/#organization"},"image":{"@id":"https:\/\/resest.com\/ca\/blog\/residencia-estudiants-proposa-festa-major-de-la-creu-alta-2014\/#primaryimage"},"thumbnailUrl":"http:\/\/www.resest.com\/wp-content\/uploads\/pl-creu-alta-620x232.jpg","articleSection":["Blog"],"inLanguage":"ca-ES"},{"@type":"WebPage","@id":"https:\/\/resest.com\/ca\/blog\/residencia-estudiants-proposa-festa-major-de-la-creu-alta-2014\/","url":"https:\/\/resest.com\/ca\/blog\/residencia-estudiants-proposa-festa-major-de-la-creu-alta-2014\/","name":"La resid\u00e8ncia d'estudiants a Sabadell amb Creu Alta.","isPartOf":{"@id":"https:\/\/resest.com\/ca\/#website"},"primaryImageOfPage":{"@id":"https:\/\/resest.com\/ca\/blog\/residencia-estudiants-proposa-festa-major-de-la-creu-alta-2014\/#primaryimage"},"image":{"@id":"https:\/\/resest.com\/ca\/blog\/residencia-estudiants-proposa-festa-major-de-la-creu-alta-2014\/#primaryimage"},"thumbnailUrl":"http:\/\/www.resest.com\/wp-content\/uploads\/pl-creu-alta-620x232.jpg","datePublished":"2014-06-05T11:10:15+00:00","dateModified":"2018-08-21T09:12:58+00:00","description":"Coneix les properes festes a la ciutat de Sabadell, concretament la Festa Major de la Creu Alta 2014. Activitats de tot tipus per a tothom.","breadcrumb":{"@id":"https:\/\/resest.com\/ca\/blog\/residencia-estudiants-proposa-festa-major-de-la-creu-alta-2014\/#breadcrumb"},"inLanguage":"ca-ES","potentialAction":[{"@type":"ReadAction","target":["https:\/\/resest.com\/ca\/blog\/residencia-estudiants-proposa-festa-major-de-la-creu-alta-2014\/"]}]},{"@type":"ImageObject","inLanguage":"ca-ES","@id":"https:\/\/resest.com\/ca\/blog\/residencia-estudiants-proposa-festa-major-de-la-creu-alta-2014\/#primaryimage","url":"http:\/\/www.resest.com\/wp-content\/uploads\/pl-creu-alta-620x232.jpg","contentUrl":"http:\/\/www.resest.com\/wp-content\/uploads\/pl-creu-alta-620x232.jpg"},{"@type":"BreadcrumbList","@id":"https:\/\/resest.com\/ca\/blog\/residencia-estudiants-proposa-festa-major-de-la-creu-alta-2014\/#breadcrumb","itemListElement":[{"@type":"ListItem","position":1,"name":"Inici","item":"https:\/\/resest.com\/ca\/"},{"@type":"ListItem","position":2,"name":"Festa major de la Creu Alta 2014 a Sabadell"}]},{"@type":"WebSite","@id":"https:\/\/resest.com\/ca\/#website","url":"https:\/\/resest.com\/ca\/","name":"Resid\u00e8ncia d&#039;Estudiants l&#039;Estaci\u00f3 de Sabadell | Resest","description":"Prop de l\u2019Universitat Aut\u00f2noma de Barcelona (UAB)","publisher":{"@id":"https:\/\/resest.com\/ca\/#organization"},"potentialAction":[{"@type":"SearchAction","target":{"@type":"EntryPoint","urlTemplate":"https:\/\/resest.com\/ca\/?s={search_term_string}"},"query-input":{"@type":"PropertyValueSpecification","valueRequired":true,"valueName":"search_term_string"}}],"inLanguage":"ca-ES"},{"@type":"Organization","@id":"https:\/\/resest.com\/ca\/#organization","name":"Resid\u00e8ncia d&#039;Estudiants l&#039;Estaci\u00f3 de Sabadell | Resest","url":"https:\/\/resest.com\/ca\/","logo":{"@type":"ImageObject","inLanguage":"ca-ES","@id":"https:\/\/resest.com\/ca\/#\/schema\/logo\/image\/","url":"https:\/\/resest.com\/wp-content\/uploads\/2024\/03\/Facana-1.jpg","contentUrl":"https:\/\/resest.com\/wp-content\/uploads\/2024\/03\/Facana-1.jpg","width":1200,"height":1009,"caption":"Resid\u00e8ncia d&#039;Estudiants l&#039;Estaci\u00f3 de Sabadell | Resest"},"image":{"@id":"https:\/\/resest.com\/ca\/#\/schema\/logo\/image\/"}},{"@type":"Person","@id":"https:\/\/resest.com\/ca\/#\/schema\/person\/f66d2b5dae2cd0a989ab720dd211d2a9","name":"Resest","image":{"@type":"ImageObject","inLanguage":"ca-ES","@id":"https:\/\/resest.com\/ca\/#\/schema\/person\/image\/","url":"https:\/\/secure.gravatar.com\/avatar\/a5d542eca874617a8a62a45c724821a615f770cf5bde5e61a93a7a2562faba7a?s=96&d=mm&r=g","contentUrl":"https:\/\/secure.gravatar.com\/avatar\/a5d542eca874617a8a62a45c724821a615f770cf5bde5e61a93a7a2562faba7a?s=96&d=mm&r=g","caption":"Resest"},"url":"https:\/\/resest.com\/ca\/author\/resest\/"}]}},"_links":{"self":[{"href":"https:\/\/resest.com\/ca\/wp-json\/wp\/v2\/posts\/1666","targetHints":{"allow":["GET"]}}],"collection":[{"href":"https:\/\/resest.com\/ca\/wp-json\/wp\/v2\/posts"}],"about":[{"href":"https:\/\/resest.com\/ca\/wp-json\/wp\/v2\/types\/post"}],"author":[{"embeddable":true,"href":"https:\/\/resest.com\/ca\/wp-json\/wp\/v2\/users\/3"}],"replies":[{"embeddable":true,"href":"https:\/\/resest.com\/ca\/wp-json\/wp\/v2\/comments?post=1666"}],"version-history":[{"count":0,"href":"https:\/\/resest.com\/ca\/wp-json\/wp\/v2\/posts\/1666\/revisions"}],"wp:attachment":[{"href":"https:\/\/resest.com\/ca\/wp-json\/wp\/v2\/media?parent=1666"}],"wp:term":[{"taxonomy":"category","embeddable":true,"href":"https:\/\/resest.com\/ca\/wp-json\/wp\/v2\/categories?post=1666"},{"taxonomy":"post_tag","embeddable":true,"href":"https:\/\/resest.com\/ca\/wp-json\/wp\/v2\/tags?post=1666"}],"curies":[{"name":"wp","href":"https:\/\/api.w.org\/{rel}","templated":true}]}}