{"id":1655,"date":"2014-06-04T10:04:01","date_gmt":"2014-06-04T09:04:01","guid":{"rendered":"http:\/\/www.resest.com\/?p=1655"},"modified":"2018-08-21T10:13:48","modified_gmt":"2018-08-21T09:13:48","slug":"sopar-comiat-residencia-estudiants","status":"publish","type":"post","link":"https:\/\/resest.com\/ca\/blog\/sopar-comiat-residencia-estudiants\/","title":{"rendered":"Sopar de comiat a la Resid\u00e8ncia d&#8217;Estudiants l&#8217;Estaci\u00f3"},"content":{"rendered":"<p>En aquestes fotos observem el sopar de comiat organitzat entre tots.<br \/>\n<img loading=\"lazy\" decoding=\"async\" title=\"P1010519\" src=\"http:\/\/www.resest.com\/wp-content\/uploads\/P1010519-620x465.jpg\" alt=\"\" width=\"620\" height=\"465\" \/><\/p>\n<p><img loading=\"lazy\" decoding=\"async\" class=\"size-large wp-image-1656 alignleft\" title=\"P1010524\" src=\"http:\/\/www.resest.com\/wp-content\/uploads\/P1010524-620x295.jpg\" alt=\"\" width=\"620\" height=\"295\" \/><\/p>\n","protected":false},"excerpt":{"rendered":"<p>En aquestes fotos observem el sopar de comiat organitzat entre tots.<\/p>\n","protected":false},"author":3,"featured_media":0,"comment_status":"closed","ping_status":"open","sticky":false,"template":"","format":"standard","meta":{"footnotes":""},"categories":[6],"tags":[],"class_list":["post-1655","post","type-post","status-publish","format-standard","hentry","category-blog","entry","no-media"],"yoast_head":"<!-- This site is optimized with the Yoast SEO plugin v26.4 - https:\/\/yoast.com\/wordpress\/plugins\/seo\/ -->\n<title>Sopar de comiat a la Resid\u00e8ncia d&#039;Estudiants l&#039;Estaci\u00f3<\/title>\n<meta name=\"description\" content=\"Fotografies de l&#039;\u00faltim sopar de comiat entre el personal i els estudiants de la Resid\u00e8ncia d&#039;Estudiants l&#039;Estaci\u00f3 de Sabadell.\" \/>\n<meta name=\"robots\" content=\"index, follow, max-snippet:-1, max-image-preview:large, max-video-preview:-1\" \/>\n<link rel=\"canonical\" href=\"https:\/\/resest.com\/ca\/blog\/sopar-comiat-residencia-estudiants\/\" \/>\n<meta property=\"og:locale\" content=\"ca_ES\" \/>\n<meta property=\"og:type\" content=\"article\" \/>\n<meta property=\"og:title\" content=\"Sopar de comiat a la Resid\u00e8ncia d&#039;Estudiants l&#039;Estaci\u00f3\" \/>\n<meta property=\"og:description\" content=\"Fotografies de l&#039;\u00faltim sopar de comiat entre el personal i els estudiants de la Resid\u00e8ncia d&#039;Estudiants l&#039;Estaci\u00f3 de Sabadell.\" \/>\n<meta property=\"og:url\" content=\"https:\/\/resest.com\/ca\/blog\/sopar-comiat-residencia-estudiants\/\" \/>\n<meta property=\"og:site_name\" content=\"Resid\u00e8ncia d&#039;Estudiants l&#039;Estaci\u00f3 de Sabadell | Resest\" \/>\n<meta property=\"article:published_time\" content=\"2014-06-04T09:04:01+00:00\" \/>\n<meta property=\"article:modified_time\" content=\"2018-08-21T09:13:48+00:00\" \/>\n<meta property=\"og:image\" content=\"http:\/\/www.resest.com\/wp-content\/uploads\/P1010519-620x465.jpg\" \/>\n<meta name=\"author\" content=\"Resest\" \/>\n<meta name=\"twitter:label1\" content=\"Written by\" \/>\n\t<meta name=\"twitter:data1\" content=\"Resest\" \/>\n<script type=\"application\/ld+json\" class=\"yoast-schema-graph\">{\"@context\":\"https:\/\/schema.org\",\"@graph\":[{\"@type\":\"Article\",\"@id\":\"https:\/\/resest.com\/ca\/blog\/sopar-comiat-residencia-estudiants\/#article\",\"isPartOf\":{\"@id\":\"https:\/\/resest.com\/ca\/blog\/sopar-comiat-residencia-estudiants\/\"},\"author\":{\"name\":\"Resest\",\"@id\":\"https:\/\/resest.com\/ca\/#\/schema\/person\/f66d2b5dae2cd0a989ab720dd211d2a9\"},\"headline\":\"Sopar de comiat a la Resid\u00e8ncia d&#8217;Estudiants l&#8217;Estaci\u00f3\",\"datePublished\":\"2014-06-04T09:04:01+00:00\",\"dateModified\":\"2018-08-21T09:13:48+00:00\",\"mainEntityOfPage\":{\"@id\":\"https:\/\/resest.com\/ca\/blog\/sopar-comiat-residencia-estudiants\/\"},\"wordCount\":22,\"publisher\":{\"@id\":\"https:\/\/resest.com\/ca\/#organization\"},\"image\":{\"@id\":\"https:\/\/resest.com\/ca\/blog\/sopar-comiat-residencia-estudiants\/#primaryimage\"},\"thumbnailUrl\":\"http:\/\/www.resest.com\/wp-content\/uploads\/P1010519-620x465.jpg\",\"articleSection\":[\"Blog\"],\"inLanguage\":\"ca-ES\"},{\"@type\":\"WebPage\",\"@id\":\"https:\/\/resest.com\/ca\/blog\/sopar-comiat-residencia-estudiants\/\",\"url\":\"https:\/\/resest.com\/ca\/blog\/sopar-comiat-residencia-estudiants\/\",\"name\":\"Sopar de comiat a la Resid\u00e8ncia d'Estudiants l'Estaci\u00f3\",\"isPartOf\":{\"@id\":\"https:\/\/resest.com\/ca\/#website\"},\"primaryImageOfPage\":{\"@id\":\"https:\/\/resest.com\/ca\/blog\/sopar-comiat-residencia-estudiants\/#primaryimage\"},\"image\":{\"@id\":\"https:\/\/resest.com\/ca\/blog\/sopar-comiat-residencia-estudiants\/#primaryimage\"},\"thumbnailUrl\":\"http:\/\/www.resest.com\/wp-content\/uploads\/P1010519-620x465.jpg\",\"datePublished\":\"2014-06-04T09:04:01+00:00\",\"dateModified\":\"2018-08-21T09:13:48+00:00\",\"description\":\"Fotografies de l'\u00faltim sopar de comiat entre el personal i els estudiants de la Resid\u00e8ncia d'Estudiants l'Estaci\u00f3 de Sabadell.\",\"breadcrumb\":{\"@id\":\"https:\/\/resest.com\/ca\/blog\/sopar-comiat-residencia-estudiants\/#breadcrumb\"},\"inLanguage\":\"ca-ES\",\"potentialAction\":[{\"@type\":\"ReadAction\",\"target\":[\"https:\/\/resest.com\/ca\/blog\/sopar-comiat-residencia-estudiants\/\"]}]},{\"@type\":\"ImageObject\",\"inLanguage\":\"ca-ES\",\"@id\":\"https:\/\/resest.com\/ca\/blog\/sopar-comiat-residencia-estudiants\/#primaryimage\",\"url\":\"http:\/\/www.resest.com\/wp-content\/uploads\/P1010519-620x465.jpg\",\"contentUrl\":\"http:\/\/www.resest.com\/wp-content\/uploads\/P1010519-620x465.jpg\"},{\"@type\":\"BreadcrumbList\",\"@id\":\"https:\/\/resest.com\/ca\/blog\/sopar-comiat-residencia-estudiants\/#breadcrumb\",\"itemListElement\":[{\"@type\":\"ListItem\",\"position\":1,\"name\":\"Inici\",\"item\":\"https:\/\/resest.com\/ca\/\"},{\"@type\":\"ListItem\",\"position\":2,\"name\":\"Sopar de comiat a la Resid\u00e8ncia d&#8217;Estudiants l&#8217;Estaci\u00f3\"}]},{\"@type\":\"WebSite\",\"@id\":\"https:\/\/resest.com\/ca\/#website\",\"url\":\"https:\/\/resest.com\/ca\/\",\"name\":\"Resid\u00e8ncia d&#039;Estudiants l&#039;Estaci\u00f3 de Sabadell | Resest\",\"description\":\"Prop de l\u2019Universitat Aut\u00f2noma de Barcelona (UAB)\",\"publisher\":{\"@id\":\"https:\/\/resest.com\/ca\/#organization\"},\"potentialAction\":[{\"@type\":\"SearchAction\",\"target\":{\"@type\":\"EntryPoint\",\"urlTemplate\":\"https:\/\/resest.com\/ca\/?s={search_term_string}\"},\"query-input\":{\"@type\":\"PropertyValueSpecification\",\"valueRequired\":true,\"valueName\":\"search_term_string\"}}],\"inLanguage\":\"ca-ES\"},{\"@type\":\"Organization\",\"@id\":\"https:\/\/resest.com\/ca\/#organization\",\"name\":\"Resid\u00e8ncia d&#039;Estudiants l&#039;Estaci\u00f3 de Sabadell | Resest\",\"url\":\"https:\/\/resest.com\/ca\/\",\"logo\":{\"@type\":\"ImageObject\",\"inLanguage\":\"ca-ES\",\"@id\":\"https:\/\/resest.com\/ca\/#\/schema\/logo\/image\/\",\"url\":\"https:\/\/resest.com\/wp-content\/uploads\/2024\/03\/Facana-1.jpg\",\"contentUrl\":\"https:\/\/resest.com\/wp-content\/uploads\/2024\/03\/Facana-1.jpg\",\"width\":1200,\"height\":1009,\"caption\":\"Resid\u00e8ncia d&#039;Estudiants l&#039;Estaci\u00f3 de Sabadell | Resest\"},\"image\":{\"@id\":\"https:\/\/resest.com\/ca\/#\/schema\/logo\/image\/\"}},{\"@type\":\"Person\",\"@id\":\"https:\/\/resest.com\/ca\/#\/schema\/person\/f66d2b5dae2cd0a989ab720dd211d2a9\",\"name\":\"Resest\",\"image\":{\"@type\":\"ImageObject\",\"inLanguage\":\"ca-ES\",\"@id\":\"https:\/\/resest.com\/ca\/#\/schema\/person\/image\/\",\"url\":\"https:\/\/secure.gravatar.com\/avatar\/a5d542eca874617a8a62a45c724821a615f770cf5bde5e61a93a7a2562faba7a?s=96&d=mm&r=g\",\"contentUrl\":\"https:\/\/secure.gravatar.com\/avatar\/a5d542eca874617a8a62a45c724821a615f770cf5bde5e61a93a7a2562faba7a?s=96&d=mm&r=g\",\"caption\":\"Resest\"},\"url\":\"https:\/\/resest.com\/ca\/author\/resest\/\"}]}<\/script>\n<!-- \/ Yoast SEO plugin. -->","yoast_head_json":{"title":"Sopar de comiat a la Resid\u00e8ncia d'Estudiants l'Estaci\u00f3","description":"Fotografies de l'\u00faltim sopar de comiat entre el personal i els estudiants de la Resid\u00e8ncia d'Estudiants l'Estaci\u00f3 de Sabadell.","robots":{"index":"index","follow":"follow","max-snippet":"max-snippet:-1","max-image-preview":"max-image-preview:large","max-video-preview":"max-video-preview:-1"},"canonical":"https:\/\/resest.com\/ca\/blog\/sopar-comiat-residencia-estudiants\/","og_locale":"ca_ES","og_type":"article","og_title":"Sopar de comiat a la Resid\u00e8ncia d'Estudiants l'Estaci\u00f3","og_description":"Fotografies de l'\u00faltim sopar de comiat entre el personal i els estudiants de la Resid\u00e8ncia d'Estudiants l'Estaci\u00f3 de Sabadell.","og_url":"https:\/\/resest.com\/ca\/blog\/sopar-comiat-residencia-estudiants\/","og_site_name":"Resid\u00e8ncia d&#039;Estudiants l&#039;Estaci\u00f3 de Sabadell | Resest","article_published_time":"2014-06-04T09:04:01+00:00","article_modified_time":"2018-08-21T09:13:48+00:00","og_image":[{"url":"http:\/\/www.resest.com\/wp-content\/uploads\/P1010519-620x465.jpg","type":"","width":"","height":""}],"author":"Resest","twitter_misc":{"Written by":"Resest"},"schema":{"@context":"https:\/\/schema.org","@graph":[{"@type":"Article","@id":"https:\/\/resest.com\/ca\/blog\/sopar-comiat-residencia-estudiants\/#article","isPartOf":{"@id":"https:\/\/resest.com\/ca\/blog\/sopar-comiat-residencia-estudiants\/"},"author":{"name":"Resest","@id":"https:\/\/resest.com\/ca\/#\/schema\/person\/f66d2b5dae2cd0a989ab720dd211d2a9"},"headline":"Sopar de comiat a la Resid\u00e8ncia d&#8217;Estudiants l&#8217;Estaci\u00f3","datePublished":"2014-06-04T09:04:01+00:00","dateModified":"2018-08-21T09:13:48+00:00","mainEntityOfPage":{"@id":"https:\/\/resest.com\/ca\/blog\/sopar-comiat-residencia-estudiants\/"},"wordCount":22,"publisher":{"@id":"https:\/\/resest.com\/ca\/#organization"},"image":{"@id":"https:\/\/resest.com\/ca\/blog\/sopar-comiat-residencia-estudiants\/#primaryimage"},"thumbnailUrl":"http:\/\/www.resest.com\/wp-content\/uploads\/P1010519-620x465.jpg","articleSection":["Blog"],"inLanguage":"ca-ES"},{"@type":"WebPage","@id":"https:\/\/resest.com\/ca\/blog\/sopar-comiat-residencia-estudiants\/","url":"https:\/\/resest.com\/ca\/blog\/sopar-comiat-residencia-estudiants\/","name":"Sopar de comiat a la Resid\u00e8ncia d'Estudiants l'Estaci\u00f3","isPartOf":{"@id":"https:\/\/resest.com\/ca\/#website"},"primaryImageOfPage":{"@id":"https:\/\/resest.com\/ca\/blog\/sopar-comiat-residencia-estudiants\/#primaryimage"},"image":{"@id":"https:\/\/resest.com\/ca\/blog\/sopar-comiat-residencia-estudiants\/#primaryimage"},"thumbnailUrl":"http:\/\/www.resest.com\/wp-content\/uploads\/P1010519-620x465.jpg","datePublished":"2014-06-04T09:04:01+00:00","dateModified":"2018-08-21T09:13:48+00:00","description":"Fotografies de l'\u00faltim sopar de comiat entre el personal i els estudiants de la Resid\u00e8ncia d'Estudiants l'Estaci\u00f3 de Sabadell.","breadcrumb":{"@id":"https:\/\/resest.com\/ca\/blog\/sopar-comiat-residencia-estudiants\/#breadcrumb"},"inLanguage":"ca-ES","potentialAction":[{"@type":"ReadAction","target":["https:\/\/resest.com\/ca\/blog\/sopar-comiat-residencia-estudiants\/"]}]},{"@type":"ImageObject","inLanguage":"ca-ES","@id":"https:\/\/resest.com\/ca\/blog\/sopar-comiat-residencia-estudiants\/#primaryimage","url":"http:\/\/www.resest.com\/wp-content\/uploads\/P1010519-620x465.jpg","contentUrl":"http:\/\/www.resest.com\/wp-content\/uploads\/P1010519-620x465.jpg"},{"@type":"BreadcrumbList","@id":"https:\/\/resest.com\/ca\/blog\/sopar-comiat-residencia-estudiants\/#breadcrumb","itemListElement":[{"@type":"ListItem","position":1,"name":"Inici","item":"https:\/\/resest.com\/ca\/"},{"@type":"ListItem","position":2,"name":"Sopar de comiat a la Resid\u00e8ncia d&#8217;Estudiants l&#8217;Estaci\u00f3"}]},{"@type":"WebSite","@id":"https:\/\/resest.com\/ca\/#website","url":"https:\/\/resest.com\/ca\/","name":"Resid\u00e8ncia d&#039;Estudiants l&#039;Estaci\u00f3 de Sabadell | Resest","description":"Prop de l\u2019Universitat Aut\u00f2noma de Barcelona (UAB)","publisher":{"@id":"https:\/\/resest.com\/ca\/#organization"},"potentialAction":[{"@type":"SearchAction","target":{"@type":"EntryPoint","urlTemplate":"https:\/\/resest.com\/ca\/?s={search_term_string}"},"query-input":{"@type":"PropertyValueSpecification","valueRequired":true,"valueName":"search_term_string"}}],"inLanguage":"ca-ES"},{"@type":"Organization","@id":"https:\/\/resest.com\/ca\/#organization","name":"Resid\u00e8ncia d&#039;Estudiants l&#039;Estaci\u00f3 de Sabadell | Resest","url":"https:\/\/resest.com\/ca\/","logo":{"@type":"ImageObject","inLanguage":"ca-ES","@id":"https:\/\/resest.com\/ca\/#\/schema\/logo\/image\/","url":"https:\/\/resest.com\/wp-content\/uploads\/2024\/03\/Facana-1.jpg","contentUrl":"https:\/\/resest.com\/wp-content\/uploads\/2024\/03\/Facana-1.jpg","width":1200,"height":1009,"caption":"Resid\u00e8ncia d&#039;Estudiants l&#039;Estaci\u00f3 de Sabadell | Resest"},"image":{"@id":"https:\/\/resest.com\/ca\/#\/schema\/logo\/image\/"}},{"@type":"Person","@id":"https:\/\/resest.com\/ca\/#\/schema\/person\/f66d2b5dae2cd0a989ab720dd211d2a9","name":"Resest","image":{"@type":"ImageObject","inLanguage":"ca-ES","@id":"https:\/\/resest.com\/ca\/#\/schema\/person\/image\/","url":"https:\/\/secure.gravatar.com\/avatar\/a5d542eca874617a8a62a45c724821a615f770cf5bde5e61a93a7a2562faba7a?s=96&d=mm&r=g","contentUrl":"https:\/\/secure.gravatar.com\/avatar\/a5d542eca874617a8a62a45c724821a615f770cf5bde5e61a93a7a2562faba7a?s=96&d=mm&r=g","caption":"Resest"},"url":"https:\/\/resest.com\/ca\/author\/resest\/"}]}},"_links":{"self":[{"href":"https:\/\/resest.com\/ca\/wp-json\/wp\/v2\/posts\/1655","targetHints":{"allow":["GET"]}}],"collection":[{"href":"https:\/\/resest.com\/ca\/wp-json\/wp\/v2\/posts"}],"about":[{"href":"https:\/\/resest.com\/ca\/wp-json\/wp\/v2\/types\/post"}],"author":[{"embeddable":true,"href":"https:\/\/resest.com\/ca\/wp-json\/wp\/v2\/users\/3"}],"replies":[{"embeddable":true,"href":"https:\/\/resest.com\/ca\/wp-json\/wp\/v2\/comments?post=1655"}],"version-history":[{"count":0,"href":"https:\/\/resest.com\/ca\/wp-json\/wp\/v2\/posts\/1655\/revisions"}],"wp:attachment":[{"href":"https:\/\/resest.com\/ca\/wp-json\/wp\/v2\/media?parent=1655"}],"wp:term":[{"taxonomy":"category","embeddable":true,"href":"https:\/\/resest.com\/ca\/wp-json\/wp\/v2\/categories?post=1655"},{"taxonomy":"post_tag","embeddable":true,"href":"https:\/\/resest.com\/ca\/wp-json\/wp\/v2\/tags?post=1655"}],"curies":[{"name":"wp","href":"https:\/\/api.w.org\/{rel}","templated":true}]}}