{"id":1631,"date":"2014-05-14T10:26:54","date_gmt":"2014-05-14T09:26:54","guid":{"rendered":"http:\/\/www.resest.com\/?p=1631"},"modified":"2018-08-21T10:19:45","modified_gmt":"2018-08-21T09:19:45","slug":"medievalia-en-sabadell","status":"publish","type":"post","link":"https:\/\/resest.com\/ca\/blog\/medievalia-en-sabadell\/","title":{"rendered":"Arriba la Fira Mediev\u00e0lia a Sabadell!"},"content":{"rendered":"<p>La divuitena edici\u00f3 de\u00a0<strong>Mediev\u00e0lia<\/strong>, engegar\u00e0 el proper divendres 16 de maig a les 5 de la tarda i fins diumenge 18 de maig, transformant els carrers del voltant del <strong><a href=\"http:\/\/www.mercatcentralsabadell.com\/\" target=\"_blank\" rel=\"noopener\">Mercat Central de Sabadell<\/a><\/strong>, en un mercat amb parades medievals, espectacles i demostracions d\u2019oficis.<\/p>\n<p><img loading=\"lazy\" decoding=\"async\" title=\"medievalia\" src=\"http:\/\/www.resest.com\/wp-content\/uploads\/medievalia.jpg\" alt=\"\" width=\"309\" height=\"426\" \/><\/p>\n<p><strong><a href=\"http:\/\/www.isabadell.cat\/tag\/medievalia\/\" target=\"_blank\" rel=\"noopener\">Amics de Mediev\u00e0lia<\/a><\/strong>\u00a0han comptat per aquesta edici\u00f3 amb diverses entitats sabadellenques que s\u2019han involucrat per fer cr\u00e9ixer Mediev\u00e0lia. \u00c9s el cas dels Bastoners que celebren el seu aniversari, amb una exhibici\u00f3 de ball, amb 10 colles arribades d\u2019arreu de Catalunya. El grup de teatre\u00a0El Ciervo\u00a0i el\u00a0Centre Asana, entre d\u2019altres, continuen col\u00b7laborant un any m\u00e9s amb la trobada medieval.<\/p>\n<p>A partir de dissabte a la tarda es podr\u00e0 veure una demostraci\u00f3 de construcci\u00f3 de ruscs d\u2019abelles, demostraci\u00f3 de l\u2019ofici dels vitralls, de forjador, de filat de la llana, de cisteller, de puntaires i de picapedrer.<\/p>\n<p>Al mateix temps que les demostracions, es realitzaran tallers de dibuix, de vitralls, de confecci\u00f3 d\u2019una joguina amb canyes de riu, de modelat en fang i joieria i un taller de confecci\u00f3 d\u2019espelmes amb cera d\u2019abella.<\/p>\n<p>Aquest any, com a novetat. s\u2019ha editat un llibret amb el programa de les activitats que es realitzaran durant tot el cap de setmana i que comptaran amb combats de lluitadors, espectacles itinerants, malabars, titelles, tir a l\u2019arc, contes, degustaci\u00f3 de\u00a0<strong><a href=\"http:\/\/www.isabadell.cat\/sabadell\/societat\/medievalia-escalfa-motors-amb-el-concurs-de-cuina-medieval\/\" target=\"_blank\" rel=\"noopener\">cuina medieval<\/a><\/strong>, passejades en ruc, bastoners, danses de Bollywood i un concurs de disfresses medievals. Podeu consultar tots els horaris al\u00a0<strong><a href=\"https:\/\/www.facebook.com\/medievaliasabadell\/photos\/a.789271984417018.1073741829.786759794668237\/789272057750344\/?type=1&amp;theater\" target=\"_blank\" rel=\"noopener\">facebook<\/a>\u00a0de Mediev\u00e0lia<\/strong>.<\/p>\n<p>Font: <strong><a title=\"Mediev\u00e0lia 2014\" href=\"http:\/\/www.isabadell.cat\/portada\/medievalia-comenca-amb-forca-al-mercat-central\/\" target=\"_blank\" rel=\"noopener\">iSabadell<\/a><\/strong><\/p>\n","protected":false},"excerpt":{"rendered":"<p>La divuitena edici\u00f3 de\u00a0Mediev\u00e0lia, engegar\u00e0 el proper divendres 16 de maig a les 5 de la tarda i fins diumenge 18 de maig, transformant els carrers del voltant del Mercat Central de Sabadell, en un mercat amb parades medievals, espectacles i demostracions d\u2019oficis. Amics de Mediev\u00e0lia\u00a0han comptat per aquesta edici\u00f3 amb diverses entitats sabadellenques que&hellip;<\/p>\n","protected":false},"author":3,"featured_media":0,"comment_status":"closed","ping_status":"open","sticky":false,"template":"","format":"standard","meta":{"footnotes":""},"categories":[6],"tags":[],"class_list":["post-1631","post","type-post","status-publish","format-standard","hentry","category-blog","entry","no-media"],"yoast_head":"<!-- This site is optimized with the Yoast SEO plugin v26.4 - https:\/\/yoast.com\/wordpress\/plugins\/seo\/ -->\n<title>Resid\u00e8ncia Estudiants Sabadell amb *Medievalia<\/title>\n<meta name=\"description\" content=\"Gaudeix de les festes de Sabadell, ciutat de la Resid\u00e8ncia Resest on ofereixen tot tipus d&#039;oci soci-cultural, aquesta vegada la fira Medievalia.\" \/>\n<meta name=\"robots\" content=\"index, follow, max-snippet:-1, max-image-preview:large, max-video-preview:-1\" \/>\n<link rel=\"canonical\" href=\"https:\/\/resest.com\/ca\/blog\/medievalia-en-sabadell\/\" \/>\n<meta property=\"og:locale\" content=\"ca_ES\" \/>\n<meta property=\"og:type\" content=\"article\" \/>\n<meta property=\"og:title\" content=\"Resid\u00e8ncia Estudiants Sabadell amb *Medievalia\" \/>\n<meta property=\"og:description\" content=\"Gaudeix de les festes de Sabadell, ciutat de la Resid\u00e8ncia Resest on ofereixen tot tipus d&#039;oci soci-cultural, aquesta vegada la fira Medievalia.\" \/>\n<meta property=\"og:url\" content=\"https:\/\/resest.com\/ca\/blog\/medievalia-en-sabadell\/\" \/>\n<meta property=\"og:site_name\" content=\"Resid\u00e8ncia d&#039;Estudiants l&#039;Estaci\u00f3 de Sabadell | Resest\" \/>\n<meta property=\"article:published_time\" content=\"2014-05-14T09:26:54+00:00\" \/>\n<meta property=\"article:modified_time\" content=\"2018-08-21T09:19:45+00:00\" \/>\n<meta property=\"og:image\" content=\"http:\/\/www.resest.com\/wp-content\/uploads\/medievalia.jpg\" \/>\n<meta name=\"author\" content=\"Resest\" \/>\n<meta name=\"twitter:label1\" content=\"Written by\" \/>\n\t<meta name=\"twitter:data1\" content=\"Resest\" \/>\n\t<meta name=\"twitter:label2\" content=\"Est. reading time\" \/>\n\t<meta name=\"twitter:data2\" content=\"1 minute\" \/>\n<script type=\"application\/ld+json\" class=\"yoast-schema-graph\">{\"@context\":\"https:\/\/schema.org\",\"@graph\":[{\"@type\":\"Article\",\"@id\":\"https:\/\/resest.com\/ca\/blog\/medievalia-en-sabadell\/#article\",\"isPartOf\":{\"@id\":\"https:\/\/resest.com\/ca\/blog\/medievalia-en-sabadell\/\"},\"author\":{\"name\":\"Resest\",\"@id\":\"https:\/\/resest.com\/ca\/#\/schema\/person\/f66d2b5dae2cd0a989ab720dd211d2a9\"},\"headline\":\"Arriba la Fira Mediev\u00e0lia a Sabadell!\",\"datePublished\":\"2014-05-14T09:26:54+00:00\",\"dateModified\":\"2018-08-21T09:19:45+00:00\",\"mainEntityOfPage\":{\"@id\":\"https:\/\/resest.com\/ca\/blog\/medievalia-en-sabadell\/\"},\"wordCount\":266,\"publisher\":{\"@id\":\"https:\/\/resest.com\/ca\/#organization\"},\"image\":{\"@id\":\"https:\/\/resest.com\/ca\/blog\/medievalia-en-sabadell\/#primaryimage\"},\"thumbnailUrl\":\"http:\/\/www.resest.com\/wp-content\/uploads\/medievalia.jpg\",\"articleSection\":[\"Blog\"],\"inLanguage\":\"ca-ES\"},{\"@type\":\"WebPage\",\"@id\":\"https:\/\/resest.com\/ca\/blog\/medievalia-en-sabadell\/\",\"url\":\"https:\/\/resest.com\/ca\/blog\/medievalia-en-sabadell\/\",\"name\":\"Resid\u00e8ncia Estudiants Sabadell amb *Medievalia\",\"isPartOf\":{\"@id\":\"https:\/\/resest.com\/ca\/#website\"},\"primaryImageOfPage\":{\"@id\":\"https:\/\/resest.com\/ca\/blog\/medievalia-en-sabadell\/#primaryimage\"},\"image\":{\"@id\":\"https:\/\/resest.com\/ca\/blog\/medievalia-en-sabadell\/#primaryimage\"},\"thumbnailUrl\":\"http:\/\/www.resest.com\/wp-content\/uploads\/medievalia.jpg\",\"datePublished\":\"2014-05-14T09:26:54+00:00\",\"dateModified\":\"2018-08-21T09:19:45+00:00\",\"description\":\"Gaudeix de les festes de Sabadell, ciutat de la Resid\u00e8ncia Resest on ofereixen tot tipus d'oci soci-cultural, aquesta vegada la fira Medievalia.\",\"breadcrumb\":{\"@id\":\"https:\/\/resest.com\/ca\/blog\/medievalia-en-sabadell\/#breadcrumb\"},\"inLanguage\":\"ca-ES\",\"potentialAction\":[{\"@type\":\"ReadAction\",\"target\":[\"https:\/\/resest.com\/ca\/blog\/medievalia-en-sabadell\/\"]}]},{\"@type\":\"ImageObject\",\"inLanguage\":\"ca-ES\",\"@id\":\"https:\/\/resest.com\/ca\/blog\/medievalia-en-sabadell\/#primaryimage\",\"url\":\"http:\/\/www.resest.com\/wp-content\/uploads\/medievalia.jpg\",\"contentUrl\":\"http:\/\/www.resest.com\/wp-content\/uploads\/medievalia.jpg\"},{\"@type\":\"BreadcrumbList\",\"@id\":\"https:\/\/resest.com\/ca\/blog\/medievalia-en-sabadell\/#breadcrumb\",\"itemListElement\":[{\"@type\":\"ListItem\",\"position\":1,\"name\":\"Inici\",\"item\":\"https:\/\/resest.com\/ca\/\"},{\"@type\":\"ListItem\",\"position\":2,\"name\":\"Arriba la Fira Mediev\u00e0lia a Sabadell!\"}]},{\"@type\":\"WebSite\",\"@id\":\"https:\/\/resest.com\/ca\/#website\",\"url\":\"https:\/\/resest.com\/ca\/\",\"name\":\"Resid\u00e8ncia d&#039;Estudiants l&#039;Estaci\u00f3 de Sabadell | Resest\",\"description\":\"Prop de l\u2019Universitat Aut\u00f2noma de Barcelona (UAB)\",\"publisher\":{\"@id\":\"https:\/\/resest.com\/ca\/#organization\"},\"potentialAction\":[{\"@type\":\"SearchAction\",\"target\":{\"@type\":\"EntryPoint\",\"urlTemplate\":\"https:\/\/resest.com\/ca\/?s={search_term_string}\"},\"query-input\":{\"@type\":\"PropertyValueSpecification\",\"valueRequired\":true,\"valueName\":\"search_term_string\"}}],\"inLanguage\":\"ca-ES\"},{\"@type\":\"Organization\",\"@id\":\"https:\/\/resest.com\/ca\/#organization\",\"name\":\"Resid\u00e8ncia d&#039;Estudiants l&#039;Estaci\u00f3 de Sabadell | Resest\",\"url\":\"https:\/\/resest.com\/ca\/\",\"logo\":{\"@type\":\"ImageObject\",\"inLanguage\":\"ca-ES\",\"@id\":\"https:\/\/resest.com\/ca\/#\/schema\/logo\/image\/\",\"url\":\"https:\/\/resest.com\/wp-content\/uploads\/2024\/03\/Facana-1.jpg\",\"contentUrl\":\"https:\/\/resest.com\/wp-content\/uploads\/2024\/03\/Facana-1.jpg\",\"width\":1200,\"height\":1009,\"caption\":\"Resid\u00e8ncia d&#039;Estudiants l&#039;Estaci\u00f3 de Sabadell | Resest\"},\"image\":{\"@id\":\"https:\/\/resest.com\/ca\/#\/schema\/logo\/image\/\"}},{\"@type\":\"Person\",\"@id\":\"https:\/\/resest.com\/ca\/#\/schema\/person\/f66d2b5dae2cd0a989ab720dd211d2a9\",\"name\":\"Resest\",\"image\":{\"@type\":\"ImageObject\",\"inLanguage\":\"ca-ES\",\"@id\":\"https:\/\/resest.com\/ca\/#\/schema\/person\/image\/\",\"url\":\"https:\/\/secure.gravatar.com\/avatar\/a5d542eca874617a8a62a45c724821a615f770cf5bde5e61a93a7a2562faba7a?s=96&d=mm&r=g\",\"contentUrl\":\"https:\/\/secure.gravatar.com\/avatar\/a5d542eca874617a8a62a45c724821a615f770cf5bde5e61a93a7a2562faba7a?s=96&d=mm&r=g\",\"caption\":\"Resest\"},\"url\":\"https:\/\/resest.com\/ca\/author\/resest\/\"}]}<\/script>\n<!-- \/ Yoast SEO plugin. -->","yoast_head_json":{"title":"Resid\u00e8ncia Estudiants Sabadell amb *Medievalia","description":"Gaudeix de les festes de Sabadell, ciutat de la Resid\u00e8ncia Resest on ofereixen tot tipus d'oci soci-cultural, aquesta vegada la fira Medievalia.","robots":{"index":"index","follow":"follow","max-snippet":"max-snippet:-1","max-image-preview":"max-image-preview:large","max-video-preview":"max-video-preview:-1"},"canonical":"https:\/\/resest.com\/ca\/blog\/medievalia-en-sabadell\/","og_locale":"ca_ES","og_type":"article","og_title":"Resid\u00e8ncia Estudiants Sabadell amb *Medievalia","og_description":"Gaudeix de les festes de Sabadell, ciutat de la Resid\u00e8ncia Resest on ofereixen tot tipus d'oci soci-cultural, aquesta vegada la fira Medievalia.","og_url":"https:\/\/resest.com\/ca\/blog\/medievalia-en-sabadell\/","og_site_name":"Resid\u00e8ncia d&#039;Estudiants l&#039;Estaci\u00f3 de Sabadell | Resest","article_published_time":"2014-05-14T09:26:54+00:00","article_modified_time":"2018-08-21T09:19:45+00:00","og_image":[{"url":"http:\/\/www.resest.com\/wp-content\/uploads\/medievalia.jpg","type":"","width":"","height":""}],"author":"Resest","twitter_misc":{"Written by":"Resest","Est. reading time":"1 minute"},"schema":{"@context":"https:\/\/schema.org","@graph":[{"@type":"Article","@id":"https:\/\/resest.com\/ca\/blog\/medievalia-en-sabadell\/#article","isPartOf":{"@id":"https:\/\/resest.com\/ca\/blog\/medievalia-en-sabadell\/"},"author":{"name":"Resest","@id":"https:\/\/resest.com\/ca\/#\/schema\/person\/f66d2b5dae2cd0a989ab720dd211d2a9"},"headline":"Arriba la Fira Mediev\u00e0lia a Sabadell!","datePublished":"2014-05-14T09:26:54+00:00","dateModified":"2018-08-21T09:19:45+00:00","mainEntityOfPage":{"@id":"https:\/\/resest.com\/ca\/blog\/medievalia-en-sabadell\/"},"wordCount":266,"publisher":{"@id":"https:\/\/resest.com\/ca\/#organization"},"image":{"@id":"https:\/\/resest.com\/ca\/blog\/medievalia-en-sabadell\/#primaryimage"},"thumbnailUrl":"http:\/\/www.resest.com\/wp-content\/uploads\/medievalia.jpg","articleSection":["Blog"],"inLanguage":"ca-ES"},{"@type":"WebPage","@id":"https:\/\/resest.com\/ca\/blog\/medievalia-en-sabadell\/","url":"https:\/\/resest.com\/ca\/blog\/medievalia-en-sabadell\/","name":"Resid\u00e8ncia Estudiants Sabadell amb *Medievalia","isPartOf":{"@id":"https:\/\/resest.com\/ca\/#website"},"primaryImageOfPage":{"@id":"https:\/\/resest.com\/ca\/blog\/medievalia-en-sabadell\/#primaryimage"},"image":{"@id":"https:\/\/resest.com\/ca\/blog\/medievalia-en-sabadell\/#primaryimage"},"thumbnailUrl":"http:\/\/www.resest.com\/wp-content\/uploads\/medievalia.jpg","datePublished":"2014-05-14T09:26:54+00:00","dateModified":"2018-08-21T09:19:45+00:00","description":"Gaudeix de les festes de Sabadell, ciutat de la Resid\u00e8ncia Resest on ofereixen tot tipus d'oci soci-cultural, aquesta vegada la fira Medievalia.","breadcrumb":{"@id":"https:\/\/resest.com\/ca\/blog\/medievalia-en-sabadell\/#breadcrumb"},"inLanguage":"ca-ES","potentialAction":[{"@type":"ReadAction","target":["https:\/\/resest.com\/ca\/blog\/medievalia-en-sabadell\/"]}]},{"@type":"ImageObject","inLanguage":"ca-ES","@id":"https:\/\/resest.com\/ca\/blog\/medievalia-en-sabadell\/#primaryimage","url":"http:\/\/www.resest.com\/wp-content\/uploads\/medievalia.jpg","contentUrl":"http:\/\/www.resest.com\/wp-content\/uploads\/medievalia.jpg"},{"@type":"BreadcrumbList","@id":"https:\/\/resest.com\/ca\/blog\/medievalia-en-sabadell\/#breadcrumb","itemListElement":[{"@type":"ListItem","position":1,"name":"Inici","item":"https:\/\/resest.com\/ca\/"},{"@type":"ListItem","position":2,"name":"Arriba la Fira Mediev\u00e0lia a Sabadell!"}]},{"@type":"WebSite","@id":"https:\/\/resest.com\/ca\/#website","url":"https:\/\/resest.com\/ca\/","name":"Resid\u00e8ncia d&#039;Estudiants l&#039;Estaci\u00f3 de Sabadell | Resest","description":"Prop de l\u2019Universitat Aut\u00f2noma de Barcelona (UAB)","publisher":{"@id":"https:\/\/resest.com\/ca\/#organization"},"potentialAction":[{"@type":"SearchAction","target":{"@type":"EntryPoint","urlTemplate":"https:\/\/resest.com\/ca\/?s={search_term_string}"},"query-input":{"@type":"PropertyValueSpecification","valueRequired":true,"valueName":"search_term_string"}}],"inLanguage":"ca-ES"},{"@type":"Organization","@id":"https:\/\/resest.com\/ca\/#organization","name":"Resid\u00e8ncia d&#039;Estudiants l&#039;Estaci\u00f3 de Sabadell | Resest","url":"https:\/\/resest.com\/ca\/","logo":{"@type":"ImageObject","inLanguage":"ca-ES","@id":"https:\/\/resest.com\/ca\/#\/schema\/logo\/image\/","url":"https:\/\/resest.com\/wp-content\/uploads\/2024\/03\/Facana-1.jpg","contentUrl":"https:\/\/resest.com\/wp-content\/uploads\/2024\/03\/Facana-1.jpg","width":1200,"height":1009,"caption":"Resid\u00e8ncia d&#039;Estudiants l&#039;Estaci\u00f3 de Sabadell | Resest"},"image":{"@id":"https:\/\/resest.com\/ca\/#\/schema\/logo\/image\/"}},{"@type":"Person","@id":"https:\/\/resest.com\/ca\/#\/schema\/person\/f66d2b5dae2cd0a989ab720dd211d2a9","name":"Resest","image":{"@type":"ImageObject","inLanguage":"ca-ES","@id":"https:\/\/resest.com\/ca\/#\/schema\/person\/image\/","url":"https:\/\/secure.gravatar.com\/avatar\/a5d542eca874617a8a62a45c724821a615f770cf5bde5e61a93a7a2562faba7a?s=96&d=mm&r=g","contentUrl":"https:\/\/secure.gravatar.com\/avatar\/a5d542eca874617a8a62a45c724821a615f770cf5bde5e61a93a7a2562faba7a?s=96&d=mm&r=g","caption":"Resest"},"url":"https:\/\/resest.com\/ca\/author\/resest\/"}]}},"_links":{"self":[{"href":"https:\/\/resest.com\/ca\/wp-json\/wp\/v2\/posts\/1631","targetHints":{"allow":["GET"]}}],"collection":[{"href":"https:\/\/resest.com\/ca\/wp-json\/wp\/v2\/posts"}],"about":[{"href":"https:\/\/resest.com\/ca\/wp-json\/wp\/v2\/types\/post"}],"author":[{"embeddable":true,"href":"https:\/\/resest.com\/ca\/wp-json\/wp\/v2\/users\/3"}],"replies":[{"embeddable":true,"href":"https:\/\/resest.com\/ca\/wp-json\/wp\/v2\/comments?post=1631"}],"version-history":[{"count":0,"href":"https:\/\/resest.com\/ca\/wp-json\/wp\/v2\/posts\/1631\/revisions"}],"wp:attachment":[{"href":"https:\/\/resest.com\/ca\/wp-json\/wp\/v2\/media?parent=1631"}],"wp:term":[{"taxonomy":"category","embeddable":true,"href":"https:\/\/resest.com\/ca\/wp-json\/wp\/v2\/categories?post=1631"},{"taxonomy":"post_tag","embeddable":true,"href":"https:\/\/resest.com\/ca\/wp-json\/wp\/v2\/tags?post=1631"}],"curies":[{"name":"wp","href":"https:\/\/api.w.org\/{rel}","templated":true}]}}