{"id":1489,"date":"2014-01-10T12:47:55","date_gmt":"2014-01-10T11:47:55","guid":{"rendered":"http:\/\/www.resest.com\/?p=1489"},"modified":"2018-08-21T11:02:11","modified_gmt":"2018-08-21T10:02:11","slug":"residencia-estudiants-pastis","status":"publish","type":"post","link":"https:\/\/resest.com\/ca\/blog\/residencia-estudiants-pastis\/","title":{"rendered":"La Resid\u00e8ncia d&#8217;estudiants en un past\u00eds."},"content":{"rendered":"<p>Treball de pastisseria gentilesa de la Luc\u00eda, col\u00b7laboradora que s&#8217;est\u00e0 formant en aquesta t\u00e8cnica.<\/p>\n<p style=\"text-align: center;\"><img loading=\"lazy\" decoding=\"async\" class=\"aligncenter\" title=\"20131225_155239\" src=\"http:\/\/www.resest.com\/wp-content\/uploads\/20131225_155239-620x551.jpg\" alt=\"\" width=\"434\" height=\"386\" \/><\/p>\n<p style=\"text-align: center;\"><img loading=\"lazy\" decoding=\"async\" class=\"aligncenter wp-image-1491\" title=\"20131225_163348 (1)\" src=\"http:\/\/www.resest.com\/wp-content\/uploads\/20131225_163348-1-465x620.jpg\" alt=\"\" width=\"419\" height=\"558\" \/><\/p>\n","protected":false},"excerpt":{"rendered":"<p>Treball de pastisseria gentilesa de la Luc\u00eda, col\u00b7laboradora que s&#8217;est\u00e0 formant en aquesta t\u00e8cnica.<\/p>\n","protected":false},"author":3,"featured_media":0,"comment_status":"closed","ping_status":"open","sticky":false,"template":"","format":"standard","meta":{"footnotes":""},"categories":[6],"tags":[],"class_list":["post-1489","post","type-post","status-publish","format-standard","hentry","category-blog","entry","no-media"],"yoast_head":"<!-- This site is optimized with the Yoast SEO plugin v26.4 - https:\/\/yoast.com\/wordpress\/plugins\/seo\/ -->\n<title>Past\u00eds amb la resid\u00e8ncia estudiantil<\/title>\n<meta name=\"description\" content=\"Fotos del past\u00eds amb la imatge de la resid\u00e8ncia estudiantil que van poder degustar en Reset. Amb bon aspecte i millor sabor.\" \/>\n<meta name=\"robots\" content=\"index, follow, max-snippet:-1, max-image-preview:large, max-video-preview:-1\" \/>\n<link rel=\"canonical\" href=\"https:\/\/resest.com\/ca\/blog\/residencia-estudiants-pastis\/\" \/>\n<meta property=\"og:locale\" content=\"ca_ES\" \/>\n<meta property=\"og:type\" content=\"article\" \/>\n<meta property=\"og:title\" content=\"Past\u00eds amb la resid\u00e8ncia estudiantil\" \/>\n<meta property=\"og:description\" content=\"Fotos del past\u00eds amb la imatge de la resid\u00e8ncia estudiantil que van poder degustar en Reset. Amb bon aspecte i millor sabor.\" \/>\n<meta property=\"og:url\" content=\"https:\/\/resest.com\/ca\/blog\/residencia-estudiants-pastis\/\" \/>\n<meta property=\"og:site_name\" content=\"Resid\u00e8ncia d&#039;Estudiants l&#039;Estaci\u00f3 de Sabadell | Resest\" \/>\n<meta property=\"article:published_time\" content=\"2014-01-10T11:47:55+00:00\" \/>\n<meta property=\"article:modified_time\" content=\"2018-08-21T10:02:11+00:00\" \/>\n<meta property=\"og:image\" content=\"http:\/\/www.resest.com\/wp-content\/uploads\/20131225_155239-620x551.jpg\" \/>\n<meta name=\"author\" content=\"Resest\" \/>\n<meta name=\"twitter:label1\" content=\"Written by\" \/>\n\t<meta name=\"twitter:data1\" content=\"Resest\" \/>\n<script type=\"application\/ld+json\" class=\"yoast-schema-graph\">{\"@context\":\"https:\/\/schema.org\",\"@graph\":[{\"@type\":\"Article\",\"@id\":\"https:\/\/resest.com\/ca\/blog\/residencia-estudiants-pastis\/#article\",\"isPartOf\":{\"@id\":\"https:\/\/resest.com\/ca\/blog\/residencia-estudiants-pastis\/\"},\"author\":{\"name\":\"Resest\",\"@id\":\"https:\/\/resest.com\/ca\/#\/schema\/person\/f66d2b5dae2cd0a989ab720dd211d2a9\"},\"headline\":\"La Resid\u00e8ncia d&#8217;estudiants en un past\u00eds.\",\"datePublished\":\"2014-01-10T11:47:55+00:00\",\"dateModified\":\"2018-08-21T10:02:11+00:00\",\"mainEntityOfPage\":{\"@id\":\"https:\/\/resest.com\/ca\/blog\/residencia-estudiants-pastis\/\"},\"wordCount\":27,\"publisher\":{\"@id\":\"https:\/\/resest.com\/ca\/#organization\"},\"image\":{\"@id\":\"https:\/\/resest.com\/ca\/blog\/residencia-estudiants-pastis\/#primaryimage\"},\"thumbnailUrl\":\"http:\/\/www.resest.com\/wp-content\/uploads\/20131225_155239-620x551.jpg\",\"articleSection\":[\"Blog\"],\"inLanguage\":\"ca-ES\"},{\"@type\":\"WebPage\",\"@id\":\"https:\/\/resest.com\/ca\/blog\/residencia-estudiants-pastis\/\",\"url\":\"https:\/\/resest.com\/ca\/blog\/residencia-estudiants-pastis\/\",\"name\":\"Past\u00eds amb la resid\u00e8ncia estudiantil\",\"isPartOf\":{\"@id\":\"https:\/\/resest.com\/ca\/#website\"},\"primaryImageOfPage\":{\"@id\":\"https:\/\/resest.com\/ca\/blog\/residencia-estudiants-pastis\/#primaryimage\"},\"image\":{\"@id\":\"https:\/\/resest.com\/ca\/blog\/residencia-estudiants-pastis\/#primaryimage\"},\"thumbnailUrl\":\"http:\/\/www.resest.com\/wp-content\/uploads\/20131225_155239-620x551.jpg\",\"datePublished\":\"2014-01-10T11:47:55+00:00\",\"dateModified\":\"2018-08-21T10:02:11+00:00\",\"description\":\"Fotos del past\u00eds amb la imatge de la resid\u00e8ncia estudiantil que van poder degustar en Reset. Amb bon aspecte i millor sabor.\",\"breadcrumb\":{\"@id\":\"https:\/\/resest.com\/ca\/blog\/residencia-estudiants-pastis\/#breadcrumb\"},\"inLanguage\":\"ca-ES\",\"potentialAction\":[{\"@type\":\"ReadAction\",\"target\":[\"https:\/\/resest.com\/ca\/blog\/residencia-estudiants-pastis\/\"]}]},{\"@type\":\"ImageObject\",\"inLanguage\":\"ca-ES\",\"@id\":\"https:\/\/resest.com\/ca\/blog\/residencia-estudiants-pastis\/#primaryimage\",\"url\":\"http:\/\/www.resest.com\/wp-content\/uploads\/20131225_155239-620x551.jpg\",\"contentUrl\":\"http:\/\/www.resest.com\/wp-content\/uploads\/20131225_155239-620x551.jpg\"},{\"@type\":\"BreadcrumbList\",\"@id\":\"https:\/\/resest.com\/ca\/blog\/residencia-estudiants-pastis\/#breadcrumb\",\"itemListElement\":[{\"@type\":\"ListItem\",\"position\":1,\"name\":\"Inici\",\"item\":\"https:\/\/resest.com\/ca\/\"},{\"@type\":\"ListItem\",\"position\":2,\"name\":\"La Resid\u00e8ncia d&#8217;estudiants en un past\u00eds.\"}]},{\"@type\":\"WebSite\",\"@id\":\"https:\/\/resest.com\/ca\/#website\",\"url\":\"https:\/\/resest.com\/ca\/\",\"name\":\"Resid\u00e8ncia d&#039;Estudiants l&#039;Estaci\u00f3 de Sabadell | Resest\",\"description\":\"Prop de l\u2019Universitat Aut\u00f2noma de Barcelona (UAB)\",\"publisher\":{\"@id\":\"https:\/\/resest.com\/ca\/#organization\"},\"potentialAction\":[{\"@type\":\"SearchAction\",\"target\":{\"@type\":\"EntryPoint\",\"urlTemplate\":\"https:\/\/resest.com\/ca\/?s={search_term_string}\"},\"query-input\":{\"@type\":\"PropertyValueSpecification\",\"valueRequired\":true,\"valueName\":\"search_term_string\"}}],\"inLanguage\":\"ca-ES\"},{\"@type\":\"Organization\",\"@id\":\"https:\/\/resest.com\/ca\/#organization\",\"name\":\"Resid\u00e8ncia d&#039;Estudiants l&#039;Estaci\u00f3 de Sabadell | Resest\",\"url\":\"https:\/\/resest.com\/ca\/\",\"logo\":{\"@type\":\"ImageObject\",\"inLanguage\":\"ca-ES\",\"@id\":\"https:\/\/resest.com\/ca\/#\/schema\/logo\/image\/\",\"url\":\"https:\/\/resest.com\/wp-content\/uploads\/2024\/03\/Facana-1.jpg\",\"contentUrl\":\"https:\/\/resest.com\/wp-content\/uploads\/2024\/03\/Facana-1.jpg\",\"width\":1200,\"height\":1009,\"caption\":\"Resid\u00e8ncia d&#039;Estudiants l&#039;Estaci\u00f3 de Sabadell | Resest\"},\"image\":{\"@id\":\"https:\/\/resest.com\/ca\/#\/schema\/logo\/image\/\"}},{\"@type\":\"Person\",\"@id\":\"https:\/\/resest.com\/ca\/#\/schema\/person\/f66d2b5dae2cd0a989ab720dd211d2a9\",\"name\":\"Resest\",\"image\":{\"@type\":\"ImageObject\",\"inLanguage\":\"ca-ES\",\"@id\":\"https:\/\/resest.com\/ca\/#\/schema\/person\/image\/\",\"url\":\"https:\/\/secure.gravatar.com\/avatar\/a5d542eca874617a8a62a45c724821a615f770cf5bde5e61a93a7a2562faba7a?s=96&d=mm&r=g\",\"contentUrl\":\"https:\/\/secure.gravatar.com\/avatar\/a5d542eca874617a8a62a45c724821a615f770cf5bde5e61a93a7a2562faba7a?s=96&d=mm&r=g\",\"caption\":\"Resest\"},\"url\":\"https:\/\/resest.com\/ca\/author\/resest\/\"}]}<\/script>\n<!-- \/ Yoast SEO plugin. -->","yoast_head_json":{"title":"Past\u00eds amb la resid\u00e8ncia estudiantil","description":"Fotos del past\u00eds amb la imatge de la resid\u00e8ncia estudiantil que van poder degustar en Reset. Amb bon aspecte i millor sabor.","robots":{"index":"index","follow":"follow","max-snippet":"max-snippet:-1","max-image-preview":"max-image-preview:large","max-video-preview":"max-video-preview:-1"},"canonical":"https:\/\/resest.com\/ca\/blog\/residencia-estudiants-pastis\/","og_locale":"ca_ES","og_type":"article","og_title":"Past\u00eds amb la resid\u00e8ncia estudiantil","og_description":"Fotos del past\u00eds amb la imatge de la resid\u00e8ncia estudiantil que van poder degustar en Reset. Amb bon aspecte i millor sabor.","og_url":"https:\/\/resest.com\/ca\/blog\/residencia-estudiants-pastis\/","og_site_name":"Resid\u00e8ncia d&#039;Estudiants l&#039;Estaci\u00f3 de Sabadell | Resest","article_published_time":"2014-01-10T11:47:55+00:00","article_modified_time":"2018-08-21T10:02:11+00:00","og_image":[{"url":"http:\/\/www.resest.com\/wp-content\/uploads\/20131225_155239-620x551.jpg","type":"","width":"","height":""}],"author":"Resest","twitter_misc":{"Written by":"Resest"},"schema":{"@context":"https:\/\/schema.org","@graph":[{"@type":"Article","@id":"https:\/\/resest.com\/ca\/blog\/residencia-estudiants-pastis\/#article","isPartOf":{"@id":"https:\/\/resest.com\/ca\/blog\/residencia-estudiants-pastis\/"},"author":{"name":"Resest","@id":"https:\/\/resest.com\/ca\/#\/schema\/person\/f66d2b5dae2cd0a989ab720dd211d2a9"},"headline":"La Resid\u00e8ncia d&#8217;estudiants en un past\u00eds.","datePublished":"2014-01-10T11:47:55+00:00","dateModified":"2018-08-21T10:02:11+00:00","mainEntityOfPage":{"@id":"https:\/\/resest.com\/ca\/blog\/residencia-estudiants-pastis\/"},"wordCount":27,"publisher":{"@id":"https:\/\/resest.com\/ca\/#organization"},"image":{"@id":"https:\/\/resest.com\/ca\/blog\/residencia-estudiants-pastis\/#primaryimage"},"thumbnailUrl":"http:\/\/www.resest.com\/wp-content\/uploads\/20131225_155239-620x551.jpg","articleSection":["Blog"],"inLanguage":"ca-ES"},{"@type":"WebPage","@id":"https:\/\/resest.com\/ca\/blog\/residencia-estudiants-pastis\/","url":"https:\/\/resest.com\/ca\/blog\/residencia-estudiants-pastis\/","name":"Past\u00eds amb la resid\u00e8ncia estudiantil","isPartOf":{"@id":"https:\/\/resest.com\/ca\/#website"},"primaryImageOfPage":{"@id":"https:\/\/resest.com\/ca\/blog\/residencia-estudiants-pastis\/#primaryimage"},"image":{"@id":"https:\/\/resest.com\/ca\/blog\/residencia-estudiants-pastis\/#primaryimage"},"thumbnailUrl":"http:\/\/www.resest.com\/wp-content\/uploads\/20131225_155239-620x551.jpg","datePublished":"2014-01-10T11:47:55+00:00","dateModified":"2018-08-21T10:02:11+00:00","description":"Fotos del past\u00eds amb la imatge de la resid\u00e8ncia estudiantil que van poder degustar en Reset. Amb bon aspecte i millor sabor.","breadcrumb":{"@id":"https:\/\/resest.com\/ca\/blog\/residencia-estudiants-pastis\/#breadcrumb"},"inLanguage":"ca-ES","potentialAction":[{"@type":"ReadAction","target":["https:\/\/resest.com\/ca\/blog\/residencia-estudiants-pastis\/"]}]},{"@type":"ImageObject","inLanguage":"ca-ES","@id":"https:\/\/resest.com\/ca\/blog\/residencia-estudiants-pastis\/#primaryimage","url":"http:\/\/www.resest.com\/wp-content\/uploads\/20131225_155239-620x551.jpg","contentUrl":"http:\/\/www.resest.com\/wp-content\/uploads\/20131225_155239-620x551.jpg"},{"@type":"BreadcrumbList","@id":"https:\/\/resest.com\/ca\/blog\/residencia-estudiants-pastis\/#breadcrumb","itemListElement":[{"@type":"ListItem","position":1,"name":"Inici","item":"https:\/\/resest.com\/ca\/"},{"@type":"ListItem","position":2,"name":"La Resid\u00e8ncia d&#8217;estudiants en un past\u00eds."}]},{"@type":"WebSite","@id":"https:\/\/resest.com\/ca\/#website","url":"https:\/\/resest.com\/ca\/","name":"Resid\u00e8ncia d&#039;Estudiants l&#039;Estaci\u00f3 de Sabadell | Resest","description":"Prop de l\u2019Universitat Aut\u00f2noma de Barcelona (UAB)","publisher":{"@id":"https:\/\/resest.com\/ca\/#organization"},"potentialAction":[{"@type":"SearchAction","target":{"@type":"EntryPoint","urlTemplate":"https:\/\/resest.com\/ca\/?s={search_term_string}"},"query-input":{"@type":"PropertyValueSpecification","valueRequired":true,"valueName":"search_term_string"}}],"inLanguage":"ca-ES"},{"@type":"Organization","@id":"https:\/\/resest.com\/ca\/#organization","name":"Resid\u00e8ncia d&#039;Estudiants l&#039;Estaci\u00f3 de Sabadell | Resest","url":"https:\/\/resest.com\/ca\/","logo":{"@type":"ImageObject","inLanguage":"ca-ES","@id":"https:\/\/resest.com\/ca\/#\/schema\/logo\/image\/","url":"https:\/\/resest.com\/wp-content\/uploads\/2024\/03\/Facana-1.jpg","contentUrl":"https:\/\/resest.com\/wp-content\/uploads\/2024\/03\/Facana-1.jpg","width":1200,"height":1009,"caption":"Resid\u00e8ncia d&#039;Estudiants l&#039;Estaci\u00f3 de Sabadell | Resest"},"image":{"@id":"https:\/\/resest.com\/ca\/#\/schema\/logo\/image\/"}},{"@type":"Person","@id":"https:\/\/resest.com\/ca\/#\/schema\/person\/f66d2b5dae2cd0a989ab720dd211d2a9","name":"Resest","image":{"@type":"ImageObject","inLanguage":"ca-ES","@id":"https:\/\/resest.com\/ca\/#\/schema\/person\/image\/","url":"https:\/\/secure.gravatar.com\/avatar\/a5d542eca874617a8a62a45c724821a615f770cf5bde5e61a93a7a2562faba7a?s=96&d=mm&r=g","contentUrl":"https:\/\/secure.gravatar.com\/avatar\/a5d542eca874617a8a62a45c724821a615f770cf5bde5e61a93a7a2562faba7a?s=96&d=mm&r=g","caption":"Resest"},"url":"https:\/\/resest.com\/ca\/author\/resest\/"}]}},"_links":{"self":[{"href":"https:\/\/resest.com\/ca\/wp-json\/wp\/v2\/posts\/1489","targetHints":{"allow":["GET"]}}],"collection":[{"href":"https:\/\/resest.com\/ca\/wp-json\/wp\/v2\/posts"}],"about":[{"href":"https:\/\/resest.com\/ca\/wp-json\/wp\/v2\/types\/post"}],"author":[{"embeddable":true,"href":"https:\/\/resest.com\/ca\/wp-json\/wp\/v2\/users\/3"}],"replies":[{"embeddable":true,"href":"https:\/\/resest.com\/ca\/wp-json\/wp\/v2\/comments?post=1489"}],"version-history":[{"count":0,"href":"https:\/\/resest.com\/ca\/wp-json\/wp\/v2\/posts\/1489\/revisions"}],"wp:attachment":[{"href":"https:\/\/resest.com\/ca\/wp-json\/wp\/v2\/media?parent=1489"}],"wp:term":[{"taxonomy":"category","embeddable":true,"href":"https:\/\/resest.com\/ca\/wp-json\/wp\/v2\/categories?post=1489"},{"taxonomy":"post_tag","embeddable":true,"href":"https:\/\/resest.com\/ca\/wp-json\/wp\/v2\/tags?post=1489"}],"curies":[{"name":"wp","href":"https:\/\/api.w.org\/{rel}","templated":true}]}}