{"id":1425,"date":"2013-11-20T10:44:28","date_gmt":"2013-11-20T09:44:28","guid":{"rendered":"http:\/\/www.resest.com\/?p=1425"},"modified":"2018-08-23T09:06:44","modified_gmt":"2018-08-23T08:06:44","slug":"resest-residencia-estudiants-sabadell-proposa-la-setmana-ciencia","status":"publish","type":"post","link":"https:\/\/resest.com\/ca\/blog\/resest-residencia-estudiants-sabadell-proposa-la-setmana-ciencia\/","title":{"rendered":"No us perdeu la 18a Setmana de la Ci\u00e8ncia!"},"content":{"rendered":"<p style=\"text-align: justify;\">Del 15 al 24 de novembre se celebrar\u00e0 a Catalunya la 18a Setmana de la Ci\u00e8ncia.<\/p>\n<p style=\"text-align: justify;\">Durant la Setmana de la Ci\u00e8ncia se celebraran tot un munt d\u2019activitats de divulgaci\u00f3 cient\u00edfica arreu del nostre territori. Jornades de portes obertes, exposicions, xerrades, jocs, tallers cient\u00edfics&#8230; tot un ventall de possibilitats al teu abast.<\/p>\n<p style=\"text-align: justify;\">Els temes centrals de l&#8217;edici\u00f3 d&#8217;enguany s\u00f3n l\u2019estad\u00edstica, l\u2019aigua i Einstein amb motiu de la celebraci\u00f3, aquest 2013, de l\u2019Any Internacional de l\u2019Estad\u00edstica, l\u2019Any Internacional de la Cooperaci\u00f3 en l\u2019Esfera de l\u2019Aigua i la commemoraci\u00f3 del 90\u00e8 aniversari de la visita d\u2019Albert Einstein a Catalunya.<\/p>\n<p style=\"text-align: justify;\">Per a m\u00e9s informaci\u00f3 podeu consultar a la <strong><a href=\"http:\/\/setmanaciencia.fundaciorecerca.cat\/calendari\" target=\"_blank\" rel=\"noopener\">web<\/a>.<\/strong><\/p>\n<p style=\"text-align: justify;\">La Setmana de la Ci\u00e8ncia \u00e9s una iniciativa coordinada per la Fundaci\u00f3 Catalana per a la Recerca i la Innovaci\u00f3.<\/p>\n<p style=\"text-align: justify;\">Font: <strong><a href=\"http:\/\/setmanaciencia.fundaciorecerca.cat\" target=\"_blank\" rel=\"noopener\">http:\/\/setmanaciencia.fundaciorecerca.cat<\/a><\/strong><\/p>\n","protected":false},"excerpt":{"rendered":"<p>Del 15 al 24 de novembre se celebrar\u00e0 a Catalunya la 18a Setmana de la Ci\u00e8ncia. Durant la Setmana de la Ci\u00e8ncia se celebraran tot un munt d\u2019activitats de divulgaci\u00f3 cient\u00edfica arreu del nostre territori. Jornades de portes obertes, exposicions, xerrades, jocs, tallers cient\u00edfics&#8230; tot un ventall de possibilitats al teu abast. Els temes centrals&hellip;<\/p>\n","protected":false},"author":3,"featured_media":0,"comment_status":"closed","ping_status":"open","sticky":false,"template":"","format":"standard","meta":{"footnotes":""},"categories":[6],"tags":[],"class_list":["post-1425","post","type-post","status-publish","format-standard","hentry","category-blog","entry","no-media"],"yoast_head":"<!-- This site is optimized with the Yoast SEO plugin v26.4 - https:\/\/yoast.com\/wordpress\/plugins\/seo\/ -->\n<title>Resid\u00e8ncia d&#039;Estudiants l&#039;Estaci\u00f3 de Sabadell amb la ci\u00e8ncia - Resest<\/title>\n<meta name=\"description\" content=\"Pr\u00f2ximament se celebra la Setmana de la ci\u00e8ncia i la Resid\u00e8ncia d&#039;Estudiants l&#039;Estaci\u00f3 de Sabadell recomana les seves activitats programades.\" \/>\n<meta name=\"robots\" content=\"index, follow, max-snippet:-1, max-image-preview:large, max-video-preview:-1\" \/>\n<link rel=\"canonical\" href=\"https:\/\/resest.com\/ca\/blog\/resest-residencia-estudiants-sabadell-proposa-la-setmana-ciencia\/\" \/>\n<meta property=\"og:locale\" content=\"ca_ES\" \/>\n<meta property=\"og:type\" content=\"article\" \/>\n<meta property=\"og:title\" content=\"Resid\u00e8ncia d&#039;Estudiants l&#039;Estaci\u00f3 de Sabadell amb la ci\u00e8ncia - Resest\" \/>\n<meta property=\"og:description\" content=\"Pr\u00f2ximament se celebra la Setmana de la ci\u00e8ncia i la Resid\u00e8ncia d&#039;Estudiants l&#039;Estaci\u00f3 de Sabadell recomana les seves activitats programades.\" \/>\n<meta property=\"og:url\" content=\"https:\/\/resest.com\/ca\/blog\/resest-residencia-estudiants-sabadell-proposa-la-setmana-ciencia\/\" \/>\n<meta property=\"og:site_name\" content=\"Resid\u00e8ncia d&#039;Estudiants l&#039;Estaci\u00f3 de Sabadell | Resest\" \/>\n<meta property=\"article:published_time\" content=\"2013-11-20T09:44:28+00:00\" \/>\n<meta property=\"article:modified_time\" content=\"2018-08-23T08:06:44+00:00\" \/>\n<meta name=\"author\" content=\"Resest\" \/>\n<meta name=\"twitter:label1\" content=\"Written by\" \/>\n\t<meta name=\"twitter:data1\" content=\"Resest\" \/>\n\t<meta name=\"twitter:label2\" content=\"Est. reading time\" \/>\n\t<meta name=\"twitter:data2\" content=\"1 minute\" \/>\n<script type=\"application\/ld+json\" class=\"yoast-schema-graph\">{\"@context\":\"https:\/\/schema.org\",\"@graph\":[{\"@type\":\"Article\",\"@id\":\"https:\/\/resest.com\/ca\/blog\/resest-residencia-estudiants-sabadell-proposa-la-setmana-ciencia\/#article\",\"isPartOf\":{\"@id\":\"https:\/\/resest.com\/ca\/blog\/resest-residencia-estudiants-sabadell-proposa-la-setmana-ciencia\/\"},\"author\":{\"name\":\"Resest\",\"@id\":\"https:\/\/resest.com\/ca\/#\/schema\/person\/f66d2b5dae2cd0a989ab720dd211d2a9\"},\"headline\":\"No us perdeu la 18a Setmana de la Ci\u00e8ncia!\",\"datePublished\":\"2013-11-20T09:44:28+00:00\",\"dateModified\":\"2018-08-23T08:06:44+00:00\",\"mainEntityOfPage\":{\"@id\":\"https:\/\/resest.com\/ca\/blog\/resest-residencia-estudiants-sabadell-proposa-la-setmana-ciencia\/\"},\"wordCount\":157,\"publisher\":{\"@id\":\"https:\/\/resest.com\/ca\/#organization\"},\"articleSection\":[\"Blog\"],\"inLanguage\":\"ca-ES\"},{\"@type\":\"WebPage\",\"@id\":\"https:\/\/resest.com\/ca\/blog\/resest-residencia-estudiants-sabadell-proposa-la-setmana-ciencia\/\",\"url\":\"https:\/\/resest.com\/ca\/blog\/resest-residencia-estudiants-sabadell-proposa-la-setmana-ciencia\/\",\"name\":\"Resid\u00e8ncia d'Estudiants l'Estaci\u00f3 de Sabadell amb la ci\u00e8ncia - Resest\",\"isPartOf\":{\"@id\":\"https:\/\/resest.com\/ca\/#website\"},\"datePublished\":\"2013-11-20T09:44:28+00:00\",\"dateModified\":\"2018-08-23T08:06:44+00:00\",\"description\":\"Pr\u00f2ximament se celebra la Setmana de la ci\u00e8ncia i la Resid\u00e8ncia d'Estudiants l'Estaci\u00f3 de Sabadell recomana les seves activitats programades.\",\"breadcrumb\":{\"@id\":\"https:\/\/resest.com\/ca\/blog\/resest-residencia-estudiants-sabadell-proposa-la-setmana-ciencia\/#breadcrumb\"},\"inLanguage\":\"ca-ES\",\"potentialAction\":[{\"@type\":\"ReadAction\",\"target\":[\"https:\/\/resest.com\/ca\/blog\/resest-residencia-estudiants-sabadell-proposa-la-setmana-ciencia\/\"]}]},{\"@type\":\"BreadcrumbList\",\"@id\":\"https:\/\/resest.com\/ca\/blog\/resest-residencia-estudiants-sabadell-proposa-la-setmana-ciencia\/#breadcrumb\",\"itemListElement\":[{\"@type\":\"ListItem\",\"position\":1,\"name\":\"Inici\",\"item\":\"https:\/\/resest.com\/ca\/\"},{\"@type\":\"ListItem\",\"position\":2,\"name\":\"No us perdeu la 18a Setmana de la Ci\u00e8ncia!\"}]},{\"@type\":\"WebSite\",\"@id\":\"https:\/\/resest.com\/ca\/#website\",\"url\":\"https:\/\/resest.com\/ca\/\",\"name\":\"Resid\u00e8ncia d&#039;Estudiants l&#039;Estaci\u00f3 de Sabadell | Resest\",\"description\":\"Prop de l\u2019Universitat Aut\u00f2noma de Barcelona (UAB)\",\"publisher\":{\"@id\":\"https:\/\/resest.com\/ca\/#organization\"},\"potentialAction\":[{\"@type\":\"SearchAction\",\"target\":{\"@type\":\"EntryPoint\",\"urlTemplate\":\"https:\/\/resest.com\/ca\/?s={search_term_string}\"},\"query-input\":{\"@type\":\"PropertyValueSpecification\",\"valueRequired\":true,\"valueName\":\"search_term_string\"}}],\"inLanguage\":\"ca-ES\"},{\"@type\":\"Organization\",\"@id\":\"https:\/\/resest.com\/ca\/#organization\",\"name\":\"Resid\u00e8ncia d&#039;Estudiants l&#039;Estaci\u00f3 de Sabadell | Resest\",\"url\":\"https:\/\/resest.com\/ca\/\",\"logo\":{\"@type\":\"ImageObject\",\"inLanguage\":\"ca-ES\",\"@id\":\"https:\/\/resest.com\/ca\/#\/schema\/logo\/image\/\",\"url\":\"https:\/\/resest.com\/wp-content\/uploads\/2024\/03\/Facana-1.jpg\",\"contentUrl\":\"https:\/\/resest.com\/wp-content\/uploads\/2024\/03\/Facana-1.jpg\",\"width\":1200,\"height\":1009,\"caption\":\"Resid\u00e8ncia d&#039;Estudiants l&#039;Estaci\u00f3 de Sabadell | Resest\"},\"image\":{\"@id\":\"https:\/\/resest.com\/ca\/#\/schema\/logo\/image\/\"}},{\"@type\":\"Person\",\"@id\":\"https:\/\/resest.com\/ca\/#\/schema\/person\/f66d2b5dae2cd0a989ab720dd211d2a9\",\"name\":\"Resest\",\"image\":{\"@type\":\"ImageObject\",\"inLanguage\":\"ca-ES\",\"@id\":\"https:\/\/resest.com\/ca\/#\/schema\/person\/image\/\",\"url\":\"https:\/\/secure.gravatar.com\/avatar\/a5d542eca874617a8a62a45c724821a615f770cf5bde5e61a93a7a2562faba7a?s=96&d=mm&r=g\",\"contentUrl\":\"https:\/\/secure.gravatar.com\/avatar\/a5d542eca874617a8a62a45c724821a615f770cf5bde5e61a93a7a2562faba7a?s=96&d=mm&r=g\",\"caption\":\"Resest\"},\"url\":\"https:\/\/resest.com\/ca\/author\/resest\/\"}]}<\/script>\n<!-- \/ Yoast SEO plugin. -->","yoast_head_json":{"title":"Resid\u00e8ncia d'Estudiants l'Estaci\u00f3 de Sabadell amb la ci\u00e8ncia - Resest","description":"Pr\u00f2ximament se celebra la Setmana de la ci\u00e8ncia i la Resid\u00e8ncia d'Estudiants l'Estaci\u00f3 de Sabadell recomana les seves activitats programades.","robots":{"index":"index","follow":"follow","max-snippet":"max-snippet:-1","max-image-preview":"max-image-preview:large","max-video-preview":"max-video-preview:-1"},"canonical":"https:\/\/resest.com\/ca\/blog\/resest-residencia-estudiants-sabadell-proposa-la-setmana-ciencia\/","og_locale":"ca_ES","og_type":"article","og_title":"Resid\u00e8ncia d'Estudiants l'Estaci\u00f3 de Sabadell amb la ci\u00e8ncia - Resest","og_description":"Pr\u00f2ximament se celebra la Setmana de la ci\u00e8ncia i la Resid\u00e8ncia d'Estudiants l'Estaci\u00f3 de Sabadell recomana les seves activitats programades.","og_url":"https:\/\/resest.com\/ca\/blog\/resest-residencia-estudiants-sabadell-proposa-la-setmana-ciencia\/","og_site_name":"Resid\u00e8ncia d&#039;Estudiants l&#039;Estaci\u00f3 de Sabadell | Resest","article_published_time":"2013-11-20T09:44:28+00:00","article_modified_time":"2018-08-23T08:06:44+00:00","author":"Resest","twitter_misc":{"Written by":"Resest","Est. reading time":"1 minute"},"schema":{"@context":"https:\/\/schema.org","@graph":[{"@type":"Article","@id":"https:\/\/resest.com\/ca\/blog\/resest-residencia-estudiants-sabadell-proposa-la-setmana-ciencia\/#article","isPartOf":{"@id":"https:\/\/resest.com\/ca\/blog\/resest-residencia-estudiants-sabadell-proposa-la-setmana-ciencia\/"},"author":{"name":"Resest","@id":"https:\/\/resest.com\/ca\/#\/schema\/person\/f66d2b5dae2cd0a989ab720dd211d2a9"},"headline":"No us perdeu la 18a Setmana de la Ci\u00e8ncia!","datePublished":"2013-11-20T09:44:28+00:00","dateModified":"2018-08-23T08:06:44+00:00","mainEntityOfPage":{"@id":"https:\/\/resest.com\/ca\/blog\/resest-residencia-estudiants-sabadell-proposa-la-setmana-ciencia\/"},"wordCount":157,"publisher":{"@id":"https:\/\/resest.com\/ca\/#organization"},"articleSection":["Blog"],"inLanguage":"ca-ES"},{"@type":"WebPage","@id":"https:\/\/resest.com\/ca\/blog\/resest-residencia-estudiants-sabadell-proposa-la-setmana-ciencia\/","url":"https:\/\/resest.com\/ca\/blog\/resest-residencia-estudiants-sabadell-proposa-la-setmana-ciencia\/","name":"Resid\u00e8ncia d'Estudiants l'Estaci\u00f3 de Sabadell amb la ci\u00e8ncia - Resest","isPartOf":{"@id":"https:\/\/resest.com\/ca\/#website"},"datePublished":"2013-11-20T09:44:28+00:00","dateModified":"2018-08-23T08:06:44+00:00","description":"Pr\u00f2ximament se celebra la Setmana de la ci\u00e8ncia i la Resid\u00e8ncia d'Estudiants l'Estaci\u00f3 de Sabadell recomana les seves activitats programades.","breadcrumb":{"@id":"https:\/\/resest.com\/ca\/blog\/resest-residencia-estudiants-sabadell-proposa-la-setmana-ciencia\/#breadcrumb"},"inLanguage":"ca-ES","potentialAction":[{"@type":"ReadAction","target":["https:\/\/resest.com\/ca\/blog\/resest-residencia-estudiants-sabadell-proposa-la-setmana-ciencia\/"]}]},{"@type":"BreadcrumbList","@id":"https:\/\/resest.com\/ca\/blog\/resest-residencia-estudiants-sabadell-proposa-la-setmana-ciencia\/#breadcrumb","itemListElement":[{"@type":"ListItem","position":1,"name":"Inici","item":"https:\/\/resest.com\/ca\/"},{"@type":"ListItem","position":2,"name":"No us perdeu la 18a Setmana de la Ci\u00e8ncia!"}]},{"@type":"WebSite","@id":"https:\/\/resest.com\/ca\/#website","url":"https:\/\/resest.com\/ca\/","name":"Resid\u00e8ncia d&#039;Estudiants l&#039;Estaci\u00f3 de Sabadell | Resest","description":"Prop de l\u2019Universitat Aut\u00f2noma de Barcelona (UAB)","publisher":{"@id":"https:\/\/resest.com\/ca\/#organization"},"potentialAction":[{"@type":"SearchAction","target":{"@type":"EntryPoint","urlTemplate":"https:\/\/resest.com\/ca\/?s={search_term_string}"},"query-input":{"@type":"PropertyValueSpecification","valueRequired":true,"valueName":"search_term_string"}}],"inLanguage":"ca-ES"},{"@type":"Organization","@id":"https:\/\/resest.com\/ca\/#organization","name":"Resid\u00e8ncia d&#039;Estudiants l&#039;Estaci\u00f3 de Sabadell | Resest","url":"https:\/\/resest.com\/ca\/","logo":{"@type":"ImageObject","inLanguage":"ca-ES","@id":"https:\/\/resest.com\/ca\/#\/schema\/logo\/image\/","url":"https:\/\/resest.com\/wp-content\/uploads\/2024\/03\/Facana-1.jpg","contentUrl":"https:\/\/resest.com\/wp-content\/uploads\/2024\/03\/Facana-1.jpg","width":1200,"height":1009,"caption":"Resid\u00e8ncia d&#039;Estudiants l&#039;Estaci\u00f3 de Sabadell | Resest"},"image":{"@id":"https:\/\/resest.com\/ca\/#\/schema\/logo\/image\/"}},{"@type":"Person","@id":"https:\/\/resest.com\/ca\/#\/schema\/person\/f66d2b5dae2cd0a989ab720dd211d2a9","name":"Resest","image":{"@type":"ImageObject","inLanguage":"ca-ES","@id":"https:\/\/resest.com\/ca\/#\/schema\/person\/image\/","url":"https:\/\/secure.gravatar.com\/avatar\/a5d542eca874617a8a62a45c724821a615f770cf5bde5e61a93a7a2562faba7a?s=96&d=mm&r=g","contentUrl":"https:\/\/secure.gravatar.com\/avatar\/a5d542eca874617a8a62a45c724821a615f770cf5bde5e61a93a7a2562faba7a?s=96&d=mm&r=g","caption":"Resest"},"url":"https:\/\/resest.com\/ca\/author\/resest\/"}]}},"_links":{"self":[{"href":"https:\/\/resest.com\/ca\/wp-json\/wp\/v2\/posts\/1425","targetHints":{"allow":["GET"]}}],"collection":[{"href":"https:\/\/resest.com\/ca\/wp-json\/wp\/v2\/posts"}],"about":[{"href":"https:\/\/resest.com\/ca\/wp-json\/wp\/v2\/types\/post"}],"author":[{"embeddable":true,"href":"https:\/\/resest.com\/ca\/wp-json\/wp\/v2\/users\/3"}],"replies":[{"embeddable":true,"href":"https:\/\/resest.com\/ca\/wp-json\/wp\/v2\/comments?post=1425"}],"version-history":[{"count":0,"href":"https:\/\/resest.com\/ca\/wp-json\/wp\/v2\/posts\/1425\/revisions"}],"wp:attachment":[{"href":"https:\/\/resest.com\/ca\/wp-json\/wp\/v2\/media?parent=1425"}],"wp:term":[{"taxonomy":"category","embeddable":true,"href":"https:\/\/resest.com\/ca\/wp-json\/wp\/v2\/categories?post=1425"},{"taxonomy":"post_tag","embeddable":true,"href":"https:\/\/resest.com\/ca\/wp-json\/wp\/v2\/tags?post=1425"}],"curies":[{"name":"wp","href":"https:\/\/api.w.org\/{rel}","templated":true}]}}