{"id":1374,"date":"2013-10-22T09:26:26","date_gmt":"2013-10-22T08:26:26","guid":{"rendered":"http:\/\/www.resest.com\/?p=1374"},"modified":"2018-08-23T09:28:17","modified_gmt":"2018-08-23T08:28:17","slug":"celebracions-residencia-estudiants-resest","status":"publish","type":"post","link":"https:\/\/resest.com\/ca\/blog\/celebracions-residencia-estudiants-resest\/","title":{"rendered":"A la Resid\u00e8ncia hem celebrat alguns esdeveniments."},"content":{"rendered":"<p><img loading=\"lazy\" decoding=\"async\" class=\"aligncenter size-large wp-image-1375\" title=\"Celebraci\u00f3 aniversaris Anna, Alba, S\u00edlvia\" src=\"http:\/\/www.resest.com\/wp-content\/uploads\/Aniversari-Anna-Alba-S\u00edlvia-620x465.jpg\" alt=\"\" width=\"620\" height=\"465\" \/><img loading=\"lazy\" decoding=\"async\" class=\"aligncenter size-large wp-image-1376\" title=\"Celebraci\u00f3 Aniversari Cristina\" src=\"http:\/\/www.resest.com\/wp-content\/uploads\/20131017_214112-620x465.jpg\" alt=\"\" width=\"620\" height=\"465\" \/><\/p>\n","protected":false},"excerpt":{"rendered":"","protected":false},"author":3,"featured_media":0,"comment_status":"closed","ping_status":"open","sticky":false,"template":"","format":"standard","meta":{"footnotes":""},"categories":[6],"tags":[],"class_list":["post-1374","post","type-post","status-publish","format-standard","hentry","category-blog","entry","no-media"],"yoast_head":"<!-- This site is optimized with the Yoast SEO plugin v26.4 - https:\/\/yoast.com\/wordpress\/plugins\/seo\/ -->\n<title>M\u00faltiples celebracions en la Resid\u00e8ncia d&#039;estudiants - Resest<\/title>\n<meta name=\"description\" content=\"Aquestes fotografies s\u00f3n una petita mostra del bon ambient que hi ha a la nostra resid\u00e8ncia d&#039;estudiants. A Resest som com una petita fam\u00edlia!\" \/>\n<meta name=\"robots\" content=\"index, follow, max-snippet:-1, max-image-preview:large, max-video-preview:-1\" \/>\n<link rel=\"canonical\" href=\"https:\/\/resest.com\/ca\/blog\/celebracions-residencia-estudiants-resest\/\" \/>\n<meta property=\"og:locale\" content=\"ca_ES\" \/>\n<meta property=\"og:type\" content=\"article\" \/>\n<meta property=\"og:title\" content=\"M\u00faltiples celebracions en la Resid\u00e8ncia d&#039;estudiants - Resest\" \/>\n<meta property=\"og:description\" content=\"Aquestes fotografies s\u00f3n una petita mostra del bon ambient que hi ha a la nostra resid\u00e8ncia d&#039;estudiants. A Resest som com una petita fam\u00edlia!\" \/>\n<meta property=\"og:url\" content=\"https:\/\/resest.com\/ca\/blog\/celebracions-residencia-estudiants-resest\/\" \/>\n<meta property=\"og:site_name\" content=\"Resid\u00e8ncia d&#039;Estudiants l&#039;Estaci\u00f3 de Sabadell | Resest\" \/>\n<meta property=\"article:published_time\" content=\"2013-10-22T08:26:26+00:00\" \/>\n<meta property=\"article:modified_time\" content=\"2018-08-23T08:28:17+00:00\" \/>\n<meta property=\"og:image\" content=\"http:\/\/www.resest.com\/wp-content\/uploads\/20131017_214112-620x465.jpg\" \/>\n<meta name=\"author\" content=\"Resest\" \/>\n<meta name=\"twitter:label1\" content=\"Written by\" \/>\n\t<meta name=\"twitter:data1\" content=\"Resest\" \/>\n<script type=\"application\/ld+json\" class=\"yoast-schema-graph\">{\"@context\":\"https:\/\/schema.org\",\"@graph\":[{\"@type\":\"Article\",\"@id\":\"https:\/\/resest.com\/ca\/blog\/celebracions-residencia-estudiants-resest\/#article\",\"isPartOf\":{\"@id\":\"https:\/\/resest.com\/ca\/blog\/celebracions-residencia-estudiants-resest\/\"},\"author\":{\"name\":\"Resest\",\"@id\":\"https:\/\/resest.com\/ca\/#\/schema\/person\/f66d2b5dae2cd0a989ab720dd211d2a9\"},\"headline\":\"A la Resid\u00e8ncia hem celebrat alguns esdeveniments.\",\"datePublished\":\"2013-10-22T08:26:26+00:00\",\"dateModified\":\"2018-08-23T08:28:17+00:00\",\"mainEntityOfPage\":{\"@id\":\"https:\/\/resest.com\/ca\/blog\/celebracions-residencia-estudiants-resest\/\"},\"wordCount\":8,\"publisher\":{\"@id\":\"https:\/\/resest.com\/ca\/#organization\"},\"image\":{\"@id\":\"https:\/\/resest.com\/ca\/blog\/celebracions-residencia-estudiants-resest\/#primaryimage\"},\"thumbnailUrl\":\"http:\/\/www.resest.com\/wp-content\/uploads\/20131017_214112-620x465.jpg\",\"articleSection\":[\"Blog\"],\"inLanguage\":\"ca-ES\"},{\"@type\":\"WebPage\",\"@id\":\"https:\/\/resest.com\/ca\/blog\/celebracions-residencia-estudiants-resest\/\",\"url\":\"https:\/\/resest.com\/ca\/blog\/celebracions-residencia-estudiants-resest\/\",\"name\":\"M\u00faltiples celebracions en la Resid\u00e8ncia d'estudiants - Resest\",\"isPartOf\":{\"@id\":\"https:\/\/resest.com\/ca\/#website\"},\"primaryImageOfPage\":{\"@id\":\"https:\/\/resest.com\/ca\/blog\/celebracions-residencia-estudiants-resest\/#primaryimage\"},\"image\":{\"@id\":\"https:\/\/resest.com\/ca\/blog\/celebracions-residencia-estudiants-resest\/#primaryimage\"},\"thumbnailUrl\":\"http:\/\/www.resest.com\/wp-content\/uploads\/20131017_214112-620x465.jpg\",\"datePublished\":\"2013-10-22T08:26:26+00:00\",\"dateModified\":\"2018-08-23T08:28:17+00:00\",\"description\":\"Aquestes fotografies s\u00f3n una petita mostra del bon ambient que hi ha a la nostra resid\u00e8ncia d'estudiants. A Resest som com una petita fam\u00edlia!\",\"breadcrumb\":{\"@id\":\"https:\/\/resest.com\/ca\/blog\/celebracions-residencia-estudiants-resest\/#breadcrumb\"},\"inLanguage\":\"ca-ES\",\"potentialAction\":[{\"@type\":\"ReadAction\",\"target\":[\"https:\/\/resest.com\/ca\/blog\/celebracions-residencia-estudiants-resest\/\"]}]},{\"@type\":\"ImageObject\",\"inLanguage\":\"ca-ES\",\"@id\":\"https:\/\/resest.com\/ca\/blog\/celebracions-residencia-estudiants-resest\/#primaryimage\",\"url\":\"http:\/\/www.resest.com\/wp-content\/uploads\/20131017_214112-620x465.jpg\",\"contentUrl\":\"http:\/\/www.resest.com\/wp-content\/uploads\/20131017_214112-620x465.jpg\"},{\"@type\":\"BreadcrumbList\",\"@id\":\"https:\/\/resest.com\/ca\/blog\/celebracions-residencia-estudiants-resest\/#breadcrumb\",\"itemListElement\":[{\"@type\":\"ListItem\",\"position\":1,\"name\":\"Inici\",\"item\":\"https:\/\/resest.com\/ca\/\"},{\"@type\":\"ListItem\",\"position\":2,\"name\":\"A la Resid\u00e8ncia hem celebrat alguns esdeveniments.\"}]},{\"@type\":\"WebSite\",\"@id\":\"https:\/\/resest.com\/ca\/#website\",\"url\":\"https:\/\/resest.com\/ca\/\",\"name\":\"Resid\u00e8ncia d&#039;Estudiants l&#039;Estaci\u00f3 de Sabadell | Resest\",\"description\":\"Prop de l\u2019Universitat Aut\u00f2noma de Barcelona (UAB)\",\"publisher\":{\"@id\":\"https:\/\/resest.com\/ca\/#organization\"},\"potentialAction\":[{\"@type\":\"SearchAction\",\"target\":{\"@type\":\"EntryPoint\",\"urlTemplate\":\"https:\/\/resest.com\/ca\/?s={search_term_string}\"},\"query-input\":{\"@type\":\"PropertyValueSpecification\",\"valueRequired\":true,\"valueName\":\"search_term_string\"}}],\"inLanguage\":\"ca-ES\"},{\"@type\":\"Organization\",\"@id\":\"https:\/\/resest.com\/ca\/#organization\",\"name\":\"Resid\u00e8ncia d&#039;Estudiants l&#039;Estaci\u00f3 de Sabadell | Resest\",\"url\":\"https:\/\/resest.com\/ca\/\",\"logo\":{\"@type\":\"ImageObject\",\"inLanguage\":\"ca-ES\",\"@id\":\"https:\/\/resest.com\/ca\/#\/schema\/logo\/image\/\",\"url\":\"https:\/\/resest.com\/wp-content\/uploads\/2024\/03\/Facana-1.jpg\",\"contentUrl\":\"https:\/\/resest.com\/wp-content\/uploads\/2024\/03\/Facana-1.jpg\",\"width\":1200,\"height\":1009,\"caption\":\"Resid\u00e8ncia d&#039;Estudiants l&#039;Estaci\u00f3 de Sabadell | Resest\"},\"image\":{\"@id\":\"https:\/\/resest.com\/ca\/#\/schema\/logo\/image\/\"}},{\"@type\":\"Person\",\"@id\":\"https:\/\/resest.com\/ca\/#\/schema\/person\/f66d2b5dae2cd0a989ab720dd211d2a9\",\"name\":\"Resest\",\"image\":{\"@type\":\"ImageObject\",\"inLanguage\":\"ca-ES\",\"@id\":\"https:\/\/resest.com\/ca\/#\/schema\/person\/image\/\",\"url\":\"https:\/\/secure.gravatar.com\/avatar\/a5d542eca874617a8a62a45c724821a615f770cf5bde5e61a93a7a2562faba7a?s=96&d=mm&r=g\",\"contentUrl\":\"https:\/\/secure.gravatar.com\/avatar\/a5d542eca874617a8a62a45c724821a615f770cf5bde5e61a93a7a2562faba7a?s=96&d=mm&r=g\",\"caption\":\"Resest\"},\"url\":\"https:\/\/resest.com\/ca\/author\/resest\/\"}]}<\/script>\n<!-- \/ Yoast SEO plugin. -->","yoast_head_json":{"title":"M\u00faltiples celebracions en la Resid\u00e8ncia d'estudiants - Resest","description":"Aquestes fotografies s\u00f3n una petita mostra del bon ambient que hi ha a la nostra resid\u00e8ncia d'estudiants. A Resest som com una petita fam\u00edlia!","robots":{"index":"index","follow":"follow","max-snippet":"max-snippet:-1","max-image-preview":"max-image-preview:large","max-video-preview":"max-video-preview:-1"},"canonical":"https:\/\/resest.com\/ca\/blog\/celebracions-residencia-estudiants-resest\/","og_locale":"ca_ES","og_type":"article","og_title":"M\u00faltiples celebracions en la Resid\u00e8ncia d'estudiants - Resest","og_description":"Aquestes fotografies s\u00f3n una petita mostra del bon ambient que hi ha a la nostra resid\u00e8ncia d'estudiants. A Resest som com una petita fam\u00edlia!","og_url":"https:\/\/resest.com\/ca\/blog\/celebracions-residencia-estudiants-resest\/","og_site_name":"Resid\u00e8ncia d&#039;Estudiants l&#039;Estaci\u00f3 de Sabadell | Resest","article_published_time":"2013-10-22T08:26:26+00:00","article_modified_time":"2018-08-23T08:28:17+00:00","og_image":[{"url":"http:\/\/www.resest.com\/wp-content\/uploads\/20131017_214112-620x465.jpg","type":"","width":"","height":""}],"author":"Resest","twitter_misc":{"Written by":"Resest"},"schema":{"@context":"https:\/\/schema.org","@graph":[{"@type":"Article","@id":"https:\/\/resest.com\/ca\/blog\/celebracions-residencia-estudiants-resest\/#article","isPartOf":{"@id":"https:\/\/resest.com\/ca\/blog\/celebracions-residencia-estudiants-resest\/"},"author":{"name":"Resest","@id":"https:\/\/resest.com\/ca\/#\/schema\/person\/f66d2b5dae2cd0a989ab720dd211d2a9"},"headline":"A la Resid\u00e8ncia hem celebrat alguns esdeveniments.","datePublished":"2013-10-22T08:26:26+00:00","dateModified":"2018-08-23T08:28:17+00:00","mainEntityOfPage":{"@id":"https:\/\/resest.com\/ca\/blog\/celebracions-residencia-estudiants-resest\/"},"wordCount":8,"publisher":{"@id":"https:\/\/resest.com\/ca\/#organization"},"image":{"@id":"https:\/\/resest.com\/ca\/blog\/celebracions-residencia-estudiants-resest\/#primaryimage"},"thumbnailUrl":"http:\/\/www.resest.com\/wp-content\/uploads\/20131017_214112-620x465.jpg","articleSection":["Blog"],"inLanguage":"ca-ES"},{"@type":"WebPage","@id":"https:\/\/resest.com\/ca\/blog\/celebracions-residencia-estudiants-resest\/","url":"https:\/\/resest.com\/ca\/blog\/celebracions-residencia-estudiants-resest\/","name":"M\u00faltiples celebracions en la Resid\u00e8ncia d'estudiants - Resest","isPartOf":{"@id":"https:\/\/resest.com\/ca\/#website"},"primaryImageOfPage":{"@id":"https:\/\/resest.com\/ca\/blog\/celebracions-residencia-estudiants-resest\/#primaryimage"},"image":{"@id":"https:\/\/resest.com\/ca\/blog\/celebracions-residencia-estudiants-resest\/#primaryimage"},"thumbnailUrl":"http:\/\/www.resest.com\/wp-content\/uploads\/20131017_214112-620x465.jpg","datePublished":"2013-10-22T08:26:26+00:00","dateModified":"2018-08-23T08:28:17+00:00","description":"Aquestes fotografies s\u00f3n una petita mostra del bon ambient que hi ha a la nostra resid\u00e8ncia d'estudiants. A Resest som com una petita fam\u00edlia!","breadcrumb":{"@id":"https:\/\/resest.com\/ca\/blog\/celebracions-residencia-estudiants-resest\/#breadcrumb"},"inLanguage":"ca-ES","potentialAction":[{"@type":"ReadAction","target":["https:\/\/resest.com\/ca\/blog\/celebracions-residencia-estudiants-resest\/"]}]},{"@type":"ImageObject","inLanguage":"ca-ES","@id":"https:\/\/resest.com\/ca\/blog\/celebracions-residencia-estudiants-resest\/#primaryimage","url":"http:\/\/www.resest.com\/wp-content\/uploads\/20131017_214112-620x465.jpg","contentUrl":"http:\/\/www.resest.com\/wp-content\/uploads\/20131017_214112-620x465.jpg"},{"@type":"BreadcrumbList","@id":"https:\/\/resest.com\/ca\/blog\/celebracions-residencia-estudiants-resest\/#breadcrumb","itemListElement":[{"@type":"ListItem","position":1,"name":"Inici","item":"https:\/\/resest.com\/ca\/"},{"@type":"ListItem","position":2,"name":"A la Resid\u00e8ncia hem celebrat alguns esdeveniments."}]},{"@type":"WebSite","@id":"https:\/\/resest.com\/ca\/#website","url":"https:\/\/resest.com\/ca\/","name":"Resid\u00e8ncia d&#039;Estudiants l&#039;Estaci\u00f3 de Sabadell | Resest","description":"Prop de l\u2019Universitat Aut\u00f2noma de Barcelona (UAB)","publisher":{"@id":"https:\/\/resest.com\/ca\/#organization"},"potentialAction":[{"@type":"SearchAction","target":{"@type":"EntryPoint","urlTemplate":"https:\/\/resest.com\/ca\/?s={search_term_string}"},"query-input":{"@type":"PropertyValueSpecification","valueRequired":true,"valueName":"search_term_string"}}],"inLanguage":"ca-ES"},{"@type":"Organization","@id":"https:\/\/resest.com\/ca\/#organization","name":"Resid\u00e8ncia d&#039;Estudiants l&#039;Estaci\u00f3 de Sabadell | Resest","url":"https:\/\/resest.com\/ca\/","logo":{"@type":"ImageObject","inLanguage":"ca-ES","@id":"https:\/\/resest.com\/ca\/#\/schema\/logo\/image\/","url":"https:\/\/resest.com\/wp-content\/uploads\/2024\/03\/Facana-1.jpg","contentUrl":"https:\/\/resest.com\/wp-content\/uploads\/2024\/03\/Facana-1.jpg","width":1200,"height":1009,"caption":"Resid\u00e8ncia d&#039;Estudiants l&#039;Estaci\u00f3 de Sabadell | Resest"},"image":{"@id":"https:\/\/resest.com\/ca\/#\/schema\/logo\/image\/"}},{"@type":"Person","@id":"https:\/\/resest.com\/ca\/#\/schema\/person\/f66d2b5dae2cd0a989ab720dd211d2a9","name":"Resest","image":{"@type":"ImageObject","inLanguage":"ca-ES","@id":"https:\/\/resest.com\/ca\/#\/schema\/person\/image\/","url":"https:\/\/secure.gravatar.com\/avatar\/a5d542eca874617a8a62a45c724821a615f770cf5bde5e61a93a7a2562faba7a?s=96&d=mm&r=g","contentUrl":"https:\/\/secure.gravatar.com\/avatar\/a5d542eca874617a8a62a45c724821a615f770cf5bde5e61a93a7a2562faba7a?s=96&d=mm&r=g","caption":"Resest"},"url":"https:\/\/resest.com\/ca\/author\/resest\/"}]}},"_links":{"self":[{"href":"https:\/\/resest.com\/ca\/wp-json\/wp\/v2\/posts\/1374","targetHints":{"allow":["GET"]}}],"collection":[{"href":"https:\/\/resest.com\/ca\/wp-json\/wp\/v2\/posts"}],"about":[{"href":"https:\/\/resest.com\/ca\/wp-json\/wp\/v2\/types\/post"}],"author":[{"embeddable":true,"href":"https:\/\/resest.com\/ca\/wp-json\/wp\/v2\/users\/3"}],"replies":[{"embeddable":true,"href":"https:\/\/resest.com\/ca\/wp-json\/wp\/v2\/comments?post=1374"}],"version-history":[{"count":0,"href":"https:\/\/resest.com\/ca\/wp-json\/wp\/v2\/posts\/1374\/revisions"}],"wp:attachment":[{"href":"https:\/\/resest.com\/ca\/wp-json\/wp\/v2\/media?parent=1374"}],"wp:term":[{"taxonomy":"category","embeddable":true,"href":"https:\/\/resest.com\/ca\/wp-json\/wp\/v2\/categories?post=1374"},{"taxonomy":"post_tag","embeddable":true,"href":"https:\/\/resest.com\/ca\/wp-json\/wp\/v2\/tags?post=1374"}],"curies":[{"name":"wp","href":"https:\/\/api.w.org\/{rel}","templated":true}]}}