{"id":1333,"date":"2013-10-01T09:51:24","date_gmt":"2013-10-01T08:51:24","guid":{"rendered":"http:\/\/www.resest.com\/?p=1333"},"modified":"2018-08-23T09:33:22","modified_gmt":"2018-08-23T08:33:22","slug":"allotjament-estudiantil-museu-del-gas","status":"publish","type":"post","link":"https:\/\/resest.com\/ca\/blog\/allotjament-estudiantil-museu-del-gas\/","title":{"rendered":"Heu visitat el Museu del Gas en Sabadell?"},"content":{"rendered":"<p style=\"text-align: justify;\">El proper diumenge 6 d\u2019octubre de 10 a 14h, entrada lliure al <strong><a href=\"http:\/\/www.fundaciongasnaturalfenosa.org\/es-ES\/MuseoGas\/Paginas\/subhome.aspx\" target=\"_blank\" rel=\"noopener\">Museu del Gas de Sabadell<\/a>.<\/strong><\/p>\n<p style=\"text-align: justify;\">El <strong>Museu del Gas <\/strong>proposa un recorregut per la hist\u00f2ria de la companyia, d&#8217;en\u00e7\u00e0 de l\u2019any 1843 com a \u201cSociedad Catalana para el Alumbrado por Gas\u201d\u00a0 fins a l\u2019actual Gas Natural Fenosa; una descripci\u00f3 de l\u2019evoluci\u00f3 de la ind\u00fastria del gas i l\u2019electricitat en els segles XIX i XX a trav\u00e9s dels canvis socials que comporten les noves tecnologies i els nous invents; una reflexi\u00f3 sobre la import\u00e0ncia de fer servir de manera eficient els recursos naturals i sobre la manera d\u2019obtenir energia de forma continuada, econ\u00f2mica i de baix impacte ambiental; i, finalment, una visi\u00f3 des del mirador de l\u2019edifici que mostra les mesures de sostenibilitat realitzades en la restauraci\u00f3 i la nova construcci\u00f3 del mateix.<\/p>\n<p style=\"text-align: justify;\"><img loading=\"lazy\" decoding=\"async\" class=\"aligncenter size-large wp-image-1354\" title=\"Museu del Gas\" src=\"http:\/\/www.resest.com\/wp-content\/uploads\/Museu2-620x360.jpg\" alt=\"\" width=\"620\" height=\"360\" \/><\/p>\n<p style=\"text-align: justify;\">El Museu del Gas ofereix un <strong>ampli ventall d\u2019activitats i tallers did\u00e0ctics<\/strong> adre\u00e7ats al p\u00fablic infantil. Combina l\u2019exposici\u00f3 permanent i les temporals amb l\u2019organitzaci\u00f3 de cursos i confer\u00e8ncies. L\u2019edifici tamb\u00e9 compta amb la seu institucional i les oficines de la Fundaci\u00f3 Gas Natural Fenosa.<\/p>\n<p style=\"text-align: justify;\">El Museu aplega una col\u00b7lecci\u00f3 d&#8217;unes 3.500 peces i objectes relacionats amb el m\u00f3n del gas i l\u2019electricitat, que s\u2019han anat recuperant des de 1977. Cal destacar la Col\u00b7lecci\u00f3 Catalana de Gas, formada per aparells dom\u00e8stics de gas que pertanyen a l&#8217;\u00e8poca compresa entre finals del segle XIX i la primeria del XX.<\/p>\n<p style=\"text-align: justify;\">Si voleu gaudir d\u2019una interessant i curiosa visita al Museu del Gas, ho podeu fer de dimarts a dissabte de 10 a 14h i de 16 a 20h, i els diumenges de 10 a 14h (el primer diumenge de cada mes l\u2019acc\u00e9s \u00e9s gratu\u00eft).<\/p>\n<p style=\"text-align: justify;\">Podeu trobar el Museu a la seg\u00fcent adre\u00e7a:<\/p>\n<p style=\"text-align: justify;\">Fundaci\u00f3 Gas Natural Fenosa<br \/>\nPla\u00e7a del Gas, 8<br \/>\n08201 Sabadell<br \/>\n<a href=\"http:\/\/www.fundaciongasnaturalfenosa.org\/\">www.fundaciongasnaturalfenosa.org\/<\/a><\/p>\n","protected":false},"excerpt":{"rendered":"<p>El proper diumenge 6 d\u2019octubre de 10 a 14h, entrada lliure al Museu del Gas de Sabadell. El Museu del Gas proposa un recorregut per la hist\u00f2ria de la companyia, d&#8217;en\u00e7\u00e0 de l\u2019any 1843 com a \u201cSociedad Catalana para el Alumbrado por Gas\u201d\u00a0 fins a l\u2019actual Gas Natural Fenosa; una descripci\u00f3 de l\u2019evoluci\u00f3 de la&hellip;<\/p>\n","protected":false},"author":3,"featured_media":0,"comment_status":"closed","ping_status":"open","sticky":false,"template":"","format":"standard","meta":{"footnotes":""},"categories":[6],"tags":[],"class_list":["post-1333","post","type-post","status-publish","format-standard","hentry","category-blog","entry","no-media"],"yoast_head":"<!-- This site is optimized with the Yoast SEO plugin v26.4 - https:\/\/yoast.com\/wordpress\/plugins\/seo\/ -->\n<title>L&#039;allotjament estudiantil Resest proposa el museu del gas a Sabadell<\/title>\n<meta name=\"description\" content=\"L&#039;allotjament estudiantil Resest proposa el museu del gas a Sabadell per a habitants de la zona i sobretot per a les estones d&#039;oci dels seus estudiants.\" \/>\n<meta name=\"robots\" content=\"index, follow, max-snippet:-1, max-image-preview:large, max-video-preview:-1\" \/>\n<link rel=\"canonical\" href=\"https:\/\/resest.com\/ca\/blog\/allotjament-estudiantil-museu-del-gas\/\" \/>\n<meta property=\"og:locale\" content=\"ca_ES\" \/>\n<meta property=\"og:type\" content=\"article\" \/>\n<meta property=\"og:title\" content=\"L&#039;allotjament estudiantil Resest proposa el museu del gas a Sabadell\" \/>\n<meta property=\"og:description\" content=\"L&#039;allotjament estudiantil Resest proposa el museu del gas a Sabadell per a habitants de la zona i sobretot per a les estones d&#039;oci dels seus estudiants.\" \/>\n<meta property=\"og:url\" content=\"https:\/\/resest.com\/ca\/blog\/allotjament-estudiantil-museu-del-gas\/\" \/>\n<meta property=\"og:site_name\" content=\"Resid\u00e8ncia d&#039;Estudiants l&#039;Estaci\u00f3 de Sabadell | Resest\" \/>\n<meta property=\"article:published_time\" content=\"2013-10-01T08:51:24+00:00\" \/>\n<meta property=\"article:modified_time\" content=\"2018-08-23T08:33:22+00:00\" \/>\n<meta property=\"og:image\" content=\"http:\/\/www.resest.com\/wp-content\/uploads\/Museu2-620x360.jpg\" \/>\n<meta name=\"author\" content=\"Resest\" \/>\n<meta name=\"twitter:label1\" content=\"Written by\" \/>\n\t<meta name=\"twitter:data1\" content=\"Resest\" \/>\n\t<meta name=\"twitter:label2\" content=\"Est. reading time\" \/>\n\t<meta name=\"twitter:data2\" content=\"2 minutes\" \/>\n<script type=\"application\/ld+json\" class=\"yoast-schema-graph\">{\"@context\":\"https:\/\/schema.org\",\"@graph\":[{\"@type\":\"Article\",\"@id\":\"https:\/\/resest.com\/ca\/blog\/allotjament-estudiantil-museu-del-gas\/#article\",\"isPartOf\":{\"@id\":\"https:\/\/resest.com\/ca\/blog\/allotjament-estudiantil-museu-del-gas\/\"},\"author\":{\"name\":\"Resest\",\"@id\":\"https:\/\/resest.com\/ca\/#\/schema\/person\/f66d2b5dae2cd0a989ab720dd211d2a9\"},\"headline\":\"Heu visitat el Museu del Gas en Sabadell?\",\"datePublished\":\"2013-10-01T08:51:24+00:00\",\"dateModified\":\"2018-08-23T08:33:22+00:00\",\"mainEntityOfPage\":{\"@id\":\"https:\/\/resest.com\/ca\/blog\/allotjament-estudiantil-museu-del-gas\/\"},\"wordCount\":330,\"publisher\":{\"@id\":\"https:\/\/resest.com\/ca\/#organization\"},\"image\":{\"@id\":\"https:\/\/resest.com\/ca\/blog\/allotjament-estudiantil-museu-del-gas\/#primaryimage\"},\"thumbnailUrl\":\"http:\/\/www.resest.com\/wp-content\/uploads\/Museu2-620x360.jpg\",\"articleSection\":[\"Blog\"],\"inLanguage\":\"ca-ES\"},{\"@type\":\"WebPage\",\"@id\":\"https:\/\/resest.com\/ca\/blog\/allotjament-estudiantil-museu-del-gas\/\",\"url\":\"https:\/\/resest.com\/ca\/blog\/allotjament-estudiantil-museu-del-gas\/\",\"name\":\"L'allotjament estudiantil Resest proposa el museu del gas a Sabadell\",\"isPartOf\":{\"@id\":\"https:\/\/resest.com\/ca\/#website\"},\"primaryImageOfPage\":{\"@id\":\"https:\/\/resest.com\/ca\/blog\/allotjament-estudiantil-museu-del-gas\/#primaryimage\"},\"image\":{\"@id\":\"https:\/\/resest.com\/ca\/blog\/allotjament-estudiantil-museu-del-gas\/#primaryimage\"},\"thumbnailUrl\":\"http:\/\/www.resest.com\/wp-content\/uploads\/Museu2-620x360.jpg\",\"datePublished\":\"2013-10-01T08:51:24+00:00\",\"dateModified\":\"2018-08-23T08:33:22+00:00\",\"description\":\"L'allotjament estudiantil Resest proposa el museu del gas a Sabadell per a habitants de la zona i sobretot per a les estones d'oci dels seus estudiants.\",\"breadcrumb\":{\"@id\":\"https:\/\/resest.com\/ca\/blog\/allotjament-estudiantil-museu-del-gas\/#breadcrumb\"},\"inLanguage\":\"ca-ES\",\"potentialAction\":[{\"@type\":\"ReadAction\",\"target\":[\"https:\/\/resest.com\/ca\/blog\/allotjament-estudiantil-museu-del-gas\/\"]}]},{\"@type\":\"ImageObject\",\"inLanguage\":\"ca-ES\",\"@id\":\"https:\/\/resest.com\/ca\/blog\/allotjament-estudiantil-museu-del-gas\/#primaryimage\",\"url\":\"http:\/\/www.resest.com\/wp-content\/uploads\/Museu2-620x360.jpg\",\"contentUrl\":\"http:\/\/www.resest.com\/wp-content\/uploads\/Museu2-620x360.jpg\"},{\"@type\":\"BreadcrumbList\",\"@id\":\"https:\/\/resest.com\/ca\/blog\/allotjament-estudiantil-museu-del-gas\/#breadcrumb\",\"itemListElement\":[{\"@type\":\"ListItem\",\"position\":1,\"name\":\"Inici\",\"item\":\"https:\/\/resest.com\/ca\/\"},{\"@type\":\"ListItem\",\"position\":2,\"name\":\"Heu visitat el Museu del Gas en Sabadell?\"}]},{\"@type\":\"WebSite\",\"@id\":\"https:\/\/resest.com\/ca\/#website\",\"url\":\"https:\/\/resest.com\/ca\/\",\"name\":\"Resid\u00e8ncia d&#039;Estudiants l&#039;Estaci\u00f3 de Sabadell | Resest\",\"description\":\"Prop de l\u2019Universitat Aut\u00f2noma de Barcelona (UAB)\",\"publisher\":{\"@id\":\"https:\/\/resest.com\/ca\/#organization\"},\"potentialAction\":[{\"@type\":\"SearchAction\",\"target\":{\"@type\":\"EntryPoint\",\"urlTemplate\":\"https:\/\/resest.com\/ca\/?s={search_term_string}\"},\"query-input\":{\"@type\":\"PropertyValueSpecification\",\"valueRequired\":true,\"valueName\":\"search_term_string\"}}],\"inLanguage\":\"ca-ES\"},{\"@type\":\"Organization\",\"@id\":\"https:\/\/resest.com\/ca\/#organization\",\"name\":\"Resid\u00e8ncia d&#039;Estudiants l&#039;Estaci\u00f3 de Sabadell | Resest\",\"url\":\"https:\/\/resest.com\/ca\/\",\"logo\":{\"@type\":\"ImageObject\",\"inLanguage\":\"ca-ES\",\"@id\":\"https:\/\/resest.com\/ca\/#\/schema\/logo\/image\/\",\"url\":\"https:\/\/resest.com\/wp-content\/uploads\/2024\/03\/Facana-1.jpg\",\"contentUrl\":\"https:\/\/resest.com\/wp-content\/uploads\/2024\/03\/Facana-1.jpg\",\"width\":1200,\"height\":1009,\"caption\":\"Resid\u00e8ncia d&#039;Estudiants l&#039;Estaci\u00f3 de Sabadell | Resest\"},\"image\":{\"@id\":\"https:\/\/resest.com\/ca\/#\/schema\/logo\/image\/\"}},{\"@type\":\"Person\",\"@id\":\"https:\/\/resest.com\/ca\/#\/schema\/person\/f66d2b5dae2cd0a989ab720dd211d2a9\",\"name\":\"Resest\",\"image\":{\"@type\":\"ImageObject\",\"inLanguage\":\"ca-ES\",\"@id\":\"https:\/\/resest.com\/ca\/#\/schema\/person\/image\/\",\"url\":\"https:\/\/secure.gravatar.com\/avatar\/a5d542eca874617a8a62a45c724821a615f770cf5bde5e61a93a7a2562faba7a?s=96&d=mm&r=g\",\"contentUrl\":\"https:\/\/secure.gravatar.com\/avatar\/a5d542eca874617a8a62a45c724821a615f770cf5bde5e61a93a7a2562faba7a?s=96&d=mm&r=g\",\"caption\":\"Resest\"},\"url\":\"https:\/\/resest.com\/ca\/author\/resest\/\"}]}<\/script>\n<!-- \/ Yoast SEO plugin. -->","yoast_head_json":{"title":"L'allotjament estudiantil Resest proposa el museu del gas a Sabadell","description":"L'allotjament estudiantil Resest proposa el museu del gas a Sabadell per a habitants de la zona i sobretot per a les estones d'oci dels seus estudiants.","robots":{"index":"index","follow":"follow","max-snippet":"max-snippet:-1","max-image-preview":"max-image-preview:large","max-video-preview":"max-video-preview:-1"},"canonical":"https:\/\/resest.com\/ca\/blog\/allotjament-estudiantil-museu-del-gas\/","og_locale":"ca_ES","og_type":"article","og_title":"L'allotjament estudiantil Resest proposa el museu del gas a Sabadell","og_description":"L'allotjament estudiantil Resest proposa el museu del gas a Sabadell per a habitants de la zona i sobretot per a les estones d'oci dels seus estudiants.","og_url":"https:\/\/resest.com\/ca\/blog\/allotjament-estudiantil-museu-del-gas\/","og_site_name":"Resid\u00e8ncia d&#039;Estudiants l&#039;Estaci\u00f3 de Sabadell | Resest","article_published_time":"2013-10-01T08:51:24+00:00","article_modified_time":"2018-08-23T08:33:22+00:00","og_image":[{"url":"http:\/\/www.resest.com\/wp-content\/uploads\/Museu2-620x360.jpg","type":"","width":"","height":""}],"author":"Resest","twitter_misc":{"Written by":"Resest","Est. reading time":"2 minutes"},"schema":{"@context":"https:\/\/schema.org","@graph":[{"@type":"Article","@id":"https:\/\/resest.com\/ca\/blog\/allotjament-estudiantil-museu-del-gas\/#article","isPartOf":{"@id":"https:\/\/resest.com\/ca\/blog\/allotjament-estudiantil-museu-del-gas\/"},"author":{"name":"Resest","@id":"https:\/\/resest.com\/ca\/#\/schema\/person\/f66d2b5dae2cd0a989ab720dd211d2a9"},"headline":"Heu visitat el Museu del Gas en Sabadell?","datePublished":"2013-10-01T08:51:24+00:00","dateModified":"2018-08-23T08:33:22+00:00","mainEntityOfPage":{"@id":"https:\/\/resest.com\/ca\/blog\/allotjament-estudiantil-museu-del-gas\/"},"wordCount":330,"publisher":{"@id":"https:\/\/resest.com\/ca\/#organization"},"image":{"@id":"https:\/\/resest.com\/ca\/blog\/allotjament-estudiantil-museu-del-gas\/#primaryimage"},"thumbnailUrl":"http:\/\/www.resest.com\/wp-content\/uploads\/Museu2-620x360.jpg","articleSection":["Blog"],"inLanguage":"ca-ES"},{"@type":"WebPage","@id":"https:\/\/resest.com\/ca\/blog\/allotjament-estudiantil-museu-del-gas\/","url":"https:\/\/resest.com\/ca\/blog\/allotjament-estudiantil-museu-del-gas\/","name":"L'allotjament estudiantil Resest proposa el museu del gas a Sabadell","isPartOf":{"@id":"https:\/\/resest.com\/ca\/#website"},"primaryImageOfPage":{"@id":"https:\/\/resest.com\/ca\/blog\/allotjament-estudiantil-museu-del-gas\/#primaryimage"},"image":{"@id":"https:\/\/resest.com\/ca\/blog\/allotjament-estudiantil-museu-del-gas\/#primaryimage"},"thumbnailUrl":"http:\/\/www.resest.com\/wp-content\/uploads\/Museu2-620x360.jpg","datePublished":"2013-10-01T08:51:24+00:00","dateModified":"2018-08-23T08:33:22+00:00","description":"L'allotjament estudiantil Resest proposa el museu del gas a Sabadell per a habitants de la zona i sobretot per a les estones d'oci dels seus estudiants.","breadcrumb":{"@id":"https:\/\/resest.com\/ca\/blog\/allotjament-estudiantil-museu-del-gas\/#breadcrumb"},"inLanguage":"ca-ES","potentialAction":[{"@type":"ReadAction","target":["https:\/\/resest.com\/ca\/blog\/allotjament-estudiantil-museu-del-gas\/"]}]},{"@type":"ImageObject","inLanguage":"ca-ES","@id":"https:\/\/resest.com\/ca\/blog\/allotjament-estudiantil-museu-del-gas\/#primaryimage","url":"http:\/\/www.resest.com\/wp-content\/uploads\/Museu2-620x360.jpg","contentUrl":"http:\/\/www.resest.com\/wp-content\/uploads\/Museu2-620x360.jpg"},{"@type":"BreadcrumbList","@id":"https:\/\/resest.com\/ca\/blog\/allotjament-estudiantil-museu-del-gas\/#breadcrumb","itemListElement":[{"@type":"ListItem","position":1,"name":"Inici","item":"https:\/\/resest.com\/ca\/"},{"@type":"ListItem","position":2,"name":"Heu visitat el Museu del Gas en Sabadell?"}]},{"@type":"WebSite","@id":"https:\/\/resest.com\/ca\/#website","url":"https:\/\/resest.com\/ca\/","name":"Resid\u00e8ncia d&#039;Estudiants l&#039;Estaci\u00f3 de Sabadell | Resest","description":"Prop de l\u2019Universitat Aut\u00f2noma de Barcelona (UAB)","publisher":{"@id":"https:\/\/resest.com\/ca\/#organization"},"potentialAction":[{"@type":"SearchAction","target":{"@type":"EntryPoint","urlTemplate":"https:\/\/resest.com\/ca\/?s={search_term_string}"},"query-input":{"@type":"PropertyValueSpecification","valueRequired":true,"valueName":"search_term_string"}}],"inLanguage":"ca-ES"},{"@type":"Organization","@id":"https:\/\/resest.com\/ca\/#organization","name":"Resid\u00e8ncia d&#039;Estudiants l&#039;Estaci\u00f3 de Sabadell | Resest","url":"https:\/\/resest.com\/ca\/","logo":{"@type":"ImageObject","inLanguage":"ca-ES","@id":"https:\/\/resest.com\/ca\/#\/schema\/logo\/image\/","url":"https:\/\/resest.com\/wp-content\/uploads\/2024\/03\/Facana-1.jpg","contentUrl":"https:\/\/resest.com\/wp-content\/uploads\/2024\/03\/Facana-1.jpg","width":1200,"height":1009,"caption":"Resid\u00e8ncia d&#039;Estudiants l&#039;Estaci\u00f3 de Sabadell | Resest"},"image":{"@id":"https:\/\/resest.com\/ca\/#\/schema\/logo\/image\/"}},{"@type":"Person","@id":"https:\/\/resest.com\/ca\/#\/schema\/person\/f66d2b5dae2cd0a989ab720dd211d2a9","name":"Resest","image":{"@type":"ImageObject","inLanguage":"ca-ES","@id":"https:\/\/resest.com\/ca\/#\/schema\/person\/image\/","url":"https:\/\/secure.gravatar.com\/avatar\/a5d542eca874617a8a62a45c724821a615f770cf5bde5e61a93a7a2562faba7a?s=96&d=mm&r=g","contentUrl":"https:\/\/secure.gravatar.com\/avatar\/a5d542eca874617a8a62a45c724821a615f770cf5bde5e61a93a7a2562faba7a?s=96&d=mm&r=g","caption":"Resest"},"url":"https:\/\/resest.com\/ca\/author\/resest\/"}]}},"_links":{"self":[{"href":"https:\/\/resest.com\/ca\/wp-json\/wp\/v2\/posts\/1333","targetHints":{"allow":["GET"]}}],"collection":[{"href":"https:\/\/resest.com\/ca\/wp-json\/wp\/v2\/posts"}],"about":[{"href":"https:\/\/resest.com\/ca\/wp-json\/wp\/v2\/types\/post"}],"author":[{"embeddable":true,"href":"https:\/\/resest.com\/ca\/wp-json\/wp\/v2\/users\/3"}],"replies":[{"embeddable":true,"href":"https:\/\/resest.com\/ca\/wp-json\/wp\/v2\/comments?post=1333"}],"version-history":[{"count":0,"href":"https:\/\/resest.com\/ca\/wp-json\/wp\/v2\/posts\/1333\/revisions"}],"wp:attachment":[{"href":"https:\/\/resest.com\/ca\/wp-json\/wp\/v2\/media?parent=1333"}],"wp:term":[{"taxonomy":"category","embeddable":true,"href":"https:\/\/resest.com\/ca\/wp-json\/wp\/v2\/categories?post=1333"},{"taxonomy":"post_tag","embeddable":true,"href":"https:\/\/resest.com\/ca\/wp-json\/wp\/v2\/tags?post=1333"}],"curies":[{"name":"wp","href":"https:\/\/api.w.org\/{rel}","templated":true}]}}