{"id":1303,"date":"2013-09-20T11:15:14","date_gmt":"2013-09-20T10:15:14","guid":{"rendered":"http:\/\/www.resest.com\/?p=1303"},"modified":"2021-10-28T12:19:04","modified_gmt":"2021-10-28T11:19:04","slug":"residencia-estudiantil-inaugura-cuina","status":"publish","type":"post","link":"https:\/\/resest.com\/ca\/blog\/residencia-estudiantil-inaugura-cuina\/","title":{"rendered":"A Resest estrenem nova Cuina!"},"content":{"rendered":"<p style=\"text-align: justify;\">Aquesta\u00a0setmana hem inaugurat la <strong>nova cuina de Residencia Estudiantil<\/strong>, per poder donar un millor servei als nostres residents, millorant la qualitat i oferint m\u00e9s flexibilitat aix\u00ed com m\u00e9s possibilitats d&#8217;atendre millor els gustos particulars de cadasc\u00fa.<\/p>\n<p>La cuina \u00e9s per a \u00fas lliure, amb habitacles privats per guardar aliments o utensilis particulars dels usuaris.<\/p>\n<p>Disposem de diferents serveis de cuina:<\/p>\n<p>\u2014\u00a0Mitja pensi\u00f3 (esmorzar i sopar)<br \/>\n\u2014\u00a0Pensi\u00f3 completa (esmorzar, dinar i sopar)<\/p>\n<p><img loading=\"lazy\" decoding=\"async\" class=\"aligncenter wp-image-1244 size-full\" title=\"Cuina de Residencia estudiantil\" src=\"http:\/\/www.resest.com\/wp-content\/uploads\/Cuina-nova-detall2.jpg\" alt=\"Cuina de Residencia estudiantil\" width=\"448\" height=\"317\" \/><br \/>\n<img loading=\"lazy\" decoding=\"async\" class=\"aligncenter wp-image-1244 size-full\" title=\"Cuina de Residencia estudiantil\" src=\"http:\/\/www.resest.com\/wp-content\/uploads\/Cuina-nova2.jpg\" alt=\"Cuina de Residencia estudiantil\" width=\"448\" height=\"317\" \/><\/p>\n","protected":false},"excerpt":{"rendered":"<p>Aquesta\u00a0setmana hem inaugurat la nova cuina de Residencia Estudiantil, per poder donar un millor servei als nostres residents, millorant la qualitat i oferint m\u00e9s flexibilitat aix\u00ed com m\u00e9s possibilitats d&#8217;atendre millor els gustos particulars de cadasc\u00fa. La cuina \u00e9s per a \u00fas lliure, amb habitacles privats per guardar aliments o utensilis particulars dels usuaris. Disposem&hellip;<\/p>\n","protected":false},"author":3,"featured_media":0,"comment_status":"closed","ping_status":"open","sticky":false,"template":"","format":"standard","meta":{"footnotes":""},"categories":[6],"tags":[],"class_list":["post-1303","post","type-post","status-publish","format-standard","hentry","category-blog","entry","no-media"],"yoast_head":"<!-- This site is optimized with the Yoast SEO plugin v26.4 - https:\/\/yoast.com\/wordpress\/plugins\/seo\/ -->\n<title>La nostra resid\u00e8ncia estudiantil inaugura cuina - Resest<\/title>\n<meta name=\"description\" content=\"Presentaci\u00f3 de la nova cuina que la resid\u00e8ncia estudiantil posa com a part de les seves instal\u00b7lacions al servei dels estudiants allotjats.\" \/>\n<meta name=\"robots\" content=\"index, follow, max-snippet:-1, max-image-preview:large, max-video-preview:-1\" \/>\n<link rel=\"canonical\" href=\"https:\/\/resest.com\/ca\/blog\/residencia-estudiantil-inaugura-cuina\/\" \/>\n<meta property=\"og:locale\" content=\"ca_ES\" \/>\n<meta property=\"og:type\" content=\"article\" \/>\n<meta property=\"og:title\" content=\"La nostra resid\u00e8ncia estudiantil inaugura cuina - Resest\" \/>\n<meta property=\"og:description\" content=\"Presentaci\u00f3 de la nova cuina que la resid\u00e8ncia estudiantil posa com a part de les seves instal\u00b7lacions al servei dels estudiants allotjats.\" \/>\n<meta property=\"og:url\" content=\"https:\/\/resest.com\/ca\/blog\/residencia-estudiantil-inaugura-cuina\/\" \/>\n<meta property=\"og:site_name\" content=\"Resid\u00e8ncia d&#039;Estudiants l&#039;Estaci\u00f3 de Sabadell | Resest\" \/>\n<meta property=\"article:published_time\" content=\"2013-09-20T10:15:14+00:00\" \/>\n<meta property=\"article:modified_time\" content=\"2021-10-28T11:19:04+00:00\" \/>\n<meta property=\"og:image\" content=\"http:\/\/www.resest.com\/wp-content\/uploads\/Cuina-nova-detall2.jpg\" \/>\n<meta name=\"author\" content=\"Resest\" \/>\n<meta name=\"twitter:label1\" content=\"Written by\" \/>\n\t<meta name=\"twitter:data1\" content=\"Resest\" \/>\n\t<meta name=\"twitter:label2\" content=\"Est. reading time\" \/>\n\t<meta name=\"twitter:data2\" content=\"1 minute\" \/>\n<script type=\"application\/ld+json\" class=\"yoast-schema-graph\">{\"@context\":\"https:\/\/schema.org\",\"@graph\":[{\"@type\":\"Article\",\"@id\":\"https:\/\/resest.com\/ca\/blog\/residencia-estudiantil-inaugura-cuina\/#article\",\"isPartOf\":{\"@id\":\"https:\/\/resest.com\/ca\/blog\/residencia-estudiantil-inaugura-cuina\/\"},\"author\":{\"name\":\"Resest\",\"@id\":\"https:\/\/resest.com\/ca\/#\/schema\/person\/f66d2b5dae2cd0a989ab720dd211d2a9\"},\"headline\":\"A Resest estrenem nova Cuina!\",\"datePublished\":\"2013-09-20T10:15:14+00:00\",\"dateModified\":\"2021-10-28T11:19:04+00:00\",\"mainEntityOfPage\":{\"@id\":\"https:\/\/resest.com\/ca\/blog\/residencia-estudiantil-inaugura-cuina\/\"},\"wordCount\":80,\"publisher\":{\"@id\":\"https:\/\/resest.com\/ca\/#organization\"},\"image\":{\"@id\":\"https:\/\/resest.com\/ca\/blog\/residencia-estudiantil-inaugura-cuina\/#primaryimage\"},\"thumbnailUrl\":\"http:\/\/www.resest.com\/wp-content\/uploads\/Cuina-nova-detall2.jpg\",\"articleSection\":[\"Blog\"],\"inLanguage\":\"ca-ES\"},{\"@type\":\"WebPage\",\"@id\":\"https:\/\/resest.com\/ca\/blog\/residencia-estudiantil-inaugura-cuina\/\",\"url\":\"https:\/\/resest.com\/ca\/blog\/residencia-estudiantil-inaugura-cuina\/\",\"name\":\"La nostra resid\u00e8ncia estudiantil inaugura cuina - Resest\",\"isPartOf\":{\"@id\":\"https:\/\/resest.com\/ca\/#website\"},\"primaryImageOfPage\":{\"@id\":\"https:\/\/resest.com\/ca\/blog\/residencia-estudiantil-inaugura-cuina\/#primaryimage\"},\"image\":{\"@id\":\"https:\/\/resest.com\/ca\/blog\/residencia-estudiantil-inaugura-cuina\/#primaryimage\"},\"thumbnailUrl\":\"http:\/\/www.resest.com\/wp-content\/uploads\/Cuina-nova-detall2.jpg\",\"datePublished\":\"2013-09-20T10:15:14+00:00\",\"dateModified\":\"2021-10-28T11:19:04+00:00\",\"description\":\"Presentaci\u00f3 de la nova cuina que la resid\u00e8ncia estudiantil posa com a part de les seves instal\u00b7lacions al servei dels estudiants allotjats.\",\"breadcrumb\":{\"@id\":\"https:\/\/resest.com\/ca\/blog\/residencia-estudiantil-inaugura-cuina\/#breadcrumb\"},\"inLanguage\":\"ca-ES\",\"potentialAction\":[{\"@type\":\"ReadAction\",\"target\":[\"https:\/\/resest.com\/ca\/blog\/residencia-estudiantil-inaugura-cuina\/\"]}]},{\"@type\":\"ImageObject\",\"inLanguage\":\"ca-ES\",\"@id\":\"https:\/\/resest.com\/ca\/blog\/residencia-estudiantil-inaugura-cuina\/#primaryimage\",\"url\":\"http:\/\/www.resest.com\/wp-content\/uploads\/Cuina-nova-detall2.jpg\",\"contentUrl\":\"http:\/\/www.resest.com\/wp-content\/uploads\/Cuina-nova-detall2.jpg\"},{\"@type\":\"BreadcrumbList\",\"@id\":\"https:\/\/resest.com\/ca\/blog\/residencia-estudiantil-inaugura-cuina\/#breadcrumb\",\"itemListElement\":[{\"@type\":\"ListItem\",\"position\":1,\"name\":\"Inici\",\"item\":\"https:\/\/resest.com\/ca\/\"},{\"@type\":\"ListItem\",\"position\":2,\"name\":\"A Resest estrenem nova Cuina!\"}]},{\"@type\":\"WebSite\",\"@id\":\"https:\/\/resest.com\/ca\/#website\",\"url\":\"https:\/\/resest.com\/ca\/\",\"name\":\"Resid\u00e8ncia d&#039;Estudiants l&#039;Estaci\u00f3 de Sabadell | Resest\",\"description\":\"Prop de l\u2019Universitat Aut\u00f2noma de Barcelona (UAB)\",\"publisher\":{\"@id\":\"https:\/\/resest.com\/ca\/#organization\"},\"potentialAction\":[{\"@type\":\"SearchAction\",\"target\":{\"@type\":\"EntryPoint\",\"urlTemplate\":\"https:\/\/resest.com\/ca\/?s={search_term_string}\"},\"query-input\":{\"@type\":\"PropertyValueSpecification\",\"valueRequired\":true,\"valueName\":\"search_term_string\"}}],\"inLanguage\":\"ca-ES\"},{\"@type\":\"Organization\",\"@id\":\"https:\/\/resest.com\/ca\/#organization\",\"name\":\"Resid\u00e8ncia d&#039;Estudiants l&#039;Estaci\u00f3 de Sabadell | Resest\",\"url\":\"https:\/\/resest.com\/ca\/\",\"logo\":{\"@type\":\"ImageObject\",\"inLanguage\":\"ca-ES\",\"@id\":\"https:\/\/resest.com\/ca\/#\/schema\/logo\/image\/\",\"url\":\"https:\/\/resest.com\/wp-content\/uploads\/2024\/03\/Facana-1.jpg\",\"contentUrl\":\"https:\/\/resest.com\/wp-content\/uploads\/2024\/03\/Facana-1.jpg\",\"width\":1200,\"height\":1009,\"caption\":\"Resid\u00e8ncia d&#039;Estudiants l&#039;Estaci\u00f3 de Sabadell | Resest\"},\"image\":{\"@id\":\"https:\/\/resest.com\/ca\/#\/schema\/logo\/image\/\"}},{\"@type\":\"Person\",\"@id\":\"https:\/\/resest.com\/ca\/#\/schema\/person\/f66d2b5dae2cd0a989ab720dd211d2a9\",\"name\":\"Resest\",\"image\":{\"@type\":\"ImageObject\",\"inLanguage\":\"ca-ES\",\"@id\":\"https:\/\/resest.com\/ca\/#\/schema\/person\/image\/\",\"url\":\"https:\/\/secure.gravatar.com\/avatar\/a5d542eca874617a8a62a45c724821a615f770cf5bde5e61a93a7a2562faba7a?s=96&d=mm&r=g\",\"contentUrl\":\"https:\/\/secure.gravatar.com\/avatar\/a5d542eca874617a8a62a45c724821a615f770cf5bde5e61a93a7a2562faba7a?s=96&d=mm&r=g\",\"caption\":\"Resest\"},\"url\":\"https:\/\/resest.com\/ca\/author\/resest\/\"}]}<\/script>\n<!-- \/ Yoast SEO plugin. -->","yoast_head_json":{"title":"La nostra resid\u00e8ncia estudiantil inaugura cuina - Resest","description":"Presentaci\u00f3 de la nova cuina que la resid\u00e8ncia estudiantil posa com a part de les seves instal\u00b7lacions al servei dels estudiants allotjats.","robots":{"index":"index","follow":"follow","max-snippet":"max-snippet:-1","max-image-preview":"max-image-preview:large","max-video-preview":"max-video-preview:-1"},"canonical":"https:\/\/resest.com\/ca\/blog\/residencia-estudiantil-inaugura-cuina\/","og_locale":"ca_ES","og_type":"article","og_title":"La nostra resid\u00e8ncia estudiantil inaugura cuina - Resest","og_description":"Presentaci\u00f3 de la nova cuina que la resid\u00e8ncia estudiantil posa com a part de les seves instal\u00b7lacions al servei dels estudiants allotjats.","og_url":"https:\/\/resest.com\/ca\/blog\/residencia-estudiantil-inaugura-cuina\/","og_site_name":"Resid\u00e8ncia d&#039;Estudiants l&#039;Estaci\u00f3 de Sabadell | Resest","article_published_time":"2013-09-20T10:15:14+00:00","article_modified_time":"2021-10-28T11:19:04+00:00","og_image":[{"url":"http:\/\/www.resest.com\/wp-content\/uploads\/Cuina-nova-detall2.jpg","type":"","width":"","height":""}],"author":"Resest","twitter_misc":{"Written by":"Resest","Est. reading time":"1 minute"},"schema":{"@context":"https:\/\/schema.org","@graph":[{"@type":"Article","@id":"https:\/\/resest.com\/ca\/blog\/residencia-estudiantil-inaugura-cuina\/#article","isPartOf":{"@id":"https:\/\/resest.com\/ca\/blog\/residencia-estudiantil-inaugura-cuina\/"},"author":{"name":"Resest","@id":"https:\/\/resest.com\/ca\/#\/schema\/person\/f66d2b5dae2cd0a989ab720dd211d2a9"},"headline":"A Resest estrenem nova Cuina!","datePublished":"2013-09-20T10:15:14+00:00","dateModified":"2021-10-28T11:19:04+00:00","mainEntityOfPage":{"@id":"https:\/\/resest.com\/ca\/blog\/residencia-estudiantil-inaugura-cuina\/"},"wordCount":80,"publisher":{"@id":"https:\/\/resest.com\/ca\/#organization"},"image":{"@id":"https:\/\/resest.com\/ca\/blog\/residencia-estudiantil-inaugura-cuina\/#primaryimage"},"thumbnailUrl":"http:\/\/www.resest.com\/wp-content\/uploads\/Cuina-nova-detall2.jpg","articleSection":["Blog"],"inLanguage":"ca-ES"},{"@type":"WebPage","@id":"https:\/\/resest.com\/ca\/blog\/residencia-estudiantil-inaugura-cuina\/","url":"https:\/\/resest.com\/ca\/blog\/residencia-estudiantil-inaugura-cuina\/","name":"La nostra resid\u00e8ncia estudiantil inaugura cuina - Resest","isPartOf":{"@id":"https:\/\/resest.com\/ca\/#website"},"primaryImageOfPage":{"@id":"https:\/\/resest.com\/ca\/blog\/residencia-estudiantil-inaugura-cuina\/#primaryimage"},"image":{"@id":"https:\/\/resest.com\/ca\/blog\/residencia-estudiantil-inaugura-cuina\/#primaryimage"},"thumbnailUrl":"http:\/\/www.resest.com\/wp-content\/uploads\/Cuina-nova-detall2.jpg","datePublished":"2013-09-20T10:15:14+00:00","dateModified":"2021-10-28T11:19:04+00:00","description":"Presentaci\u00f3 de la nova cuina que la resid\u00e8ncia estudiantil posa com a part de les seves instal\u00b7lacions al servei dels estudiants allotjats.","breadcrumb":{"@id":"https:\/\/resest.com\/ca\/blog\/residencia-estudiantil-inaugura-cuina\/#breadcrumb"},"inLanguage":"ca-ES","potentialAction":[{"@type":"ReadAction","target":["https:\/\/resest.com\/ca\/blog\/residencia-estudiantil-inaugura-cuina\/"]}]},{"@type":"ImageObject","inLanguage":"ca-ES","@id":"https:\/\/resest.com\/ca\/blog\/residencia-estudiantil-inaugura-cuina\/#primaryimage","url":"http:\/\/www.resest.com\/wp-content\/uploads\/Cuina-nova-detall2.jpg","contentUrl":"http:\/\/www.resest.com\/wp-content\/uploads\/Cuina-nova-detall2.jpg"},{"@type":"BreadcrumbList","@id":"https:\/\/resest.com\/ca\/blog\/residencia-estudiantil-inaugura-cuina\/#breadcrumb","itemListElement":[{"@type":"ListItem","position":1,"name":"Inici","item":"https:\/\/resest.com\/ca\/"},{"@type":"ListItem","position":2,"name":"A Resest estrenem nova Cuina!"}]},{"@type":"WebSite","@id":"https:\/\/resest.com\/ca\/#website","url":"https:\/\/resest.com\/ca\/","name":"Resid\u00e8ncia d&#039;Estudiants l&#039;Estaci\u00f3 de Sabadell | Resest","description":"Prop de l\u2019Universitat Aut\u00f2noma de Barcelona (UAB)","publisher":{"@id":"https:\/\/resest.com\/ca\/#organization"},"potentialAction":[{"@type":"SearchAction","target":{"@type":"EntryPoint","urlTemplate":"https:\/\/resest.com\/ca\/?s={search_term_string}"},"query-input":{"@type":"PropertyValueSpecification","valueRequired":true,"valueName":"search_term_string"}}],"inLanguage":"ca-ES"},{"@type":"Organization","@id":"https:\/\/resest.com\/ca\/#organization","name":"Resid\u00e8ncia d&#039;Estudiants l&#039;Estaci\u00f3 de Sabadell | Resest","url":"https:\/\/resest.com\/ca\/","logo":{"@type":"ImageObject","inLanguage":"ca-ES","@id":"https:\/\/resest.com\/ca\/#\/schema\/logo\/image\/","url":"https:\/\/resest.com\/wp-content\/uploads\/2024\/03\/Facana-1.jpg","contentUrl":"https:\/\/resest.com\/wp-content\/uploads\/2024\/03\/Facana-1.jpg","width":1200,"height":1009,"caption":"Resid\u00e8ncia d&#039;Estudiants l&#039;Estaci\u00f3 de Sabadell | Resest"},"image":{"@id":"https:\/\/resest.com\/ca\/#\/schema\/logo\/image\/"}},{"@type":"Person","@id":"https:\/\/resest.com\/ca\/#\/schema\/person\/f66d2b5dae2cd0a989ab720dd211d2a9","name":"Resest","image":{"@type":"ImageObject","inLanguage":"ca-ES","@id":"https:\/\/resest.com\/ca\/#\/schema\/person\/image\/","url":"https:\/\/secure.gravatar.com\/avatar\/a5d542eca874617a8a62a45c724821a615f770cf5bde5e61a93a7a2562faba7a?s=96&d=mm&r=g","contentUrl":"https:\/\/secure.gravatar.com\/avatar\/a5d542eca874617a8a62a45c724821a615f770cf5bde5e61a93a7a2562faba7a?s=96&d=mm&r=g","caption":"Resest"},"url":"https:\/\/resest.com\/ca\/author\/resest\/"}]}},"_links":{"self":[{"href":"https:\/\/resest.com\/ca\/wp-json\/wp\/v2\/posts\/1303","targetHints":{"allow":["GET"]}}],"collection":[{"href":"https:\/\/resest.com\/ca\/wp-json\/wp\/v2\/posts"}],"about":[{"href":"https:\/\/resest.com\/ca\/wp-json\/wp\/v2\/types\/post"}],"author":[{"embeddable":true,"href":"https:\/\/resest.com\/ca\/wp-json\/wp\/v2\/users\/3"}],"replies":[{"embeddable":true,"href":"https:\/\/resest.com\/ca\/wp-json\/wp\/v2\/comments?post=1303"}],"version-history":[{"count":0,"href":"https:\/\/resest.com\/ca\/wp-json\/wp\/v2\/posts\/1303\/revisions"}],"wp:attachment":[{"href":"https:\/\/resest.com\/ca\/wp-json\/wp\/v2\/media?parent=1303"}],"wp:term":[{"taxonomy":"category","embeddable":true,"href":"https:\/\/resest.com\/ca\/wp-json\/wp\/v2\/categories?post=1303"},{"taxonomy":"post_tag","embeddable":true,"href":"https:\/\/resest.com\/ca\/wp-json\/wp\/v2\/tags?post=1303"}],"curies":[{"name":"wp","href":"https:\/\/api.w.org\/{rel}","templated":true}]}}