{"id":1261,"date":"2013-06-18T16:24:44","date_gmt":"2013-06-18T15:24:44","guid":{"rendered":"http:\/\/www.resest.com\/?p=1261"},"modified":"2018-08-23T09:42:44","modified_gmt":"2018-08-23T08:42:44","slug":"residencia-estudiants-embassat-2013-sabadell","status":"publish","type":"post","link":"https:\/\/resest.com\/ca\/blog\/residencia-estudiants-embassat-2013-sabadell\/","title":{"rendered":"Embassa&#8217;t 2013  Sabadell dies 11 \u2013 12 \u2013 13 de Juliol"},"content":{"rendered":"<p><a title=\"Resest\" href=\"https:\/\/resest.com\/\" target=\"_blank\" rel=\"noopener\">La Resid\u00e8ncia d\u2019Estudiants l\u2019Estaci\u00f3 de Sabadell<\/a>, et proposa aquest esdeveniment:<\/p>\n<p>Festival independent del Vall\u00e8s, en la seva cinquena edici\u00f3, un petit per\u00f2 gran festival que es celebra cada mes de Juliol a Sabadell, no us ho perdeu, es el festival mes verd, amb bandes, artistes, dj\u2019s y espectacles. Desitgem que ho gaudiu, tota l\u2019 informaci\u00f3 a la seva p\u00e0gina <a href=\"http:\/\/embassat.com\/\">http:\/\/embassat.com<\/a><\/p>\n","protected":false},"excerpt":{"rendered":"<p>La Resid\u00e8ncia d\u2019Estudiants l\u2019Estaci\u00f3 de Sabadell, et proposa aquest esdeveniment: Festival independent del Vall\u00e8s, en la seva cinquena edici\u00f3, un petit per\u00f2 gran festival que es celebra cada mes de Juliol a Sabadell, no us ho perdeu, es el festival mes verd, amb bandes, artistes, dj\u2019s y espectacles. Desitgem que ho gaudiu, tota l\u2019 informaci\u00f3&hellip;<\/p>\n","protected":false},"author":3,"featured_media":0,"comment_status":"closed","ping_status":"open","sticky":false,"template":"","format":"standard","meta":{"footnotes":""},"categories":[6],"tags":[],"class_list":["post-1261","post","type-post","status-publish","format-standard","hentry","category-blog","entry","no-media"],"yoast_head":"<!-- This site is optimized with the Yoast SEO plugin v26.4 - https:\/\/yoast.com\/wordpress\/plugins\/seo\/ -->\n<title>Embassa&#039;t 2013 \u00e9s un festival de m\u00fasica que se celebra a Sabadell - Resest<\/title>\n<meta name=\"description\" content=\"Sabadell \u00e9s una ciutat amb molt ambient juvenil: Embassa&#039;t 2013 \u00e9s un dels exemples d&#039;oferta musical que hi ha a la ciutat!\" \/>\n<meta name=\"robots\" content=\"index, follow, max-snippet:-1, max-image-preview:large, max-video-preview:-1\" \/>\n<link rel=\"canonical\" href=\"https:\/\/resest.com\/ca\/blog\/residencia-estudiants-embassat-2013-sabadell\/\" \/>\n<meta property=\"og:locale\" content=\"ca_ES\" \/>\n<meta property=\"og:type\" content=\"article\" \/>\n<meta property=\"og:title\" content=\"Embassa&#039;t 2013 \u00e9s un festival de m\u00fasica que se celebra a Sabadell - Resest\" \/>\n<meta property=\"og:description\" content=\"Sabadell \u00e9s una ciutat amb molt ambient juvenil: Embassa&#039;t 2013 \u00e9s un dels exemples d&#039;oferta musical que hi ha a la ciutat!\" \/>\n<meta property=\"og:url\" content=\"https:\/\/resest.com\/ca\/blog\/residencia-estudiants-embassat-2013-sabadell\/\" \/>\n<meta property=\"og:site_name\" content=\"Resid\u00e8ncia d&#039;Estudiants l&#039;Estaci\u00f3 de Sabadell | Resest\" \/>\n<meta property=\"article:published_time\" content=\"2013-06-18T15:24:44+00:00\" \/>\n<meta property=\"article:modified_time\" content=\"2018-08-23T08:42:44+00:00\" \/>\n<meta name=\"author\" content=\"Resest\" \/>\n<meta name=\"twitter:label1\" content=\"Written by\" \/>\n\t<meta name=\"twitter:data1\" content=\"Resest\" \/>\n<script type=\"application\/ld+json\" class=\"yoast-schema-graph\">{\"@context\":\"https:\/\/schema.org\",\"@graph\":[{\"@type\":\"Article\",\"@id\":\"https:\/\/resest.com\/ca\/blog\/residencia-estudiants-embassat-2013-sabadell\/#article\",\"isPartOf\":{\"@id\":\"https:\/\/resest.com\/ca\/blog\/residencia-estudiants-embassat-2013-sabadell\/\"},\"author\":{\"name\":\"Resest\",\"@id\":\"https:\/\/resest.com\/ca\/#\/schema\/person\/f66d2b5dae2cd0a989ab720dd211d2a9\"},\"headline\":\"Embassa&#8217;t 2013 Sabadell dies 11 \u2013 12 \u2013 13 de Juliol\",\"datePublished\":\"2013-06-18T15:24:44+00:00\",\"dateModified\":\"2018-08-23T08:42:44+00:00\",\"mainEntityOfPage\":{\"@id\":\"https:\/\/resest.com\/ca\/blog\/residencia-estudiants-embassat-2013-sabadell\/\"},\"wordCount\":74,\"publisher\":{\"@id\":\"https:\/\/resest.com\/ca\/#organization\"},\"articleSection\":[\"Blog\"],\"inLanguage\":\"ca-ES\"},{\"@type\":\"WebPage\",\"@id\":\"https:\/\/resest.com\/ca\/blog\/residencia-estudiants-embassat-2013-sabadell\/\",\"url\":\"https:\/\/resest.com\/ca\/blog\/residencia-estudiants-embassat-2013-sabadell\/\",\"name\":\"Embassa't 2013 \u00e9s un festival de m\u00fasica que se celebra a Sabadell - Resest\",\"isPartOf\":{\"@id\":\"https:\/\/resest.com\/ca\/#website\"},\"datePublished\":\"2013-06-18T15:24:44+00:00\",\"dateModified\":\"2018-08-23T08:42:44+00:00\",\"description\":\"Sabadell \u00e9s una ciutat amb molt ambient juvenil: Embassa't 2013 \u00e9s un dels exemples d'oferta musical que hi ha a la ciutat!\",\"breadcrumb\":{\"@id\":\"https:\/\/resest.com\/ca\/blog\/residencia-estudiants-embassat-2013-sabadell\/#breadcrumb\"},\"inLanguage\":\"ca-ES\",\"potentialAction\":[{\"@type\":\"ReadAction\",\"target\":[\"https:\/\/resest.com\/ca\/blog\/residencia-estudiants-embassat-2013-sabadell\/\"]}]},{\"@type\":\"BreadcrumbList\",\"@id\":\"https:\/\/resest.com\/ca\/blog\/residencia-estudiants-embassat-2013-sabadell\/#breadcrumb\",\"itemListElement\":[{\"@type\":\"ListItem\",\"position\":1,\"name\":\"Inici\",\"item\":\"https:\/\/resest.com\/ca\/\"},{\"@type\":\"ListItem\",\"position\":2,\"name\":\"Embassa&#8217;t 2013 Sabadell dies 11 \u2013 12 \u2013 13 de Juliol\"}]},{\"@type\":\"WebSite\",\"@id\":\"https:\/\/resest.com\/ca\/#website\",\"url\":\"https:\/\/resest.com\/ca\/\",\"name\":\"Resid\u00e8ncia d&#039;Estudiants l&#039;Estaci\u00f3 de Sabadell | Resest\",\"description\":\"Prop de l\u2019Universitat Aut\u00f2noma de Barcelona (UAB)\",\"publisher\":{\"@id\":\"https:\/\/resest.com\/ca\/#organization\"},\"potentialAction\":[{\"@type\":\"SearchAction\",\"target\":{\"@type\":\"EntryPoint\",\"urlTemplate\":\"https:\/\/resest.com\/ca\/?s={search_term_string}\"},\"query-input\":{\"@type\":\"PropertyValueSpecification\",\"valueRequired\":true,\"valueName\":\"search_term_string\"}}],\"inLanguage\":\"ca-ES\"},{\"@type\":\"Organization\",\"@id\":\"https:\/\/resest.com\/ca\/#organization\",\"name\":\"Resid\u00e8ncia d&#039;Estudiants l&#039;Estaci\u00f3 de Sabadell | Resest\",\"url\":\"https:\/\/resest.com\/ca\/\",\"logo\":{\"@type\":\"ImageObject\",\"inLanguage\":\"ca-ES\",\"@id\":\"https:\/\/resest.com\/ca\/#\/schema\/logo\/image\/\",\"url\":\"https:\/\/resest.com\/wp-content\/uploads\/2024\/03\/Facana-1.jpg\",\"contentUrl\":\"https:\/\/resest.com\/wp-content\/uploads\/2024\/03\/Facana-1.jpg\",\"width\":1200,\"height\":1009,\"caption\":\"Resid\u00e8ncia d&#039;Estudiants l&#039;Estaci\u00f3 de Sabadell | Resest\"},\"image\":{\"@id\":\"https:\/\/resest.com\/ca\/#\/schema\/logo\/image\/\"}},{\"@type\":\"Person\",\"@id\":\"https:\/\/resest.com\/ca\/#\/schema\/person\/f66d2b5dae2cd0a989ab720dd211d2a9\",\"name\":\"Resest\",\"image\":{\"@type\":\"ImageObject\",\"inLanguage\":\"ca-ES\",\"@id\":\"https:\/\/resest.com\/ca\/#\/schema\/person\/image\/\",\"url\":\"https:\/\/secure.gravatar.com\/avatar\/a5d542eca874617a8a62a45c724821a615f770cf5bde5e61a93a7a2562faba7a?s=96&d=mm&r=g\",\"contentUrl\":\"https:\/\/secure.gravatar.com\/avatar\/a5d542eca874617a8a62a45c724821a615f770cf5bde5e61a93a7a2562faba7a?s=96&d=mm&r=g\",\"caption\":\"Resest\"},\"url\":\"https:\/\/resest.com\/ca\/author\/resest\/\"}]}<\/script>\n<!-- \/ Yoast SEO plugin. -->","yoast_head_json":{"title":"Embassa't 2013 \u00e9s un festival de m\u00fasica que se celebra a Sabadell - Resest","description":"Sabadell \u00e9s una ciutat amb molt ambient juvenil: Embassa't 2013 \u00e9s un dels exemples d'oferta musical que hi ha a la ciutat!","robots":{"index":"index","follow":"follow","max-snippet":"max-snippet:-1","max-image-preview":"max-image-preview:large","max-video-preview":"max-video-preview:-1"},"canonical":"https:\/\/resest.com\/ca\/blog\/residencia-estudiants-embassat-2013-sabadell\/","og_locale":"ca_ES","og_type":"article","og_title":"Embassa't 2013 \u00e9s un festival de m\u00fasica que se celebra a Sabadell - Resest","og_description":"Sabadell \u00e9s una ciutat amb molt ambient juvenil: Embassa't 2013 \u00e9s un dels exemples d'oferta musical que hi ha a la ciutat!","og_url":"https:\/\/resest.com\/ca\/blog\/residencia-estudiants-embassat-2013-sabadell\/","og_site_name":"Resid\u00e8ncia d&#039;Estudiants l&#039;Estaci\u00f3 de Sabadell | Resest","article_published_time":"2013-06-18T15:24:44+00:00","article_modified_time":"2018-08-23T08:42:44+00:00","author":"Resest","twitter_misc":{"Written by":"Resest"},"schema":{"@context":"https:\/\/schema.org","@graph":[{"@type":"Article","@id":"https:\/\/resest.com\/ca\/blog\/residencia-estudiants-embassat-2013-sabadell\/#article","isPartOf":{"@id":"https:\/\/resest.com\/ca\/blog\/residencia-estudiants-embassat-2013-sabadell\/"},"author":{"name":"Resest","@id":"https:\/\/resest.com\/ca\/#\/schema\/person\/f66d2b5dae2cd0a989ab720dd211d2a9"},"headline":"Embassa&#8217;t 2013 Sabadell dies 11 \u2013 12 \u2013 13 de Juliol","datePublished":"2013-06-18T15:24:44+00:00","dateModified":"2018-08-23T08:42:44+00:00","mainEntityOfPage":{"@id":"https:\/\/resest.com\/ca\/blog\/residencia-estudiants-embassat-2013-sabadell\/"},"wordCount":74,"publisher":{"@id":"https:\/\/resest.com\/ca\/#organization"},"articleSection":["Blog"],"inLanguage":"ca-ES"},{"@type":"WebPage","@id":"https:\/\/resest.com\/ca\/blog\/residencia-estudiants-embassat-2013-sabadell\/","url":"https:\/\/resest.com\/ca\/blog\/residencia-estudiants-embassat-2013-sabadell\/","name":"Embassa't 2013 \u00e9s un festival de m\u00fasica que se celebra a Sabadell - Resest","isPartOf":{"@id":"https:\/\/resest.com\/ca\/#website"},"datePublished":"2013-06-18T15:24:44+00:00","dateModified":"2018-08-23T08:42:44+00:00","description":"Sabadell \u00e9s una ciutat amb molt ambient juvenil: Embassa't 2013 \u00e9s un dels exemples d'oferta musical que hi ha a la ciutat!","breadcrumb":{"@id":"https:\/\/resest.com\/ca\/blog\/residencia-estudiants-embassat-2013-sabadell\/#breadcrumb"},"inLanguage":"ca-ES","potentialAction":[{"@type":"ReadAction","target":["https:\/\/resest.com\/ca\/blog\/residencia-estudiants-embassat-2013-sabadell\/"]}]},{"@type":"BreadcrumbList","@id":"https:\/\/resest.com\/ca\/blog\/residencia-estudiants-embassat-2013-sabadell\/#breadcrumb","itemListElement":[{"@type":"ListItem","position":1,"name":"Inici","item":"https:\/\/resest.com\/ca\/"},{"@type":"ListItem","position":2,"name":"Embassa&#8217;t 2013 Sabadell dies 11 \u2013 12 \u2013 13 de Juliol"}]},{"@type":"WebSite","@id":"https:\/\/resest.com\/ca\/#website","url":"https:\/\/resest.com\/ca\/","name":"Resid\u00e8ncia d&#039;Estudiants l&#039;Estaci\u00f3 de Sabadell | Resest","description":"Prop de l\u2019Universitat Aut\u00f2noma de Barcelona (UAB)","publisher":{"@id":"https:\/\/resest.com\/ca\/#organization"},"potentialAction":[{"@type":"SearchAction","target":{"@type":"EntryPoint","urlTemplate":"https:\/\/resest.com\/ca\/?s={search_term_string}"},"query-input":{"@type":"PropertyValueSpecification","valueRequired":true,"valueName":"search_term_string"}}],"inLanguage":"ca-ES"},{"@type":"Organization","@id":"https:\/\/resest.com\/ca\/#organization","name":"Resid\u00e8ncia d&#039;Estudiants l&#039;Estaci\u00f3 de Sabadell | Resest","url":"https:\/\/resest.com\/ca\/","logo":{"@type":"ImageObject","inLanguage":"ca-ES","@id":"https:\/\/resest.com\/ca\/#\/schema\/logo\/image\/","url":"https:\/\/resest.com\/wp-content\/uploads\/2024\/03\/Facana-1.jpg","contentUrl":"https:\/\/resest.com\/wp-content\/uploads\/2024\/03\/Facana-1.jpg","width":1200,"height":1009,"caption":"Resid\u00e8ncia d&#039;Estudiants l&#039;Estaci\u00f3 de Sabadell | Resest"},"image":{"@id":"https:\/\/resest.com\/ca\/#\/schema\/logo\/image\/"}},{"@type":"Person","@id":"https:\/\/resest.com\/ca\/#\/schema\/person\/f66d2b5dae2cd0a989ab720dd211d2a9","name":"Resest","image":{"@type":"ImageObject","inLanguage":"ca-ES","@id":"https:\/\/resest.com\/ca\/#\/schema\/person\/image\/","url":"https:\/\/secure.gravatar.com\/avatar\/a5d542eca874617a8a62a45c724821a615f770cf5bde5e61a93a7a2562faba7a?s=96&d=mm&r=g","contentUrl":"https:\/\/secure.gravatar.com\/avatar\/a5d542eca874617a8a62a45c724821a615f770cf5bde5e61a93a7a2562faba7a?s=96&d=mm&r=g","caption":"Resest"},"url":"https:\/\/resest.com\/ca\/author\/resest\/"}]}},"_links":{"self":[{"href":"https:\/\/resest.com\/ca\/wp-json\/wp\/v2\/posts\/1261","targetHints":{"allow":["GET"]}}],"collection":[{"href":"https:\/\/resest.com\/ca\/wp-json\/wp\/v2\/posts"}],"about":[{"href":"https:\/\/resest.com\/ca\/wp-json\/wp\/v2\/types\/post"}],"author":[{"embeddable":true,"href":"https:\/\/resest.com\/ca\/wp-json\/wp\/v2\/users\/3"}],"replies":[{"embeddable":true,"href":"https:\/\/resest.com\/ca\/wp-json\/wp\/v2\/comments?post=1261"}],"version-history":[{"count":0,"href":"https:\/\/resest.com\/ca\/wp-json\/wp\/v2\/posts\/1261\/revisions"}],"wp:attachment":[{"href":"https:\/\/resest.com\/ca\/wp-json\/wp\/v2\/media?parent=1261"}],"wp:term":[{"taxonomy":"category","embeddable":true,"href":"https:\/\/resest.com\/ca\/wp-json\/wp\/v2\/categories?post=1261"},{"taxonomy":"post_tag","embeddable":true,"href":"https:\/\/resest.com\/ca\/wp-json\/wp\/v2\/tags?post=1261"}],"curies":[{"name":"wp","href":"https:\/\/api.w.org\/{rel}","templated":true}]}}