{"id":12397,"date":"2026-04-15T16:05:44","date_gmt":"2026-04-15T14:05:44","guid":{"rendered":"https:\/\/resest.com\/?p=12397"},"modified":"2026-04-27T16:08:04","modified_gmt":"2026-04-27T14:08:04","slug":"residencia-universitaria-sabadell","status":"publish","type":"post","link":"https:\/\/resest.com\/ca\/on-estudiar-master\/residencia-universitaria-sabadell\/","title":{"rendered":"Resid\u00e8ncia universit\u00e0ria a Sabadell RESEST: \u00a0Viure a prop, c\u00f2mode i sense preocupacions"},"content":{"rendered":"\n<p>Trobar la millor <strong>resid\u00e8ncia universit\u00e0ria a Sabadell<\/strong> no \u00e9s nom\u00e9s q\u00fcesti\u00f3 de buscar un lloc on dormir; \u00e9s buscar una llar que et faciliti la vida acad\u00e8mica. Si estudies a la <strong>UAB (Universitat Aut\u00f2noma de Barcelona)<\/strong> o a centres universitaris de Barcelona, Sabadell s&#8217;ha convertit en l&#8217;opci\u00f3 preferida per la seva excel\u00b7lent connexi\u00f3 i qualitat de vida.<\/p>\n\n\n\n<h2 class=\"wp-block-heading\">Per qu\u00e8 escollir una residencia universit\u00e0ria a Sabadell?<\/h2>\n\n\n\n<p>Sabadell ofereix l&#8217;equilibri perfecte: l&#8217;energia d&#8217;una ciutat amb tots els serveis i la tranquil\u00b7litat necess\u00e0ria per a les \u00e8poques d&#8217;ex\u00e0mens. A <strong>RESEST<\/strong>, hem dissenyat un espai on el confort i la log\u00edstica estan resolts des del primer dia.<\/p>\n\n\n\n<h3 class=\"wp-block-heading\">1. Ubicaci\u00f3 estrat\u00e8gica: A un pas de la UAB i Barcelona<\/h3>\n\n\n\n<p>La nostra ubicaci\u00f3 \u00e9s el nostre punt fort. Som la <strong>resid\u00e8ncia universit\u00e0ria a Sabadell<\/strong> ideal per a qui busca proximitat:<\/p>\n\n\n\n<ul class=\"wp-block-list\">\n<li><strong>Connexi\u00f3 directa:<\/strong> Estem situats al costat de les estacions de tren, el que et permet arribar al campus de Bellaterra en pocs minuts.<\/li>\n\n\n\n<li><strong>Estalvi de temps:<\/strong> Menys temps al transport significa m\u00e9s temps per estudiar, descansar o gaudir amb els amics.<\/li>\n\n\n\n<li>Pots con\u00e8ixer m\u00e9s sobre el nostre entorn a <a href=\"https:\/\/resest.com\/ca\/la-residencia-estudiants-sabadell-barcelona-bellaterra\/\" target=\"_blank\" rel=\"noreferrer noopener\">la resid\u00e8ncia d&#8217;estudiants a Sabadell-Barcelona-Bellaterra<\/a>.<\/li>\n<\/ul>\n\n\n\n<h3 class=\"wp-block-heading\">2. Habitacions dissenyades per compartir i gaudir<\/h3>\n\n\n\n<p>A la nostra resid\u00e8ncia apostem per un model de conviv\u00e8ncia enriquidor. Per aix\u00f2, disposem d&#8217;habitacions espaioses i totalment equipades, <strong>dissenyades espec\u00edficament perqu\u00e8 dos estudiants comparteixin el seu dia a dia amb total comoditat.<\/strong><\/p>\n\n\n\n<p>Sabem que la privacitat \u00e9s important, per aix\u00f2 cada detall est\u00e0 pensat per mantenir el teu propi espai:<\/p>\n\n\n\n<ul class=\"wp-block-list\">\n<li><strong>Zona d&#8217;estudi individual:<\/strong> Cadasc\u00fa disposa de la seva pr\u00f2pia taula per concentrar-se sense distraccions.<\/li>\n\n\n\n<li><strong>Moble separador:<\/strong> Un element clau que organitza l&#8217;estan\u00e7a i ajuda a mantenir la intimitat de cada llit.<\/li>\n\n\n\n<li><strong>Equipament pr\u00e0ctic:<\/strong> Inclou una <strong>mini nevera<\/strong> pr\u00f2pia a l&#8217;habitaci\u00f3 per tenir el que necessitis sempre a m\u00e0 i en fred.<\/li>\n\n\n\n<li><strong>Emmagatzematge i confort:<\/strong> Un armari ampli i un bany gener\u00f3s per facilitar l&#8217;organitzaci\u00f3 di\u00e0ria.<\/li>\n<\/ul>\n\n\n\n<p>Fes un cop d&#8217;ull a les nostres <a href=\"https:\/\/resest.com\/ca\/habitacions-residencia-estudiantil-sabadell-barcelona\/\" target=\"_blank\" rel=\"noreferrer noopener\">habitacions a resid\u00e8ncia estudiantil a Sabadell<\/a> i descobreix com n&#8217;\u00e9s de f\u00e0cil viure acompanyat mantenint el teu propi ritme.<\/p>\n\n\n\n<h2 class=\"wp-block-heading\">Viure sense preocupacions: Tot incl\u00f2s<\/h2>\n\n\n\n<p>La filosofia de RESEST \u00e9s que tu nom\u00e9s t&#8217;hagis de preocupar d&#8217;estudiar. Per aix\u00f2, quan busques una <strong>residencia universit\u00e0ria a Sabadell<\/strong>, \u00e9s vital que comparis no nom\u00e9s el preu, sin\u00f3 el que t&#8217;ofereixen per ell. A la nostra resid\u00e8ncia, les despeses estan controlades:<\/p>\n\n\n\n<ul class=\"wp-block-list\">\n<li><strong>Wi-Fi d&#8217;alta velocitat<\/strong> a tot l&#8217;edifici.<\/li>\n\n\n\n<li><strong>Neteja i manteniment<\/strong> incl\u00f2s.<\/li>\n\n\n\n<li><strong>Subministraments<\/strong> (aigua, llum i gas) sense factures extres a final de mes.<\/li>\n\n\n\n<li>Mitja pensi\u00f3 o pensi\u00f3 completa: esmorzar buffet i \u00e0pats cuinats pel nostre xef.<\/li>\n<\/ul>\n\n\n\n<p>Si vols veure el detall de com optimitzem el teu pressupost, consulta les nostres <a href=\"https:\/\/resest.com\/ca\/tarifes-residencia-per-a-estudiants-a-barcelona-bellaterra\/\" target=\"_blank\" rel=\"noreferrer noopener\">tarifes de resid\u00e8ncia per a estudiants a Barcelona i Bellaterra<\/a>.<\/p>\n\n\n\n<p>Escollir la teva <strong>residencia universit\u00e0ria <\/strong>adequada marcar\u00e0 la difer\u00e8ncia en la teva experi\u00e8ncia a la universitat. A RESEST t&#8217;oferim la llibertat d&#8217;un apartament amb els serveis i la comunitat d&#8217;una resid\u00e8ncia d&#8217;estudiants.<\/p>\n","protected":false},"excerpt":{"rendered":"<p>Trobar la millor resid\u00e8ncia universit\u00e0ria a Sabadell no \u00e9s nom\u00e9s q\u00fcesti\u00f3 de buscar un lloc on dormir; \u00e9s buscar una llar que et faciliti la vida acad\u00e8mica. Si estudies a la UAB (Universitat Aut\u00f2noma de Barcelona) o a centres universitaris de Barcelona, Sabadell s&#8217;ha convertit en l&#8217;opci\u00f3 preferida per la seva excel\u00b7lent connexi\u00f3 i qualitat&hellip;<\/p>\n","protected":false},"author":1,"featured_media":12398,"comment_status":"open","ping_status":"open","sticky":false,"template":"","format":"standard","meta":{"footnotes":""},"categories":[52],"tags":[],"class_list":["post-12397","post","type-post","status-publish","format-standard","has-post-thumbnail","hentry","category-on-estudiar-master","entry","has-media"],"yoast_head":"<!-- This site is optimized with the Yoast SEO plugin v26.4 - https:\/\/yoast.com\/wordpress\/plugins\/seo\/ -->\n<title>Resid\u00e8ncia Universit\u00e0ria a Sabadell | RESEST<\/title>\n<meta name=\"description\" content=\"Busques una residencia universit\u00e0ria a Sabadell? A RESEST t&#039;oferim habitacions c\u00f2modes, tot incl\u00f2s. Vine a veure&#039;ns!\" \/>\n<meta name=\"robots\" content=\"index, follow, max-snippet:-1, max-image-preview:large, max-video-preview:-1\" \/>\n<link rel=\"canonical\" href=\"https:\/\/resest.com\/ca\/on-estudiar-master\/residencia-universitaria-sabadell\/\" \/>\n<meta property=\"og:locale\" content=\"ca_ES\" \/>\n<meta property=\"og:type\" content=\"article\" \/>\n<meta property=\"og:title\" content=\"Resid\u00e8ncia Universit\u00e0ria a Sabadell | RESEST\" \/>\n<meta property=\"og:description\" content=\"Busques una residencia universit\u00e0ria a Sabadell? A RESEST t&#039;oferim habitacions c\u00f2modes, tot incl\u00f2s. Vine a veure&#039;ns!\" \/>\n<meta property=\"og:url\" content=\"https:\/\/resest.com\/ca\/on-estudiar-master\/residencia-universitaria-sabadell\/\" \/>\n<meta property=\"og:site_name\" content=\"Resid\u00e8ncia d&#039;Estudiants l&#039;Estaci\u00f3 de Sabadell | Resest\" \/>\n<meta property=\"article:published_time\" content=\"2026-04-15T14:05:44+00:00\" \/>\n<meta property=\"article:modified_time\" content=\"2026-04-27T14:08:04+00:00\" \/>\n<meta property=\"og:image\" content=\"https:\/\/resest.com\/wp-content\/uploads\/2026\/04\/ResiEstudiants-36.jpg\" \/>\n\t<meta property=\"og:image:width\" content=\"1200\" \/>\n\t<meta property=\"og:image:height\" content=\"799\" \/>\n\t<meta property=\"og:image:type\" content=\"image\/jpeg\" \/>\n<meta name=\"author\" content=\"Resest\" \/>\n<meta name=\"twitter:label1\" content=\"Written by\" \/>\n\t<meta name=\"twitter:data1\" content=\"Resest\" \/>\n\t<meta name=\"twitter:label2\" content=\"Est. reading time\" \/>\n\t<meta name=\"twitter:data2\" content=\"3 minutes\" \/>\n<script type=\"application\/ld+json\" class=\"yoast-schema-graph\">{\"@context\":\"https:\/\/schema.org\",\"@graph\":[{\"@type\":\"Article\",\"@id\":\"https:\/\/resest.com\/ca\/on-estudiar-master\/residencia-universitaria-sabadell\/#article\",\"isPartOf\":{\"@id\":\"https:\/\/resest.com\/ca\/on-estudiar-master\/residencia-universitaria-sabadell\/\"},\"author\":{\"name\":\"Resest\",\"@id\":\"https:\/\/resest.com\/ca\/#\/schema\/person\/d9965768ae08730dafc3a7c835fcc47c\"},\"headline\":\"Resid\u00e8ncia universit\u00e0ria a Sabadell RESEST: \u00a0Viure a prop, c\u00f2mode i sense preocupacions\",\"datePublished\":\"2026-04-15T14:05:44+00:00\",\"dateModified\":\"2026-04-27T14:08:04+00:00\",\"mainEntityOfPage\":{\"@id\":\"https:\/\/resest.com\/ca\/on-estudiar-master\/residencia-universitaria-sabadell\/\"},\"wordCount\":553,\"commentCount\":0,\"publisher\":{\"@id\":\"https:\/\/resest.com\/ca\/#organization\"},\"image\":{\"@id\":\"https:\/\/resest.com\/ca\/on-estudiar-master\/residencia-universitaria-sabadell\/#primaryimage\"},\"thumbnailUrl\":\"https:\/\/resest.com\/wp-content\/uploads\/2026\/04\/ResiEstudiants-36.jpg\",\"articleSection\":[\"Per qu\u00e8 Resest?\"],\"inLanguage\":\"ca-ES\",\"potentialAction\":[{\"@type\":\"CommentAction\",\"name\":\"Comment\",\"target\":[\"https:\/\/resest.com\/ca\/on-estudiar-master\/residencia-universitaria-sabadell\/#respond\"]}]},{\"@type\":\"WebPage\",\"@id\":\"https:\/\/resest.com\/ca\/on-estudiar-master\/residencia-universitaria-sabadell\/\",\"url\":\"https:\/\/resest.com\/ca\/on-estudiar-master\/residencia-universitaria-sabadell\/\",\"name\":\"Resid\u00e8ncia Universit\u00e0ria a Sabadell | RESEST\",\"isPartOf\":{\"@id\":\"https:\/\/resest.com\/ca\/#website\"},\"primaryImageOfPage\":{\"@id\":\"https:\/\/resest.com\/ca\/on-estudiar-master\/residencia-universitaria-sabadell\/#primaryimage\"},\"image\":{\"@id\":\"https:\/\/resest.com\/ca\/on-estudiar-master\/residencia-universitaria-sabadell\/#primaryimage\"},\"thumbnailUrl\":\"https:\/\/resest.com\/wp-content\/uploads\/2026\/04\/ResiEstudiants-36.jpg\",\"datePublished\":\"2026-04-15T14:05:44+00:00\",\"dateModified\":\"2026-04-27T14:08:04+00:00\",\"description\":\"Busques una residencia universit\u00e0ria a Sabadell? A RESEST t'oferim habitacions c\u00f2modes, tot incl\u00f2s. Vine a veure'ns!\",\"breadcrumb\":{\"@id\":\"https:\/\/resest.com\/ca\/on-estudiar-master\/residencia-universitaria-sabadell\/#breadcrumb\"},\"inLanguage\":\"ca-ES\",\"potentialAction\":[{\"@type\":\"ReadAction\",\"target\":[\"https:\/\/resest.com\/ca\/on-estudiar-master\/residencia-universitaria-sabadell\/\"]}]},{\"@type\":\"ImageObject\",\"inLanguage\":\"ca-ES\",\"@id\":\"https:\/\/resest.com\/ca\/on-estudiar-master\/residencia-universitaria-sabadell\/#primaryimage\",\"url\":\"https:\/\/resest.com\/wp-content\/uploads\/2026\/04\/ResiEstudiants-36.jpg\",\"contentUrl\":\"https:\/\/resest.com\/wp-content\/uploads\/2026\/04\/ResiEstudiants-36.jpg\",\"width\":1200,\"height\":799,\"caption\":\"residencia universitaria Sabadell\"},{\"@type\":\"BreadcrumbList\",\"@id\":\"https:\/\/resest.com\/ca\/on-estudiar-master\/residencia-universitaria-sabadell\/#breadcrumb\",\"itemListElement\":[{\"@type\":\"ListItem\",\"position\":1,\"name\":\"Inici\",\"item\":\"https:\/\/resest.com\/ca\/\"},{\"@type\":\"ListItem\",\"position\":2,\"name\":\"Resid\u00e8ncia universit\u00e0ria a Sabadell RESEST: \u00a0Viure a prop, c\u00f2mode i sense preocupacions\"}]},{\"@type\":\"WebSite\",\"@id\":\"https:\/\/resest.com\/ca\/#website\",\"url\":\"https:\/\/resest.com\/ca\/\",\"name\":\"Resid\u00e8ncia d&#039;Estudiants l&#039;Estaci\u00f3 de Sabadell | Resest\",\"description\":\"Prop de l\u2019Universitat Aut\u00f2noma de Barcelona (UAB)\",\"publisher\":{\"@id\":\"https:\/\/resest.com\/ca\/#organization\"},\"potentialAction\":[{\"@type\":\"SearchAction\",\"target\":{\"@type\":\"EntryPoint\",\"urlTemplate\":\"https:\/\/resest.com\/ca\/?s={search_term_string}\"},\"query-input\":{\"@type\":\"PropertyValueSpecification\",\"valueRequired\":true,\"valueName\":\"search_term_string\"}}],\"inLanguage\":\"ca-ES\"},{\"@type\":\"Organization\",\"@id\":\"https:\/\/resest.com\/ca\/#organization\",\"name\":\"Resid\u00e8ncia d&#039;Estudiants l&#039;Estaci\u00f3 de Sabadell | Resest\",\"url\":\"https:\/\/resest.com\/ca\/\",\"logo\":{\"@type\":\"ImageObject\",\"inLanguage\":\"ca-ES\",\"@id\":\"https:\/\/resest.com\/ca\/#\/schema\/logo\/image\/\",\"url\":\"https:\/\/resest.com\/wp-content\/uploads\/2024\/03\/Facana-1.jpg\",\"contentUrl\":\"https:\/\/resest.com\/wp-content\/uploads\/2024\/03\/Facana-1.jpg\",\"width\":1200,\"height\":1009,\"caption\":\"Resid\u00e8ncia d&#039;Estudiants l&#039;Estaci\u00f3 de Sabadell | Resest\"},\"image\":{\"@id\":\"https:\/\/resest.com\/ca\/#\/schema\/logo\/image\/\"}},{\"@type\":\"Person\",\"@id\":\"https:\/\/resest.com\/ca\/#\/schema\/person\/d9965768ae08730dafc3a7c835fcc47c\",\"name\":\"Resest\",\"image\":{\"@type\":\"ImageObject\",\"inLanguage\":\"ca-ES\",\"@id\":\"https:\/\/resest.com\/ca\/#\/schema\/person\/image\/\",\"url\":\"https:\/\/secure.gravatar.com\/avatar\/0c7509c85c836ff68bc43efa415976254ed1463e7bbc3edf38a658092e29e5b4?s=96&d=mm&r=g\",\"contentUrl\":\"https:\/\/secure.gravatar.com\/avatar\/0c7509c85c836ff68bc43efa415976254ed1463e7bbc3edf38a658092e29e5b4?s=96&d=mm&r=g\",\"caption\":\"Resest\"},\"url\":\"https:\/\/resest.com\/ca\/author\/jordi\/\"}]}<\/script>\n<!-- \/ Yoast SEO plugin. -->","yoast_head_json":{"title":"Resid\u00e8ncia Universit\u00e0ria a Sabadell | RESEST","description":"Busques una residencia universit\u00e0ria a Sabadell? A RESEST t'oferim habitacions c\u00f2modes, tot incl\u00f2s. Vine a veure'ns!","robots":{"index":"index","follow":"follow","max-snippet":"max-snippet:-1","max-image-preview":"max-image-preview:large","max-video-preview":"max-video-preview:-1"},"canonical":"https:\/\/resest.com\/ca\/on-estudiar-master\/residencia-universitaria-sabadell\/","og_locale":"ca_ES","og_type":"article","og_title":"Resid\u00e8ncia Universit\u00e0ria a Sabadell | RESEST","og_description":"Busques una residencia universit\u00e0ria a Sabadell? A RESEST t'oferim habitacions c\u00f2modes, tot incl\u00f2s. Vine a veure'ns!","og_url":"https:\/\/resest.com\/ca\/on-estudiar-master\/residencia-universitaria-sabadell\/","og_site_name":"Resid\u00e8ncia d&#039;Estudiants l&#039;Estaci\u00f3 de Sabadell | Resest","article_published_time":"2026-04-15T14:05:44+00:00","article_modified_time":"2026-04-27T14:08:04+00:00","og_image":[{"width":1200,"height":799,"url":"https:\/\/resest.com\/wp-content\/uploads\/2026\/04\/ResiEstudiants-36.jpg","type":"image\/jpeg"}],"author":"Resest","twitter_misc":{"Written by":"Resest","Est. reading time":"3 minutes"},"schema":{"@context":"https:\/\/schema.org","@graph":[{"@type":"Article","@id":"https:\/\/resest.com\/ca\/on-estudiar-master\/residencia-universitaria-sabadell\/#article","isPartOf":{"@id":"https:\/\/resest.com\/ca\/on-estudiar-master\/residencia-universitaria-sabadell\/"},"author":{"name":"Resest","@id":"https:\/\/resest.com\/ca\/#\/schema\/person\/d9965768ae08730dafc3a7c835fcc47c"},"headline":"Resid\u00e8ncia universit\u00e0ria a Sabadell RESEST: \u00a0Viure a prop, c\u00f2mode i sense preocupacions","datePublished":"2026-04-15T14:05:44+00:00","dateModified":"2026-04-27T14:08:04+00:00","mainEntityOfPage":{"@id":"https:\/\/resest.com\/ca\/on-estudiar-master\/residencia-universitaria-sabadell\/"},"wordCount":553,"commentCount":0,"publisher":{"@id":"https:\/\/resest.com\/ca\/#organization"},"image":{"@id":"https:\/\/resest.com\/ca\/on-estudiar-master\/residencia-universitaria-sabadell\/#primaryimage"},"thumbnailUrl":"https:\/\/resest.com\/wp-content\/uploads\/2026\/04\/ResiEstudiants-36.jpg","articleSection":["Per qu\u00e8 Resest?"],"inLanguage":"ca-ES","potentialAction":[{"@type":"CommentAction","name":"Comment","target":["https:\/\/resest.com\/ca\/on-estudiar-master\/residencia-universitaria-sabadell\/#respond"]}]},{"@type":"WebPage","@id":"https:\/\/resest.com\/ca\/on-estudiar-master\/residencia-universitaria-sabadell\/","url":"https:\/\/resest.com\/ca\/on-estudiar-master\/residencia-universitaria-sabadell\/","name":"Resid\u00e8ncia Universit\u00e0ria a Sabadell | RESEST","isPartOf":{"@id":"https:\/\/resest.com\/ca\/#website"},"primaryImageOfPage":{"@id":"https:\/\/resest.com\/ca\/on-estudiar-master\/residencia-universitaria-sabadell\/#primaryimage"},"image":{"@id":"https:\/\/resest.com\/ca\/on-estudiar-master\/residencia-universitaria-sabadell\/#primaryimage"},"thumbnailUrl":"https:\/\/resest.com\/wp-content\/uploads\/2026\/04\/ResiEstudiants-36.jpg","datePublished":"2026-04-15T14:05:44+00:00","dateModified":"2026-04-27T14:08:04+00:00","description":"Busques una residencia universit\u00e0ria a Sabadell? A RESEST t'oferim habitacions c\u00f2modes, tot incl\u00f2s. Vine a veure'ns!","breadcrumb":{"@id":"https:\/\/resest.com\/ca\/on-estudiar-master\/residencia-universitaria-sabadell\/#breadcrumb"},"inLanguage":"ca-ES","potentialAction":[{"@type":"ReadAction","target":["https:\/\/resest.com\/ca\/on-estudiar-master\/residencia-universitaria-sabadell\/"]}]},{"@type":"ImageObject","inLanguage":"ca-ES","@id":"https:\/\/resest.com\/ca\/on-estudiar-master\/residencia-universitaria-sabadell\/#primaryimage","url":"https:\/\/resest.com\/wp-content\/uploads\/2026\/04\/ResiEstudiants-36.jpg","contentUrl":"https:\/\/resest.com\/wp-content\/uploads\/2026\/04\/ResiEstudiants-36.jpg","width":1200,"height":799,"caption":"residencia universitaria Sabadell"},{"@type":"BreadcrumbList","@id":"https:\/\/resest.com\/ca\/on-estudiar-master\/residencia-universitaria-sabadell\/#breadcrumb","itemListElement":[{"@type":"ListItem","position":1,"name":"Inici","item":"https:\/\/resest.com\/ca\/"},{"@type":"ListItem","position":2,"name":"Resid\u00e8ncia universit\u00e0ria a Sabadell RESEST: \u00a0Viure a prop, c\u00f2mode i sense preocupacions"}]},{"@type":"WebSite","@id":"https:\/\/resest.com\/ca\/#website","url":"https:\/\/resest.com\/ca\/","name":"Resid\u00e8ncia d&#039;Estudiants l&#039;Estaci\u00f3 de Sabadell | Resest","description":"Prop de l\u2019Universitat Aut\u00f2noma de Barcelona (UAB)","publisher":{"@id":"https:\/\/resest.com\/ca\/#organization"},"potentialAction":[{"@type":"SearchAction","target":{"@type":"EntryPoint","urlTemplate":"https:\/\/resest.com\/ca\/?s={search_term_string}"},"query-input":{"@type":"PropertyValueSpecification","valueRequired":true,"valueName":"search_term_string"}}],"inLanguage":"ca-ES"},{"@type":"Organization","@id":"https:\/\/resest.com\/ca\/#organization","name":"Resid\u00e8ncia d&#039;Estudiants l&#039;Estaci\u00f3 de Sabadell | Resest","url":"https:\/\/resest.com\/ca\/","logo":{"@type":"ImageObject","inLanguage":"ca-ES","@id":"https:\/\/resest.com\/ca\/#\/schema\/logo\/image\/","url":"https:\/\/resest.com\/wp-content\/uploads\/2024\/03\/Facana-1.jpg","contentUrl":"https:\/\/resest.com\/wp-content\/uploads\/2024\/03\/Facana-1.jpg","width":1200,"height":1009,"caption":"Resid\u00e8ncia d&#039;Estudiants l&#039;Estaci\u00f3 de Sabadell | Resest"},"image":{"@id":"https:\/\/resest.com\/ca\/#\/schema\/logo\/image\/"}},{"@type":"Person","@id":"https:\/\/resest.com\/ca\/#\/schema\/person\/d9965768ae08730dafc3a7c835fcc47c","name":"Resest","image":{"@type":"ImageObject","inLanguage":"ca-ES","@id":"https:\/\/resest.com\/ca\/#\/schema\/person\/image\/","url":"https:\/\/secure.gravatar.com\/avatar\/0c7509c85c836ff68bc43efa415976254ed1463e7bbc3edf38a658092e29e5b4?s=96&d=mm&r=g","contentUrl":"https:\/\/secure.gravatar.com\/avatar\/0c7509c85c836ff68bc43efa415976254ed1463e7bbc3edf38a658092e29e5b4?s=96&d=mm&r=g","caption":"Resest"},"url":"https:\/\/resest.com\/ca\/author\/jordi\/"}]}},"_links":{"self":[{"href":"https:\/\/resest.com\/ca\/wp-json\/wp\/v2\/posts\/12397","targetHints":{"allow":["GET"]}}],"collection":[{"href":"https:\/\/resest.com\/ca\/wp-json\/wp\/v2\/posts"}],"about":[{"href":"https:\/\/resest.com\/ca\/wp-json\/wp\/v2\/types\/post"}],"author":[{"embeddable":true,"href":"https:\/\/resest.com\/ca\/wp-json\/wp\/v2\/users\/1"}],"replies":[{"embeddable":true,"href":"https:\/\/resest.com\/ca\/wp-json\/wp\/v2\/comments?post=12397"}],"version-history":[{"count":1,"href":"https:\/\/resest.com\/ca\/wp-json\/wp\/v2\/posts\/12397\/revisions"}],"predecessor-version":[{"id":12400,"href":"https:\/\/resest.com\/ca\/wp-json\/wp\/v2\/posts\/12397\/revisions\/12400"}],"wp:featuredmedia":[{"embeddable":true,"href":"https:\/\/resest.com\/ca\/wp-json\/wp\/v2\/media\/12398"}],"wp:attachment":[{"href":"https:\/\/resest.com\/ca\/wp-json\/wp\/v2\/media?parent=12397"}],"wp:term":[{"taxonomy":"category","embeddable":true,"href":"https:\/\/resest.com\/ca\/wp-json\/wp\/v2\/categories?post=12397"},{"taxonomy":"post_tag","embeddable":true,"href":"https:\/\/resest.com\/ca\/wp-json\/wp\/v2\/tags?post=12397"}],"curies":[{"name":"wp","href":"https:\/\/api.w.org\/{rel}","templated":true}]}}