{"id":12371,"date":"2026-03-06T13:50:51","date_gmt":"2026-03-06T12:50:51","guid":{"rendered":"https:\/\/resest.com\/?p=12371"},"modified":"2026-03-16T13:53:04","modified_gmt":"2026-03-16T12:53:04","slug":"concerts-a-sabadell","status":"publish","type":"post","link":"https:\/\/resest.com\/ca\/activitats-i-oci\/concerts-a-sabadell\/","title":{"rendered":"Concerts a Sabadell: Guia de sales, festivals i plans musicals per a estudiants"},"content":{"rendered":"\n<p>Viure a Sabadell com a estudiant no \u00e9s nom\u00e9s anar a classe i estudiar a la biblioteca. La ciutat t\u00e9 una vibraci\u00f3 cultural \u00fanica, i si ets amant de la m\u00fasica, est\u00e0s de sort. Des de sales m\u00edtiques amb concerts \u00edntims fins a grans festivals a l&#8217;aire lliure, Sabadell ofereix una agenda musical que s&#8217;adapta a totes les butxaques.<\/p>\n\n\n\n<p>En aquesta guia et presentem els millors plans musicals perqu\u00e8 no et perdis res mentre gaudeixes de la teva etapa universit\u00e0ria a la nostra <strong>resid\u00e8ncia d&#8217;estudiants a Sabadell RESEST<\/strong>.<\/p>\n\n\n\n<h2 class=\"wp-block-heading\">Les sales de concerts que has de con\u00e8ixer<\/h2>\n\n\n\n<p>Si busques m\u00fasica en directe gaireb\u00e9 cada cap de setmana, aquestes s\u00f3n les parades obligat\u00f2ries:<\/p>\n\n\n\n<ul class=\"wp-block-list\">\n<li><a href=\"https:\/\/www.vademusicasbd.com\/\"><strong>Sala Vade M\u00fasica<\/strong><\/a><strong>:<\/strong> \u00c9s, sens dubte, un dels referents de l&#8217;oci nocturn i musical. Aqu\u00ed trobar\u00e0s des de tributs a grans bandes (Estopa, El Canto del Loco o Jimi Hendrix) fins a festes tem\u00e0tiques dels 80 i 90. Els preus solen ser molt assequibles per a estudiants, amb entrades que van des dels 6 \u20ac fins als 13 \u20ac.<\/li>\n\n\n\n<li><strong>Acad\u00e8mia de Belles Arts de Sabadell:<\/strong> Per a aquells que prefereixen propostes m\u00e9s cl\u00e0ssiques o cicles de m\u00fasica de cambra, <a href=\"https:\/\/academiabellesarts.org\/concerts\/festival-sonen\/\">el cicle <strong>SONEN<\/strong><\/a> \u00e9s una opci\u00f3 excel\u00b7lent per gaudir de m\u00fasica de qualitat en un entorn \u00edntim.<\/li>\n\n\n\n<li><strong>Ball Vall\u00e8s Oci (Sala Backstage):<\/strong> Un espai polivalent on programen des de rock i pop fins a espectacles de ball, ideal per anar amb un grup d&#8217;amics de la resid\u00e8ncia i descobrir noves bandes locals.<\/li>\n<\/ul>\n\n\n\n<h2 class=\"wp-block-heading\">Festivals: Les cites marcades al calendari<\/h2>\n\n\n\n<p>Sabadell es transforma amb l&#8217;arribada del bon temps. Aquests s\u00f3n els festivals que no et pots perdre:<\/p>\n\n\n\n<ol start=\"1\" class=\"wp-block-list\">\n<li><a href=\"https:\/\/www.embassat.com\/\"><strong>Embassa&#8217;t<\/strong><\/a><strong> (Maig):<\/strong> El festival &#8220;indie&#8221; per excel\u00b7l\u00e8ncia del Vall\u00e8s. Se celebra al Parc de Catalunya (Amfiteatre) i \u00e9s conegut per portar el millor de l&#8217;escena alternativa i electr\u00f2nica. Per a l&#8217;edici\u00f3 2026 ja s&#8217;han confirmat noms com <strong>Dan Peralbo I El Comboi, Alosa, Cora Novoa i Greta.<\/strong> \u00c9s el pla perfecte per acomiadar el curs amb els teus companys!<\/li>\n\n\n\n<li><strong>Sabadell Urban Fest:<\/strong> Si el teu \u00e9s el trap, el hip-hop o el reggaeton, aquest festival dona veu al talent emergent de la cultura urbana a la ciutat, sovint amb seu a la Sala Vade M\u00fasica.<\/li>\n\n\n\n<li><strong>Festa Flaixbac (Juny):<\/strong> Un dels esdeveniments m\u00e9s massius a l&#8217;Amfiteatre del Parc Catalunya, ideal per ballar els \u00e8xits del moment amb els DJ de la r\u00e0dio.<\/li>\n\n\n\n<li><strong>30 Nits (Juliol):<\/strong> Un cicle cultural durant tot el mes de juliol que omple la ciutat de m\u00fasica, dansa i cinema a la fresca en espais emblem\u00e0tics.<\/li>\n<\/ol>\n\n\n\n<h2 class=\"wp-block-heading\">Plans musicals &#8220;low cost&#8221; per a estudiants<\/h2>\n\n\n\n<p>Sabem que el pressupost d&#8217;estudiant \u00e9s important. Per aix\u00f2, et recomanem:<\/p>\n\n\n\n<ul class=\"wp-block-list\">\n<li><strong>Tardeos a Sabadell:<\/strong> Moltes sales i bars com <strong>Drinkking<\/strong> o la mateixa <strong>Vade M\u00fasica<\/strong> organitzen sessions de &#8220;tardeo&#8221; amb entrada gratu\u00efta o molt econ\u00f2mica, perfectes per desconnectar despr\u00e9s dels ex\u00e0mens.<\/li>\n\n\n\n<li><strong>Concerts a l&#8217;aire lliure:<\/strong> Durant la Festa Major (<strong>del dijous 3 al dilluns 7 de setembre<\/strong>) i els mesos de juny i juliol, <a href=\"https:\/\/www.sabadell.cat\/es\/219-cultura\/noticiescultura\/248404-la-festa-major-2026-ja-esta-en-marxa\">l&#8217;Ajuntament organitza<\/a> nombrosos concerts gratu\u00efts a places i parcs.<\/li>\n\n\n\n<li><strong>M\u00fasica i Networking:<\/strong> Espais com <strong>CREC Sabadell<\/strong> o diversos &#8220;hubs&#8221; culturals combinen a vegades m\u00fasica en directe amb esdeveniments per a joves emprenedors i estudiants.<\/li>\n<\/ul>\n\n\n\n<h2 class=\"wp-block-heading\">Allotja&#8217;t a prop de la cultura<\/h2>\n\n\n\n<p>Viure a <strong>RESEST<\/strong> et permet estar a un pas de tota aquesta activitat. La nostra ubicaci\u00f3 estrat\u00e8gica et facilita moure&#8217;t per les sales de concerts i tornar a casa amb total seguretat i comoditat.<\/p>\n\n\n\n<p><strong>T&#8217;apuntes al pr\u00f2xim concert?<\/strong> No oblidis revisar l&#8217;agenda cultural de Sabadell i gaudir al m\u00e0xim de la teva experi\u00e8ncia universit\u00e0ria.<\/p>\n","protected":false},"excerpt":{"rendered":"<p>Viure a Sabadell com a estudiant no \u00e9s nom\u00e9s anar a classe i estudiar a la biblioteca. La ciutat t\u00e9 una vibraci\u00f3 cultural \u00fanica, i si ets amant de la m\u00fasica, est\u00e0s de sort. Des de sales m\u00edtiques amb concerts \u00edntims fins a grans festivals a l&#8217;aire lliure, Sabadell ofereix una agenda musical que s&#8217;adapta&hellip;<\/p>\n","protected":false},"author":1,"featured_media":12372,"comment_status":"open","ping_status":"open","sticky":false,"template":"","format":"standard","meta":{"footnotes":""},"categories":[51],"tags":[],"class_list":["post-12371","post","type-post","status-publish","format-standard","has-post-thumbnail","hentry","category-activitats-i-oci","entry","has-media"],"yoast_head":"<!-- This site is optimized with the Yoast SEO plugin v26.4 - https:\/\/yoast.com\/wordpress\/plugins\/seo\/ -->\n<title>Concerts a Sabadell: Guia de festivals per a estudiants | RESEST<\/title>\n<meta name=\"description\" content=\"Descobreix la millor agenda de concerts a Sabadell. Des de sales m\u00edtiques com Vade M\u00fasica fins a l&#039;Embassa&#039;t. Viu la m\u00fasica a prop de la teva resid\u00e8ncia RESEST!\" \/>\n<meta name=\"robots\" content=\"index, follow, max-snippet:-1, max-image-preview:large, max-video-preview:-1\" \/>\n<link rel=\"canonical\" href=\"https:\/\/resest.com\/ca\/activitats-i-oci\/concerts-a-sabadell\/\" \/>\n<meta property=\"og:locale\" content=\"ca_ES\" \/>\n<meta property=\"og:type\" content=\"article\" \/>\n<meta property=\"og:title\" content=\"Concerts a Sabadell: Guia de festivals per a estudiants | RESEST\" \/>\n<meta property=\"og:description\" content=\"Descobreix la millor agenda de concerts a Sabadell. Des de sales m\u00edtiques com Vade M\u00fasica fins a l&#039;Embassa&#039;t. Viu la m\u00fasica a prop de la teva resid\u00e8ncia RESEST!\" \/>\n<meta property=\"og:url\" content=\"https:\/\/resest.com\/ca\/activitats-i-oci\/concerts-a-sabadell\/\" \/>\n<meta property=\"og:site_name\" content=\"Resid\u00e8ncia d&#039;Estudiants l&#039;Estaci\u00f3 de Sabadell | Resest\" \/>\n<meta property=\"article:published_time\" content=\"2026-03-06T12:50:51+00:00\" \/>\n<meta property=\"article:modified_time\" content=\"2026-03-16T12:53:04+00:00\" \/>\n<meta property=\"og:image\" content=\"https:\/\/resest.com\/wp-content\/uploads\/2026\/03\/crowd-of-people-enjoying-concert-before-stage-with-2026-01-08-08-01-06-utc.jpg\" \/>\n\t<meta property=\"og:image:width\" content=\"1200\" \/>\n\t<meta property=\"og:image:height\" content=\"800\" \/>\n\t<meta property=\"og:image:type\" content=\"image\/jpeg\" \/>\n<meta name=\"author\" content=\"Resest\" \/>\n<meta name=\"twitter:label1\" content=\"Written by\" \/>\n\t<meta name=\"twitter:data1\" content=\"Resest\" \/>\n\t<meta name=\"twitter:label2\" content=\"Est. reading time\" \/>\n\t<meta name=\"twitter:data2\" content=\"4 minutes\" \/>\n<script type=\"application\/ld+json\" class=\"yoast-schema-graph\">{\"@context\":\"https:\/\/schema.org\",\"@graph\":[{\"@type\":\"Article\",\"@id\":\"https:\/\/resest.com\/ca\/activitats-i-oci\/concerts-a-sabadell\/#article\",\"isPartOf\":{\"@id\":\"https:\/\/resest.com\/ca\/activitats-i-oci\/concerts-a-sabadell\/\"},\"author\":{\"name\":\"Resest\",\"@id\":\"https:\/\/resest.com\/ca\/#\/schema\/person\/d9965768ae08730dafc3a7c835fcc47c\"},\"headline\":\"Concerts a Sabadell: Guia de sales, festivals i plans musicals per a estudiants\",\"datePublished\":\"2026-03-06T12:50:51+00:00\",\"dateModified\":\"2026-03-16T12:53:04+00:00\",\"mainEntityOfPage\":{\"@id\":\"https:\/\/resest.com\/ca\/activitats-i-oci\/concerts-a-sabadell\/\"},\"wordCount\":643,\"commentCount\":0,\"publisher\":{\"@id\":\"https:\/\/resest.com\/ca\/#organization\"},\"image\":{\"@id\":\"https:\/\/resest.com\/ca\/activitats-i-oci\/concerts-a-sabadell\/#primaryimage\"},\"thumbnailUrl\":\"https:\/\/resest.com\/wp-content\/uploads\/2026\/03\/crowd-of-people-enjoying-concert-before-stage-with-2026-01-08-08-01-06-utc.jpg\",\"articleSection\":[\"Qu\u00e8 fer a Sabadell i Barcelona\"],\"inLanguage\":\"ca-ES\",\"potentialAction\":[{\"@type\":\"CommentAction\",\"name\":\"Comment\",\"target\":[\"https:\/\/resest.com\/ca\/activitats-i-oci\/concerts-a-sabadell\/#respond\"]}]},{\"@type\":\"WebPage\",\"@id\":\"https:\/\/resest.com\/ca\/activitats-i-oci\/concerts-a-sabadell\/\",\"url\":\"https:\/\/resest.com\/ca\/activitats-i-oci\/concerts-a-sabadell\/\",\"name\":\"Concerts a Sabadell: Guia de festivals per a estudiants | RESEST\",\"isPartOf\":{\"@id\":\"https:\/\/resest.com\/ca\/#website\"},\"primaryImageOfPage\":{\"@id\":\"https:\/\/resest.com\/ca\/activitats-i-oci\/concerts-a-sabadell\/#primaryimage\"},\"image\":{\"@id\":\"https:\/\/resest.com\/ca\/activitats-i-oci\/concerts-a-sabadell\/#primaryimage\"},\"thumbnailUrl\":\"https:\/\/resest.com\/wp-content\/uploads\/2026\/03\/crowd-of-people-enjoying-concert-before-stage-with-2026-01-08-08-01-06-utc.jpg\",\"datePublished\":\"2026-03-06T12:50:51+00:00\",\"dateModified\":\"2026-03-16T12:53:04+00:00\",\"description\":\"Descobreix la millor agenda de concerts a Sabadell. Des de sales m\u00edtiques com Vade M\u00fasica fins a l'Embassa't. Viu la m\u00fasica a prop de la teva resid\u00e8ncia RESEST!\",\"breadcrumb\":{\"@id\":\"https:\/\/resest.com\/ca\/activitats-i-oci\/concerts-a-sabadell\/#breadcrumb\"},\"inLanguage\":\"ca-ES\",\"potentialAction\":[{\"@type\":\"ReadAction\",\"target\":[\"https:\/\/resest.com\/ca\/activitats-i-oci\/concerts-a-sabadell\/\"]}]},{\"@type\":\"ImageObject\",\"inLanguage\":\"ca-ES\",\"@id\":\"https:\/\/resest.com\/ca\/activitats-i-oci\/concerts-a-sabadell\/#primaryimage\",\"url\":\"https:\/\/resest.com\/wp-content\/uploads\/2026\/03\/crowd-of-people-enjoying-concert-before-stage-with-2026-01-08-08-01-06-utc.jpg\",\"contentUrl\":\"https:\/\/resest.com\/wp-content\/uploads\/2026\/03\/crowd-of-people-enjoying-concert-before-stage-with-2026-01-08-08-01-06-utc.jpg\",\"width\":1200,\"height\":800},{\"@type\":\"BreadcrumbList\",\"@id\":\"https:\/\/resest.com\/ca\/activitats-i-oci\/concerts-a-sabadell\/#breadcrumb\",\"itemListElement\":[{\"@type\":\"ListItem\",\"position\":1,\"name\":\"Inici\",\"item\":\"https:\/\/resest.com\/ca\/\"},{\"@type\":\"ListItem\",\"position\":2,\"name\":\"Concerts a Sabadell: Guia de sales, festivals i plans musicals per a estudiants\"}]},{\"@type\":\"WebSite\",\"@id\":\"https:\/\/resest.com\/ca\/#website\",\"url\":\"https:\/\/resest.com\/ca\/\",\"name\":\"Resid\u00e8ncia d&#039;Estudiants l&#039;Estaci\u00f3 de Sabadell | Resest\",\"description\":\"Prop de l\u2019Universitat Aut\u00f2noma de Barcelona (UAB)\",\"publisher\":{\"@id\":\"https:\/\/resest.com\/ca\/#organization\"},\"potentialAction\":[{\"@type\":\"SearchAction\",\"target\":{\"@type\":\"EntryPoint\",\"urlTemplate\":\"https:\/\/resest.com\/ca\/?s={search_term_string}\"},\"query-input\":{\"@type\":\"PropertyValueSpecification\",\"valueRequired\":true,\"valueName\":\"search_term_string\"}}],\"inLanguage\":\"ca-ES\"},{\"@type\":\"Organization\",\"@id\":\"https:\/\/resest.com\/ca\/#organization\",\"name\":\"Resid\u00e8ncia d&#039;Estudiants l&#039;Estaci\u00f3 de Sabadell | Resest\",\"url\":\"https:\/\/resest.com\/ca\/\",\"logo\":{\"@type\":\"ImageObject\",\"inLanguage\":\"ca-ES\",\"@id\":\"https:\/\/resest.com\/ca\/#\/schema\/logo\/image\/\",\"url\":\"https:\/\/resest.com\/wp-content\/uploads\/2024\/03\/Facana-1.jpg\",\"contentUrl\":\"https:\/\/resest.com\/wp-content\/uploads\/2024\/03\/Facana-1.jpg\",\"width\":1200,\"height\":1009,\"caption\":\"Resid\u00e8ncia d&#039;Estudiants l&#039;Estaci\u00f3 de Sabadell | Resest\"},\"image\":{\"@id\":\"https:\/\/resest.com\/ca\/#\/schema\/logo\/image\/\"}},{\"@type\":\"Person\",\"@id\":\"https:\/\/resest.com\/ca\/#\/schema\/person\/d9965768ae08730dafc3a7c835fcc47c\",\"name\":\"Resest\",\"image\":{\"@type\":\"ImageObject\",\"inLanguage\":\"ca-ES\",\"@id\":\"https:\/\/resest.com\/ca\/#\/schema\/person\/image\/\",\"url\":\"https:\/\/secure.gravatar.com\/avatar\/0c7509c85c836ff68bc43efa415976254ed1463e7bbc3edf38a658092e29e5b4?s=96&d=mm&r=g\",\"contentUrl\":\"https:\/\/secure.gravatar.com\/avatar\/0c7509c85c836ff68bc43efa415976254ed1463e7bbc3edf38a658092e29e5b4?s=96&d=mm&r=g\",\"caption\":\"Resest\"},\"url\":\"https:\/\/resest.com\/ca\/author\/jordi\/\"}]}<\/script>\n<!-- \/ Yoast SEO plugin. -->","yoast_head_json":{"title":"Concerts a Sabadell: Guia de festivals per a estudiants | RESEST","description":"Descobreix la millor agenda de concerts a Sabadell. Des de sales m\u00edtiques com Vade M\u00fasica fins a l'Embassa't. Viu la m\u00fasica a prop de la teva resid\u00e8ncia RESEST!","robots":{"index":"index","follow":"follow","max-snippet":"max-snippet:-1","max-image-preview":"max-image-preview:large","max-video-preview":"max-video-preview:-1"},"canonical":"https:\/\/resest.com\/ca\/activitats-i-oci\/concerts-a-sabadell\/","og_locale":"ca_ES","og_type":"article","og_title":"Concerts a Sabadell: Guia de festivals per a estudiants | RESEST","og_description":"Descobreix la millor agenda de concerts a Sabadell. Des de sales m\u00edtiques com Vade M\u00fasica fins a l'Embassa't. Viu la m\u00fasica a prop de la teva resid\u00e8ncia RESEST!","og_url":"https:\/\/resest.com\/ca\/activitats-i-oci\/concerts-a-sabadell\/","og_site_name":"Resid\u00e8ncia d&#039;Estudiants l&#039;Estaci\u00f3 de Sabadell | Resest","article_published_time":"2026-03-06T12:50:51+00:00","article_modified_time":"2026-03-16T12:53:04+00:00","og_image":[{"width":1200,"height":800,"url":"https:\/\/resest.com\/wp-content\/uploads\/2026\/03\/crowd-of-people-enjoying-concert-before-stage-with-2026-01-08-08-01-06-utc.jpg","type":"image\/jpeg"}],"author":"Resest","twitter_misc":{"Written by":"Resest","Est. reading time":"4 minutes"},"schema":{"@context":"https:\/\/schema.org","@graph":[{"@type":"Article","@id":"https:\/\/resest.com\/ca\/activitats-i-oci\/concerts-a-sabadell\/#article","isPartOf":{"@id":"https:\/\/resest.com\/ca\/activitats-i-oci\/concerts-a-sabadell\/"},"author":{"name":"Resest","@id":"https:\/\/resest.com\/ca\/#\/schema\/person\/d9965768ae08730dafc3a7c835fcc47c"},"headline":"Concerts a Sabadell: Guia de sales, festivals i plans musicals per a estudiants","datePublished":"2026-03-06T12:50:51+00:00","dateModified":"2026-03-16T12:53:04+00:00","mainEntityOfPage":{"@id":"https:\/\/resest.com\/ca\/activitats-i-oci\/concerts-a-sabadell\/"},"wordCount":643,"commentCount":0,"publisher":{"@id":"https:\/\/resest.com\/ca\/#organization"},"image":{"@id":"https:\/\/resest.com\/ca\/activitats-i-oci\/concerts-a-sabadell\/#primaryimage"},"thumbnailUrl":"https:\/\/resest.com\/wp-content\/uploads\/2026\/03\/crowd-of-people-enjoying-concert-before-stage-with-2026-01-08-08-01-06-utc.jpg","articleSection":["Qu\u00e8 fer a Sabadell i Barcelona"],"inLanguage":"ca-ES","potentialAction":[{"@type":"CommentAction","name":"Comment","target":["https:\/\/resest.com\/ca\/activitats-i-oci\/concerts-a-sabadell\/#respond"]}]},{"@type":"WebPage","@id":"https:\/\/resest.com\/ca\/activitats-i-oci\/concerts-a-sabadell\/","url":"https:\/\/resest.com\/ca\/activitats-i-oci\/concerts-a-sabadell\/","name":"Concerts a Sabadell: Guia de festivals per a estudiants | RESEST","isPartOf":{"@id":"https:\/\/resest.com\/ca\/#website"},"primaryImageOfPage":{"@id":"https:\/\/resest.com\/ca\/activitats-i-oci\/concerts-a-sabadell\/#primaryimage"},"image":{"@id":"https:\/\/resest.com\/ca\/activitats-i-oci\/concerts-a-sabadell\/#primaryimage"},"thumbnailUrl":"https:\/\/resest.com\/wp-content\/uploads\/2026\/03\/crowd-of-people-enjoying-concert-before-stage-with-2026-01-08-08-01-06-utc.jpg","datePublished":"2026-03-06T12:50:51+00:00","dateModified":"2026-03-16T12:53:04+00:00","description":"Descobreix la millor agenda de concerts a Sabadell. Des de sales m\u00edtiques com Vade M\u00fasica fins a l'Embassa't. Viu la m\u00fasica a prop de la teva resid\u00e8ncia RESEST!","breadcrumb":{"@id":"https:\/\/resest.com\/ca\/activitats-i-oci\/concerts-a-sabadell\/#breadcrumb"},"inLanguage":"ca-ES","potentialAction":[{"@type":"ReadAction","target":["https:\/\/resest.com\/ca\/activitats-i-oci\/concerts-a-sabadell\/"]}]},{"@type":"ImageObject","inLanguage":"ca-ES","@id":"https:\/\/resest.com\/ca\/activitats-i-oci\/concerts-a-sabadell\/#primaryimage","url":"https:\/\/resest.com\/wp-content\/uploads\/2026\/03\/crowd-of-people-enjoying-concert-before-stage-with-2026-01-08-08-01-06-utc.jpg","contentUrl":"https:\/\/resest.com\/wp-content\/uploads\/2026\/03\/crowd-of-people-enjoying-concert-before-stage-with-2026-01-08-08-01-06-utc.jpg","width":1200,"height":800},{"@type":"BreadcrumbList","@id":"https:\/\/resest.com\/ca\/activitats-i-oci\/concerts-a-sabadell\/#breadcrumb","itemListElement":[{"@type":"ListItem","position":1,"name":"Inici","item":"https:\/\/resest.com\/ca\/"},{"@type":"ListItem","position":2,"name":"Concerts a Sabadell: Guia de sales, festivals i plans musicals per a estudiants"}]},{"@type":"WebSite","@id":"https:\/\/resest.com\/ca\/#website","url":"https:\/\/resest.com\/ca\/","name":"Resid\u00e8ncia d&#039;Estudiants l&#039;Estaci\u00f3 de Sabadell | Resest","description":"Prop de l\u2019Universitat Aut\u00f2noma de Barcelona (UAB)","publisher":{"@id":"https:\/\/resest.com\/ca\/#organization"},"potentialAction":[{"@type":"SearchAction","target":{"@type":"EntryPoint","urlTemplate":"https:\/\/resest.com\/ca\/?s={search_term_string}"},"query-input":{"@type":"PropertyValueSpecification","valueRequired":true,"valueName":"search_term_string"}}],"inLanguage":"ca-ES"},{"@type":"Organization","@id":"https:\/\/resest.com\/ca\/#organization","name":"Resid\u00e8ncia d&#039;Estudiants l&#039;Estaci\u00f3 de Sabadell | Resest","url":"https:\/\/resest.com\/ca\/","logo":{"@type":"ImageObject","inLanguage":"ca-ES","@id":"https:\/\/resest.com\/ca\/#\/schema\/logo\/image\/","url":"https:\/\/resest.com\/wp-content\/uploads\/2024\/03\/Facana-1.jpg","contentUrl":"https:\/\/resest.com\/wp-content\/uploads\/2024\/03\/Facana-1.jpg","width":1200,"height":1009,"caption":"Resid\u00e8ncia d&#039;Estudiants l&#039;Estaci\u00f3 de Sabadell | Resest"},"image":{"@id":"https:\/\/resest.com\/ca\/#\/schema\/logo\/image\/"}},{"@type":"Person","@id":"https:\/\/resest.com\/ca\/#\/schema\/person\/d9965768ae08730dafc3a7c835fcc47c","name":"Resest","image":{"@type":"ImageObject","inLanguage":"ca-ES","@id":"https:\/\/resest.com\/ca\/#\/schema\/person\/image\/","url":"https:\/\/secure.gravatar.com\/avatar\/0c7509c85c836ff68bc43efa415976254ed1463e7bbc3edf38a658092e29e5b4?s=96&d=mm&r=g","contentUrl":"https:\/\/secure.gravatar.com\/avatar\/0c7509c85c836ff68bc43efa415976254ed1463e7bbc3edf38a658092e29e5b4?s=96&d=mm&r=g","caption":"Resest"},"url":"https:\/\/resest.com\/ca\/author\/jordi\/"}]}},"_links":{"self":[{"href":"https:\/\/resest.com\/ca\/wp-json\/wp\/v2\/posts\/12371","targetHints":{"allow":["GET"]}}],"collection":[{"href":"https:\/\/resest.com\/ca\/wp-json\/wp\/v2\/posts"}],"about":[{"href":"https:\/\/resest.com\/ca\/wp-json\/wp\/v2\/types\/post"}],"author":[{"embeddable":true,"href":"https:\/\/resest.com\/ca\/wp-json\/wp\/v2\/users\/1"}],"replies":[{"embeddable":true,"href":"https:\/\/resest.com\/ca\/wp-json\/wp\/v2\/comments?post=12371"}],"version-history":[{"count":1,"href":"https:\/\/resest.com\/ca\/wp-json\/wp\/v2\/posts\/12371\/revisions"}],"predecessor-version":[{"id":12374,"href":"https:\/\/resest.com\/ca\/wp-json\/wp\/v2\/posts\/12371\/revisions\/12374"}],"wp:featuredmedia":[{"embeddable":true,"href":"https:\/\/resest.com\/ca\/wp-json\/wp\/v2\/media\/12372"}],"wp:attachment":[{"href":"https:\/\/resest.com\/ca\/wp-json\/wp\/v2\/media?parent=12371"}],"wp:term":[{"taxonomy":"category","embeddable":true,"href":"https:\/\/resest.com\/ca\/wp-json\/wp\/v2\/categories?post=12371"},{"taxonomy":"post_tag","embeddable":true,"href":"https:\/\/resest.com\/ca\/wp-json\/wp\/v2\/tags?post=12371"}],"curies":[{"name":"wp","href":"https:\/\/api.w.org\/{rel}","templated":true}]}}