{"id":12365,"date":"2026-02-13T13:46:57","date_gmt":"2026-02-13T12:46:57","guid":{"rendered":"https:\/\/resest.com\/?p=12365"},"modified":"2026-03-16T13:47:58","modified_gmt":"2026-03-16T12:47:58","slug":"habitacions-estudiants-a-sabadell","status":"publish","type":"post","link":"https:\/\/resest.com\/ca\/on-estudiar-master\/habitacions-estudiants-a-sabadell\/","title":{"rendered":"Habitacions per a estudiants a Sabadell: comoditat, serveis i tranquil\u00b7litat a RESEST"},"content":{"rendered":"\n<p>Trobar una habitaci\u00f3 per a estudiants no \u00e9s nom\u00e9s una q\u00fcesti\u00f3 de preu o ubicaci\u00f3. El que realment marca la difer\u00e8ncia \u00e9s disposar d\u2019un espai c\u00f2mode, segur i pensat per facilitar el dia a dia universitari. A Sabadell, RESEST ofereix un entorn dissenyat per garantir el benestar dels residents, amb habitacions modernes i serveis adaptats a les necessitats acad\u00e8miques.<\/p>\n\n\n\n<h2 class=\"wp-block-heading\">Habitacions modernes pensades per al teu confort<\/h2>\n\n\n\n<p>Les habitacions de la resid\u00e8ncia creen un ambient funcional i acollidor. Compten amb tot el necessari per viure i estudiar amb comoditat, dins d\u2019un edifici modern i segur.<\/p>\n\n\n\n<p>A m\u00e9s, la tecnologia dom\u00f2tica permet personalitzar aspectes com la climatitzaci\u00f3, la il\u00b7luminaci\u00f3 i l\u2019acc\u00e9s a l\u2019habitaci\u00f3, refor\u00e7ant la privacitat i el confort de cada estudiant.<\/p>\n\n\n\n<h2 class=\"wp-block-heading\">Espais d\u2019estudi i connexi\u00f3 d\u2019alta velocitat<\/h2>\n\n\n\n<p>La resid\u00e8ncia disposa d\u2019\u00e0rees d\u2019estudi equipades amb internet de banda ampla i mobiliari ergon\u00f2mic, pensades per afavorir la concentraci\u00f3 i el rendiment acad\u00e8mic.<\/p>\n\n\n\n<p>Tamb\u00e9 hi ha zones comunes creades per estudiar o compartir temps amb altres residents, mantenint un equilibri entre vida social i concentraci\u00f3.<\/p>\n\n\n\n<h2 class=\"wp-block-heading\">Tranquil\u00b7litat i seguretat per a la vida universit\u00e0ria<\/h2>\n\n\n\n<p>Viure en un entorn tranquil \u00e9s clau durant l\u2019etapa universit\u00e0ria. RESEST ofereix un ambient segur i silenci\u00f3s, ideal per centrar-se en els estudis i descansar adequadament.<\/p>\n\n\n\n<p>A m\u00e9s, la resid\u00e8ncia compta amb recepci\u00f3 disponible durant el dia per oferir atenci\u00f3 personalitzada sempre que calgui.<\/p>\n\n\n\n<h2 class=\"wp-block-heading\">Ubicaci\u00f3 estrat\u00e8gica per moure\u2019t sense complicacions<\/h2>\n\n\n\n<p>Un dels grans avantatges \u00e9s la seva localitzaci\u00f3. La resid\u00e8ncia es troba davant de l\u2019estaci\u00f3 Can Feu \u2013 Gr\u00e0cia dels FGC, amb connexi\u00f3 r\u00e0pida amb Barcelona i a nom\u00e9s uns minuts en tren de la Universitat Aut\u00f2noma de Barcelona.<\/p>\n\n\n\n<p>Tamb\u00e9 est\u00e0 a prop de les principals parades d\u2019autob\u00fas urb\u00e0, cosa que facilita els despla\u00e7aments quotidians per la ciutat.<\/p>\n\n\n\n<h2 class=\"wp-block-heading\">Serveis que simplifiquen el dia a dia<\/h2>\n\n\n\n<p>Entre els serveis habituals hi ha acc\u00e9s a internet, zones comunes, control d\u2019acc\u00e9s i instal\u00b7lacions equipades, pensats per fer l\u2019estada m\u00e9s c\u00f2moda i pr\u00e0ctica. A m\u00e9s, la quota inclou la neteja setmanal de l\u2019habitaci\u00f3, perqu\u00e8 no t\u2019hagis de preocupar pel manteniment del teu espai.<\/p>\n\n\n\n<p>La resid\u00e8ncia tamb\u00e9 ofereix lloguer de neveres per a m\u00e9s comoditat i opcions de restauraci\u00f3 adaptades al ritme acad\u00e8mic: esmorzar buffet, sopars i la possibilitat de preparar el dinar en format per endur, una alternativa especialment \u00fatil per als dies amb menys temps.<\/p>\n\n\n\n<p>Per afavorir el benestar i la conviv\u00e8ncia, RESEST disposa d\u2019una zona confortable amb sof\u00e0s i TV, equipada amb jocs que ajuden a crear ambient i a compartir moments amb la resta de residents.<\/p>\n\n\n\n<p>L\u2019objectiu \u00e9s que els estudiants puguin centrar-se en la seva etapa acad\u00e8mica sense preocupar-se per les tasques log\u00edstiques del dia a dia.<\/p>\n\n\n\n<h2 class=\"wp-block-heading\">Una opci\u00f3 intel\u00b7ligent per estudiar a Sabadell<\/h2>\n\n\n\n<p>Escollir una resid\u00e8ncia ben situada, amb serveis complets i un ambient adequat pot marcar la difer\u00e8ncia en la teva experi\u00e8ncia universit\u00e0ria. Si busques una resid\u00e8ncia a Sabadell amb bona connexi\u00f3 amb la UAB i Barcelona, i amb un entorn confortable i modern, RESEST es presenta com una alternativa molt s\u00f2lida.<\/p>\n\n\n\n<p>En una ciutat on el preu mitj\u00e0 d\u2019una habitaci\u00f3 pot variar notablement segons la ubicaci\u00f3 i les caracter\u00edstiques, apostar per una resid\u00e8ncia que integri serveis i comoditat pot aportar m\u00e9s estabilitat i qualitat de vida durant el curs<\/p>\n","protected":false},"excerpt":{"rendered":"<p>Trobar una habitaci\u00f3 per a estudiants no \u00e9s nom\u00e9s una q\u00fcesti\u00f3 de preu o ubicaci\u00f3. El que realment marca la difer\u00e8ncia \u00e9s disposar d\u2019un espai c\u00f2mode, segur i pensat per facilitar el dia a dia universitari. A Sabadell, RESEST ofereix un entorn dissenyat per garantir el benestar dels residents, amb habitacions modernes i serveis adaptats&hellip;<\/p>\n","protected":false},"author":1,"featured_media":12352,"comment_status":"open","ping_status":"open","sticky":false,"template":"","format":"standard","meta":{"footnotes":""},"categories":[52],"tags":[],"class_list":["post-12365","post","type-post","status-publish","format-standard","has-post-thumbnail","hentry","category-on-estudiar-master","entry","has-media"],"yoast_head":"<!-- This site is optimized with the Yoast SEO plugin v26.4 - https:\/\/yoast.com\/wordpress\/plugins\/seo\/ -->\n<title>Habitacions per a estudiants a Sabadell amb serveis | RESEST<\/title>\n<meta name=\"description\" content=\"Descobreix les habitacions per a estudiants de RESEST a Sabadell: modernes, c\u00f2modes i ben connectades. Viu l\u2019experi\u00e8ncia universit\u00e0ria amb tranquil\u00b7litat.\" \/>\n<meta name=\"robots\" content=\"index, follow, max-snippet:-1, max-image-preview:large, max-video-preview:-1\" \/>\n<link rel=\"canonical\" href=\"https:\/\/resest.com\/ca\/on-estudiar-master\/habitacions-estudiants-a-sabadell\/\" \/>\n<meta property=\"og:locale\" content=\"ca_ES\" \/>\n<meta property=\"og:type\" content=\"article\" \/>\n<meta property=\"og:title\" content=\"Habitacions per a estudiants a Sabadell amb serveis | RESEST\" \/>\n<meta property=\"og:description\" content=\"Descobreix les habitacions per a estudiants de RESEST a Sabadell: modernes, c\u00f2modes i ben connectades. Viu l\u2019experi\u00e8ncia universit\u00e0ria amb tranquil\u00b7litat.\" \/>\n<meta property=\"og:url\" content=\"https:\/\/resest.com\/ca\/on-estudiar-master\/habitacions-estudiants-a-sabadell\/\" \/>\n<meta property=\"og:site_name\" content=\"Resid\u00e8ncia d&#039;Estudiants l&#039;Estaci\u00f3 de Sabadell | Resest\" \/>\n<meta property=\"article:published_time\" content=\"2026-02-13T12:46:57+00:00\" \/>\n<meta property=\"article:modified_time\" content=\"2026-03-16T12:47:58+00:00\" \/>\n<meta property=\"og:image\" content=\"https:\/\/resest.com\/wp-content\/uploads\/2026\/03\/ResiEstudiants-31.jpg\" \/>\n\t<meta property=\"og:image:width\" content=\"1200\" \/>\n\t<meta property=\"og:image:height\" content=\"800\" \/>\n\t<meta property=\"og:image:type\" content=\"image\/jpeg\" \/>\n<meta name=\"author\" content=\"Resest\" \/>\n<meta name=\"twitter:label1\" content=\"Written by\" \/>\n\t<meta name=\"twitter:data1\" content=\"Resest\" \/>\n\t<meta name=\"twitter:label2\" content=\"Est. reading time\" \/>\n\t<meta name=\"twitter:data2\" content=\"4 minutes\" \/>\n<script type=\"application\/ld+json\" class=\"yoast-schema-graph\">{\"@context\":\"https:\/\/schema.org\",\"@graph\":[{\"@type\":\"Article\",\"@id\":\"https:\/\/resest.com\/ca\/on-estudiar-master\/habitacions-estudiants-a-sabadell\/#article\",\"isPartOf\":{\"@id\":\"https:\/\/resest.com\/ca\/on-estudiar-master\/habitacions-estudiants-a-sabadell\/\"},\"author\":{\"name\":\"Resest\",\"@id\":\"https:\/\/resest.com\/ca\/#\/schema\/person\/d9965768ae08730dafc3a7c835fcc47c\"},\"headline\":\"Habitacions per a estudiants a Sabadell: comoditat, serveis i tranquil\u00b7litat a RESEST\",\"datePublished\":\"2026-02-13T12:46:57+00:00\",\"dateModified\":\"2026-03-16T12:47:58+00:00\",\"mainEntityOfPage\":{\"@id\":\"https:\/\/resest.com\/ca\/on-estudiar-master\/habitacions-estudiants-a-sabadell\/\"},\"wordCount\":614,\"commentCount\":0,\"publisher\":{\"@id\":\"https:\/\/resest.com\/ca\/#organization\"},\"image\":{\"@id\":\"https:\/\/resest.com\/ca\/on-estudiar-master\/habitacions-estudiants-a-sabadell\/#primaryimage\"},\"thumbnailUrl\":\"https:\/\/resest.com\/wp-content\/uploads\/2026\/03\/ResiEstudiants-31.jpg\",\"articleSection\":[\"Per qu\u00e8 Resest?\"],\"inLanguage\":\"ca-ES\",\"potentialAction\":[{\"@type\":\"CommentAction\",\"name\":\"Comment\",\"target\":[\"https:\/\/resest.com\/ca\/on-estudiar-master\/habitacions-estudiants-a-sabadell\/#respond\"]}]},{\"@type\":\"WebPage\",\"@id\":\"https:\/\/resest.com\/ca\/on-estudiar-master\/habitacions-estudiants-a-sabadell\/\",\"url\":\"https:\/\/resest.com\/ca\/on-estudiar-master\/habitacions-estudiants-a-sabadell\/\",\"name\":\"Habitacions per a estudiants a Sabadell amb serveis | RESEST\",\"isPartOf\":{\"@id\":\"https:\/\/resest.com\/ca\/#website\"},\"primaryImageOfPage\":{\"@id\":\"https:\/\/resest.com\/ca\/on-estudiar-master\/habitacions-estudiants-a-sabadell\/#primaryimage\"},\"image\":{\"@id\":\"https:\/\/resest.com\/ca\/on-estudiar-master\/habitacions-estudiants-a-sabadell\/#primaryimage\"},\"thumbnailUrl\":\"https:\/\/resest.com\/wp-content\/uploads\/2026\/03\/ResiEstudiants-31.jpg\",\"datePublished\":\"2026-02-13T12:46:57+00:00\",\"dateModified\":\"2026-03-16T12:47:58+00:00\",\"description\":\"Descobreix les habitacions per a estudiants de RESEST a Sabadell: modernes, c\u00f2modes i ben connectades. Viu l\u2019experi\u00e8ncia universit\u00e0ria amb tranquil\u00b7litat.\",\"breadcrumb\":{\"@id\":\"https:\/\/resest.com\/ca\/on-estudiar-master\/habitacions-estudiants-a-sabadell\/#breadcrumb\"},\"inLanguage\":\"ca-ES\",\"potentialAction\":[{\"@type\":\"ReadAction\",\"target\":[\"https:\/\/resest.com\/ca\/on-estudiar-master\/habitacions-estudiants-a-sabadell\/\"]}]},{\"@type\":\"ImageObject\",\"inLanguage\":\"ca-ES\",\"@id\":\"https:\/\/resest.com\/ca\/on-estudiar-master\/habitacions-estudiants-a-sabadell\/#primaryimage\",\"url\":\"https:\/\/resest.com\/wp-content\/uploads\/2026\/03\/ResiEstudiants-31.jpg\",\"contentUrl\":\"https:\/\/resest.com\/wp-content\/uploads\/2026\/03\/ResiEstudiants-31.jpg\",\"width\":1200,\"height\":800},{\"@type\":\"BreadcrumbList\",\"@id\":\"https:\/\/resest.com\/ca\/on-estudiar-master\/habitacions-estudiants-a-sabadell\/#breadcrumb\",\"itemListElement\":[{\"@type\":\"ListItem\",\"position\":1,\"name\":\"Inici\",\"item\":\"https:\/\/resest.com\/ca\/\"},{\"@type\":\"ListItem\",\"position\":2,\"name\":\"Habitacions per a estudiants a Sabadell: comoditat, serveis i tranquil\u00b7litat a RESEST\"}]},{\"@type\":\"WebSite\",\"@id\":\"https:\/\/resest.com\/ca\/#website\",\"url\":\"https:\/\/resest.com\/ca\/\",\"name\":\"Resid\u00e8ncia d&#039;Estudiants l&#039;Estaci\u00f3 de Sabadell | Resest\",\"description\":\"Prop de l\u2019Universitat Aut\u00f2noma de Barcelona (UAB)\",\"publisher\":{\"@id\":\"https:\/\/resest.com\/ca\/#organization\"},\"potentialAction\":[{\"@type\":\"SearchAction\",\"target\":{\"@type\":\"EntryPoint\",\"urlTemplate\":\"https:\/\/resest.com\/ca\/?s={search_term_string}\"},\"query-input\":{\"@type\":\"PropertyValueSpecification\",\"valueRequired\":true,\"valueName\":\"search_term_string\"}}],\"inLanguage\":\"ca-ES\"},{\"@type\":\"Organization\",\"@id\":\"https:\/\/resest.com\/ca\/#organization\",\"name\":\"Resid\u00e8ncia d&#039;Estudiants l&#039;Estaci\u00f3 de Sabadell | Resest\",\"url\":\"https:\/\/resest.com\/ca\/\",\"logo\":{\"@type\":\"ImageObject\",\"inLanguage\":\"ca-ES\",\"@id\":\"https:\/\/resest.com\/ca\/#\/schema\/logo\/image\/\",\"url\":\"https:\/\/resest.com\/wp-content\/uploads\/2024\/03\/Facana-1.jpg\",\"contentUrl\":\"https:\/\/resest.com\/wp-content\/uploads\/2024\/03\/Facana-1.jpg\",\"width\":1200,\"height\":1009,\"caption\":\"Resid\u00e8ncia d&#039;Estudiants l&#039;Estaci\u00f3 de Sabadell | Resest\"},\"image\":{\"@id\":\"https:\/\/resest.com\/ca\/#\/schema\/logo\/image\/\"}},{\"@type\":\"Person\",\"@id\":\"https:\/\/resest.com\/ca\/#\/schema\/person\/d9965768ae08730dafc3a7c835fcc47c\",\"name\":\"Resest\",\"image\":{\"@type\":\"ImageObject\",\"inLanguage\":\"ca-ES\",\"@id\":\"https:\/\/resest.com\/ca\/#\/schema\/person\/image\/\",\"url\":\"https:\/\/secure.gravatar.com\/avatar\/0c7509c85c836ff68bc43efa415976254ed1463e7bbc3edf38a658092e29e5b4?s=96&d=mm&r=g\",\"contentUrl\":\"https:\/\/secure.gravatar.com\/avatar\/0c7509c85c836ff68bc43efa415976254ed1463e7bbc3edf38a658092e29e5b4?s=96&d=mm&r=g\",\"caption\":\"Resest\"},\"url\":\"https:\/\/resest.com\/ca\/author\/jordi\/\"}]}<\/script>\n<!-- \/ Yoast SEO plugin. -->","yoast_head_json":{"title":"Habitacions per a estudiants a Sabadell amb serveis | RESEST","description":"Descobreix les habitacions per a estudiants de RESEST a Sabadell: modernes, c\u00f2modes i ben connectades. Viu l\u2019experi\u00e8ncia universit\u00e0ria amb tranquil\u00b7litat.","robots":{"index":"index","follow":"follow","max-snippet":"max-snippet:-1","max-image-preview":"max-image-preview:large","max-video-preview":"max-video-preview:-1"},"canonical":"https:\/\/resest.com\/ca\/on-estudiar-master\/habitacions-estudiants-a-sabadell\/","og_locale":"ca_ES","og_type":"article","og_title":"Habitacions per a estudiants a Sabadell amb serveis | RESEST","og_description":"Descobreix les habitacions per a estudiants de RESEST a Sabadell: modernes, c\u00f2modes i ben connectades. Viu l\u2019experi\u00e8ncia universit\u00e0ria amb tranquil\u00b7litat.","og_url":"https:\/\/resest.com\/ca\/on-estudiar-master\/habitacions-estudiants-a-sabadell\/","og_site_name":"Resid\u00e8ncia d&#039;Estudiants l&#039;Estaci\u00f3 de Sabadell | Resest","article_published_time":"2026-02-13T12:46:57+00:00","article_modified_time":"2026-03-16T12:47:58+00:00","og_image":[{"width":1200,"height":800,"url":"https:\/\/resest.com\/wp-content\/uploads\/2026\/03\/ResiEstudiants-31.jpg","type":"image\/jpeg"}],"author":"Resest","twitter_misc":{"Written by":"Resest","Est. reading time":"4 minutes"},"schema":{"@context":"https:\/\/schema.org","@graph":[{"@type":"Article","@id":"https:\/\/resest.com\/ca\/on-estudiar-master\/habitacions-estudiants-a-sabadell\/#article","isPartOf":{"@id":"https:\/\/resest.com\/ca\/on-estudiar-master\/habitacions-estudiants-a-sabadell\/"},"author":{"name":"Resest","@id":"https:\/\/resest.com\/ca\/#\/schema\/person\/d9965768ae08730dafc3a7c835fcc47c"},"headline":"Habitacions per a estudiants a Sabadell: comoditat, serveis i tranquil\u00b7litat a RESEST","datePublished":"2026-02-13T12:46:57+00:00","dateModified":"2026-03-16T12:47:58+00:00","mainEntityOfPage":{"@id":"https:\/\/resest.com\/ca\/on-estudiar-master\/habitacions-estudiants-a-sabadell\/"},"wordCount":614,"commentCount":0,"publisher":{"@id":"https:\/\/resest.com\/ca\/#organization"},"image":{"@id":"https:\/\/resest.com\/ca\/on-estudiar-master\/habitacions-estudiants-a-sabadell\/#primaryimage"},"thumbnailUrl":"https:\/\/resest.com\/wp-content\/uploads\/2026\/03\/ResiEstudiants-31.jpg","articleSection":["Per qu\u00e8 Resest?"],"inLanguage":"ca-ES","potentialAction":[{"@type":"CommentAction","name":"Comment","target":["https:\/\/resest.com\/ca\/on-estudiar-master\/habitacions-estudiants-a-sabadell\/#respond"]}]},{"@type":"WebPage","@id":"https:\/\/resest.com\/ca\/on-estudiar-master\/habitacions-estudiants-a-sabadell\/","url":"https:\/\/resest.com\/ca\/on-estudiar-master\/habitacions-estudiants-a-sabadell\/","name":"Habitacions per a estudiants a Sabadell amb serveis | RESEST","isPartOf":{"@id":"https:\/\/resest.com\/ca\/#website"},"primaryImageOfPage":{"@id":"https:\/\/resest.com\/ca\/on-estudiar-master\/habitacions-estudiants-a-sabadell\/#primaryimage"},"image":{"@id":"https:\/\/resest.com\/ca\/on-estudiar-master\/habitacions-estudiants-a-sabadell\/#primaryimage"},"thumbnailUrl":"https:\/\/resest.com\/wp-content\/uploads\/2026\/03\/ResiEstudiants-31.jpg","datePublished":"2026-02-13T12:46:57+00:00","dateModified":"2026-03-16T12:47:58+00:00","description":"Descobreix les habitacions per a estudiants de RESEST a Sabadell: modernes, c\u00f2modes i ben connectades. Viu l\u2019experi\u00e8ncia universit\u00e0ria amb tranquil\u00b7litat.","breadcrumb":{"@id":"https:\/\/resest.com\/ca\/on-estudiar-master\/habitacions-estudiants-a-sabadell\/#breadcrumb"},"inLanguage":"ca-ES","potentialAction":[{"@type":"ReadAction","target":["https:\/\/resest.com\/ca\/on-estudiar-master\/habitacions-estudiants-a-sabadell\/"]}]},{"@type":"ImageObject","inLanguage":"ca-ES","@id":"https:\/\/resest.com\/ca\/on-estudiar-master\/habitacions-estudiants-a-sabadell\/#primaryimage","url":"https:\/\/resest.com\/wp-content\/uploads\/2026\/03\/ResiEstudiants-31.jpg","contentUrl":"https:\/\/resest.com\/wp-content\/uploads\/2026\/03\/ResiEstudiants-31.jpg","width":1200,"height":800},{"@type":"BreadcrumbList","@id":"https:\/\/resest.com\/ca\/on-estudiar-master\/habitacions-estudiants-a-sabadell\/#breadcrumb","itemListElement":[{"@type":"ListItem","position":1,"name":"Inici","item":"https:\/\/resest.com\/ca\/"},{"@type":"ListItem","position":2,"name":"Habitacions per a estudiants a Sabadell: comoditat, serveis i tranquil\u00b7litat a RESEST"}]},{"@type":"WebSite","@id":"https:\/\/resest.com\/ca\/#website","url":"https:\/\/resest.com\/ca\/","name":"Resid\u00e8ncia d&#039;Estudiants l&#039;Estaci\u00f3 de Sabadell | Resest","description":"Prop de l\u2019Universitat Aut\u00f2noma de Barcelona (UAB)","publisher":{"@id":"https:\/\/resest.com\/ca\/#organization"},"potentialAction":[{"@type":"SearchAction","target":{"@type":"EntryPoint","urlTemplate":"https:\/\/resest.com\/ca\/?s={search_term_string}"},"query-input":{"@type":"PropertyValueSpecification","valueRequired":true,"valueName":"search_term_string"}}],"inLanguage":"ca-ES"},{"@type":"Organization","@id":"https:\/\/resest.com\/ca\/#organization","name":"Resid\u00e8ncia d&#039;Estudiants l&#039;Estaci\u00f3 de Sabadell | Resest","url":"https:\/\/resest.com\/ca\/","logo":{"@type":"ImageObject","inLanguage":"ca-ES","@id":"https:\/\/resest.com\/ca\/#\/schema\/logo\/image\/","url":"https:\/\/resest.com\/wp-content\/uploads\/2024\/03\/Facana-1.jpg","contentUrl":"https:\/\/resest.com\/wp-content\/uploads\/2024\/03\/Facana-1.jpg","width":1200,"height":1009,"caption":"Resid\u00e8ncia d&#039;Estudiants l&#039;Estaci\u00f3 de Sabadell | Resest"},"image":{"@id":"https:\/\/resest.com\/ca\/#\/schema\/logo\/image\/"}},{"@type":"Person","@id":"https:\/\/resest.com\/ca\/#\/schema\/person\/d9965768ae08730dafc3a7c835fcc47c","name":"Resest","image":{"@type":"ImageObject","inLanguage":"ca-ES","@id":"https:\/\/resest.com\/ca\/#\/schema\/person\/image\/","url":"https:\/\/secure.gravatar.com\/avatar\/0c7509c85c836ff68bc43efa415976254ed1463e7bbc3edf38a658092e29e5b4?s=96&d=mm&r=g","contentUrl":"https:\/\/secure.gravatar.com\/avatar\/0c7509c85c836ff68bc43efa415976254ed1463e7bbc3edf38a658092e29e5b4?s=96&d=mm&r=g","caption":"Resest"},"url":"https:\/\/resest.com\/ca\/author\/jordi\/"}]}},"_links":{"self":[{"href":"https:\/\/resest.com\/ca\/wp-json\/wp\/v2\/posts\/12365","targetHints":{"allow":["GET"]}}],"collection":[{"href":"https:\/\/resest.com\/ca\/wp-json\/wp\/v2\/posts"}],"about":[{"href":"https:\/\/resest.com\/ca\/wp-json\/wp\/v2\/types\/post"}],"author":[{"embeddable":true,"href":"https:\/\/resest.com\/ca\/wp-json\/wp\/v2\/users\/1"}],"replies":[{"embeddable":true,"href":"https:\/\/resest.com\/ca\/wp-json\/wp\/v2\/comments?post=12365"}],"version-history":[{"count":1,"href":"https:\/\/resest.com\/ca\/wp-json\/wp\/v2\/posts\/12365\/revisions"}],"predecessor-version":[{"id":12366,"href":"https:\/\/resest.com\/ca\/wp-json\/wp\/v2\/posts\/12365\/revisions\/12366"}],"wp:featuredmedia":[{"embeddable":true,"href":"https:\/\/resest.com\/ca\/wp-json\/wp\/v2\/media\/12352"}],"wp:attachment":[{"href":"https:\/\/resest.com\/ca\/wp-json\/wp\/v2\/media?parent=12365"}],"wp:term":[{"taxonomy":"category","embeddable":true,"href":"https:\/\/resest.com\/ca\/wp-json\/wp\/v2\/categories?post=12365"},{"taxonomy":"post_tag","embeddable":true,"href":"https:\/\/resest.com\/ca\/wp-json\/wp\/v2\/tags?post=12365"}],"curies":[{"name":"wp","href":"https:\/\/api.w.org\/{rel}","templated":true}]}}